{"id":5955,"date":"2016-09-25T13:03:58","date_gmt":"2016-09-25T11:03:58","guid":{"rendered":"http:\/\/budo.wordpress.dev\/2016\/09\/25\/svenska-framgangar-i-german-open-hallden-vann\/"},"modified":"2016-12-06T22:40:31","modified_gmt":"2016-12-06T21:40:31","slug":"svenska-framgangar-i-german-open-hallden-vann","status":"publish","type":"post","link":"https:\/\/www.budokampsport.se\/2016\/09\/25\/svenska-framgangar-i-german-open-hallden-vann\/","title":{"rendered":"Svenska framg\u00e5ngar i German Open \u2013 Halld\u00e9n vann"},"content":{"rendered":"<p><strong><img decoding=\"async\" alt=\"\" src=\"\/sites\/default\/files\/diana_hallden_tva.gif\" style=\"height:290px; width:435px\"><br \/>Stort\u00e4vlingen German Open i jujutsu avslutades f\u00f6r bara en stund sedan i Tyskland. Och f\u00f6r flera svenskar blev det framskjutna placeringar, b\u00e4st gick det f\u00f6r Diana Halld\u00e9n som vann i ne waza-klassen.<br \/>\u00a0\u00a0 &#8211; En svinsk\u00f6n k\u00e4nsla inf\u00f6r VM, s\u00e4ger hon till budokampsport.se.<\/strong><!--break--><\/p>\n<p>Det blev flera fina svenska formbesked inf\u00f6r VM i Polen i november, n\u00e4r German Open avslutades idag.<\/p>\n<p>B\u00e4st av svenskarna blev Diana Halld\u00e9n som vann ne wazans -70kg-klass.<br \/>\u00a0\u00a0 &#8211; Jag vet inte riktigt vad jag ska s\u00e4ga. F\u00f6r det f\u00f6rsta s\u00e5 fattar jag inte att det gick s\u00e5 bra. Det var en k\u00e4nslostorm p\u00e5 riktigt. En svinsk\u00f6n k\u00e4nsla inf\u00f6r VM.<\/p>\n<p>Jakob\u00a0Bitici\u00a0kom p\u00e5 andra plats i herrarnas ne waza. Det blev ocks\u00e5 fina placeringar f\u00f6r Fredrik Widgren som slutade trea i herrarnas fight -77kg och f\u00f6r William Seth Wenzel som kom sjua\u00a0i fight f\u00f6r herrar -85kg. Jennie Brolin slutade femma i damernas fight +70kg.\u00a0<\/p>\n<p>Text och foto: Jonathan Broberg<br \/>Arkivbild p\u00e5 Diana Halld\u00e9n fr\u00e5n VM 2015<\/p>\n","protected":false},"excerpt":{"rendered":"<p>Stort\u00e4vlingen German Open i jujutsu avslutades f\u00f6r bara en stund [&#8230;]<\/p><br>","protected":false},"author":7,"featured_media":0,"comment_status":"closed","ping_status":"closed","sticky":false,"template":"","format":"standard","meta":{"_acf_changed":false,"footnotes":""},"categories":[1],"tags":[],"class_list":["post-5955","post","type-post","status-publish","format-standard","hentry","category-okategoriserade"],"acf":[],"yoast_head":"<!-- This site is optimized with the Yoast SEO plugin v26.8 - https:\/\/yoast.com\/product\/yoast-seo-wordpress\/ -->\n<title>Svenska framg\u00e5ngar i German Open \u2013 Halld\u00e9n vann - Svenska Budo &amp; Kampsportsf\u00f6rbundet<\/title>\n<meta name=\"description\" content=\"Stort\u00e4vlingen German Open i jujutsu avslutades f\u00f6r bara en stund sedan i Tyskland. Och f\u00f6r flera svenskar blev det framskjutna placeringar, b\u00e4st gick det\" \/>\n<meta name=\"robots\" content=\"index, follow, max-snippet:-1, max-image-preview:large, max-video-preview:-1\" \/>\n<link rel=\"canonical\" href=\"https:\/\/www.budokampsport.se\/2016\/09\/25\/svenska-framgangar-i-german-open-hallden-vann\/\" \/>\n<meta property=\"og:locale\" content=\"sv_SE\" \/>\n<meta property=\"og:type\" content=\"article\" \/>\n<meta property=\"og:title\" content=\"Svenska framg\u00e5ngar i German Open \u2013 Halld\u00e9n vann - Svenska Budo &amp; Kampsportsf\u00f6rbundet\" \/>\n<meta property=\"og:description\" content=\"Stort\u00e4vlingen German Open i jujutsu avslutades f\u00f6r bara en stund sedan i Tyskland. Och f\u00f6r flera svenskar blev det framskjutna placeringar, b\u00e4st gick det\" \/>\n<meta property=\"og:url\" content=\"https:\/\/www.budokampsport.se\/2016\/09\/25\/svenska-framgangar-i-german-open-hallden-vann\/\" \/>\n<meta property=\"og:site_name\" content=\"Svenska Budo &amp; Kampsportsf\u00f6rbundet\" \/>\n<meta property=\"article:author\" content=\"https:\/\/www.facebook.com\/jonathan.broberg.7\" \/>\n<meta property=\"article:published_time\" content=\"2016-09-25T11:03:58+00:00\" \/>\n<meta property=\"article:modified_time\" content=\"2016-12-06T21:40:31+00:00\" \/>\n<meta name=\"author\" content=\"Jonathan Broberg\" \/>\n<meta name=\"twitter:card\" content=\"summary_large_image\" \/>\n<meta name=\"twitter:label1\" content=\"Skriven av\" \/>\n\t<meta name=\"twitter:data1\" content=\"Jonathan Broberg\" \/>\n\t<meta name=\"twitter:label2\" content=\"Ber\u00e4knad l\u00e4stid\" \/>\n\t<meta name=\"twitter:data2\" content=\"1 minut\" \/>\n<script type=\"application\/ld+json\" class=\"yoast-schema-graph\">{\"@context\":\"https:\/\/schema.org\",\"@graph\":[{\"@type\":\"Article\",\"@id\":\"https:\/\/www.budokampsport.se\/2016\/09\/25\/svenska-framgangar-i-german-open-hallden-vann\/#article\",\"isPartOf\":{\"@id\":\"https:\/\/www.budokampsport.se\/2016\/09\/25\/svenska-framgangar-i-german-open-hallden-vann\/\"},\"author\":{\"name\":\"Jonathan Broberg\",\"@id\":\"https:\/\/www.budokampsport.se\/#\/schema\/person\/5c06d81d14850e2a8ce5493386560145\"},\"headline\":\"Svenska framg\u00e5ngar i German Open \u2013 Halld\u00e9n vann\",\"datePublished\":\"2016-09-25T11:03:58+00:00\",\"dateModified\":\"2016-12-06T21:40:31+00:00\",\"mainEntityOfPage\":{\"@id\":\"https:\/\/www.budokampsport.se\/2016\/09\/25\/svenska-framgangar-i-german-open-hallden-vann\/\"},\"wordCount\":197,\"inLanguage\":\"sv-SE\"},{\"@type\":\"WebPage\",\"@id\":\"https:\/\/www.budokampsport.se\/2016\/09\/25\/svenska-framgangar-i-german-open-hallden-vann\/\",\"url\":\"https:\/\/www.budokampsport.se\/2016\/09\/25\/svenska-framgangar-i-german-open-hallden-vann\/\",\"name\":\"Svenska framg\u00e5ngar i German Open \u2013 Halld\u00e9n vann - Svenska Budo &amp; Kampsportsf\u00f6rbundet\",\"isPartOf\":{\"@id\":\"https:\/\/www.budokampsport.se\/#website\"},\"datePublished\":\"2016-09-25T11:03:58+00:00\",\"dateModified\":\"2016-12-06T21:40:31+00:00\",\"author\":{\"@id\":\"https:\/\/www.budokampsport.se\/#\/schema\/person\/5c06d81d14850e2a8ce5493386560145\"},\"description\":\"Stort\u00e4vlingen German Open i jujutsu avslutades f\u00f6r bara en stund sedan i Tyskland. Och f\u00f6r flera svenskar blev det framskjutna placeringar, b\u00e4st gick det\",\"breadcrumb\":{\"@id\":\"https:\/\/www.budokampsport.se\/2016\/09\/25\/svenska-framgangar-i-german-open-hallden-vann\/#breadcrumb\"},\"inLanguage\":\"sv-SE\",\"potentialAction\":[{\"@type\":\"ReadAction\",\"target\":[\"https:\/\/www.budokampsport.se\/2016\/09\/25\/svenska-framgangar-i-german-open-hallden-vann\/\"]}]},{\"@type\":\"BreadcrumbList\",\"@id\":\"https:\/\/www.budokampsport.se\/2016\/09\/25\/svenska-framgangar-i-german-open-hallden-vann\/#breadcrumb\",\"itemListElement\":[{\"@type\":\"ListItem\",\"position\":1,\"name\":\"Hem\",\"item\":\"https:\/\/www.budokampsport.se\/\"},{\"@type\":\"ListItem\",\"position\":2,\"name\":\"Svenska framg\u00e5ngar i German Open \u2013 Halld\u00e9n vann\"}]},{\"@type\":\"WebSite\",\"@id\":\"https:\/\/www.budokampsport.se\/#website\",\"url\":\"https:\/\/www.budokampsport.se\/\",\"name\":\"Svenska Budo &amp; Kampsportsf\u00f6rbundet\",\"description\":\"T\u00e4vling, Tr\u00e4ning, Tradition\",\"potentialAction\":[{\"@type\":\"SearchAction\",\"target\":{\"@type\":\"EntryPoint\",\"urlTemplate\":\"https:\/\/www.budokampsport.se\/?s={search_term_string}\"},\"query-input\":{\"@type\":\"PropertyValueSpecification\",\"valueRequired\":true,\"valueName\":\"search_term_string\"}}],\"inLanguage\":\"sv-SE\"},{\"@type\":\"Person\",\"@id\":\"https:\/\/www.budokampsport.se\/#\/schema\/person\/5c06d81d14850e2a8ce5493386560145\",\"name\":\"Jonathan Broberg\",\"image\":{\"@type\":\"ImageObject\",\"inLanguage\":\"sv-SE\",\"@id\":\"https:\/\/www.budokampsport.se\/#\/schema\/person\/image\/\",\"url\":\"https:\/\/secure.gravatar.com\/avatar\/a58041c6cea9128bd9c40ee2f26d4136?s=96&d=blank&r=g\",\"contentUrl\":\"https:\/\/secure.gravatar.com\/avatar\/a58041c6cea9128bd9c40ee2f26d4136?s=96&d=blank&r=g\",\"caption\":\"Jonathan Broberg\"},\"sameAs\":[\"https:\/\/www.facebook.com\/jonathan.broberg.7\"],\"url\":\"https:\/\/www.budokampsport.se\/author\/jonathan\/\"}]}<\/script>\n<!-- \/ Yoast SEO plugin. -->","yoast_head_json":{"title":"Svenska framg\u00e5ngar i German Open \u2013 Halld\u00e9n vann - Svenska Budo &amp; Kampsportsf\u00f6rbundet","description":"Stort\u00e4vlingen German Open i jujutsu avslutades f\u00f6r bara en stund sedan i Tyskland. Och f\u00f6r flera svenskar blev det framskjutna placeringar, b\u00e4st gick det","robots":{"index":"index","follow":"follow","max-snippet":"max-snippet:-1","max-image-preview":"max-image-preview:large","max-video-preview":"max-video-preview:-1"},"canonical":"https:\/\/www.budokampsport.se\/2016\/09\/25\/svenska-framgangar-i-german-open-hallden-vann\/","og_locale":"sv_SE","og_type":"article","og_title":"Svenska framg\u00e5ngar i German Open \u2013 Halld\u00e9n vann - Svenska Budo &amp; Kampsportsf\u00f6rbundet","og_description":"Stort\u00e4vlingen German Open i jujutsu avslutades f\u00f6r bara en stund sedan i Tyskland. Och f\u00f6r flera svenskar blev det framskjutna placeringar, b\u00e4st gick det","og_url":"https:\/\/www.budokampsport.se\/2016\/09\/25\/svenska-framgangar-i-german-open-hallden-vann\/","og_site_name":"Svenska Budo &amp; Kampsportsf\u00f6rbundet","article_author":"https:\/\/www.facebook.com\/jonathan.broberg.7","article_published_time":"2016-09-25T11:03:58+00:00","article_modified_time":"2016-12-06T21:40:31+00:00","author":"Jonathan Broberg","twitter_card":"summary_large_image","twitter_misc":{"Skriven av":"Jonathan Broberg","Ber\u00e4knad l\u00e4stid":"1 minut"},"schema":{"@context":"https:\/\/schema.org","@graph":[{"@type":"Article","@id":"https:\/\/www.budokampsport.se\/2016\/09\/25\/svenska-framgangar-i-german-open-hallden-vann\/#article","isPartOf":{"@id":"https:\/\/www.budokampsport.se\/2016\/09\/25\/svenska-framgangar-i-german-open-hallden-vann\/"},"author":{"name":"Jonathan Broberg","@id":"https:\/\/www.budokampsport.se\/#\/schema\/person\/5c06d81d14850e2a8ce5493386560145"},"headline":"Svenska framg\u00e5ngar i German Open \u2013 Halld\u00e9n vann","datePublished":"2016-09-25T11:03:58+00:00","dateModified":"2016-12-06T21:40:31+00:00","mainEntityOfPage":{"@id":"https:\/\/www.budokampsport.se\/2016\/09\/25\/svenska-framgangar-i-german-open-hallden-vann\/"},"wordCount":197,"inLanguage":"sv-SE"},{"@type":"WebPage","@id":"https:\/\/www.budokampsport.se\/2016\/09\/25\/svenska-framgangar-i-german-open-hallden-vann\/","url":"https:\/\/www.budokampsport.se\/2016\/09\/25\/svenska-framgangar-i-german-open-hallden-vann\/","name":"Svenska framg\u00e5ngar i German Open \u2013 Halld\u00e9n vann - Svenska Budo &amp; Kampsportsf\u00f6rbundet","isPartOf":{"@id":"https:\/\/www.budokampsport.se\/#website"},"datePublished":"2016-09-25T11:03:58+00:00","dateModified":"2016-12-06T21:40:31+00:00","author":{"@id":"https:\/\/www.budokampsport.se\/#\/schema\/person\/5c06d81d14850e2a8ce5493386560145"},"description":"Stort\u00e4vlingen German Open i jujutsu avslutades f\u00f6r bara en stund sedan i Tyskland. Och f\u00f6r flera svenskar blev det framskjutna placeringar, b\u00e4st gick det","breadcrumb":{"@id":"https:\/\/www.budokampsport.se\/2016\/09\/25\/svenska-framgangar-i-german-open-hallden-vann\/#breadcrumb"},"inLanguage":"sv-SE","potentialAction":[{"@type":"ReadAction","target":["https:\/\/www.budokampsport.se\/2016\/09\/25\/svenska-framgangar-i-german-open-hallden-vann\/"]}]},{"@type":"BreadcrumbList","@id":"https:\/\/www.budokampsport.se\/2016\/09\/25\/svenska-framgangar-i-german-open-hallden-vann\/#breadcrumb","itemListElement":[{"@type":"ListItem","position":1,"name":"Hem","item":"https:\/\/www.budokampsport.se\/"},{"@type":"ListItem","position":2,"name":"Svenska framg\u00e5ngar i German Open \u2013 Halld\u00e9n vann"}]},{"@type":"WebSite","@id":"https:\/\/www.budokampsport.se\/#website","url":"https:\/\/www.budokampsport.se\/","name":"Svenska Budo &amp; Kampsportsf\u00f6rbundet","description":"T\u00e4vling, Tr\u00e4ning, Tradition","potentialAction":[{"@type":"SearchAction","target":{"@type":"EntryPoint","urlTemplate":"https:\/\/www.budokampsport.se\/?s={search_term_string}"},"query-input":{"@type":"PropertyValueSpecification","valueRequired":true,"valueName":"search_term_string"}}],"inLanguage":"sv-SE"},{"@type":"Person","@id":"https:\/\/www.budokampsport.se\/#\/schema\/person\/5c06d81d14850e2a8ce5493386560145","name":"Jonathan Broberg","image":{"@type":"ImageObject","inLanguage":"sv-SE","@id":"https:\/\/www.budokampsport.se\/#\/schema\/person\/image\/","url":"https:\/\/secure.gravatar.com\/avatar\/a58041c6cea9128bd9c40ee2f26d4136?s=96&d=blank&r=g","contentUrl":"https:\/\/secure.gravatar.com\/avatar\/a58041c6cea9128bd9c40ee2f26d4136?s=96&d=blank&r=g","caption":"Jonathan Broberg"},"sameAs":["https:\/\/www.facebook.com\/jonathan.broberg.7"],"url":"https:\/\/www.budokampsport.se\/author\/jonathan\/"}]}},"_links":{"self":[{"href":"https:\/\/www.budokampsport.se\/api\/wp\/v2\/posts\/5955","targetHints":{"allow":["GET"]}}],"collection":[{"href":"https:\/\/www.budokampsport.se\/api\/wp\/v2\/posts"}],"about":[{"href":"https:\/\/www.budokampsport.se\/api\/wp\/v2\/types\/post"}],"author":[{"embeddable":true,"href":"https:\/\/www.budokampsport.se\/api\/wp\/v2\/users\/7"}],"replies":[{"embeddable":true,"href":"https:\/\/www.budokampsport.se\/api\/wp\/v2\/comments?post=5955"}],"version-history":[{"count":0,"href":"https:\/\/www.budokampsport.se\/api\/wp\/v2\/posts\/5955\/revisions"}],"wp:attachment":[{"href":"https:\/\/www.budokampsport.se\/api\/wp\/v2\/media?parent=5955"}],"wp:term":[{"taxonomy":"category","embeddable":true,"href":"https:\/\/www.budokampsport.se\/api\/wp\/v2\/categories?post=5955"},{"taxonomy":"post_tag","embeddable":true,"href":"https:\/\/www.budokampsport.se\/api\/wp\/v2\/tags?post=5955"}],"curies":[{"name":"wp","href":"https:\/\/api.w.org\/{rel}","templated":true}]}}