{"id":5964,"date":"2016-10-04T14:19:27","date_gmt":"2016-10-04T12:19:27","guid":{"rendered":"http:\/\/budo.wordpress.dev\/2016\/10\/04\/vann-vm-guld-2011-vad-gor-mastarna-idag-sanja-trbojevic\/"},"modified":"2016-12-06T22:40:32","modified_gmt":"2016-12-06T21:40:32","slug":"vann-vm-guld-2011-vad-gor-mastarna-idag-sanja-trbojevic","status":"publish","type":"post","link":"https:\/\/www.budokampsport.se\/2016\/10\/04\/vann-vm-guld-2011-vad-gor-mastarna-idag-sanja-trbojevic\/","title":{"rendered":"Vann VM-guld 2011 \u2013 vad g\u00f6r m\u00e4starna idag, Sanja Trbojevic"},"content":{"rendered":"<p><strong><img decoding=\"async\" alt=\"\" src=\"\/sites\/default\/files\/trbojevic_gala_0.gif\" style=\"height:290px; width:435px\"><br \/>Idag inleder budokampsport.se en ny kortare artikelserie tillsammans med n\u00e5gra av VM-guldmedalj\u00f6rerna i kampsport fr\u00e5n 2011. Mycket har h\u00e4nt under de h\u00e4r fem \u00e5ren och f\u00f6rst ut att skildras \u00e4r v\u00e4rldsm\u00e4starinnan i thaiboxning, Sanja Trbojevic.<\/strong><!--break--><\/p>\n<p>Det var en alldeles s\u00e4regen kampsportssaga som skrevs under 2011. Malm\u00f6tjejen Sanja Trbojevic skulle st\u00e4lla upp i SM i thaiboxning \u2013 mot kickboxningsstj\u00e4rnan Caroline Ek.<\/p>\n<p>Trbojevic var relativt ny och f\u00e5 visste om hennes enorma kunskaper. Sanja vann \u00f6ver Ek, efter att framf\u00f6rallt visat upp en imponerande klinch. Och det gav henne sitt livs f\u00f6rsta landslagsuppdrag: VM i Uzbekistan.<\/p>\n<p><strong>&#8220;Vi som vann inte jag sj\u00e4lv&#8221;<\/strong><br \/>Det blev ett sensationellt VM-guld under n\u00e5gra magiska dagar f\u00f6r Trbojevic. En bedrift som hon sedan inte har upprepat, trots n\u00e5gra f\u00f6rs\u00f6k.<br \/>\u00a0 \u00a0&#8211; Jag minns v\u00e4l mest vilken fin sammanh\u00e5llning vi hade i landslaget d\u00e5&#8230; det var liksom vi som vann inte jag sj\u00e4lv. Sen minns jag v\u00e4l att jag var r\u00e4tt ny och det var mer en skr\u00e4ll att jag vann. I dagsl\u00e4get har ju det h\u00e4nt flera g\u00e5nger nu det \u00e4r inget ovanligt mer. Men det var det d\u00e5 och man fick k\u00e4nna sig lite extra speciell. Det var en grym k\u00e4nsla att f\u00e5 vara med och vinna det.<\/p>\n<p><strong>Tr\u00e4nar thaiboxare p\u00e5 sambons gym<\/strong><br \/>Sanja har i dag lagt thaiboxningst\u00e4vlandet \u00e5t sidan men \u00e4r fortfarande starkt involverad i thaiboxningen, och numera kan vi se hennes brinnande engagemang ta sig uttryck ibland annat ringh\u00f6rnorna som coach.<br \/>\u00a0 \u00a0&#8211; Just nu hj\u00e4lper jag till och tr\u00e4nar thaiboxarna p\u00e5 min sambos gym och f\u00f6ljer med p\u00e5 matcher och k\u00f6r \u00e4ven lite pt. Vi har b\u00f6rjat fokusera mycket p\u00e5 v\u00e5ra thaiboxare och det bara v\u00e4xer och v\u00e4xer. Inte detta \u00e5ret men n\u00e4sta igen kommer vi nog klippa en del sm-guld.<\/p>\n<p>Trots att Sanja varit med om mycket i sin kampsportskarri\u00e4r \u00e4r dagarna i Uzbekistan h\u00f6jdpunkten i hennes karri\u00e4r, och som har \u00f6ppnat en hel del d\u00f6rrar f\u00f6r henne.<br \/>\u00a0 \u00a0&#8211; Ja VM-guldet har betytt ganska mycket, det har \u00f6ppnat fler d\u00f6rrar p\u00e5 m\u00e5nga s\u00e4tt. Sedan \u00e4r det upp till en sj\u00e4lv att ta vara p\u00e5 det, jag har v\u00e4l inte gjort s\u00e5 mycket f\u00f6r att h\u00e5lla det vid liv men \u00e4r man smart och bra p\u00e5 att marknadsf\u00f6ra sig, d\u00e5 kan mycket h\u00e4nda.<\/p>\n<p><strong>En andra r\u00f6st om Sanja, Jonathan Broberg<\/strong><br \/><em>&#8220;Jag minns mycket v\u00e4l det \u00e5ret Sanja slog igenom. Hela hon hade en enorm star quality \u00f6ver sig och jag minns SM-segern mot Caroline Ek. Jag gillade verkligen Sanjas explosivitet, hennes stora fighterhj\u00e4rta och hennes taktiska kunnande i ringen. Och utanf\u00f6r ringen sade hon ofta saker som verkligen hade spets. Trbojevic \u00e4r en av de st\u00f6rre thaiboxningsprofilerna p\u00e5 damsidan p\u00e5 senare \u00e5r. En profil, en personlighet.&#8221;\u00a0<\/em><\/p>\n<p>Text: Jonathan Broberg<br \/>Foto: Hamid Ershad Sarabi<\/p>\n","protected":false},"excerpt":{"rendered":"<p>Idag inleder budokampsport.se en ny kortare artikelserie tillsammans med n\u00e5gra [&#8230;]<\/p><br>","protected":false},"author":7,"featured_media":0,"comment_status":"closed","ping_status":"closed","sticky":false,"template":"","format":"standard","meta":{"_acf_changed":false,"footnotes":""},"categories":[1],"tags":[],"class_list":["post-5964","post","type-post","status-publish","format-standard","hentry","category-okategoriserade"],"acf":[],"yoast_head":"<!-- This site is optimized with the Yoast SEO plugin v26.8 - https:\/\/yoast.com\/product\/yoast-seo-wordpress\/ -->\n<title>Vann VM-guld 2011 \u2013 vad g\u00f6r m\u00e4starna idag, Sanja Trbojevic - Svenska Budo &amp; Kampsportsf\u00f6rbundet<\/title>\n<meta name=\"description\" content=\"Idag inleder budokampsport.se en ny kortare artikelserie tillsammans med n\u00e5gra av VM-guldmedalj\u00f6rerna i kampsport fr\u00e5n 2011. Mycket har h\u00e4nt under de h\u00e4r\" \/>\n<meta name=\"robots\" content=\"index, follow, max-snippet:-1, max-image-preview:large, max-video-preview:-1\" \/>\n<link rel=\"canonical\" href=\"https:\/\/www.budokampsport.se\/2016\/10\/04\/vann-vm-guld-2011-vad-gor-mastarna-idag-sanja-trbojevic\/\" \/>\n<meta property=\"og:locale\" content=\"sv_SE\" \/>\n<meta property=\"og:type\" content=\"article\" \/>\n<meta property=\"og:title\" content=\"Vann VM-guld 2011 \u2013 vad g\u00f6r m\u00e4starna idag, Sanja Trbojevic - Svenska Budo &amp; Kampsportsf\u00f6rbundet\" \/>\n<meta property=\"og:description\" content=\"Idag inleder budokampsport.se en ny kortare artikelserie tillsammans med n\u00e5gra av VM-guldmedalj\u00f6rerna i kampsport fr\u00e5n 2011. Mycket har h\u00e4nt under de h\u00e4r\" \/>\n<meta property=\"og:url\" content=\"https:\/\/www.budokampsport.se\/2016\/10\/04\/vann-vm-guld-2011-vad-gor-mastarna-idag-sanja-trbojevic\/\" \/>\n<meta property=\"og:site_name\" content=\"Svenska Budo &amp; Kampsportsf\u00f6rbundet\" \/>\n<meta property=\"article:author\" content=\"https:\/\/www.facebook.com\/jonathan.broberg.7\" \/>\n<meta property=\"article:published_time\" content=\"2016-10-04T12:19:27+00:00\" \/>\n<meta property=\"article:modified_time\" content=\"2016-12-06T21:40:32+00:00\" \/>\n<meta name=\"author\" content=\"Jonathan Broberg\" \/>\n<meta name=\"twitter:card\" content=\"summary_large_image\" \/>\n<meta name=\"twitter:label1\" content=\"Skriven av\" \/>\n\t<meta name=\"twitter:data1\" content=\"Jonathan Broberg\" \/>\n\t<meta name=\"twitter:label2\" content=\"Ber\u00e4knad l\u00e4stid\" \/>\n\t<meta name=\"twitter:data2\" content=\"3 minuter\" \/>\n<script type=\"application\/ld+json\" class=\"yoast-schema-graph\">{\"@context\":\"https:\/\/schema.org\",\"@graph\":[{\"@type\":\"Article\",\"@id\":\"https:\/\/www.budokampsport.se\/2016\/10\/04\/vann-vm-guld-2011-vad-gor-mastarna-idag-sanja-trbojevic\/#article\",\"isPartOf\":{\"@id\":\"https:\/\/www.budokampsport.se\/2016\/10\/04\/vann-vm-guld-2011-vad-gor-mastarna-idag-sanja-trbojevic\/\"},\"author\":{\"name\":\"Jonathan Broberg\",\"@id\":\"https:\/\/www.budokampsport.se\/#\/schema\/person\/5c06d81d14850e2a8ce5493386560145\"},\"headline\":\"Vann VM-guld 2011 \u2013 vad g\u00f6r m\u00e4starna idag, Sanja Trbojevic\",\"datePublished\":\"2016-10-04T12:19:27+00:00\",\"dateModified\":\"2016-12-06T21:40:32+00:00\",\"mainEntityOfPage\":{\"@id\":\"https:\/\/www.budokampsport.se\/2016\/10\/04\/vann-vm-guld-2011-vad-gor-mastarna-idag-sanja-trbojevic\/\"},\"wordCount\":518,\"inLanguage\":\"sv-SE\"},{\"@type\":\"WebPage\",\"@id\":\"https:\/\/www.budokampsport.se\/2016\/10\/04\/vann-vm-guld-2011-vad-gor-mastarna-idag-sanja-trbojevic\/\",\"url\":\"https:\/\/www.budokampsport.se\/2016\/10\/04\/vann-vm-guld-2011-vad-gor-mastarna-idag-sanja-trbojevic\/\",\"name\":\"Vann VM-guld 2011 \u2013 vad g\u00f6r m\u00e4starna idag, Sanja Trbojevic - Svenska Budo &amp; Kampsportsf\u00f6rbundet\",\"isPartOf\":{\"@id\":\"https:\/\/www.budokampsport.se\/#website\"},\"datePublished\":\"2016-10-04T12:19:27+00:00\",\"dateModified\":\"2016-12-06T21:40:32+00:00\",\"author\":{\"@id\":\"https:\/\/www.budokampsport.se\/#\/schema\/person\/5c06d81d14850e2a8ce5493386560145\"},\"description\":\"Idag inleder budokampsport.se en ny kortare artikelserie tillsammans med n\u00e5gra av VM-guldmedalj\u00f6rerna i kampsport fr\u00e5n 2011. Mycket har h\u00e4nt under de h\u00e4r\",\"breadcrumb\":{\"@id\":\"https:\/\/www.budokampsport.se\/2016\/10\/04\/vann-vm-guld-2011-vad-gor-mastarna-idag-sanja-trbojevic\/#breadcrumb\"},\"inLanguage\":\"sv-SE\",\"potentialAction\":[{\"@type\":\"ReadAction\",\"target\":[\"https:\/\/www.budokampsport.se\/2016\/10\/04\/vann-vm-guld-2011-vad-gor-mastarna-idag-sanja-trbojevic\/\"]}]},{\"@type\":\"BreadcrumbList\",\"@id\":\"https:\/\/www.budokampsport.se\/2016\/10\/04\/vann-vm-guld-2011-vad-gor-mastarna-idag-sanja-trbojevic\/#breadcrumb\",\"itemListElement\":[{\"@type\":\"ListItem\",\"position\":1,\"name\":\"Hem\",\"item\":\"https:\/\/www.budokampsport.se\/\"},{\"@type\":\"ListItem\",\"position\":2,\"name\":\"Vann VM-guld 2011 \u2013 vad g\u00f6r m\u00e4starna idag, Sanja Trbojevic\"}]},{\"@type\":\"WebSite\",\"@id\":\"https:\/\/www.budokampsport.se\/#website\",\"url\":\"https:\/\/www.budokampsport.se\/\",\"name\":\"Svenska Budo &amp; Kampsportsf\u00f6rbundet\",\"description\":\"T\u00e4vling, Tr\u00e4ning, Tradition\",\"potentialAction\":[{\"@type\":\"SearchAction\",\"target\":{\"@type\":\"EntryPoint\",\"urlTemplate\":\"https:\/\/www.budokampsport.se\/?s={search_term_string}\"},\"query-input\":{\"@type\":\"PropertyValueSpecification\",\"valueRequired\":true,\"valueName\":\"search_term_string\"}}],\"inLanguage\":\"sv-SE\"},{\"@type\":\"Person\",\"@id\":\"https:\/\/www.budokampsport.se\/#\/schema\/person\/5c06d81d14850e2a8ce5493386560145\",\"name\":\"Jonathan Broberg\",\"image\":{\"@type\":\"ImageObject\",\"inLanguage\":\"sv-SE\",\"@id\":\"https:\/\/www.budokampsport.se\/#\/schema\/person\/image\/\",\"url\":\"https:\/\/secure.gravatar.com\/avatar\/a58041c6cea9128bd9c40ee2f26d4136?s=96&d=blank&r=g\",\"contentUrl\":\"https:\/\/secure.gravatar.com\/avatar\/a58041c6cea9128bd9c40ee2f26d4136?s=96&d=blank&r=g\",\"caption\":\"Jonathan Broberg\"},\"sameAs\":[\"https:\/\/www.facebook.com\/jonathan.broberg.7\"],\"url\":\"https:\/\/www.budokampsport.se\/author\/jonathan\/\"}]}<\/script>\n<!-- \/ Yoast SEO plugin. -->","yoast_head_json":{"title":"Vann VM-guld 2011 \u2013 vad g\u00f6r m\u00e4starna idag, Sanja Trbojevic - Svenska Budo &amp; Kampsportsf\u00f6rbundet","description":"Idag inleder budokampsport.se en ny kortare artikelserie tillsammans med n\u00e5gra av VM-guldmedalj\u00f6rerna i kampsport fr\u00e5n 2011. Mycket har h\u00e4nt under de h\u00e4r","robots":{"index":"index","follow":"follow","max-snippet":"max-snippet:-1","max-image-preview":"max-image-preview:large","max-video-preview":"max-video-preview:-1"},"canonical":"https:\/\/www.budokampsport.se\/2016\/10\/04\/vann-vm-guld-2011-vad-gor-mastarna-idag-sanja-trbojevic\/","og_locale":"sv_SE","og_type":"article","og_title":"Vann VM-guld 2011 \u2013 vad g\u00f6r m\u00e4starna idag, Sanja Trbojevic - Svenska Budo &amp; Kampsportsf\u00f6rbundet","og_description":"Idag inleder budokampsport.se en ny kortare artikelserie tillsammans med n\u00e5gra av VM-guldmedalj\u00f6rerna i kampsport fr\u00e5n 2011. Mycket har h\u00e4nt under de h\u00e4r","og_url":"https:\/\/www.budokampsport.se\/2016\/10\/04\/vann-vm-guld-2011-vad-gor-mastarna-idag-sanja-trbojevic\/","og_site_name":"Svenska Budo &amp; Kampsportsf\u00f6rbundet","article_author":"https:\/\/www.facebook.com\/jonathan.broberg.7","article_published_time":"2016-10-04T12:19:27+00:00","article_modified_time":"2016-12-06T21:40:32+00:00","author":"Jonathan Broberg","twitter_card":"summary_large_image","twitter_misc":{"Skriven av":"Jonathan Broberg","Ber\u00e4knad l\u00e4stid":"3 minuter"},"schema":{"@context":"https:\/\/schema.org","@graph":[{"@type":"Article","@id":"https:\/\/www.budokampsport.se\/2016\/10\/04\/vann-vm-guld-2011-vad-gor-mastarna-idag-sanja-trbojevic\/#article","isPartOf":{"@id":"https:\/\/www.budokampsport.se\/2016\/10\/04\/vann-vm-guld-2011-vad-gor-mastarna-idag-sanja-trbojevic\/"},"author":{"name":"Jonathan Broberg","@id":"https:\/\/www.budokampsport.se\/#\/schema\/person\/5c06d81d14850e2a8ce5493386560145"},"headline":"Vann VM-guld 2011 \u2013 vad g\u00f6r m\u00e4starna idag, Sanja Trbojevic","datePublished":"2016-10-04T12:19:27+00:00","dateModified":"2016-12-06T21:40:32+00:00","mainEntityOfPage":{"@id":"https:\/\/www.budokampsport.se\/2016\/10\/04\/vann-vm-guld-2011-vad-gor-mastarna-idag-sanja-trbojevic\/"},"wordCount":518,"inLanguage":"sv-SE"},{"@type":"WebPage","@id":"https:\/\/www.budokampsport.se\/2016\/10\/04\/vann-vm-guld-2011-vad-gor-mastarna-idag-sanja-trbojevic\/","url":"https:\/\/www.budokampsport.se\/2016\/10\/04\/vann-vm-guld-2011-vad-gor-mastarna-idag-sanja-trbojevic\/","name":"Vann VM-guld 2011 \u2013 vad g\u00f6r m\u00e4starna idag, Sanja Trbojevic - Svenska Budo &amp; Kampsportsf\u00f6rbundet","isPartOf":{"@id":"https:\/\/www.budokampsport.se\/#website"},"datePublished":"2016-10-04T12:19:27+00:00","dateModified":"2016-12-06T21:40:32+00:00","author":{"@id":"https:\/\/www.budokampsport.se\/#\/schema\/person\/5c06d81d14850e2a8ce5493386560145"},"description":"Idag inleder budokampsport.se en ny kortare artikelserie tillsammans med n\u00e5gra av VM-guldmedalj\u00f6rerna i kampsport fr\u00e5n 2011. Mycket har h\u00e4nt under de h\u00e4r","breadcrumb":{"@id":"https:\/\/www.budokampsport.se\/2016\/10\/04\/vann-vm-guld-2011-vad-gor-mastarna-idag-sanja-trbojevic\/#breadcrumb"},"inLanguage":"sv-SE","potentialAction":[{"@type":"ReadAction","target":["https:\/\/www.budokampsport.se\/2016\/10\/04\/vann-vm-guld-2011-vad-gor-mastarna-idag-sanja-trbojevic\/"]}]},{"@type":"BreadcrumbList","@id":"https:\/\/www.budokampsport.se\/2016\/10\/04\/vann-vm-guld-2011-vad-gor-mastarna-idag-sanja-trbojevic\/#breadcrumb","itemListElement":[{"@type":"ListItem","position":1,"name":"Hem","item":"https:\/\/www.budokampsport.se\/"},{"@type":"ListItem","position":2,"name":"Vann VM-guld 2011 \u2013 vad g\u00f6r m\u00e4starna idag, Sanja Trbojevic"}]},{"@type":"WebSite","@id":"https:\/\/www.budokampsport.se\/#website","url":"https:\/\/www.budokampsport.se\/","name":"Svenska Budo &amp; Kampsportsf\u00f6rbundet","description":"T\u00e4vling, Tr\u00e4ning, Tradition","potentialAction":[{"@type":"SearchAction","target":{"@type":"EntryPoint","urlTemplate":"https:\/\/www.budokampsport.se\/?s={search_term_string}"},"query-input":{"@type":"PropertyValueSpecification","valueRequired":true,"valueName":"search_term_string"}}],"inLanguage":"sv-SE"},{"@type":"Person","@id":"https:\/\/www.budokampsport.se\/#\/schema\/person\/5c06d81d14850e2a8ce5493386560145","name":"Jonathan Broberg","image":{"@type":"ImageObject","inLanguage":"sv-SE","@id":"https:\/\/www.budokampsport.se\/#\/schema\/person\/image\/","url":"https:\/\/secure.gravatar.com\/avatar\/a58041c6cea9128bd9c40ee2f26d4136?s=96&d=blank&r=g","contentUrl":"https:\/\/secure.gravatar.com\/avatar\/a58041c6cea9128bd9c40ee2f26d4136?s=96&d=blank&r=g","caption":"Jonathan Broberg"},"sameAs":["https:\/\/www.facebook.com\/jonathan.broberg.7"],"url":"https:\/\/www.budokampsport.se\/author\/jonathan\/"}]}},"_links":{"self":[{"href":"https:\/\/www.budokampsport.se\/api\/wp\/v2\/posts\/5964","targetHints":{"allow":["GET"]}}],"collection":[{"href":"https:\/\/www.budokampsport.se\/api\/wp\/v2\/posts"}],"about":[{"href":"https:\/\/www.budokampsport.se\/api\/wp\/v2\/types\/post"}],"author":[{"embeddable":true,"href":"https:\/\/www.budokampsport.se\/api\/wp\/v2\/users\/7"}],"replies":[{"embeddable":true,"href":"https:\/\/www.budokampsport.se\/api\/wp\/v2\/comments?post=5964"}],"version-history":[{"count":0,"href":"https:\/\/www.budokampsport.se\/api\/wp\/v2\/posts\/5964\/revisions"}],"wp:attachment":[{"href":"https:\/\/www.budokampsport.se\/api\/wp\/v2\/media?parent=5964"}],"wp:term":[{"taxonomy":"category","embeddable":true,"href":"https:\/\/www.budokampsport.se\/api\/wp\/v2\/categories?post=5964"},{"taxonomy":"post_tag","embeddable":true,"href":"https:\/\/www.budokampsport.se\/api\/wp\/v2\/tags?post=5964"}],"curies":[{"name":"wp","href":"https:\/\/api.w.org\/{rel}","templated":true}]}}