{"id":5970,"date":"2016-10-10T15:52:32","date_gmt":"2016-10-10T13:52:32","guid":{"rendered":"http:\/\/budo.wordpress.dev\/2016\/10\/10\/vm-guldmedaljoren-reisek-var-nara-att-inte-ens-komma-till-start\/"},"modified":"2016-12-06T22:40:34","modified_gmt":"2016-12-06T21:40:34","slug":"vm-guldmedaljoren-reisek-var-nara-att-inte-ens-komma-till-start","status":"publish","type":"post","link":"https:\/\/www.budokampsport.se\/2016\/10\/10\/vm-guldmedaljoren-reisek-var-nara-att-inte-ens-komma-till-start\/","title":{"rendered":"VM-guldmedalj\u00f6ren Reisek var n\u00e4ra att inte ens komma till start"},"content":{"rendered":"<p><strong><img decoding=\"async\" alt=\"\" src=\"\/sites\/default\/files\/fia_reisek.jpg\" style=\"height:349px; width:435px\"><br \/>Det blev ett mycket starkt svensk VM i armbrytning. Tre medaljer vanns i de seniora klasserna, men 19 totalt om man r\u00e4knar in junior- och veteranklasser, och b\u00e4st gick det f\u00f6r Fia Reisek som vann b\u00e5de ett guld och ett silver. Guldet kom i -65kg med h\u00f6ger arm.<br \/>\u00a0\u00a0 &#8211; Det k\u00e4nns otroligt bra, s\u00e4ger hon till budokampsport.se.<\/strong><!--break--><\/p>\n<p>Armbrytaren Fia Reisek, 31, hade en allt annan \u00e4n sm\u00e4rtfri v\u00e4g mot VM-guldet med h\u00f6ger arm. Det var faktiskt n\u00e4ra att hon inte ens kommit till start.<\/p>\n<p><strong>Inst\u00e4llt flyg \u00e4ventyrade inv\u00e4gningen<\/strong><br \/>F\u00f6rst st\u00e4lldes hennes flyg till Bulgarien in och hon var tvungen att \u00e5ka en dag senare \u00e4n ber\u00e4knat, och hade d\u00e5 inte inv\u00e4gningen ocks\u00e5 varit f\u00f6rsenad hade det varit m\u00f6jligt att Reisek inte ens hade f\u00e5tt t\u00e4vla.\u00a0<\/p>\n<p><strong>Fick trolig matf\u00f6rgiftning<\/strong><br \/>Och kv\u00e4llen mellan v\u00e4nster arm- och h\u00f6ger arm-t\u00e4vlingarna fick hon en trolig matf\u00f6rgiftning ocks\u00e5.<br \/>\u00a0\u00a0 &#8211; Det k\u00e4ndes lite som att det kanske inte riktigt var meningen att det skulle g\u00e5 bra f\u00f6r mig i det h\u00e4r VM:et. Men det var p\u00e5 n\u00e5got s\u00e4tt som att jag var mer avslappnad efter allt som h\u00e4nde. Jag vaknade upp p\u00e5 morgonen inf\u00f6r t\u00e4vlingarna med h\u00f6gern och k\u00e4nde mig ganska stark och pigg igen.<\/p>\n<p>Och just styrka visade Reisek upp n\u00e4r t\u00e4vlingarna s\u00e5 satte ig\u00e5ng. Hon vann samtliga sina matcher fram till finalen, d\u00e4r hon ocks\u00e5 kanske var som allra starkast.<br \/>\u00a0\u00a0 &#8211; Det \u00e4r helt fantastiskt., det k\u00e4nns otroligt bra att vinna det h\u00e4r guldet. H\u00f6gern har inte heller riktigt fungerat f\u00f6rr. Det h\u00e4r var otroligt kul.<\/p>\n<p><u><strong>Fia Reisek<\/strong><\/u><br \/><strong>\u00c5lder:<\/strong> 31<br \/><strong>Bor:<\/strong> Planen, mellan G\u00f6teborg och Bor\u00e5s. Men kommer ursprungligen fr\u00e5n Ensamheten.<br \/><strong>Aktuell:<\/strong> Vann VM-guld och VM-silver under m\u00e4sterskapet i Bulgarien<\/p>\n<p>Text: Jonathan Broberg<br \/>Foto:\u00a0Kristian Wiklund\/Sweden Armwrestling Television<\/p>\n","protected":false},"excerpt":{"rendered":"<p>Det blev ett mycket starkt svensk VM i armbrytning. Tre [&#8230;]<\/p><br>","protected":false},"author":7,"featured_media":0,"comment_status":"closed","ping_status":"closed","sticky":false,"template":"","format":"standard","meta":{"_acf_changed":false,"footnotes":""},"categories":[1],"tags":[],"class_list":["post-5970","post","type-post","status-publish","format-standard","hentry","category-okategoriserade"],"acf":[],"yoast_head":"<!-- This site is optimized with the Yoast SEO plugin v26.8 - https:\/\/yoast.com\/product\/yoast-seo-wordpress\/ -->\n<title>VM-guldmedalj\u00f6ren Reisek var n\u00e4ra att inte ens komma till start - Svenska Budo &amp; Kampsportsf\u00f6rbundet<\/title>\n<meta name=\"description\" content=\"Det blev ett mycket starkt svensk VM i armbrytning. Tre medaljer vanns i de seniora klasserna, men 19 totalt om man r\u00e4knar in junior- och veteranklasser,\" \/>\n<meta name=\"robots\" content=\"index, follow, max-snippet:-1, max-image-preview:large, max-video-preview:-1\" \/>\n<link rel=\"canonical\" href=\"https:\/\/www.budokampsport.se\/2016\/10\/10\/vm-guldmedaljoren-reisek-var-nara-att-inte-ens-komma-till-start\/\" \/>\n<meta property=\"og:locale\" content=\"sv_SE\" \/>\n<meta property=\"og:type\" content=\"article\" \/>\n<meta property=\"og:title\" content=\"VM-guldmedalj\u00f6ren Reisek var n\u00e4ra att inte ens komma till start - Svenska Budo &amp; Kampsportsf\u00f6rbundet\" \/>\n<meta property=\"og:description\" content=\"Det blev ett mycket starkt svensk VM i armbrytning. Tre medaljer vanns i de seniora klasserna, men 19 totalt om man r\u00e4knar in junior- och veteranklasser,\" \/>\n<meta property=\"og:url\" content=\"https:\/\/www.budokampsport.se\/2016\/10\/10\/vm-guldmedaljoren-reisek-var-nara-att-inte-ens-komma-till-start\/\" \/>\n<meta property=\"og:site_name\" content=\"Svenska Budo &amp; Kampsportsf\u00f6rbundet\" \/>\n<meta property=\"article:author\" content=\"https:\/\/www.facebook.com\/jonathan.broberg.7\" \/>\n<meta property=\"article:published_time\" content=\"2016-10-10T13:52:32+00:00\" \/>\n<meta property=\"article:modified_time\" content=\"2016-12-06T21:40:34+00:00\" \/>\n<meta name=\"author\" content=\"Jonathan Broberg\" \/>\n<meta name=\"twitter:card\" content=\"summary_large_image\" \/>\n<meta name=\"twitter:label1\" content=\"Skriven av\" \/>\n\t<meta name=\"twitter:data1\" content=\"Jonathan Broberg\" \/>\n\t<meta name=\"twitter:label2\" content=\"Ber\u00e4knad l\u00e4stid\" \/>\n\t<meta name=\"twitter:data2\" content=\"2 minuter\" \/>\n<script type=\"application\/ld+json\" class=\"yoast-schema-graph\">{\"@context\":\"https:\/\/schema.org\",\"@graph\":[{\"@type\":\"Article\",\"@id\":\"https:\/\/www.budokampsport.se\/2016\/10\/10\/vm-guldmedaljoren-reisek-var-nara-att-inte-ens-komma-till-start\/#article\",\"isPartOf\":{\"@id\":\"https:\/\/www.budokampsport.se\/2016\/10\/10\/vm-guldmedaljoren-reisek-var-nara-att-inte-ens-komma-till-start\/\"},\"author\":{\"name\":\"Jonathan Broberg\",\"@id\":\"https:\/\/www.budokampsport.se\/#\/schema\/person\/5c06d81d14850e2a8ce5493386560145\"},\"headline\":\"VM-guldmedalj\u00f6ren Reisek var n\u00e4ra att inte ens komma till start\",\"datePublished\":\"2016-10-10T13:52:32+00:00\",\"dateModified\":\"2016-12-06T21:40:34+00:00\",\"mainEntityOfPage\":{\"@id\":\"https:\/\/www.budokampsport.se\/2016\/10\/10\/vm-guldmedaljoren-reisek-var-nara-att-inte-ens-komma-till-start\/\"},\"wordCount\":345,\"inLanguage\":\"sv-SE\"},{\"@type\":\"WebPage\",\"@id\":\"https:\/\/www.budokampsport.se\/2016\/10\/10\/vm-guldmedaljoren-reisek-var-nara-att-inte-ens-komma-till-start\/\",\"url\":\"https:\/\/www.budokampsport.se\/2016\/10\/10\/vm-guldmedaljoren-reisek-var-nara-att-inte-ens-komma-till-start\/\",\"name\":\"VM-guldmedalj\u00f6ren Reisek var n\u00e4ra att inte ens komma till start - Svenska Budo &amp; Kampsportsf\u00f6rbundet\",\"isPartOf\":{\"@id\":\"https:\/\/www.budokampsport.se\/#website\"},\"datePublished\":\"2016-10-10T13:52:32+00:00\",\"dateModified\":\"2016-12-06T21:40:34+00:00\",\"author\":{\"@id\":\"https:\/\/www.budokampsport.se\/#\/schema\/person\/5c06d81d14850e2a8ce5493386560145\"},\"description\":\"Det blev ett mycket starkt svensk VM i armbrytning. Tre medaljer vanns i de seniora klasserna, men 19 totalt om man r\u00e4knar in junior- och veteranklasser,\",\"breadcrumb\":{\"@id\":\"https:\/\/www.budokampsport.se\/2016\/10\/10\/vm-guldmedaljoren-reisek-var-nara-att-inte-ens-komma-till-start\/#breadcrumb\"},\"inLanguage\":\"sv-SE\",\"potentialAction\":[{\"@type\":\"ReadAction\",\"target\":[\"https:\/\/www.budokampsport.se\/2016\/10\/10\/vm-guldmedaljoren-reisek-var-nara-att-inte-ens-komma-till-start\/\"]}]},{\"@type\":\"BreadcrumbList\",\"@id\":\"https:\/\/www.budokampsport.se\/2016\/10\/10\/vm-guldmedaljoren-reisek-var-nara-att-inte-ens-komma-till-start\/#breadcrumb\",\"itemListElement\":[{\"@type\":\"ListItem\",\"position\":1,\"name\":\"Hem\",\"item\":\"https:\/\/www.budokampsport.se\/\"},{\"@type\":\"ListItem\",\"position\":2,\"name\":\"VM-guldmedalj\u00f6ren Reisek var n\u00e4ra att inte ens komma till start\"}]},{\"@type\":\"WebSite\",\"@id\":\"https:\/\/www.budokampsport.se\/#website\",\"url\":\"https:\/\/www.budokampsport.se\/\",\"name\":\"Svenska Budo &amp; Kampsportsf\u00f6rbundet\",\"description\":\"T\u00e4vling, Tr\u00e4ning, Tradition\",\"potentialAction\":[{\"@type\":\"SearchAction\",\"target\":{\"@type\":\"EntryPoint\",\"urlTemplate\":\"https:\/\/www.budokampsport.se\/?s={search_term_string}\"},\"query-input\":{\"@type\":\"PropertyValueSpecification\",\"valueRequired\":true,\"valueName\":\"search_term_string\"}}],\"inLanguage\":\"sv-SE\"},{\"@type\":\"Person\",\"@id\":\"https:\/\/www.budokampsport.se\/#\/schema\/person\/5c06d81d14850e2a8ce5493386560145\",\"name\":\"Jonathan Broberg\",\"image\":{\"@type\":\"ImageObject\",\"inLanguage\":\"sv-SE\",\"@id\":\"https:\/\/www.budokampsport.se\/#\/schema\/person\/image\/\",\"url\":\"https:\/\/secure.gravatar.com\/avatar\/a58041c6cea9128bd9c40ee2f26d4136?s=96&d=blank&r=g\",\"contentUrl\":\"https:\/\/secure.gravatar.com\/avatar\/a58041c6cea9128bd9c40ee2f26d4136?s=96&d=blank&r=g\",\"caption\":\"Jonathan Broberg\"},\"sameAs\":[\"https:\/\/www.facebook.com\/jonathan.broberg.7\"],\"url\":\"https:\/\/www.budokampsport.se\/author\/jonathan\/\"}]}<\/script>\n<!-- \/ Yoast SEO plugin. -->","yoast_head_json":{"title":"VM-guldmedalj\u00f6ren Reisek var n\u00e4ra att inte ens komma till start - Svenska Budo &amp; Kampsportsf\u00f6rbundet","description":"Det blev ett mycket starkt svensk VM i armbrytning. Tre medaljer vanns i de seniora klasserna, men 19 totalt om man r\u00e4knar in junior- och veteranklasser,","robots":{"index":"index","follow":"follow","max-snippet":"max-snippet:-1","max-image-preview":"max-image-preview:large","max-video-preview":"max-video-preview:-1"},"canonical":"https:\/\/www.budokampsport.se\/2016\/10\/10\/vm-guldmedaljoren-reisek-var-nara-att-inte-ens-komma-till-start\/","og_locale":"sv_SE","og_type":"article","og_title":"VM-guldmedalj\u00f6ren Reisek var n\u00e4ra att inte ens komma till start - Svenska Budo &amp; Kampsportsf\u00f6rbundet","og_description":"Det blev ett mycket starkt svensk VM i armbrytning. Tre medaljer vanns i de seniora klasserna, men 19 totalt om man r\u00e4knar in junior- och veteranklasser,","og_url":"https:\/\/www.budokampsport.se\/2016\/10\/10\/vm-guldmedaljoren-reisek-var-nara-att-inte-ens-komma-till-start\/","og_site_name":"Svenska Budo &amp; Kampsportsf\u00f6rbundet","article_author":"https:\/\/www.facebook.com\/jonathan.broberg.7","article_published_time":"2016-10-10T13:52:32+00:00","article_modified_time":"2016-12-06T21:40:34+00:00","author":"Jonathan Broberg","twitter_card":"summary_large_image","twitter_misc":{"Skriven av":"Jonathan Broberg","Ber\u00e4knad l\u00e4stid":"2 minuter"},"schema":{"@context":"https:\/\/schema.org","@graph":[{"@type":"Article","@id":"https:\/\/www.budokampsport.se\/2016\/10\/10\/vm-guldmedaljoren-reisek-var-nara-att-inte-ens-komma-till-start\/#article","isPartOf":{"@id":"https:\/\/www.budokampsport.se\/2016\/10\/10\/vm-guldmedaljoren-reisek-var-nara-att-inte-ens-komma-till-start\/"},"author":{"name":"Jonathan Broberg","@id":"https:\/\/www.budokampsport.se\/#\/schema\/person\/5c06d81d14850e2a8ce5493386560145"},"headline":"VM-guldmedalj\u00f6ren Reisek var n\u00e4ra att inte ens komma till start","datePublished":"2016-10-10T13:52:32+00:00","dateModified":"2016-12-06T21:40:34+00:00","mainEntityOfPage":{"@id":"https:\/\/www.budokampsport.se\/2016\/10\/10\/vm-guldmedaljoren-reisek-var-nara-att-inte-ens-komma-till-start\/"},"wordCount":345,"inLanguage":"sv-SE"},{"@type":"WebPage","@id":"https:\/\/www.budokampsport.se\/2016\/10\/10\/vm-guldmedaljoren-reisek-var-nara-att-inte-ens-komma-till-start\/","url":"https:\/\/www.budokampsport.se\/2016\/10\/10\/vm-guldmedaljoren-reisek-var-nara-att-inte-ens-komma-till-start\/","name":"VM-guldmedalj\u00f6ren Reisek var n\u00e4ra att inte ens komma till start - Svenska Budo &amp; Kampsportsf\u00f6rbundet","isPartOf":{"@id":"https:\/\/www.budokampsport.se\/#website"},"datePublished":"2016-10-10T13:52:32+00:00","dateModified":"2016-12-06T21:40:34+00:00","author":{"@id":"https:\/\/www.budokampsport.se\/#\/schema\/person\/5c06d81d14850e2a8ce5493386560145"},"description":"Det blev ett mycket starkt svensk VM i armbrytning. Tre medaljer vanns i de seniora klasserna, men 19 totalt om man r\u00e4knar in junior- och veteranklasser,","breadcrumb":{"@id":"https:\/\/www.budokampsport.se\/2016\/10\/10\/vm-guldmedaljoren-reisek-var-nara-att-inte-ens-komma-till-start\/#breadcrumb"},"inLanguage":"sv-SE","potentialAction":[{"@type":"ReadAction","target":["https:\/\/www.budokampsport.se\/2016\/10\/10\/vm-guldmedaljoren-reisek-var-nara-att-inte-ens-komma-till-start\/"]}]},{"@type":"BreadcrumbList","@id":"https:\/\/www.budokampsport.se\/2016\/10\/10\/vm-guldmedaljoren-reisek-var-nara-att-inte-ens-komma-till-start\/#breadcrumb","itemListElement":[{"@type":"ListItem","position":1,"name":"Hem","item":"https:\/\/www.budokampsport.se\/"},{"@type":"ListItem","position":2,"name":"VM-guldmedalj\u00f6ren Reisek var n\u00e4ra att inte ens komma till start"}]},{"@type":"WebSite","@id":"https:\/\/www.budokampsport.se\/#website","url":"https:\/\/www.budokampsport.se\/","name":"Svenska Budo &amp; Kampsportsf\u00f6rbundet","description":"T\u00e4vling, Tr\u00e4ning, Tradition","potentialAction":[{"@type":"SearchAction","target":{"@type":"EntryPoint","urlTemplate":"https:\/\/www.budokampsport.se\/?s={search_term_string}"},"query-input":{"@type":"PropertyValueSpecification","valueRequired":true,"valueName":"search_term_string"}}],"inLanguage":"sv-SE"},{"@type":"Person","@id":"https:\/\/www.budokampsport.se\/#\/schema\/person\/5c06d81d14850e2a8ce5493386560145","name":"Jonathan Broberg","image":{"@type":"ImageObject","inLanguage":"sv-SE","@id":"https:\/\/www.budokampsport.se\/#\/schema\/person\/image\/","url":"https:\/\/secure.gravatar.com\/avatar\/a58041c6cea9128bd9c40ee2f26d4136?s=96&d=blank&r=g","contentUrl":"https:\/\/secure.gravatar.com\/avatar\/a58041c6cea9128bd9c40ee2f26d4136?s=96&d=blank&r=g","caption":"Jonathan Broberg"},"sameAs":["https:\/\/www.facebook.com\/jonathan.broberg.7"],"url":"https:\/\/www.budokampsport.se\/author\/jonathan\/"}]}},"_links":{"self":[{"href":"https:\/\/www.budokampsport.se\/api\/wp\/v2\/posts\/5970","targetHints":{"allow":["GET"]}}],"collection":[{"href":"https:\/\/www.budokampsport.se\/api\/wp\/v2\/posts"}],"about":[{"href":"https:\/\/www.budokampsport.se\/api\/wp\/v2\/types\/post"}],"author":[{"embeddable":true,"href":"https:\/\/www.budokampsport.se\/api\/wp\/v2\/users\/7"}],"replies":[{"embeddable":true,"href":"https:\/\/www.budokampsport.se\/api\/wp\/v2\/comments?post=5970"}],"version-history":[{"count":0,"href":"https:\/\/www.budokampsport.se\/api\/wp\/v2\/posts\/5970\/revisions"}],"wp:attachment":[{"href":"https:\/\/www.budokampsport.se\/api\/wp\/v2\/media?parent=5970"}],"wp:term":[{"taxonomy":"category","embeddable":true,"href":"https:\/\/www.budokampsport.se\/api\/wp\/v2\/categories?post=5970"},{"taxonomy":"post_tag","embeddable":true,"href":"https:\/\/www.budokampsport.se\/api\/wp\/v2\/tags?post=5970"}],"curies":[{"name":"wp","href":"https:\/\/api.w.org\/{rel}","templated":true}]}}