{"id":59721,"date":"2017-12-19T11:05:59","date_gmt":"2017-12-19T10:05:59","guid":{"rendered":"http:\/\/www.budokampsport.se\/?p=59721"},"modified":"2017-12-19T11:05:59","modified_gmt":"2017-12-19T10:05:59","slug":"medlemsrakningar-for-2018","status":"publish","type":"post","link":"https:\/\/www.budokampsport.se\/2017\/12\/19\/medlemsrakningar-for-2018\/","title":{"rendered":"Medlemsr\u00e4kningar f\u00f6r 2018"},"content":{"rendered":"<p>Vi skickade i fredags ut ett mejl med l\u00e4nkar f\u00f6r rapportering av er f\u00f6renings medlemsantal.<\/p>\n<p>Utskicket \u00e4r i \u00e5r helt digitalt och har skickats till den mejladress som vi har i klubbregistret.<\/p>\n<p>D\u00e5 det \u00e4r v\u00e4ldigt m\u00e5nga mejl som studsat tillbaka kan det vara ett flertal f\u00f6reningar som inte f\u00e5tt detta utskick, det kan bero p\u00e5 att vi har fel mejladress till er.<\/p>\n<p>Vi ber er d\u00e4rf\u00f6r att se \u00f6ver era kontaktuppgifter som vi har i klubbregistret och \u00e5terkomma om detta skulle beh\u00f6va uppdateras.<\/p>\n<p>Har ni inte f\u00e5tt mejlet trots att vi har r\u00e4tt uppgifter ber vi er \u00e4ven h\u00f6ra av er s\u00e5 att vi kan skicka ut rapporteringsl\u00e4nken p\u00e5 nytt.<\/p>\n<p>L\u00e4nk till hemsidans klubbregister<em>:\u00a0<\/em><a href=\"http:\/\/www.budokampsport.se\/klubbar\/\">http:\/\/www.budokampsport.se\/klubbar\/.<\/a><\/p>\n<p>Ni mejlar in r\u00e4tt uppgifter till Matilda p\u00e5:\u00a0<a href=\"mailto:Matilda@budo.se\">Matilda@budo.se.<\/a><\/p>\n<p>Tack p\u00e5 f\u00f6rhand!<\/p>\n","protected":false},"excerpt":{"rendered":"<p>Vi skickade i fredags ut ett mejl med l\u00e4nkar f\u00f6r [&#8230;]<\/p><br>","protected":false},"author":8,"featured_media":41755,"comment_status":"open","ping_status":"open","sticky":false,"template":"","format":"standard","meta":{"_acf_changed":false,"footnotes":""},"categories":[1],"tags":[401],"class_list":["post-59721","post","type-post","status-publish","format-standard","has-post-thumbnail","hentry","category-okategoriserade","tag-medlemsrakningar"],"acf":[],"yoast_head":"<!-- This site is optimized with the Yoast SEO plugin v26.8 - https:\/\/yoast.com\/product\/yoast-seo-wordpress\/ -->\n<title>Medlemsr\u00e4kningar f\u00f6r 2018 - Svenska Budo &amp; Kampsportsf\u00f6rbundet<\/title>\n<meta name=\"description\" content=\"Vi skickade i fredags ut ett mejl med l\u00e4nkar f\u00f6r rapportering av er f\u00f6renings medlemsantal. Utskicket \u00e4r i \u00e5r helt digitalt och har skickats till den\" \/>\n<meta name=\"robots\" content=\"index, follow, max-snippet:-1, max-image-preview:large, max-video-preview:-1\" \/>\n<link rel=\"canonical\" href=\"https:\/\/www.budokampsport.se\/2017\/12\/19\/medlemsrakningar-for-2018\/\" \/>\n<meta property=\"og:locale\" content=\"sv_SE\" \/>\n<meta property=\"og:type\" content=\"article\" \/>\n<meta property=\"og:title\" content=\"Medlemsr\u00e4kningar f\u00f6r 2018 - Svenska Budo &amp; Kampsportsf\u00f6rbundet\" \/>\n<meta property=\"og:description\" content=\"Vi skickade i fredags ut ett mejl med l\u00e4nkar f\u00f6r rapportering av er f\u00f6renings medlemsantal. Utskicket \u00e4r i \u00e5r helt digitalt och har skickats till den\" \/>\n<meta property=\"og:url\" content=\"https:\/\/www.budokampsport.se\/2017\/12\/19\/medlemsrakningar-for-2018\/\" \/>\n<meta property=\"og:site_name\" content=\"Svenska Budo &amp; Kampsportsf\u00f6rbundet\" \/>\n<meta property=\"article:published_time\" content=\"2017-12-19T10:05:59+00:00\" \/>\n<meta property=\"og:image\" content=\"https:\/\/www.budokampsport.se\/wp-content\/uploads\/2017\/03\/tsuba_notext_cmyk_copy-e1489765726565.jpg\" \/>\n\t<meta property=\"og:image:width\" content=\"400\" \/>\n\t<meta property=\"og:image:height\" content=\"319\" \/>\n\t<meta property=\"og:image:type\" content=\"image\/jpeg\" \/>\n<meta name=\"author\" content=\"Matilda Ritz\u00e9n\" \/>\n<meta name=\"twitter:card\" content=\"summary_large_image\" \/>\n<meta name=\"twitter:label1\" content=\"Skriven av\" \/>\n\t<meta name=\"twitter:data1\" content=\"Matilda Ritz\u00e9n\" \/>\n\t<meta name=\"twitter:label2\" content=\"Ber\u00e4knad l\u00e4stid\" \/>\n\t<meta name=\"twitter:data2\" content=\"1 minut\" \/>\n<script type=\"application\/ld+json\" class=\"yoast-schema-graph\">{\"@context\":\"https:\/\/schema.org\",\"@graph\":[{\"@type\":\"Article\",\"@id\":\"https:\/\/www.budokampsport.se\/2017\/12\/19\/medlemsrakningar-for-2018\/#article\",\"isPartOf\":{\"@id\":\"https:\/\/www.budokampsport.se\/2017\/12\/19\/medlemsrakningar-for-2018\/\"},\"author\":{\"name\":\"Matilda Ritz\u00e9n\",\"@id\":\"https:\/\/www.budokampsport.se\/#\/schema\/person\/b908a71d19d66edc50c85c2ce93ecfa8\"},\"headline\":\"Medlemsr\u00e4kningar f\u00f6r 2018\",\"datePublished\":\"2017-12-19T10:05:59+00:00\",\"mainEntityOfPage\":{\"@id\":\"https:\/\/www.budokampsport.se\/2017\/12\/19\/medlemsrakningar-for-2018\/\"},\"wordCount\":155,\"commentCount\":1,\"image\":{\"@id\":\"https:\/\/www.budokampsport.se\/2017\/12\/19\/medlemsrakningar-for-2018\/#primaryimage\"},\"thumbnailUrl\":\"https:\/\/www.budokampsport.se\/wp-content\/uploads\/2017\/03\/tsuba_notext_cmyk_copy-e1489765726565.jpg\",\"keywords\":[\"medlemsr\u00e4kningar\"],\"inLanguage\":\"sv-SE\",\"potentialAction\":[{\"@type\":\"CommentAction\",\"name\":\"Comment\",\"target\":[\"https:\/\/www.budokampsport.se\/2017\/12\/19\/medlemsrakningar-for-2018\/#respond\"]}]},{\"@type\":\"WebPage\",\"@id\":\"https:\/\/www.budokampsport.se\/2017\/12\/19\/medlemsrakningar-for-2018\/\",\"url\":\"https:\/\/www.budokampsport.se\/2017\/12\/19\/medlemsrakningar-for-2018\/\",\"name\":\"Medlemsr\u00e4kningar f\u00f6r 2018 - Svenska Budo &amp; Kampsportsf\u00f6rbundet\",\"isPartOf\":{\"@id\":\"https:\/\/www.budokampsport.se\/#website\"},\"primaryImageOfPage\":{\"@id\":\"https:\/\/www.budokampsport.se\/2017\/12\/19\/medlemsrakningar-for-2018\/#primaryimage\"},\"image\":{\"@id\":\"https:\/\/www.budokampsport.se\/2017\/12\/19\/medlemsrakningar-for-2018\/#primaryimage\"},\"thumbnailUrl\":\"https:\/\/www.budokampsport.se\/wp-content\/uploads\/2017\/03\/tsuba_notext_cmyk_copy-e1489765726565.jpg\",\"datePublished\":\"2017-12-19T10:05:59+00:00\",\"author\":{\"@id\":\"https:\/\/www.budokampsport.se\/#\/schema\/person\/b908a71d19d66edc50c85c2ce93ecfa8\"},\"description\":\"Vi skickade i fredags ut ett mejl med l\u00e4nkar f\u00f6r rapportering av er f\u00f6renings medlemsantal. Utskicket \u00e4r i \u00e5r helt digitalt och har skickats till den\",\"breadcrumb\":{\"@id\":\"https:\/\/www.budokampsport.se\/2017\/12\/19\/medlemsrakningar-for-2018\/#breadcrumb\"},\"inLanguage\":\"sv-SE\",\"potentialAction\":[{\"@type\":\"ReadAction\",\"target\":[\"https:\/\/www.budokampsport.se\/2017\/12\/19\/medlemsrakningar-for-2018\/\"]}]},{\"@type\":\"ImageObject\",\"inLanguage\":\"sv-SE\",\"@id\":\"https:\/\/www.budokampsport.se\/2017\/12\/19\/medlemsrakningar-for-2018\/#primaryimage\",\"url\":\"https:\/\/www.budokampsport.se\/wp-content\/uploads\/2017\/03\/tsuba_notext_cmyk_copy-e1489765726565.jpg\",\"contentUrl\":\"https:\/\/www.budokampsport.se\/wp-content\/uploads\/2017\/03\/tsuba_notext_cmyk_copy-e1489765726565.jpg\",\"width\":400,\"height\":319},{\"@type\":\"BreadcrumbList\",\"@id\":\"https:\/\/www.budokampsport.se\/2017\/12\/19\/medlemsrakningar-for-2018\/#breadcrumb\",\"itemListElement\":[{\"@type\":\"ListItem\",\"position\":1,\"name\":\"Hem\",\"item\":\"https:\/\/www.budokampsport.se\/\"},{\"@type\":\"ListItem\",\"position\":2,\"name\":\"Medlemsr\u00e4kningar f\u00f6r 2018\"}]},{\"@type\":\"WebSite\",\"@id\":\"https:\/\/www.budokampsport.se\/#website\",\"url\":\"https:\/\/www.budokampsport.se\/\",\"name\":\"Svenska Budo &amp; Kampsportsf\u00f6rbundet\",\"description\":\"T\u00e4vling, Tr\u00e4ning, Tradition\",\"potentialAction\":[{\"@type\":\"SearchAction\",\"target\":{\"@type\":\"EntryPoint\",\"urlTemplate\":\"https:\/\/www.budokampsport.se\/?s={search_term_string}\"},\"query-input\":{\"@type\":\"PropertyValueSpecification\",\"valueRequired\":true,\"valueName\":\"search_term_string\"}}],\"inLanguage\":\"sv-SE\"},{\"@type\":\"Person\",\"@id\":\"https:\/\/www.budokampsport.se\/#\/schema\/person\/b908a71d19d66edc50c85c2ce93ecfa8\",\"name\":\"Matilda Ritz\u00e9n\",\"image\":{\"@type\":\"ImageObject\",\"inLanguage\":\"sv-SE\",\"@id\":\"https:\/\/www.budokampsport.se\/#\/schema\/person\/image\/\",\"url\":\"https:\/\/secure.gravatar.com\/avatar\/b7b14d78eca96b18793155cd487c77df?s=96&d=blank&r=g\",\"contentUrl\":\"https:\/\/secure.gravatar.com\/avatar\/b7b14d78eca96b18793155cd487c77df?s=96&d=blank&r=g\",\"caption\":\"Matilda Ritz\u00e9n\"},\"url\":\"https:\/\/www.budokampsport.se\/author\/matilda\/\"}]}<\/script>\n<!-- \/ Yoast SEO plugin. -->","yoast_head_json":{"title":"Medlemsr\u00e4kningar f\u00f6r 2018 - Svenska Budo &amp; Kampsportsf\u00f6rbundet","description":"Vi skickade i fredags ut ett mejl med l\u00e4nkar f\u00f6r rapportering av er f\u00f6renings medlemsantal. Utskicket \u00e4r i \u00e5r helt digitalt och har skickats till den","robots":{"index":"index","follow":"follow","max-snippet":"max-snippet:-1","max-image-preview":"max-image-preview:large","max-video-preview":"max-video-preview:-1"},"canonical":"https:\/\/www.budokampsport.se\/2017\/12\/19\/medlemsrakningar-for-2018\/","og_locale":"sv_SE","og_type":"article","og_title":"Medlemsr\u00e4kningar f\u00f6r 2018 - Svenska Budo &amp; Kampsportsf\u00f6rbundet","og_description":"Vi skickade i fredags ut ett mejl med l\u00e4nkar f\u00f6r rapportering av er f\u00f6renings medlemsantal. Utskicket \u00e4r i \u00e5r helt digitalt och har skickats till den","og_url":"https:\/\/www.budokampsport.se\/2017\/12\/19\/medlemsrakningar-for-2018\/","og_site_name":"Svenska Budo &amp; Kampsportsf\u00f6rbundet","article_published_time":"2017-12-19T10:05:59+00:00","og_image":[{"width":400,"height":319,"url":"https:\/\/www.budokampsport.se\/wp-content\/uploads\/2017\/03\/tsuba_notext_cmyk_copy-e1489765726565.jpg","type":"image\/jpeg"}],"author":"Matilda Ritz\u00e9n","twitter_card":"summary_large_image","twitter_misc":{"Skriven av":"Matilda Ritz\u00e9n","Ber\u00e4knad l\u00e4stid":"1 minut"},"schema":{"@context":"https:\/\/schema.org","@graph":[{"@type":"Article","@id":"https:\/\/www.budokampsport.se\/2017\/12\/19\/medlemsrakningar-for-2018\/#article","isPartOf":{"@id":"https:\/\/www.budokampsport.se\/2017\/12\/19\/medlemsrakningar-for-2018\/"},"author":{"name":"Matilda Ritz\u00e9n","@id":"https:\/\/www.budokampsport.se\/#\/schema\/person\/b908a71d19d66edc50c85c2ce93ecfa8"},"headline":"Medlemsr\u00e4kningar f\u00f6r 2018","datePublished":"2017-12-19T10:05:59+00:00","mainEntityOfPage":{"@id":"https:\/\/www.budokampsport.se\/2017\/12\/19\/medlemsrakningar-for-2018\/"},"wordCount":155,"commentCount":1,"image":{"@id":"https:\/\/www.budokampsport.se\/2017\/12\/19\/medlemsrakningar-for-2018\/#primaryimage"},"thumbnailUrl":"https:\/\/www.budokampsport.se\/wp-content\/uploads\/2017\/03\/tsuba_notext_cmyk_copy-e1489765726565.jpg","keywords":["medlemsr\u00e4kningar"],"inLanguage":"sv-SE","potentialAction":[{"@type":"CommentAction","name":"Comment","target":["https:\/\/www.budokampsport.se\/2017\/12\/19\/medlemsrakningar-for-2018\/#respond"]}]},{"@type":"WebPage","@id":"https:\/\/www.budokampsport.se\/2017\/12\/19\/medlemsrakningar-for-2018\/","url":"https:\/\/www.budokampsport.se\/2017\/12\/19\/medlemsrakningar-for-2018\/","name":"Medlemsr\u00e4kningar f\u00f6r 2018 - Svenska Budo &amp; Kampsportsf\u00f6rbundet","isPartOf":{"@id":"https:\/\/www.budokampsport.se\/#website"},"primaryImageOfPage":{"@id":"https:\/\/www.budokampsport.se\/2017\/12\/19\/medlemsrakningar-for-2018\/#primaryimage"},"image":{"@id":"https:\/\/www.budokampsport.se\/2017\/12\/19\/medlemsrakningar-for-2018\/#primaryimage"},"thumbnailUrl":"https:\/\/www.budokampsport.se\/wp-content\/uploads\/2017\/03\/tsuba_notext_cmyk_copy-e1489765726565.jpg","datePublished":"2017-12-19T10:05:59+00:00","author":{"@id":"https:\/\/www.budokampsport.se\/#\/schema\/person\/b908a71d19d66edc50c85c2ce93ecfa8"},"description":"Vi skickade i fredags ut ett mejl med l\u00e4nkar f\u00f6r rapportering av er f\u00f6renings medlemsantal. Utskicket \u00e4r i \u00e5r helt digitalt och har skickats till den","breadcrumb":{"@id":"https:\/\/www.budokampsport.se\/2017\/12\/19\/medlemsrakningar-for-2018\/#breadcrumb"},"inLanguage":"sv-SE","potentialAction":[{"@type":"ReadAction","target":["https:\/\/www.budokampsport.se\/2017\/12\/19\/medlemsrakningar-for-2018\/"]}]},{"@type":"ImageObject","inLanguage":"sv-SE","@id":"https:\/\/www.budokampsport.se\/2017\/12\/19\/medlemsrakningar-for-2018\/#primaryimage","url":"https:\/\/www.budokampsport.se\/wp-content\/uploads\/2017\/03\/tsuba_notext_cmyk_copy-e1489765726565.jpg","contentUrl":"https:\/\/www.budokampsport.se\/wp-content\/uploads\/2017\/03\/tsuba_notext_cmyk_copy-e1489765726565.jpg","width":400,"height":319},{"@type":"BreadcrumbList","@id":"https:\/\/www.budokampsport.se\/2017\/12\/19\/medlemsrakningar-for-2018\/#breadcrumb","itemListElement":[{"@type":"ListItem","position":1,"name":"Hem","item":"https:\/\/www.budokampsport.se\/"},{"@type":"ListItem","position":2,"name":"Medlemsr\u00e4kningar f\u00f6r 2018"}]},{"@type":"WebSite","@id":"https:\/\/www.budokampsport.se\/#website","url":"https:\/\/www.budokampsport.se\/","name":"Svenska Budo &amp; Kampsportsf\u00f6rbundet","description":"T\u00e4vling, Tr\u00e4ning, Tradition","potentialAction":[{"@type":"SearchAction","target":{"@type":"EntryPoint","urlTemplate":"https:\/\/www.budokampsport.se\/?s={search_term_string}"},"query-input":{"@type":"PropertyValueSpecification","valueRequired":true,"valueName":"search_term_string"}}],"inLanguage":"sv-SE"},{"@type":"Person","@id":"https:\/\/www.budokampsport.se\/#\/schema\/person\/b908a71d19d66edc50c85c2ce93ecfa8","name":"Matilda Ritz\u00e9n","image":{"@type":"ImageObject","inLanguage":"sv-SE","@id":"https:\/\/www.budokampsport.se\/#\/schema\/person\/image\/","url":"https:\/\/secure.gravatar.com\/avatar\/b7b14d78eca96b18793155cd487c77df?s=96&d=blank&r=g","contentUrl":"https:\/\/secure.gravatar.com\/avatar\/b7b14d78eca96b18793155cd487c77df?s=96&d=blank&r=g","caption":"Matilda Ritz\u00e9n"},"url":"https:\/\/www.budokampsport.se\/author\/matilda\/"}]}},"_links":{"self":[{"href":"https:\/\/www.budokampsport.se\/api\/wp\/v2\/posts\/59721","targetHints":{"allow":["GET"]}}],"collection":[{"href":"https:\/\/www.budokampsport.se\/api\/wp\/v2\/posts"}],"about":[{"href":"https:\/\/www.budokampsport.se\/api\/wp\/v2\/types\/post"}],"author":[{"embeddable":true,"href":"https:\/\/www.budokampsport.se\/api\/wp\/v2\/users\/8"}],"replies":[{"embeddable":true,"href":"https:\/\/www.budokampsport.se\/api\/wp\/v2\/comments?post=59721"}],"version-history":[{"count":0,"href":"https:\/\/www.budokampsport.se\/api\/wp\/v2\/posts\/59721\/revisions"}],"wp:featuredmedia":[{"embeddable":true,"href":"https:\/\/www.budokampsport.se\/api\/wp\/v2\/media\/41755"}],"wp:attachment":[{"href":"https:\/\/www.budokampsport.se\/api\/wp\/v2\/media?parent=59721"}],"wp:term":[{"taxonomy":"category","embeddable":true,"href":"https:\/\/www.budokampsport.se\/api\/wp\/v2\/categories?post=59721"},{"taxonomy":"post_tag","embeddable":true,"href":"https:\/\/www.budokampsport.se\/api\/wp\/v2\/tags?post=59721"}],"curies":[{"name":"wp","href":"https:\/\/api.w.org\/{rel}","templated":true}]}}