{"id":6010,"date":"2016-10-27T15:37:35","date_gmt":"2016-10-27T13:37:35","guid":{"rendered":"http:\/\/budo.wordpress.dev\/2016\/10\/27\/magnus-andersson-till-dromfinal-mot-idolen\/"},"modified":"2016-12-06T22:40:41","modified_gmt":"2016-12-06T21:40:41","slug":"magnus-andersson-till-dromfinal-mot-idolen","status":"publish","type":"post","link":"https:\/\/www.budokampsport.se\/2016\/10\/27\/magnus-andersson-till-dromfinal-mot-idolen\/","title":{"rendered":"Magnus Andersson till dr\u00f6mfinal \u2013 mot idolen"},"content":{"rendered":"<p><strong><img decoding=\"async\" alt=\"\" src=\"\/sites\/default\/files\/magnus_andersson_2.gif\" style=\"height:290px; width:435px\"><br \/>Efter en riktig urladdning i matchen mot polacken Jakub Rajewski i herrarnas A-klass -71kg \u00e4r Magnus Andersson klar f\u00f6r EM-final. Och den blir mot idolen, vitryssen Andrei Kulebin.<br \/>\u00a0\u00a0 &#8211; Nu j\u00e4vlar har jag gett mig chansen att verkligen visa vad jag kan, s\u00e4ger han till budokampsport.se.<\/strong><!--break--><\/p>\n<p>Magnus Andersson svarade f\u00f6r \u00e4nnu en helgjuten insats och \u00e4r efter 2-1 i ronder klar f\u00f6r EM-final. Han besegrade Jakub Rajewski i -71-kilosklassen.<\/p>\n<p>Andersson var utan tvekan den b\u00e4ttre av de b\u00e5da och i de tv\u00e5 inledande ronderna var svensken obeveklig.<br \/>\u00a0\u00a0 &#8211; Jag l\u00e5g tight med guarden och hittade ett bra flyt. Han var tuff, men jag k\u00e4nde att jag hade kontroll p\u00e5 honom i de tv\u00e5 f\u00f6rsta ronderna.<\/p>\n<p>I den tredje ronden gick polacken f\u00f6r knock och Andersson s\u00e5g till att h\u00e5lla sig undan.<br \/>\u00a0\u00a0 &#8211; Han tr\u00e4ffade lite d\u00e5, och det blir lite m\u00e4rklig match n\u00e4r jag bara vill kontrollera och han vill knocka. Men jag h\u00f6ll tillbaka lite f\u00f6r att inte riskera n\u00e5got.<\/p>\n<p>Nu \u00e4r Andersson klar f\u00f6r sin f\u00f6rsta stora m\u00e4sterskapsfinal. Och den blir inte vilken som helst, han m\u00f6ter f\u00f6rebilden och idolen Andrei Kulebin fr\u00e5n Vitryssland.<br \/>\u00a0\u00a0 &#8211; Jag har l\u00e4rt mig mycket av att titta p\u00e5 honom, han \u00e4r n\u00e5gon jag ser upp till v\u00e4ldigt mycket. Man kan absolut s\u00e4ga att han \u00e4r en f\u00f6rebild f\u00f6r mig. Men samtidigt, nu j\u00e4vlar har jag gett mig chansen att verkligen visa vad jag kan. P\u00e5 l\u00f6rdag blir det full \u00f6s.<\/p>\n<p>Text: Jonathan Broberg<br \/>Foto: Matilda Ritz\u00e9n<\/p>\n","protected":false},"excerpt":{"rendered":"<p>Efter en riktig urladdning i matchen mot polacken Jakub Rajewski [&#8230;]<\/p><br>","protected":false},"author":7,"featured_media":0,"comment_status":"closed","ping_status":"closed","sticky":false,"template":"","format":"standard","meta":{"_acf_changed":false,"footnotes":""},"categories":[1],"tags":[],"class_list":["post-6010","post","type-post","status-publish","format-standard","hentry","category-okategoriserade"],"acf":[],"yoast_head":"<!-- This site is optimized with the Yoast SEO plugin v26.8 - https:\/\/yoast.com\/product\/yoast-seo-wordpress\/ -->\n<title>Magnus Andersson till dr\u00f6mfinal \u2013 mot idolen - Svenska Budo &amp; Kampsportsf\u00f6rbundet<\/title>\n<meta name=\"description\" content=\"Efter en riktig urladdning i matchen mot polacken Jakub Rajewski i herrarnas A-klass -71kg \u00e4r Magnus Andersson klar f\u00f6r EM-final. Och den blir mot idolen,\" \/>\n<meta name=\"robots\" content=\"index, follow, max-snippet:-1, max-image-preview:large, max-video-preview:-1\" \/>\n<link rel=\"canonical\" href=\"https:\/\/www.budokampsport.se\/2016\/10\/27\/magnus-andersson-till-dromfinal-mot-idolen\/\" \/>\n<meta property=\"og:locale\" content=\"sv_SE\" \/>\n<meta property=\"og:type\" content=\"article\" \/>\n<meta property=\"og:title\" content=\"Magnus Andersson till dr\u00f6mfinal \u2013 mot idolen - Svenska Budo &amp; Kampsportsf\u00f6rbundet\" \/>\n<meta property=\"og:description\" content=\"Efter en riktig urladdning i matchen mot polacken Jakub Rajewski i herrarnas A-klass -71kg \u00e4r Magnus Andersson klar f\u00f6r EM-final. Och den blir mot idolen,\" \/>\n<meta property=\"og:url\" content=\"https:\/\/www.budokampsport.se\/2016\/10\/27\/magnus-andersson-till-dromfinal-mot-idolen\/\" \/>\n<meta property=\"og:site_name\" content=\"Svenska Budo &amp; Kampsportsf\u00f6rbundet\" \/>\n<meta property=\"article:author\" content=\"https:\/\/www.facebook.com\/jonathan.broberg.7\" \/>\n<meta property=\"article:published_time\" content=\"2016-10-27T13:37:35+00:00\" \/>\n<meta property=\"article:modified_time\" content=\"2016-12-06T21:40:41+00:00\" \/>\n<meta name=\"author\" content=\"Jonathan Broberg\" \/>\n<meta name=\"twitter:card\" content=\"summary_large_image\" \/>\n<meta name=\"twitter:label1\" content=\"Skriven av\" \/>\n\t<meta name=\"twitter:data1\" content=\"Jonathan Broberg\" \/>\n\t<meta name=\"twitter:label2\" content=\"Ber\u00e4knad l\u00e4stid\" \/>\n\t<meta name=\"twitter:data2\" content=\"1 minut\" \/>\n<script type=\"application\/ld+json\" class=\"yoast-schema-graph\">{\"@context\":\"https:\/\/schema.org\",\"@graph\":[{\"@type\":\"Article\",\"@id\":\"https:\/\/www.budokampsport.se\/2016\/10\/27\/magnus-andersson-till-dromfinal-mot-idolen\/#article\",\"isPartOf\":{\"@id\":\"https:\/\/www.budokampsport.se\/2016\/10\/27\/magnus-andersson-till-dromfinal-mot-idolen\/\"},\"author\":{\"name\":\"Jonathan Broberg\",\"@id\":\"https:\/\/www.budokampsport.se\/#\/schema\/person\/5c06d81d14850e2a8ce5493386560145\"},\"headline\":\"Magnus Andersson till dr\u00f6mfinal \u2013 mot idolen\",\"datePublished\":\"2016-10-27T13:37:35+00:00\",\"dateModified\":\"2016-12-06T21:40:41+00:00\",\"mainEntityOfPage\":{\"@id\":\"https:\/\/www.budokampsport.se\/2016\/10\/27\/magnus-andersson-till-dromfinal-mot-idolen\/\"},\"wordCount\":287,\"inLanguage\":\"sv-SE\"},{\"@type\":\"WebPage\",\"@id\":\"https:\/\/www.budokampsport.se\/2016\/10\/27\/magnus-andersson-till-dromfinal-mot-idolen\/\",\"url\":\"https:\/\/www.budokampsport.se\/2016\/10\/27\/magnus-andersson-till-dromfinal-mot-idolen\/\",\"name\":\"Magnus Andersson till dr\u00f6mfinal \u2013 mot idolen - Svenska Budo &amp; Kampsportsf\u00f6rbundet\",\"isPartOf\":{\"@id\":\"https:\/\/www.budokampsport.se\/#website\"},\"datePublished\":\"2016-10-27T13:37:35+00:00\",\"dateModified\":\"2016-12-06T21:40:41+00:00\",\"author\":{\"@id\":\"https:\/\/www.budokampsport.se\/#\/schema\/person\/5c06d81d14850e2a8ce5493386560145\"},\"description\":\"Efter en riktig urladdning i matchen mot polacken Jakub Rajewski i herrarnas A-klass -71kg \u00e4r Magnus Andersson klar f\u00f6r EM-final. Och den blir mot idolen,\",\"breadcrumb\":{\"@id\":\"https:\/\/www.budokampsport.se\/2016\/10\/27\/magnus-andersson-till-dromfinal-mot-idolen\/#breadcrumb\"},\"inLanguage\":\"sv-SE\",\"potentialAction\":[{\"@type\":\"ReadAction\",\"target\":[\"https:\/\/www.budokampsport.se\/2016\/10\/27\/magnus-andersson-till-dromfinal-mot-idolen\/\"]}]},{\"@type\":\"BreadcrumbList\",\"@id\":\"https:\/\/www.budokampsport.se\/2016\/10\/27\/magnus-andersson-till-dromfinal-mot-idolen\/#breadcrumb\",\"itemListElement\":[{\"@type\":\"ListItem\",\"position\":1,\"name\":\"Hem\",\"item\":\"https:\/\/www.budokampsport.se\/\"},{\"@type\":\"ListItem\",\"position\":2,\"name\":\"Magnus Andersson till dr\u00f6mfinal \u2013 mot idolen\"}]},{\"@type\":\"WebSite\",\"@id\":\"https:\/\/www.budokampsport.se\/#website\",\"url\":\"https:\/\/www.budokampsport.se\/\",\"name\":\"Svenska Budo &amp; Kampsportsf\u00f6rbundet\",\"description\":\"T\u00e4vling, Tr\u00e4ning, Tradition\",\"potentialAction\":[{\"@type\":\"SearchAction\",\"target\":{\"@type\":\"EntryPoint\",\"urlTemplate\":\"https:\/\/www.budokampsport.se\/?s={search_term_string}\"},\"query-input\":{\"@type\":\"PropertyValueSpecification\",\"valueRequired\":true,\"valueName\":\"search_term_string\"}}],\"inLanguage\":\"sv-SE\"},{\"@type\":\"Person\",\"@id\":\"https:\/\/www.budokampsport.se\/#\/schema\/person\/5c06d81d14850e2a8ce5493386560145\",\"name\":\"Jonathan Broberg\",\"image\":{\"@type\":\"ImageObject\",\"inLanguage\":\"sv-SE\",\"@id\":\"https:\/\/www.budokampsport.se\/#\/schema\/person\/image\/\",\"url\":\"https:\/\/secure.gravatar.com\/avatar\/a58041c6cea9128bd9c40ee2f26d4136?s=96&d=blank&r=g\",\"contentUrl\":\"https:\/\/secure.gravatar.com\/avatar\/a58041c6cea9128bd9c40ee2f26d4136?s=96&d=blank&r=g\",\"caption\":\"Jonathan Broberg\"},\"sameAs\":[\"https:\/\/www.facebook.com\/jonathan.broberg.7\"],\"url\":\"https:\/\/www.budokampsport.se\/author\/jonathan\/\"}]}<\/script>\n<!-- \/ Yoast SEO plugin. -->","yoast_head_json":{"title":"Magnus Andersson till dr\u00f6mfinal \u2013 mot idolen - Svenska Budo &amp; Kampsportsf\u00f6rbundet","description":"Efter en riktig urladdning i matchen mot polacken Jakub Rajewski i herrarnas A-klass -71kg \u00e4r Magnus Andersson klar f\u00f6r EM-final. Och den blir mot idolen,","robots":{"index":"index","follow":"follow","max-snippet":"max-snippet:-1","max-image-preview":"max-image-preview:large","max-video-preview":"max-video-preview:-1"},"canonical":"https:\/\/www.budokampsport.se\/2016\/10\/27\/magnus-andersson-till-dromfinal-mot-idolen\/","og_locale":"sv_SE","og_type":"article","og_title":"Magnus Andersson till dr\u00f6mfinal \u2013 mot idolen - Svenska Budo &amp; Kampsportsf\u00f6rbundet","og_description":"Efter en riktig urladdning i matchen mot polacken Jakub Rajewski i herrarnas A-klass -71kg \u00e4r Magnus Andersson klar f\u00f6r EM-final. Och den blir mot idolen,","og_url":"https:\/\/www.budokampsport.se\/2016\/10\/27\/magnus-andersson-till-dromfinal-mot-idolen\/","og_site_name":"Svenska Budo &amp; Kampsportsf\u00f6rbundet","article_author":"https:\/\/www.facebook.com\/jonathan.broberg.7","article_published_time":"2016-10-27T13:37:35+00:00","article_modified_time":"2016-12-06T21:40:41+00:00","author":"Jonathan Broberg","twitter_card":"summary_large_image","twitter_misc":{"Skriven av":"Jonathan Broberg","Ber\u00e4knad l\u00e4stid":"1 minut"},"schema":{"@context":"https:\/\/schema.org","@graph":[{"@type":"Article","@id":"https:\/\/www.budokampsport.se\/2016\/10\/27\/magnus-andersson-till-dromfinal-mot-idolen\/#article","isPartOf":{"@id":"https:\/\/www.budokampsport.se\/2016\/10\/27\/magnus-andersson-till-dromfinal-mot-idolen\/"},"author":{"name":"Jonathan Broberg","@id":"https:\/\/www.budokampsport.se\/#\/schema\/person\/5c06d81d14850e2a8ce5493386560145"},"headline":"Magnus Andersson till dr\u00f6mfinal \u2013 mot idolen","datePublished":"2016-10-27T13:37:35+00:00","dateModified":"2016-12-06T21:40:41+00:00","mainEntityOfPage":{"@id":"https:\/\/www.budokampsport.se\/2016\/10\/27\/magnus-andersson-till-dromfinal-mot-idolen\/"},"wordCount":287,"inLanguage":"sv-SE"},{"@type":"WebPage","@id":"https:\/\/www.budokampsport.se\/2016\/10\/27\/magnus-andersson-till-dromfinal-mot-idolen\/","url":"https:\/\/www.budokampsport.se\/2016\/10\/27\/magnus-andersson-till-dromfinal-mot-idolen\/","name":"Magnus Andersson till dr\u00f6mfinal \u2013 mot idolen - Svenska Budo &amp; Kampsportsf\u00f6rbundet","isPartOf":{"@id":"https:\/\/www.budokampsport.se\/#website"},"datePublished":"2016-10-27T13:37:35+00:00","dateModified":"2016-12-06T21:40:41+00:00","author":{"@id":"https:\/\/www.budokampsport.se\/#\/schema\/person\/5c06d81d14850e2a8ce5493386560145"},"description":"Efter en riktig urladdning i matchen mot polacken Jakub Rajewski i herrarnas A-klass -71kg \u00e4r Magnus Andersson klar f\u00f6r EM-final. Och den blir mot idolen,","breadcrumb":{"@id":"https:\/\/www.budokampsport.se\/2016\/10\/27\/magnus-andersson-till-dromfinal-mot-idolen\/#breadcrumb"},"inLanguage":"sv-SE","potentialAction":[{"@type":"ReadAction","target":["https:\/\/www.budokampsport.se\/2016\/10\/27\/magnus-andersson-till-dromfinal-mot-idolen\/"]}]},{"@type":"BreadcrumbList","@id":"https:\/\/www.budokampsport.se\/2016\/10\/27\/magnus-andersson-till-dromfinal-mot-idolen\/#breadcrumb","itemListElement":[{"@type":"ListItem","position":1,"name":"Hem","item":"https:\/\/www.budokampsport.se\/"},{"@type":"ListItem","position":2,"name":"Magnus Andersson till dr\u00f6mfinal \u2013 mot idolen"}]},{"@type":"WebSite","@id":"https:\/\/www.budokampsport.se\/#website","url":"https:\/\/www.budokampsport.se\/","name":"Svenska Budo &amp; Kampsportsf\u00f6rbundet","description":"T\u00e4vling, Tr\u00e4ning, Tradition","potentialAction":[{"@type":"SearchAction","target":{"@type":"EntryPoint","urlTemplate":"https:\/\/www.budokampsport.se\/?s={search_term_string}"},"query-input":{"@type":"PropertyValueSpecification","valueRequired":true,"valueName":"search_term_string"}}],"inLanguage":"sv-SE"},{"@type":"Person","@id":"https:\/\/www.budokampsport.se\/#\/schema\/person\/5c06d81d14850e2a8ce5493386560145","name":"Jonathan Broberg","image":{"@type":"ImageObject","inLanguage":"sv-SE","@id":"https:\/\/www.budokampsport.se\/#\/schema\/person\/image\/","url":"https:\/\/secure.gravatar.com\/avatar\/a58041c6cea9128bd9c40ee2f26d4136?s=96&d=blank&r=g","contentUrl":"https:\/\/secure.gravatar.com\/avatar\/a58041c6cea9128bd9c40ee2f26d4136?s=96&d=blank&r=g","caption":"Jonathan Broberg"},"sameAs":["https:\/\/www.facebook.com\/jonathan.broberg.7"],"url":"https:\/\/www.budokampsport.se\/author\/jonathan\/"}]}},"_links":{"self":[{"href":"https:\/\/www.budokampsport.se\/api\/wp\/v2\/posts\/6010","targetHints":{"allow":["GET"]}}],"collection":[{"href":"https:\/\/www.budokampsport.se\/api\/wp\/v2\/posts"}],"about":[{"href":"https:\/\/www.budokampsport.se\/api\/wp\/v2\/types\/post"}],"author":[{"embeddable":true,"href":"https:\/\/www.budokampsport.se\/api\/wp\/v2\/users\/7"}],"replies":[{"embeddable":true,"href":"https:\/\/www.budokampsport.se\/api\/wp\/v2\/comments?post=6010"}],"version-history":[{"count":0,"href":"https:\/\/www.budokampsport.se\/api\/wp\/v2\/posts\/6010\/revisions"}],"wp:attachment":[{"href":"https:\/\/www.budokampsport.se\/api\/wp\/v2\/media?parent=6010"}],"wp:term":[{"taxonomy":"category","embeddable":true,"href":"https:\/\/www.budokampsport.se\/api\/wp\/v2\/categories?post=6010"},{"taxonomy":"post_tag","embeddable":true,"href":"https:\/\/www.budokampsport.se\/api\/wp\/v2\/tags?post=6010"}],"curies":[{"name":"wp","href":"https:\/\/api.w.org\/{rel}","templated":true}]}}