{"id":6031,"date":"2016-11-03T13:02:59","date_gmt":"2016-11-03T12:02:59","guid":{"rendered":"http:\/\/budo.wordpress.dev\/2016\/11\/03\/leif-sunje-om-55-arsjubileumet-fantastiskt-roligt\/"},"modified":"2016-12-06T22:40:45","modified_gmt":"2016-12-06T21:40:45","slug":"leif-sunje-om-55-arsjubileumet-fantastiskt-roligt","status":"publish","type":"post","link":"https:\/\/www.budokampsport.se\/2016\/11\/03\/leif-sunje-om-55-arsjubileumet-fantastiskt-roligt\/","title":{"rendered":"Leif Sunje om 55-\u00e5rsjubileumet: Fantastiskt roligt"},"content":{"rendered":"<p><strong><img decoding=\"async\" alt=\"\" src=\"\/sites\/default\/files\/tjejkampen_aikido_tva.gif\" style=\"height:290px; width:435px\"><br \/>I helgen firar svensk aikido 55 \u00e5rs verksamhet. Man g\u00f6r det med ett stort tr\u00e4ningsl\u00e4ger i tre dagar och man har sannerligen lockat en prominent g\u00e4st till l\u00e4gret, Mitsuteru Ueshiba &#8211; Waka-sensei,\u00a0sonsonson till aikidons grundare\u00a0och som kommer till Sverige f\u00f6r f\u00f6rsta g\u00e5ngen.<br \/>\u00a0\u00a0 &#8211; Det ska bli fantastiskt roligt att f\u00e5 tr\u00e4na f\u00f6r honom. F\u00f6r m\u00e5nga \u00e4r det f\u00f6rsta kontakten med honom, s\u00e5 det \u00e4r ocks\u00e5 nya band som knyts, s\u00e4ger Svenska Aikidof\u00f6rbundets ordf\u00f6rande Leif Sunje till\u00a0budokampsport.se.<\/strong><!--break--><\/p>\n<p>Det \u00e4r dags f\u00f6r en av \u00e5rets stora aikidoh\u00e4ndelser. I morgon startar ett tre dagar l\u00e5ngt firande f\u00f6r att svensk aikido fyller 55 \u00e5r.<\/p>\n<p>Det blir ett l\u00e4ger i Eriksdalshallen i Stockholm och till l\u00e4gret kommer den japanska storstj\u00e4rnan Mitsuteru Ueshiba, popul\u00e4rt kallad Waka-sensei, och sonsonson till aikidons grundare. Det \u00e4r f\u00f6rsta g\u00e5ngen som han bes\u00f6ker svensk mark.<\/p>\n<p>\u00a0\u00a0 &#8211; Det blir f\u00f6rst\u00e5s oerh\u00f6rt roligt att han kommer hit. Han \u00e4r ju fj\u00e4rde generationen Ueshiba och kommer att leda v\u00e4rldsaikidon i framtiden. Och det \u00e4r nu v\u00e4ldigt l\u00e4nge sedan vi hade bes\u00f6k av en representant fr\u00e5n familjen Ueshiba &#8211; s\u00e5 detta ser vi f\u00f6rst\u00e5s fram emot.<\/p>\n<p>Leif Sunje tycker ocks\u00e5 att det \u00e4r roligt att m\u00e5nga yngre aikidoidrottare ges chansen att tr\u00e4na med den japanska stj\u00e4rnan.<br \/>\u00a0\u00a0 &#8211; Det handlar ocks\u00e5 om brobyggande f\u00f6r kommande generationer. Samtidigt, de flesta av de som var med och drog i g\u00e5ng aikidon i Sverige \u00e4r fortfarande aktiva idag och vi ska vara oerh\u00f6rt tacksamma och stolta f\u00f6r deras arbete som tagit oss och svensk aikido hit. Det h\u00e4r jubileet \u00e4r f\u00f6r hela v\u00e5r gemenskap.<\/p>\n<p>Text: Jonathan Broberg<br \/>Foto: Hamid Ershad Sarabi<\/p>\n","protected":false},"excerpt":{"rendered":"<p>I helgen firar svensk aikido 55 \u00e5rs verksamhet. Man g\u00f6r [&#8230;]<\/p><br>","protected":false},"author":7,"featured_media":0,"comment_status":"closed","ping_status":"closed","sticky":false,"template":"","format":"standard","meta":{"_acf_changed":false,"footnotes":""},"categories":[1],"tags":[],"class_list":["post-6031","post","type-post","status-publish","format-standard","hentry","category-okategoriserade"],"acf":[],"yoast_head":"<!-- This site is optimized with the Yoast SEO plugin v26.8 - https:\/\/yoast.com\/product\/yoast-seo-wordpress\/ -->\n<title>Leif Sunje om 55-\u00e5rsjubileumet: Fantastiskt roligt - Svenska Budo &amp; Kampsportsf\u00f6rbundet<\/title>\n<meta name=\"description\" content=\"I helgen firar svensk aikido 55 \u00e5rs verksamhet. Man g\u00f6r det med ett stort tr\u00e4ningsl\u00e4ger i tre dagar och man har sannerligen lockat en prominent g\u00e4st till\" \/>\n<meta name=\"robots\" content=\"index, follow, max-snippet:-1, max-image-preview:large, max-video-preview:-1\" \/>\n<link rel=\"canonical\" href=\"https:\/\/www.budokampsport.se\/2016\/11\/03\/leif-sunje-om-55-arsjubileumet-fantastiskt-roligt\/\" \/>\n<meta property=\"og:locale\" content=\"sv_SE\" \/>\n<meta property=\"og:type\" content=\"article\" \/>\n<meta property=\"og:title\" content=\"Leif Sunje om 55-\u00e5rsjubileumet: Fantastiskt roligt - Svenska Budo &amp; Kampsportsf\u00f6rbundet\" \/>\n<meta property=\"og:description\" content=\"I helgen firar svensk aikido 55 \u00e5rs verksamhet. Man g\u00f6r det med ett stort tr\u00e4ningsl\u00e4ger i tre dagar och man har sannerligen lockat en prominent g\u00e4st till\" \/>\n<meta property=\"og:url\" content=\"https:\/\/www.budokampsport.se\/2016\/11\/03\/leif-sunje-om-55-arsjubileumet-fantastiskt-roligt\/\" \/>\n<meta property=\"og:site_name\" content=\"Svenska Budo &amp; Kampsportsf\u00f6rbundet\" \/>\n<meta property=\"article:author\" content=\"https:\/\/www.facebook.com\/jonathan.broberg.7\" \/>\n<meta property=\"article:published_time\" content=\"2016-11-03T12:02:59+00:00\" \/>\n<meta property=\"article:modified_time\" content=\"2016-12-06T21:40:45+00:00\" \/>\n<meta name=\"author\" content=\"Jonathan Broberg\" \/>\n<meta name=\"twitter:card\" content=\"summary_large_image\" \/>\n<meta name=\"twitter:label1\" content=\"Skriven av\" \/>\n\t<meta name=\"twitter:data1\" content=\"Jonathan Broberg\" \/>\n\t<meta name=\"twitter:label2\" content=\"Ber\u00e4knad l\u00e4stid\" \/>\n\t<meta name=\"twitter:data2\" content=\"2 minuter\" \/>\n<script type=\"application\/ld+json\" class=\"yoast-schema-graph\">{\"@context\":\"https:\/\/schema.org\",\"@graph\":[{\"@type\":\"Article\",\"@id\":\"https:\/\/www.budokampsport.se\/2016\/11\/03\/leif-sunje-om-55-arsjubileumet-fantastiskt-roligt\/#article\",\"isPartOf\":{\"@id\":\"https:\/\/www.budokampsport.se\/2016\/11\/03\/leif-sunje-om-55-arsjubileumet-fantastiskt-roligt\/\"},\"author\":{\"name\":\"Jonathan Broberg\",\"@id\":\"https:\/\/www.budokampsport.se\/#\/schema\/person\/5c06d81d14850e2a8ce5493386560145\"},\"headline\":\"Leif Sunje om 55-\u00e5rsjubileumet: Fantastiskt roligt\",\"datePublished\":\"2016-11-03T12:02:59+00:00\",\"dateModified\":\"2016-12-06T21:40:45+00:00\",\"mainEntityOfPage\":{\"@id\":\"https:\/\/www.budokampsport.se\/2016\/11\/03\/leif-sunje-om-55-arsjubileumet-fantastiskt-roligt\/\"},\"wordCount\":318,\"inLanguage\":\"sv-SE\"},{\"@type\":\"WebPage\",\"@id\":\"https:\/\/www.budokampsport.se\/2016\/11\/03\/leif-sunje-om-55-arsjubileumet-fantastiskt-roligt\/\",\"url\":\"https:\/\/www.budokampsport.se\/2016\/11\/03\/leif-sunje-om-55-arsjubileumet-fantastiskt-roligt\/\",\"name\":\"Leif Sunje om 55-\u00e5rsjubileumet: Fantastiskt roligt - Svenska Budo &amp; Kampsportsf\u00f6rbundet\",\"isPartOf\":{\"@id\":\"https:\/\/www.budokampsport.se\/#website\"},\"datePublished\":\"2016-11-03T12:02:59+00:00\",\"dateModified\":\"2016-12-06T21:40:45+00:00\",\"author\":{\"@id\":\"https:\/\/www.budokampsport.se\/#\/schema\/person\/5c06d81d14850e2a8ce5493386560145\"},\"description\":\"I helgen firar svensk aikido 55 \u00e5rs verksamhet. Man g\u00f6r det med ett stort tr\u00e4ningsl\u00e4ger i tre dagar och man har sannerligen lockat en prominent g\u00e4st till\",\"breadcrumb\":{\"@id\":\"https:\/\/www.budokampsport.se\/2016\/11\/03\/leif-sunje-om-55-arsjubileumet-fantastiskt-roligt\/#breadcrumb\"},\"inLanguage\":\"sv-SE\",\"potentialAction\":[{\"@type\":\"ReadAction\",\"target\":[\"https:\/\/www.budokampsport.se\/2016\/11\/03\/leif-sunje-om-55-arsjubileumet-fantastiskt-roligt\/\"]}]},{\"@type\":\"BreadcrumbList\",\"@id\":\"https:\/\/www.budokampsport.se\/2016\/11\/03\/leif-sunje-om-55-arsjubileumet-fantastiskt-roligt\/#breadcrumb\",\"itemListElement\":[{\"@type\":\"ListItem\",\"position\":1,\"name\":\"Hem\",\"item\":\"https:\/\/www.budokampsport.se\/\"},{\"@type\":\"ListItem\",\"position\":2,\"name\":\"Leif Sunje om 55-\u00e5rsjubileumet: Fantastiskt roligt\"}]},{\"@type\":\"WebSite\",\"@id\":\"https:\/\/www.budokampsport.se\/#website\",\"url\":\"https:\/\/www.budokampsport.se\/\",\"name\":\"Svenska Budo &amp; Kampsportsf\u00f6rbundet\",\"description\":\"T\u00e4vling, Tr\u00e4ning, Tradition\",\"potentialAction\":[{\"@type\":\"SearchAction\",\"target\":{\"@type\":\"EntryPoint\",\"urlTemplate\":\"https:\/\/www.budokampsport.se\/?s={search_term_string}\"},\"query-input\":{\"@type\":\"PropertyValueSpecification\",\"valueRequired\":true,\"valueName\":\"search_term_string\"}}],\"inLanguage\":\"sv-SE\"},{\"@type\":\"Person\",\"@id\":\"https:\/\/www.budokampsport.se\/#\/schema\/person\/5c06d81d14850e2a8ce5493386560145\",\"name\":\"Jonathan Broberg\",\"image\":{\"@type\":\"ImageObject\",\"inLanguage\":\"sv-SE\",\"@id\":\"https:\/\/www.budokampsport.se\/#\/schema\/person\/image\/\",\"url\":\"https:\/\/secure.gravatar.com\/avatar\/a58041c6cea9128bd9c40ee2f26d4136?s=96&d=blank&r=g\",\"contentUrl\":\"https:\/\/secure.gravatar.com\/avatar\/a58041c6cea9128bd9c40ee2f26d4136?s=96&d=blank&r=g\",\"caption\":\"Jonathan Broberg\"},\"sameAs\":[\"https:\/\/www.facebook.com\/jonathan.broberg.7\"],\"url\":\"https:\/\/www.budokampsport.se\/author\/jonathan\/\"}]}<\/script>\n<!-- \/ Yoast SEO plugin. -->","yoast_head_json":{"title":"Leif Sunje om 55-\u00e5rsjubileumet: Fantastiskt roligt - Svenska Budo &amp; Kampsportsf\u00f6rbundet","description":"I helgen firar svensk aikido 55 \u00e5rs verksamhet. Man g\u00f6r det med ett stort tr\u00e4ningsl\u00e4ger i tre dagar och man har sannerligen lockat en prominent g\u00e4st till","robots":{"index":"index","follow":"follow","max-snippet":"max-snippet:-1","max-image-preview":"max-image-preview:large","max-video-preview":"max-video-preview:-1"},"canonical":"https:\/\/www.budokampsport.se\/2016\/11\/03\/leif-sunje-om-55-arsjubileumet-fantastiskt-roligt\/","og_locale":"sv_SE","og_type":"article","og_title":"Leif Sunje om 55-\u00e5rsjubileumet: Fantastiskt roligt - Svenska Budo &amp; Kampsportsf\u00f6rbundet","og_description":"I helgen firar svensk aikido 55 \u00e5rs verksamhet. Man g\u00f6r det med ett stort tr\u00e4ningsl\u00e4ger i tre dagar och man har sannerligen lockat en prominent g\u00e4st till","og_url":"https:\/\/www.budokampsport.se\/2016\/11\/03\/leif-sunje-om-55-arsjubileumet-fantastiskt-roligt\/","og_site_name":"Svenska Budo &amp; Kampsportsf\u00f6rbundet","article_author":"https:\/\/www.facebook.com\/jonathan.broberg.7","article_published_time":"2016-11-03T12:02:59+00:00","article_modified_time":"2016-12-06T21:40:45+00:00","author":"Jonathan Broberg","twitter_card":"summary_large_image","twitter_misc":{"Skriven av":"Jonathan Broberg","Ber\u00e4knad l\u00e4stid":"2 minuter"},"schema":{"@context":"https:\/\/schema.org","@graph":[{"@type":"Article","@id":"https:\/\/www.budokampsport.se\/2016\/11\/03\/leif-sunje-om-55-arsjubileumet-fantastiskt-roligt\/#article","isPartOf":{"@id":"https:\/\/www.budokampsport.se\/2016\/11\/03\/leif-sunje-om-55-arsjubileumet-fantastiskt-roligt\/"},"author":{"name":"Jonathan Broberg","@id":"https:\/\/www.budokampsport.se\/#\/schema\/person\/5c06d81d14850e2a8ce5493386560145"},"headline":"Leif Sunje om 55-\u00e5rsjubileumet: Fantastiskt roligt","datePublished":"2016-11-03T12:02:59+00:00","dateModified":"2016-12-06T21:40:45+00:00","mainEntityOfPage":{"@id":"https:\/\/www.budokampsport.se\/2016\/11\/03\/leif-sunje-om-55-arsjubileumet-fantastiskt-roligt\/"},"wordCount":318,"inLanguage":"sv-SE"},{"@type":"WebPage","@id":"https:\/\/www.budokampsport.se\/2016\/11\/03\/leif-sunje-om-55-arsjubileumet-fantastiskt-roligt\/","url":"https:\/\/www.budokampsport.se\/2016\/11\/03\/leif-sunje-om-55-arsjubileumet-fantastiskt-roligt\/","name":"Leif Sunje om 55-\u00e5rsjubileumet: Fantastiskt roligt - Svenska Budo &amp; Kampsportsf\u00f6rbundet","isPartOf":{"@id":"https:\/\/www.budokampsport.se\/#website"},"datePublished":"2016-11-03T12:02:59+00:00","dateModified":"2016-12-06T21:40:45+00:00","author":{"@id":"https:\/\/www.budokampsport.se\/#\/schema\/person\/5c06d81d14850e2a8ce5493386560145"},"description":"I helgen firar svensk aikido 55 \u00e5rs verksamhet. Man g\u00f6r det med ett stort tr\u00e4ningsl\u00e4ger i tre dagar och man har sannerligen lockat en prominent g\u00e4st till","breadcrumb":{"@id":"https:\/\/www.budokampsport.se\/2016\/11\/03\/leif-sunje-om-55-arsjubileumet-fantastiskt-roligt\/#breadcrumb"},"inLanguage":"sv-SE","potentialAction":[{"@type":"ReadAction","target":["https:\/\/www.budokampsport.se\/2016\/11\/03\/leif-sunje-om-55-arsjubileumet-fantastiskt-roligt\/"]}]},{"@type":"BreadcrumbList","@id":"https:\/\/www.budokampsport.se\/2016\/11\/03\/leif-sunje-om-55-arsjubileumet-fantastiskt-roligt\/#breadcrumb","itemListElement":[{"@type":"ListItem","position":1,"name":"Hem","item":"https:\/\/www.budokampsport.se\/"},{"@type":"ListItem","position":2,"name":"Leif Sunje om 55-\u00e5rsjubileumet: Fantastiskt roligt"}]},{"@type":"WebSite","@id":"https:\/\/www.budokampsport.se\/#website","url":"https:\/\/www.budokampsport.se\/","name":"Svenska Budo &amp; Kampsportsf\u00f6rbundet","description":"T\u00e4vling, Tr\u00e4ning, Tradition","potentialAction":[{"@type":"SearchAction","target":{"@type":"EntryPoint","urlTemplate":"https:\/\/www.budokampsport.se\/?s={search_term_string}"},"query-input":{"@type":"PropertyValueSpecification","valueRequired":true,"valueName":"search_term_string"}}],"inLanguage":"sv-SE"},{"@type":"Person","@id":"https:\/\/www.budokampsport.se\/#\/schema\/person\/5c06d81d14850e2a8ce5493386560145","name":"Jonathan Broberg","image":{"@type":"ImageObject","inLanguage":"sv-SE","@id":"https:\/\/www.budokampsport.se\/#\/schema\/person\/image\/","url":"https:\/\/secure.gravatar.com\/avatar\/a58041c6cea9128bd9c40ee2f26d4136?s=96&d=blank&r=g","contentUrl":"https:\/\/secure.gravatar.com\/avatar\/a58041c6cea9128bd9c40ee2f26d4136?s=96&d=blank&r=g","caption":"Jonathan Broberg"},"sameAs":["https:\/\/www.facebook.com\/jonathan.broberg.7"],"url":"https:\/\/www.budokampsport.se\/author\/jonathan\/"}]}},"_links":{"self":[{"href":"https:\/\/www.budokampsport.se\/api\/wp\/v2\/posts\/6031","targetHints":{"allow":["GET"]}}],"collection":[{"href":"https:\/\/www.budokampsport.se\/api\/wp\/v2\/posts"}],"about":[{"href":"https:\/\/www.budokampsport.se\/api\/wp\/v2\/types\/post"}],"author":[{"embeddable":true,"href":"https:\/\/www.budokampsport.se\/api\/wp\/v2\/users\/7"}],"replies":[{"embeddable":true,"href":"https:\/\/www.budokampsport.se\/api\/wp\/v2\/comments?post=6031"}],"version-history":[{"count":0,"href":"https:\/\/www.budokampsport.se\/api\/wp\/v2\/posts\/6031\/revisions"}],"wp:attachment":[{"href":"https:\/\/www.budokampsport.se\/api\/wp\/v2\/media?parent=6031"}],"wp:term":[{"taxonomy":"category","embeddable":true,"href":"https:\/\/www.budokampsport.se\/api\/wp\/v2\/categories?post=6031"},{"taxonomy":"post_tag","embeddable":true,"href":"https:\/\/www.budokampsport.se\/api\/wp\/v2\/tags?post=6031"}],"curies":[{"name":"wp","href":"https:\/\/api.w.org\/{rel}","templated":true}]}}