{"id":6033,"date":"2016-11-07T12:02:59","date_gmt":"2016-11-07T11:02:59","guid":{"rendered":"http:\/\/budo.wordpress.dev\/2016\/11\/07\/anna-stensland-spangfort-det-ar-sa-harligt\/"},"modified":"2016-12-06T22:40:46","modified_gmt":"2016-12-06T21:40:46","slug":"anna-stensland-spangfort-det-ar-sa-harligt","status":"publish","type":"post","link":"https:\/\/www.budokampsport.se\/2016\/11\/07\/anna-stensland-spangfort-det-ar-sa-harligt\/","title":{"rendered":"Anna Stensland Spangfort: \u201dDet \u00e4r s\u00e5 h\u00e4rligt\u201d"},"content":{"rendered":"<p><strong><img decoding=\"async\" alt=\"\" src=\"\/sites\/default\/files\/waka.jpg\" style=\"height:290px; width:435px\"><br \/>Svensk aikido firade 55 \u00e5r i helgen och en av de som varit drivande i firandet \u00e4r Anna Stensland Spangfort.<br \/>\u00a0\u00a0 &#8211; Alla \u00e4r n\u00f6jda, alla \u00e4r glada och vi gjorde ett Sverigerekord i antal tr\u00e4nande personer p\u00e5 mattan samtidigt, det \u00e4r otroligt roligt, s\u00e4ger hon till budokampsport.se.<\/strong><!--break--><\/p>\n<p>Sverige \u00e4r ett starkt aikidoland. Men medlemssiffrorna pekar ner\u00e5t. D\u00e4rf\u00f6r var det s\u00e4kert extra sk\u00f6nt f\u00f6r svensk aikido att 55-\u00e5rsfirandet innebar svenskt rekord i antal tr\u00e4nande p\u00e5 mattan samtidigt.<\/p>\n<p>Aldrig f\u00f6rr har ett l\u00e4ger p\u00e5 svensk mark lockat s\u00e5 m\u00e5nga ut\u00f6vare samtidigt. Och Anna Stensland Spangfort, en av de drivande bakom 55-\u00e5rsfirandet, var mycket n\u00f6jd efter helgen.<br \/>\u00a0\u00a0 &#8211; Det \u00e4r s\u00e5 h\u00e4rligt. Jag \u00e4r superglad. Alla \u00e4r n\u00f6jda, alla \u00e4r glada och vi gjorde ett Sverigerekord i antal tr\u00e4nande personer p\u00e5 mattan samtidigt, det \u00e4r otroligt roligt.<\/p>\n<p>Anna, med tanke p\u00e5 att aikido backar lite i medlemmar, att d\u00e5 kunna visa upp detta rekordl\u00e4ger, vad beror det p\u00e5?<br \/>\u00a0\u00a0 &#8211; Det \u00e4r ju kopplingen till k\u00e4rnan, till historiken. Att Waka sensei (bilden) kommer hit \u2013 det drar folk. Det vill man vara med om. \u00c4r man intresserad av aikido vill man komma n\u00e4ra k\u00e4rnan och det har man kunnat g\u00f6ra under det h\u00e4r firandet och l\u00e4gret.<\/p>\n<p>55-\u00e5rsl\u00e4gret innebar ocks\u00e5 att man fr\u00e5n ledningens h\u00e5ll ville satsa extra p\u00e5 att ocks\u00e5 ungdomar skulle vara representerade i en stor utstr\u00e4ckning.<br \/>\u00a0\u00a0 &#8211; Det \u00e4r faktiskt j\u00e4tteroligt. Annars brukar det vara lite var och en f\u00f6r sig, men nu blandade vi upp det. Vi hade 60 ungdomar som var med p\u00e5 de centrala delarna av mattan, de var med p\u00e5 uppvisningen och vi fick 30 ungdomar fr\u00e5n hela landet att vara med p\u00e5 en och samma uppvisning. Det \u00e4r nog f\u00f6rsta g\u00e5ngen vi l\u00e5ter de f\u00e5 s\u00e5 stor plats i ett s\u00e5dant h\u00e4r stort sammanhang, och det \u00e4r ju framtiden.<\/p>\n<p><strong>Vad betydde det h\u00e4r l\u00e4gret f\u00f6r dig?<\/strong><br \/>\u00a0\u00a0 &#8211; Att jag har f\u00e5tt st\u00f6ta p\u00e5 m\u00e5nga aikidokas fr\u00e5n hela Sverige, och som jag k\u00e4nner och som jag har tr\u00e4nat med. N\u00e4, det betyder bara att vi har en fin och stor gemenskap.<\/p>\n<p>Text och foto: Jonathan Broberg<\/p>\n","protected":false},"excerpt":{"rendered":"<p>Svensk aikido firade 55 \u00e5r i helgen och en av [&#8230;]<\/p><br>","protected":false},"author":7,"featured_media":0,"comment_status":"closed","ping_status":"closed","sticky":false,"template":"","format":"standard","meta":{"_acf_changed":false,"footnotes":""},"categories":[1],"tags":[],"class_list":["post-6033","post","type-post","status-publish","format-standard","hentry","category-okategoriserade"],"acf":[],"yoast_head":"<!-- This site is optimized with the Yoast SEO plugin v26.8 - https:\/\/yoast.com\/product\/yoast-seo-wordpress\/ -->\n<title>Anna Stensland Spangfort: \u201dDet \u00e4r s\u00e5 h\u00e4rligt\u201d - Svenska Budo &amp; Kampsportsf\u00f6rbundet<\/title>\n<meta name=\"description\" content=\"Svensk aikido firade 55 \u00e5r i helgen och en av de som varit drivande i firandet \u00e4r Anna Stensland Spangfort.\u00a0\u00a0 - Alla \u00e4r n\u00f6jda, alla \u00e4r glada och vi gjorde\" \/>\n<meta name=\"robots\" content=\"index, follow, max-snippet:-1, max-image-preview:large, max-video-preview:-1\" \/>\n<link rel=\"canonical\" href=\"https:\/\/www.budokampsport.se\/2016\/11\/07\/anna-stensland-spangfort-det-ar-sa-harligt\/\" \/>\n<meta property=\"og:locale\" content=\"sv_SE\" \/>\n<meta property=\"og:type\" content=\"article\" \/>\n<meta property=\"og:title\" content=\"Anna Stensland Spangfort: \u201dDet \u00e4r s\u00e5 h\u00e4rligt\u201d - Svenska Budo &amp; Kampsportsf\u00f6rbundet\" \/>\n<meta property=\"og:description\" content=\"Svensk aikido firade 55 \u00e5r i helgen och en av de som varit drivande i firandet \u00e4r Anna Stensland Spangfort.\u00a0\u00a0 - Alla \u00e4r n\u00f6jda, alla \u00e4r glada och vi gjorde\" \/>\n<meta property=\"og:url\" content=\"https:\/\/www.budokampsport.se\/2016\/11\/07\/anna-stensland-spangfort-det-ar-sa-harligt\/\" \/>\n<meta property=\"og:site_name\" content=\"Svenska Budo &amp; Kampsportsf\u00f6rbundet\" \/>\n<meta property=\"article:author\" content=\"https:\/\/www.facebook.com\/jonathan.broberg.7\" \/>\n<meta property=\"article:published_time\" content=\"2016-11-07T11:02:59+00:00\" \/>\n<meta property=\"article:modified_time\" content=\"2016-12-06T21:40:46+00:00\" \/>\n<meta name=\"author\" content=\"Jonathan Broberg\" \/>\n<meta name=\"twitter:card\" content=\"summary_large_image\" \/>\n<meta name=\"twitter:label1\" content=\"Skriven av\" \/>\n\t<meta name=\"twitter:data1\" content=\"Jonathan Broberg\" \/>\n\t<meta name=\"twitter:label2\" content=\"Ber\u00e4knad l\u00e4stid\" \/>\n\t<meta name=\"twitter:data2\" content=\"2 minuter\" \/>\n<script type=\"application\/ld+json\" class=\"yoast-schema-graph\">{\"@context\":\"https:\/\/schema.org\",\"@graph\":[{\"@type\":\"Article\",\"@id\":\"https:\/\/www.budokampsport.se\/2016\/11\/07\/anna-stensland-spangfort-det-ar-sa-harligt\/#article\",\"isPartOf\":{\"@id\":\"https:\/\/www.budokampsport.se\/2016\/11\/07\/anna-stensland-spangfort-det-ar-sa-harligt\/\"},\"author\":{\"name\":\"Jonathan Broberg\",\"@id\":\"https:\/\/www.budokampsport.se\/#\/schema\/person\/5c06d81d14850e2a8ce5493386560145\"},\"headline\":\"Anna Stensland Spangfort: \u201dDet \u00e4r s\u00e5 h\u00e4rligt\u201d\",\"datePublished\":\"2016-11-07T11:02:59+00:00\",\"dateModified\":\"2016-12-06T21:40:46+00:00\",\"mainEntityOfPage\":{\"@id\":\"https:\/\/www.budokampsport.se\/2016\/11\/07\/anna-stensland-spangfort-det-ar-sa-harligt\/\"},\"wordCount\":402,\"inLanguage\":\"sv-SE\"},{\"@type\":\"WebPage\",\"@id\":\"https:\/\/www.budokampsport.se\/2016\/11\/07\/anna-stensland-spangfort-det-ar-sa-harligt\/\",\"url\":\"https:\/\/www.budokampsport.se\/2016\/11\/07\/anna-stensland-spangfort-det-ar-sa-harligt\/\",\"name\":\"Anna Stensland Spangfort: \u201dDet \u00e4r s\u00e5 h\u00e4rligt\u201d - Svenska Budo &amp; Kampsportsf\u00f6rbundet\",\"isPartOf\":{\"@id\":\"https:\/\/www.budokampsport.se\/#website\"},\"datePublished\":\"2016-11-07T11:02:59+00:00\",\"dateModified\":\"2016-12-06T21:40:46+00:00\",\"author\":{\"@id\":\"https:\/\/www.budokampsport.se\/#\/schema\/person\/5c06d81d14850e2a8ce5493386560145\"},\"description\":\"Svensk aikido firade 55 \u00e5r i helgen och en av de som varit drivande i firandet \u00e4r Anna Stensland Spangfort.\u00a0\u00a0 - Alla \u00e4r n\u00f6jda, alla \u00e4r glada och vi gjorde\",\"breadcrumb\":{\"@id\":\"https:\/\/www.budokampsport.se\/2016\/11\/07\/anna-stensland-spangfort-det-ar-sa-harligt\/#breadcrumb\"},\"inLanguage\":\"sv-SE\",\"potentialAction\":[{\"@type\":\"ReadAction\",\"target\":[\"https:\/\/www.budokampsport.se\/2016\/11\/07\/anna-stensland-spangfort-det-ar-sa-harligt\/\"]}]},{\"@type\":\"BreadcrumbList\",\"@id\":\"https:\/\/www.budokampsport.se\/2016\/11\/07\/anna-stensland-spangfort-det-ar-sa-harligt\/#breadcrumb\",\"itemListElement\":[{\"@type\":\"ListItem\",\"position\":1,\"name\":\"Hem\",\"item\":\"https:\/\/www.budokampsport.se\/\"},{\"@type\":\"ListItem\",\"position\":2,\"name\":\"Anna Stensland Spangfort: \u201dDet \u00e4r s\u00e5 h\u00e4rligt\u201d\"}]},{\"@type\":\"WebSite\",\"@id\":\"https:\/\/www.budokampsport.se\/#website\",\"url\":\"https:\/\/www.budokampsport.se\/\",\"name\":\"Svenska Budo &amp; Kampsportsf\u00f6rbundet\",\"description\":\"T\u00e4vling, Tr\u00e4ning, Tradition\",\"potentialAction\":[{\"@type\":\"SearchAction\",\"target\":{\"@type\":\"EntryPoint\",\"urlTemplate\":\"https:\/\/www.budokampsport.se\/?s={search_term_string}\"},\"query-input\":{\"@type\":\"PropertyValueSpecification\",\"valueRequired\":true,\"valueName\":\"search_term_string\"}}],\"inLanguage\":\"sv-SE\"},{\"@type\":\"Person\",\"@id\":\"https:\/\/www.budokampsport.se\/#\/schema\/person\/5c06d81d14850e2a8ce5493386560145\",\"name\":\"Jonathan Broberg\",\"image\":{\"@type\":\"ImageObject\",\"inLanguage\":\"sv-SE\",\"@id\":\"https:\/\/www.budokampsport.se\/#\/schema\/person\/image\/\",\"url\":\"https:\/\/secure.gravatar.com\/avatar\/a58041c6cea9128bd9c40ee2f26d4136?s=96&d=blank&r=g\",\"contentUrl\":\"https:\/\/secure.gravatar.com\/avatar\/a58041c6cea9128bd9c40ee2f26d4136?s=96&d=blank&r=g\",\"caption\":\"Jonathan Broberg\"},\"sameAs\":[\"https:\/\/www.facebook.com\/jonathan.broberg.7\"],\"url\":\"https:\/\/www.budokampsport.se\/author\/jonathan\/\"}]}<\/script>\n<!-- \/ Yoast SEO plugin. -->","yoast_head_json":{"title":"Anna Stensland Spangfort: \u201dDet \u00e4r s\u00e5 h\u00e4rligt\u201d - Svenska Budo &amp; Kampsportsf\u00f6rbundet","description":"Svensk aikido firade 55 \u00e5r i helgen och en av de som varit drivande i firandet \u00e4r Anna Stensland Spangfort.\u00a0\u00a0 - Alla \u00e4r n\u00f6jda, alla \u00e4r glada och vi gjorde","robots":{"index":"index","follow":"follow","max-snippet":"max-snippet:-1","max-image-preview":"max-image-preview:large","max-video-preview":"max-video-preview:-1"},"canonical":"https:\/\/www.budokampsport.se\/2016\/11\/07\/anna-stensland-spangfort-det-ar-sa-harligt\/","og_locale":"sv_SE","og_type":"article","og_title":"Anna Stensland Spangfort: \u201dDet \u00e4r s\u00e5 h\u00e4rligt\u201d - Svenska Budo &amp; Kampsportsf\u00f6rbundet","og_description":"Svensk aikido firade 55 \u00e5r i helgen och en av de som varit drivande i firandet \u00e4r Anna Stensland Spangfort.\u00a0\u00a0 - Alla \u00e4r n\u00f6jda, alla \u00e4r glada och vi gjorde","og_url":"https:\/\/www.budokampsport.se\/2016\/11\/07\/anna-stensland-spangfort-det-ar-sa-harligt\/","og_site_name":"Svenska Budo &amp; Kampsportsf\u00f6rbundet","article_author":"https:\/\/www.facebook.com\/jonathan.broberg.7","article_published_time":"2016-11-07T11:02:59+00:00","article_modified_time":"2016-12-06T21:40:46+00:00","author":"Jonathan Broberg","twitter_card":"summary_large_image","twitter_misc":{"Skriven av":"Jonathan Broberg","Ber\u00e4knad l\u00e4stid":"2 minuter"},"schema":{"@context":"https:\/\/schema.org","@graph":[{"@type":"Article","@id":"https:\/\/www.budokampsport.se\/2016\/11\/07\/anna-stensland-spangfort-det-ar-sa-harligt\/#article","isPartOf":{"@id":"https:\/\/www.budokampsport.se\/2016\/11\/07\/anna-stensland-spangfort-det-ar-sa-harligt\/"},"author":{"name":"Jonathan Broberg","@id":"https:\/\/www.budokampsport.se\/#\/schema\/person\/5c06d81d14850e2a8ce5493386560145"},"headline":"Anna Stensland Spangfort: \u201dDet \u00e4r s\u00e5 h\u00e4rligt\u201d","datePublished":"2016-11-07T11:02:59+00:00","dateModified":"2016-12-06T21:40:46+00:00","mainEntityOfPage":{"@id":"https:\/\/www.budokampsport.se\/2016\/11\/07\/anna-stensland-spangfort-det-ar-sa-harligt\/"},"wordCount":402,"inLanguage":"sv-SE"},{"@type":"WebPage","@id":"https:\/\/www.budokampsport.se\/2016\/11\/07\/anna-stensland-spangfort-det-ar-sa-harligt\/","url":"https:\/\/www.budokampsport.se\/2016\/11\/07\/anna-stensland-spangfort-det-ar-sa-harligt\/","name":"Anna Stensland Spangfort: \u201dDet \u00e4r s\u00e5 h\u00e4rligt\u201d - Svenska Budo &amp; Kampsportsf\u00f6rbundet","isPartOf":{"@id":"https:\/\/www.budokampsport.se\/#website"},"datePublished":"2016-11-07T11:02:59+00:00","dateModified":"2016-12-06T21:40:46+00:00","author":{"@id":"https:\/\/www.budokampsport.se\/#\/schema\/person\/5c06d81d14850e2a8ce5493386560145"},"description":"Svensk aikido firade 55 \u00e5r i helgen och en av de som varit drivande i firandet \u00e4r Anna Stensland Spangfort.\u00a0\u00a0 - Alla \u00e4r n\u00f6jda, alla \u00e4r glada och vi gjorde","breadcrumb":{"@id":"https:\/\/www.budokampsport.se\/2016\/11\/07\/anna-stensland-spangfort-det-ar-sa-harligt\/#breadcrumb"},"inLanguage":"sv-SE","potentialAction":[{"@type":"ReadAction","target":["https:\/\/www.budokampsport.se\/2016\/11\/07\/anna-stensland-spangfort-det-ar-sa-harligt\/"]}]},{"@type":"BreadcrumbList","@id":"https:\/\/www.budokampsport.se\/2016\/11\/07\/anna-stensland-spangfort-det-ar-sa-harligt\/#breadcrumb","itemListElement":[{"@type":"ListItem","position":1,"name":"Hem","item":"https:\/\/www.budokampsport.se\/"},{"@type":"ListItem","position":2,"name":"Anna Stensland Spangfort: \u201dDet \u00e4r s\u00e5 h\u00e4rligt\u201d"}]},{"@type":"WebSite","@id":"https:\/\/www.budokampsport.se\/#website","url":"https:\/\/www.budokampsport.se\/","name":"Svenska Budo &amp; Kampsportsf\u00f6rbundet","description":"T\u00e4vling, Tr\u00e4ning, Tradition","potentialAction":[{"@type":"SearchAction","target":{"@type":"EntryPoint","urlTemplate":"https:\/\/www.budokampsport.se\/?s={search_term_string}"},"query-input":{"@type":"PropertyValueSpecification","valueRequired":true,"valueName":"search_term_string"}}],"inLanguage":"sv-SE"},{"@type":"Person","@id":"https:\/\/www.budokampsport.se\/#\/schema\/person\/5c06d81d14850e2a8ce5493386560145","name":"Jonathan Broberg","image":{"@type":"ImageObject","inLanguage":"sv-SE","@id":"https:\/\/www.budokampsport.se\/#\/schema\/person\/image\/","url":"https:\/\/secure.gravatar.com\/avatar\/a58041c6cea9128bd9c40ee2f26d4136?s=96&d=blank&r=g","contentUrl":"https:\/\/secure.gravatar.com\/avatar\/a58041c6cea9128bd9c40ee2f26d4136?s=96&d=blank&r=g","caption":"Jonathan Broberg"},"sameAs":["https:\/\/www.facebook.com\/jonathan.broberg.7"],"url":"https:\/\/www.budokampsport.se\/author\/jonathan\/"}]}},"_links":{"self":[{"href":"https:\/\/www.budokampsport.se\/api\/wp\/v2\/posts\/6033","targetHints":{"allow":["GET"]}}],"collection":[{"href":"https:\/\/www.budokampsport.se\/api\/wp\/v2\/posts"}],"about":[{"href":"https:\/\/www.budokampsport.se\/api\/wp\/v2\/types\/post"}],"author":[{"embeddable":true,"href":"https:\/\/www.budokampsport.se\/api\/wp\/v2\/users\/7"}],"replies":[{"embeddable":true,"href":"https:\/\/www.budokampsport.se\/api\/wp\/v2\/comments?post=6033"}],"version-history":[{"count":0,"href":"https:\/\/www.budokampsport.se\/api\/wp\/v2\/posts\/6033\/revisions"}],"wp:attachment":[{"href":"https:\/\/www.budokampsport.se\/api\/wp\/v2\/media?parent=6033"}],"wp:term":[{"taxonomy":"category","embeddable":true,"href":"https:\/\/www.budokampsport.se\/api\/wp\/v2\/categories?post=6033"},{"taxonomy":"post_tag","embeddable":true,"href":"https:\/\/www.budokampsport.se\/api\/wp\/v2\/tags?post=6033"}],"curies":[{"name":"wp","href":"https:\/\/api.w.org\/{rel}","templated":true}]}}