{"id":6037,"date":"2016-11-15T08:48:46","date_gmt":"2016-11-15T07:48:46","guid":{"rendered":"http:\/\/budo.wordpress.dev\/2016\/11\/15\/patricia-axling-nominerad-till-idrottsgalan\/"},"modified":"2025-11-19T12:44:14","modified_gmt":"2025-11-19T10:44:14","slug":"patricia-axling-nominerad-till-idrottsgalan","status":"publish","type":"post","link":"https:\/\/www.budokampsport.se\/2016\/11\/15\/patricia-axling-nominerad-till-idrottsgalan\/","title":{"rendered":"Patricia Axling nominerad till Idrottsgalan"},"content":{"rendered":"<p><strong>Svenska Budo &amp; Kampsportsf\u00f6rbundet har f\u00e5tt sin f\u00f6rsta nominerade idrottare till Idrottsgalan n\u00e5gonsin. Valet f\u00f6ll p\u00e5 thaiboxaren Patricia Axling som under 2016 vunnit b\u00e5de VM- och EM-guld. Axling \u00e4r nominerad i kategorin \u00c5rets nykomling.<br \/>\n\u00a0\u00a0 &#8211; Jag \u00e4r helt chockad, jag vet inte vad jag ska s\u00e4ga. Det \u00e4r helt sjukt, s\u00e4ger hon till budokampsport.se.<\/strong><!--break--><\/p>\n<p>Det var under VM i J\u00f6nk\u00f6ping som Patricia Axling, under sitt f\u00f6rsta landslagsuppdrag i thaiboxning, tog v\u00e4rlden med storm. Det blev ett skr\u00e4llguld av modell st\u00f6rre.<\/p>\n<p>Men under h\u00f6sten svarade Axling upp till VM-guldet och vann ocks\u00e5 ett EM-guld, detta otroliga 2016.<\/p>\n<p>Nu har Axlings framg\u00e5ngar ocks\u00e5 n\u00e5tt juryn f\u00f6r Idrottsgalan. Idag presenterades de nominerade och Patricia Axling blir svensk budo och kampsports f\u00f6rsta nominerade till galans ordinarie priser n\u00e5gonsin.<br \/>\n\u00a0\u00a0 &#8211; Jag \u00e4r helt chockad, jag vet inte vad jag ska s\u00e4ga. Det \u00e4r helt sjukt.\u00a0<br \/>\n\u00a0\u00a0 &#8211; Det \u00e4r en \u00e4ra att bli nominerad och jag \u00e4r s\u00e5 fantastiskt glad f\u00f6r svensk kampsport. Jag sj\u00e4lv har haft ett otroligt \u00e5r, och jag vet inte vad jag s\u00e4ger nu&#8230; Jag \u00e4r fruktansv\u00e4rt glad, men kanske mest chockad, faktiskt.<\/p>\n<p>F\u00f6r mer information, se idrottsgalan.se.<\/p>\n<p>Text och foto: Jonathan Broberg<\/p>\n","protected":false},"excerpt":{"rendered":"<p>Svenska Budo &amp; Kampsportsf\u00f6rbundet har f\u00e5tt sin f\u00f6rsta nominerade idrottare [&#8230;]<\/p><br>","protected":false},"author":7,"featured_media":0,"comment_status":"closed","ping_status":"closed","sticky":false,"template":"","format":"standard","meta":{"_acf_changed":false,"footnotes":""},"categories":[536,271],"tags":[],"class_list":["post-6037","post","type-post","status-publish","format-standard","hentry","category-muaythai","category-thaiboxning"],"acf":[],"yoast_head":"<!-- This site is optimized with the Yoast SEO plugin v26.8 - https:\/\/yoast.com\/product\/yoast-seo-wordpress\/ -->\n<title>Patricia Axling nominerad till Idrottsgalan - Svenska Budo &amp; Kampsportsf\u00f6rbundet<\/title>\n<meta name=\"description\" content=\"Svenska Budo &amp; Kampsportsf\u00f6rbundet har f\u00e5tt sin f\u00f6rsta nominerade idrottare till Idrottsgalan n\u00e5gonsin. Valet f\u00f6ll p\u00e5 thaiboxaren Patricia Axling som\" \/>\n<meta name=\"robots\" content=\"index, follow, max-snippet:-1, max-image-preview:large, max-video-preview:-1\" \/>\n<link rel=\"canonical\" href=\"https:\/\/www.budokampsport.se\/2016\/11\/15\/patricia-axling-nominerad-till-idrottsgalan\/\" \/>\n<meta property=\"og:locale\" content=\"sv_SE\" \/>\n<meta property=\"og:type\" content=\"article\" \/>\n<meta property=\"og:title\" content=\"Patricia Axling nominerad till Idrottsgalan - Svenska Budo &amp; Kampsportsf\u00f6rbundet\" \/>\n<meta property=\"og:description\" content=\"Svenska Budo &amp; Kampsportsf\u00f6rbundet har f\u00e5tt sin f\u00f6rsta nominerade idrottare till Idrottsgalan n\u00e5gonsin. Valet f\u00f6ll p\u00e5 thaiboxaren Patricia Axling som\" \/>\n<meta property=\"og:url\" content=\"https:\/\/www.budokampsport.se\/2016\/11\/15\/patricia-axling-nominerad-till-idrottsgalan\/\" \/>\n<meta property=\"og:site_name\" content=\"Svenska Budo &amp; Kampsportsf\u00f6rbundet\" \/>\n<meta property=\"article:author\" content=\"https:\/\/www.facebook.com\/jonathan.broberg.7\" \/>\n<meta property=\"article:published_time\" content=\"2016-11-15T07:48:46+00:00\" \/>\n<meta property=\"article:modified_time\" content=\"2025-11-19T10:44:14+00:00\" \/>\n<meta name=\"author\" content=\"Jonathan Broberg\" \/>\n<meta name=\"twitter:card\" content=\"summary_large_image\" \/>\n<meta name=\"twitter:label1\" content=\"Skriven av\" \/>\n\t<meta name=\"twitter:data1\" content=\"Jonathan Broberg\" \/>\n\t<meta name=\"twitter:label2\" content=\"Ber\u00e4knad l\u00e4stid\" \/>\n\t<meta name=\"twitter:data2\" content=\"1 minut\" \/>\n<script type=\"application\/ld+json\" class=\"yoast-schema-graph\">{\"@context\":\"https:\/\/schema.org\",\"@graph\":[{\"@type\":\"Article\",\"@id\":\"https:\/\/www.budokampsport.se\/2016\/11\/15\/patricia-axling-nominerad-till-idrottsgalan\/#article\",\"isPartOf\":{\"@id\":\"https:\/\/www.budokampsport.se\/2016\/11\/15\/patricia-axling-nominerad-till-idrottsgalan\/\"},\"author\":{\"name\":\"Jonathan Broberg\",\"@id\":\"https:\/\/www.budokampsport.se\/#\/schema\/person\/5c06d81d14850e2a8ce5493386560145\"},\"headline\":\"Patricia Axling nominerad till Idrottsgalan\",\"datePublished\":\"2016-11-15T07:48:46+00:00\",\"dateModified\":\"2025-11-19T10:44:14+00:00\",\"mainEntityOfPage\":{\"@id\":\"https:\/\/www.budokampsport.se\/2016\/11\/15\/patricia-axling-nominerad-till-idrottsgalan\/\"},\"wordCount\":222,\"articleSection\":[\"Muaythai\",\"Thaiboxning\"],\"inLanguage\":\"sv-SE\"},{\"@type\":\"WebPage\",\"@id\":\"https:\/\/www.budokampsport.se\/2016\/11\/15\/patricia-axling-nominerad-till-idrottsgalan\/\",\"url\":\"https:\/\/www.budokampsport.se\/2016\/11\/15\/patricia-axling-nominerad-till-idrottsgalan\/\",\"name\":\"Patricia Axling nominerad till Idrottsgalan - Svenska Budo &amp; Kampsportsf\u00f6rbundet\",\"isPartOf\":{\"@id\":\"https:\/\/www.budokampsport.se\/#website\"},\"datePublished\":\"2016-11-15T07:48:46+00:00\",\"dateModified\":\"2025-11-19T10:44:14+00:00\",\"author\":{\"@id\":\"https:\/\/www.budokampsport.se\/#\/schema\/person\/5c06d81d14850e2a8ce5493386560145\"},\"description\":\"Svenska Budo &amp; Kampsportsf\u00f6rbundet har f\u00e5tt sin f\u00f6rsta nominerade idrottare till Idrottsgalan n\u00e5gonsin. Valet f\u00f6ll p\u00e5 thaiboxaren Patricia Axling som\",\"breadcrumb\":{\"@id\":\"https:\/\/www.budokampsport.se\/2016\/11\/15\/patricia-axling-nominerad-till-idrottsgalan\/#breadcrumb\"},\"inLanguage\":\"sv-SE\",\"potentialAction\":[{\"@type\":\"ReadAction\",\"target\":[\"https:\/\/www.budokampsport.se\/2016\/11\/15\/patricia-axling-nominerad-till-idrottsgalan\/\"]}]},{\"@type\":\"BreadcrumbList\",\"@id\":\"https:\/\/www.budokampsport.se\/2016\/11\/15\/patricia-axling-nominerad-till-idrottsgalan\/#breadcrumb\",\"itemListElement\":[{\"@type\":\"ListItem\",\"position\":1,\"name\":\"Hem\",\"item\":\"https:\/\/www.budokampsport.se\/\"},{\"@type\":\"ListItem\",\"position\":2,\"name\":\"Patricia Axling nominerad till Idrottsgalan\"}]},{\"@type\":\"WebSite\",\"@id\":\"https:\/\/www.budokampsport.se\/#website\",\"url\":\"https:\/\/www.budokampsport.se\/\",\"name\":\"Svenska Budo &amp; Kampsportsf\u00f6rbundet\",\"description\":\"T\u00e4vling, Tr\u00e4ning, Tradition\",\"potentialAction\":[{\"@type\":\"SearchAction\",\"target\":{\"@type\":\"EntryPoint\",\"urlTemplate\":\"https:\/\/www.budokampsport.se\/?s={search_term_string}\"},\"query-input\":{\"@type\":\"PropertyValueSpecification\",\"valueRequired\":true,\"valueName\":\"search_term_string\"}}],\"inLanguage\":\"sv-SE\"},{\"@type\":\"Person\",\"@id\":\"https:\/\/www.budokampsport.se\/#\/schema\/person\/5c06d81d14850e2a8ce5493386560145\",\"name\":\"Jonathan Broberg\",\"image\":{\"@type\":\"ImageObject\",\"inLanguage\":\"sv-SE\",\"@id\":\"https:\/\/www.budokampsport.se\/#\/schema\/person\/image\/\",\"url\":\"https:\/\/secure.gravatar.com\/avatar\/a58041c6cea9128bd9c40ee2f26d4136?s=96&d=blank&r=g\",\"contentUrl\":\"https:\/\/secure.gravatar.com\/avatar\/a58041c6cea9128bd9c40ee2f26d4136?s=96&d=blank&r=g\",\"caption\":\"Jonathan Broberg\"},\"sameAs\":[\"https:\/\/www.facebook.com\/jonathan.broberg.7\"],\"url\":\"https:\/\/www.budokampsport.se\/author\/jonathan\/\"}]}<\/script>\n<!-- \/ Yoast SEO plugin. -->","yoast_head_json":{"title":"Patricia Axling nominerad till Idrottsgalan - Svenska Budo &amp; Kampsportsf\u00f6rbundet","description":"Svenska Budo &amp; Kampsportsf\u00f6rbundet har f\u00e5tt sin f\u00f6rsta nominerade idrottare till Idrottsgalan n\u00e5gonsin. Valet f\u00f6ll p\u00e5 thaiboxaren Patricia Axling som","robots":{"index":"index","follow":"follow","max-snippet":"max-snippet:-1","max-image-preview":"max-image-preview:large","max-video-preview":"max-video-preview:-1"},"canonical":"https:\/\/www.budokampsport.se\/2016\/11\/15\/patricia-axling-nominerad-till-idrottsgalan\/","og_locale":"sv_SE","og_type":"article","og_title":"Patricia Axling nominerad till Idrottsgalan - Svenska Budo &amp; Kampsportsf\u00f6rbundet","og_description":"Svenska Budo &amp; Kampsportsf\u00f6rbundet har f\u00e5tt sin f\u00f6rsta nominerade idrottare till Idrottsgalan n\u00e5gonsin. Valet f\u00f6ll p\u00e5 thaiboxaren Patricia Axling som","og_url":"https:\/\/www.budokampsport.se\/2016\/11\/15\/patricia-axling-nominerad-till-idrottsgalan\/","og_site_name":"Svenska Budo &amp; Kampsportsf\u00f6rbundet","article_author":"https:\/\/www.facebook.com\/jonathan.broberg.7","article_published_time":"2016-11-15T07:48:46+00:00","article_modified_time":"2025-11-19T10:44:14+00:00","author":"Jonathan Broberg","twitter_card":"summary_large_image","twitter_misc":{"Skriven av":"Jonathan Broberg","Ber\u00e4knad l\u00e4stid":"1 minut"},"schema":{"@context":"https:\/\/schema.org","@graph":[{"@type":"Article","@id":"https:\/\/www.budokampsport.se\/2016\/11\/15\/patricia-axling-nominerad-till-idrottsgalan\/#article","isPartOf":{"@id":"https:\/\/www.budokampsport.se\/2016\/11\/15\/patricia-axling-nominerad-till-idrottsgalan\/"},"author":{"name":"Jonathan Broberg","@id":"https:\/\/www.budokampsport.se\/#\/schema\/person\/5c06d81d14850e2a8ce5493386560145"},"headline":"Patricia Axling nominerad till Idrottsgalan","datePublished":"2016-11-15T07:48:46+00:00","dateModified":"2025-11-19T10:44:14+00:00","mainEntityOfPage":{"@id":"https:\/\/www.budokampsport.se\/2016\/11\/15\/patricia-axling-nominerad-till-idrottsgalan\/"},"wordCount":222,"articleSection":["Muaythai","Thaiboxning"],"inLanguage":"sv-SE"},{"@type":"WebPage","@id":"https:\/\/www.budokampsport.se\/2016\/11\/15\/patricia-axling-nominerad-till-idrottsgalan\/","url":"https:\/\/www.budokampsport.se\/2016\/11\/15\/patricia-axling-nominerad-till-idrottsgalan\/","name":"Patricia Axling nominerad till Idrottsgalan - Svenska Budo &amp; Kampsportsf\u00f6rbundet","isPartOf":{"@id":"https:\/\/www.budokampsport.se\/#website"},"datePublished":"2016-11-15T07:48:46+00:00","dateModified":"2025-11-19T10:44:14+00:00","author":{"@id":"https:\/\/www.budokampsport.se\/#\/schema\/person\/5c06d81d14850e2a8ce5493386560145"},"description":"Svenska Budo &amp; Kampsportsf\u00f6rbundet har f\u00e5tt sin f\u00f6rsta nominerade idrottare till Idrottsgalan n\u00e5gonsin. Valet f\u00f6ll p\u00e5 thaiboxaren Patricia Axling som","breadcrumb":{"@id":"https:\/\/www.budokampsport.se\/2016\/11\/15\/patricia-axling-nominerad-till-idrottsgalan\/#breadcrumb"},"inLanguage":"sv-SE","potentialAction":[{"@type":"ReadAction","target":["https:\/\/www.budokampsport.se\/2016\/11\/15\/patricia-axling-nominerad-till-idrottsgalan\/"]}]},{"@type":"BreadcrumbList","@id":"https:\/\/www.budokampsport.se\/2016\/11\/15\/patricia-axling-nominerad-till-idrottsgalan\/#breadcrumb","itemListElement":[{"@type":"ListItem","position":1,"name":"Hem","item":"https:\/\/www.budokampsport.se\/"},{"@type":"ListItem","position":2,"name":"Patricia Axling nominerad till Idrottsgalan"}]},{"@type":"WebSite","@id":"https:\/\/www.budokampsport.se\/#website","url":"https:\/\/www.budokampsport.se\/","name":"Svenska Budo &amp; Kampsportsf\u00f6rbundet","description":"T\u00e4vling, Tr\u00e4ning, Tradition","potentialAction":[{"@type":"SearchAction","target":{"@type":"EntryPoint","urlTemplate":"https:\/\/www.budokampsport.se\/?s={search_term_string}"},"query-input":{"@type":"PropertyValueSpecification","valueRequired":true,"valueName":"search_term_string"}}],"inLanguage":"sv-SE"},{"@type":"Person","@id":"https:\/\/www.budokampsport.se\/#\/schema\/person\/5c06d81d14850e2a8ce5493386560145","name":"Jonathan Broberg","image":{"@type":"ImageObject","inLanguage":"sv-SE","@id":"https:\/\/www.budokampsport.se\/#\/schema\/person\/image\/","url":"https:\/\/secure.gravatar.com\/avatar\/a58041c6cea9128bd9c40ee2f26d4136?s=96&d=blank&r=g","contentUrl":"https:\/\/secure.gravatar.com\/avatar\/a58041c6cea9128bd9c40ee2f26d4136?s=96&d=blank&r=g","caption":"Jonathan Broberg"},"sameAs":["https:\/\/www.facebook.com\/jonathan.broberg.7"],"url":"https:\/\/www.budokampsport.se\/author\/jonathan\/"}]}},"_links":{"self":[{"href":"https:\/\/www.budokampsport.se\/api\/wp\/v2\/posts\/6037","targetHints":{"allow":["GET"]}}],"collection":[{"href":"https:\/\/www.budokampsport.se\/api\/wp\/v2\/posts"}],"about":[{"href":"https:\/\/www.budokampsport.se\/api\/wp\/v2\/types\/post"}],"author":[{"embeddable":true,"href":"https:\/\/www.budokampsport.se\/api\/wp\/v2\/users\/7"}],"replies":[{"embeddable":true,"href":"https:\/\/www.budokampsport.se\/api\/wp\/v2\/comments?post=6037"}],"version-history":[{"count":0,"href":"https:\/\/www.budokampsport.se\/api\/wp\/v2\/posts\/6037\/revisions"}],"wp:attachment":[{"href":"https:\/\/www.budokampsport.se\/api\/wp\/v2\/media?parent=6037"}],"wp:term":[{"taxonomy":"category","embeddable":true,"href":"https:\/\/www.budokampsport.se\/api\/wp\/v2\/categories?post=6037"},{"taxonomy":"post_tag","embeddable":true,"href":"https:\/\/www.budokampsport.se\/api\/wp\/v2\/tags?post=6037"}],"curies":[{"name":"wp","href":"https:\/\/api.w.org\/{rel}","templated":true}]}}