{"id":6038,"date":"2016-11-15T10:26:24","date_gmt":"2016-11-15T09:26:24","guid":{"rendered":"http:\/\/budo.wordpress.dev\/2016\/11\/15\/sbks-ordforande-august-wallen-om-nomineringen-till-idrottsgalan\/"},"modified":"2016-12-06T22:40:47","modified_gmt":"2016-12-06T21:40:47","slug":"sbks-ordforande-august-wallen-om-nomineringen-till-idrottsgalan","status":"publish","type":"post","link":"https:\/\/www.budokampsport.se\/2016\/11\/15\/sbks-ordforande-august-wallen-om-nomineringen-till-idrottsgalan\/","title":{"rendered":"SB&#038;K:s ordf\u00f6rande August Wall\u00e9n om nomineringen till Idrottsgalan"},"content":{"rendered":"<p><strong><img decoding=\"async\" alt=\"\" src=\"\/sites\/default\/files\/august_wallen_1.jpg\" style=\"float:right; height:263px; width:175px\">I dag presenterades nomineringarna till Idrottsgalan och SB&#038;K har f\u00e5tt sin f\u00f6rsta nominering n\u00e5gonsin, genom thaiboxaren Patricia Axling som kan ta hem \u201d\u00c5rets nykomling och Lilla bragdguldet\u201d.<br \/>\u00a0 \u00a0 &#8211; Att kampsporten \u00e4ntligen f\u00e5r en nominerad till Idrottsgalan ger otrolig kraft och energi f\u00f6r hela kampsportsfamiljen, s\u00e4ger han till budokampsport.se.<\/strong><!--break--><\/p>\n<p>Svenska Budo &#038; Kampsportsf\u00f6rbundet har f\u00e5tt sin f\u00f6rsta nominerade idrottare till Idrottsgalans ordinarie priser n\u00e5gonsin. Det stod klart idag \u00a0n\u00e4r Idrottsgalan presenterade sina nomineringar.<\/p>\n<p>Och SB&#038;K:s ordf\u00f6rande August Wall\u00e9n \u00e4r glad.<br \/>\u00a0 \u00a0&#8211; \u00c4ntligen! Att kampsporten \u00e4ntligen f\u00e5r en nominerad till Idrottsgalan ger otrolig kraft och energi f\u00f6r hela kampsportsfamiljen. Och det visar med tydlighet att v\u00e5ra enorma prestationer inte l\u00e4ngre f\u00f6rbises. S\u00e5 stort grattis till Patricia, som har haft ett enast\u00e5ende \u00e5r, och stort grattis till alla oss kampsportare.<\/p>\n<p>Text: Jonathan Broberg<br \/>Foto: Hamid Ershad Sarabi<\/p>\n<p><\/p>\n","protected":false},"excerpt":{"rendered":"<p>I dag presenterades nomineringarna till Idrottsgalan och SB&#038;K har f\u00e5tt [&#8230;]<\/p><br>","protected":false},"author":7,"featured_media":0,"comment_status":"closed","ping_status":"closed","sticky":false,"template":"","format":"standard","meta":{"_acf_changed":false,"footnotes":""},"categories":[1],"tags":[],"class_list":["post-6038","post","type-post","status-publish","format-standard","hentry","category-okategoriserade"],"acf":[],"yoast_head":"<!-- This site is optimized with the Yoast SEO plugin v26.8 - https:\/\/yoast.com\/product\/yoast-seo-wordpress\/ -->\n<title>SB&amp;K:s ordf\u00f6rande August Wall\u00e9n om nomineringen till Idrottsgalan - Svenska Budo &amp; Kampsportsf\u00f6rbundet<\/title>\n<meta name=\"description\" content=\"I dag presenterades nomineringarna till Idrottsgalan och SB&amp;K har f\u00e5tt sin f\u00f6rsta nominering n\u00e5gonsin, genom thaiboxaren Patricia Axling som kan ta hem\" \/>\n<meta name=\"robots\" content=\"index, follow, max-snippet:-1, max-image-preview:large, max-video-preview:-1\" \/>\n<link rel=\"canonical\" href=\"https:\/\/www.budokampsport.se\/2016\/11\/15\/sbks-ordforande-august-wallen-om-nomineringen-till-idrottsgalan\/\" \/>\n<meta property=\"og:locale\" content=\"sv_SE\" \/>\n<meta property=\"og:type\" content=\"article\" \/>\n<meta property=\"og:title\" content=\"SB&amp;K:s ordf\u00f6rande August Wall\u00e9n om nomineringen till Idrottsgalan - Svenska Budo &amp; Kampsportsf\u00f6rbundet\" \/>\n<meta property=\"og:description\" content=\"I dag presenterades nomineringarna till Idrottsgalan och SB&amp;K har f\u00e5tt sin f\u00f6rsta nominering n\u00e5gonsin, genom thaiboxaren Patricia Axling som kan ta hem\" \/>\n<meta property=\"og:url\" content=\"https:\/\/www.budokampsport.se\/2016\/11\/15\/sbks-ordforande-august-wallen-om-nomineringen-till-idrottsgalan\/\" \/>\n<meta property=\"og:site_name\" content=\"Svenska Budo &amp; Kampsportsf\u00f6rbundet\" \/>\n<meta property=\"article:author\" content=\"https:\/\/www.facebook.com\/jonathan.broberg.7\" \/>\n<meta property=\"article:published_time\" content=\"2016-11-15T09:26:24+00:00\" \/>\n<meta property=\"article:modified_time\" content=\"2016-12-06T21:40:47+00:00\" \/>\n<meta name=\"author\" content=\"Jonathan Broberg\" \/>\n<meta name=\"twitter:card\" content=\"summary_large_image\" \/>\n<meta name=\"twitter:label1\" content=\"Skriven av\" \/>\n\t<meta name=\"twitter:data1\" content=\"Jonathan Broberg\" \/>\n\t<meta name=\"twitter:label2\" content=\"Ber\u00e4knad l\u00e4stid\" \/>\n\t<meta name=\"twitter:data2\" content=\"1 minut\" \/>\n<script type=\"application\/ld+json\" class=\"yoast-schema-graph\">{\"@context\":\"https:\/\/schema.org\",\"@graph\":[{\"@type\":\"Article\",\"@id\":\"https:\/\/www.budokampsport.se\/2016\/11\/15\/sbks-ordforande-august-wallen-om-nomineringen-till-idrottsgalan\/#article\",\"isPartOf\":{\"@id\":\"https:\/\/www.budokampsport.se\/2016\/11\/15\/sbks-ordforande-august-wallen-om-nomineringen-till-idrottsgalan\/\"},\"author\":{\"name\":\"Jonathan Broberg\",\"@id\":\"https:\/\/www.budokampsport.se\/#\/schema\/person\/5c06d81d14850e2a8ce5493386560145\"},\"headline\":\"SB&#038;K:s ordf\u00f6rande August Wall\u00e9n om nomineringen till Idrottsgalan\",\"datePublished\":\"2016-11-15T09:26:24+00:00\",\"dateModified\":\"2016-12-06T21:40:47+00:00\",\"mainEntityOfPage\":{\"@id\":\"https:\/\/www.budokampsport.se\/2016\/11\/15\/sbks-ordforande-august-wallen-om-nomineringen-till-idrottsgalan\/\"},\"wordCount\":167,\"inLanguage\":\"sv-SE\"},{\"@type\":\"WebPage\",\"@id\":\"https:\/\/www.budokampsport.se\/2016\/11\/15\/sbks-ordforande-august-wallen-om-nomineringen-till-idrottsgalan\/\",\"url\":\"https:\/\/www.budokampsport.se\/2016\/11\/15\/sbks-ordforande-august-wallen-om-nomineringen-till-idrottsgalan\/\",\"name\":\"SB&K:s ordf\u00f6rande August Wall\u00e9n om nomineringen till Idrottsgalan - Svenska Budo &amp; Kampsportsf\u00f6rbundet\",\"isPartOf\":{\"@id\":\"https:\/\/www.budokampsport.se\/#website\"},\"datePublished\":\"2016-11-15T09:26:24+00:00\",\"dateModified\":\"2016-12-06T21:40:47+00:00\",\"author\":{\"@id\":\"https:\/\/www.budokampsport.se\/#\/schema\/person\/5c06d81d14850e2a8ce5493386560145\"},\"description\":\"I dag presenterades nomineringarna till Idrottsgalan och SB&K har f\u00e5tt sin f\u00f6rsta nominering n\u00e5gonsin, genom thaiboxaren Patricia Axling som kan ta hem\",\"breadcrumb\":{\"@id\":\"https:\/\/www.budokampsport.se\/2016\/11\/15\/sbks-ordforande-august-wallen-om-nomineringen-till-idrottsgalan\/#breadcrumb\"},\"inLanguage\":\"sv-SE\",\"potentialAction\":[{\"@type\":\"ReadAction\",\"target\":[\"https:\/\/www.budokampsport.se\/2016\/11\/15\/sbks-ordforande-august-wallen-om-nomineringen-till-idrottsgalan\/\"]}]},{\"@type\":\"BreadcrumbList\",\"@id\":\"https:\/\/www.budokampsport.se\/2016\/11\/15\/sbks-ordforande-august-wallen-om-nomineringen-till-idrottsgalan\/#breadcrumb\",\"itemListElement\":[{\"@type\":\"ListItem\",\"position\":1,\"name\":\"Hem\",\"item\":\"https:\/\/www.budokampsport.se\/\"},{\"@type\":\"ListItem\",\"position\":2,\"name\":\"SB&#038;K:s ordf\u00f6rande August Wall\u00e9n om nomineringen till Idrottsgalan\"}]},{\"@type\":\"WebSite\",\"@id\":\"https:\/\/www.budokampsport.se\/#website\",\"url\":\"https:\/\/www.budokampsport.se\/\",\"name\":\"Svenska Budo &amp; Kampsportsf\u00f6rbundet\",\"description\":\"T\u00e4vling, Tr\u00e4ning, Tradition\",\"potentialAction\":[{\"@type\":\"SearchAction\",\"target\":{\"@type\":\"EntryPoint\",\"urlTemplate\":\"https:\/\/www.budokampsport.se\/?s={search_term_string}\"},\"query-input\":{\"@type\":\"PropertyValueSpecification\",\"valueRequired\":true,\"valueName\":\"search_term_string\"}}],\"inLanguage\":\"sv-SE\"},{\"@type\":\"Person\",\"@id\":\"https:\/\/www.budokampsport.se\/#\/schema\/person\/5c06d81d14850e2a8ce5493386560145\",\"name\":\"Jonathan Broberg\",\"image\":{\"@type\":\"ImageObject\",\"inLanguage\":\"sv-SE\",\"@id\":\"https:\/\/www.budokampsport.se\/#\/schema\/person\/image\/\",\"url\":\"https:\/\/secure.gravatar.com\/avatar\/a58041c6cea9128bd9c40ee2f26d4136?s=96&d=blank&r=g\",\"contentUrl\":\"https:\/\/secure.gravatar.com\/avatar\/a58041c6cea9128bd9c40ee2f26d4136?s=96&d=blank&r=g\",\"caption\":\"Jonathan Broberg\"},\"sameAs\":[\"https:\/\/www.facebook.com\/jonathan.broberg.7\"],\"url\":\"https:\/\/www.budokampsport.se\/author\/jonathan\/\"}]}<\/script>\n<!-- \/ Yoast SEO plugin. -->","yoast_head_json":{"title":"SB&K:s ordf\u00f6rande August Wall\u00e9n om nomineringen till Idrottsgalan - Svenska Budo &amp; Kampsportsf\u00f6rbundet","description":"I dag presenterades nomineringarna till Idrottsgalan och SB&K har f\u00e5tt sin f\u00f6rsta nominering n\u00e5gonsin, genom thaiboxaren Patricia Axling som kan ta hem","robots":{"index":"index","follow":"follow","max-snippet":"max-snippet:-1","max-image-preview":"max-image-preview:large","max-video-preview":"max-video-preview:-1"},"canonical":"https:\/\/www.budokampsport.se\/2016\/11\/15\/sbks-ordforande-august-wallen-om-nomineringen-till-idrottsgalan\/","og_locale":"sv_SE","og_type":"article","og_title":"SB&K:s ordf\u00f6rande August Wall\u00e9n om nomineringen till Idrottsgalan - Svenska Budo &amp; Kampsportsf\u00f6rbundet","og_description":"I dag presenterades nomineringarna till Idrottsgalan och SB&K har f\u00e5tt sin f\u00f6rsta nominering n\u00e5gonsin, genom thaiboxaren Patricia Axling som kan ta hem","og_url":"https:\/\/www.budokampsport.se\/2016\/11\/15\/sbks-ordforande-august-wallen-om-nomineringen-till-idrottsgalan\/","og_site_name":"Svenska Budo &amp; Kampsportsf\u00f6rbundet","article_author":"https:\/\/www.facebook.com\/jonathan.broberg.7","article_published_time":"2016-11-15T09:26:24+00:00","article_modified_time":"2016-12-06T21:40:47+00:00","author":"Jonathan Broberg","twitter_card":"summary_large_image","twitter_misc":{"Skriven av":"Jonathan Broberg","Ber\u00e4knad l\u00e4stid":"1 minut"},"schema":{"@context":"https:\/\/schema.org","@graph":[{"@type":"Article","@id":"https:\/\/www.budokampsport.se\/2016\/11\/15\/sbks-ordforande-august-wallen-om-nomineringen-till-idrottsgalan\/#article","isPartOf":{"@id":"https:\/\/www.budokampsport.se\/2016\/11\/15\/sbks-ordforande-august-wallen-om-nomineringen-till-idrottsgalan\/"},"author":{"name":"Jonathan Broberg","@id":"https:\/\/www.budokampsport.se\/#\/schema\/person\/5c06d81d14850e2a8ce5493386560145"},"headline":"SB&#038;K:s ordf\u00f6rande August Wall\u00e9n om nomineringen till Idrottsgalan","datePublished":"2016-11-15T09:26:24+00:00","dateModified":"2016-12-06T21:40:47+00:00","mainEntityOfPage":{"@id":"https:\/\/www.budokampsport.se\/2016\/11\/15\/sbks-ordforande-august-wallen-om-nomineringen-till-idrottsgalan\/"},"wordCount":167,"inLanguage":"sv-SE"},{"@type":"WebPage","@id":"https:\/\/www.budokampsport.se\/2016\/11\/15\/sbks-ordforande-august-wallen-om-nomineringen-till-idrottsgalan\/","url":"https:\/\/www.budokampsport.se\/2016\/11\/15\/sbks-ordforande-august-wallen-om-nomineringen-till-idrottsgalan\/","name":"SB&K:s ordf\u00f6rande August Wall\u00e9n om nomineringen till Idrottsgalan - Svenska Budo &amp; Kampsportsf\u00f6rbundet","isPartOf":{"@id":"https:\/\/www.budokampsport.se\/#website"},"datePublished":"2016-11-15T09:26:24+00:00","dateModified":"2016-12-06T21:40:47+00:00","author":{"@id":"https:\/\/www.budokampsport.se\/#\/schema\/person\/5c06d81d14850e2a8ce5493386560145"},"description":"I dag presenterades nomineringarna till Idrottsgalan och SB&K har f\u00e5tt sin f\u00f6rsta nominering n\u00e5gonsin, genom thaiboxaren Patricia Axling som kan ta hem","breadcrumb":{"@id":"https:\/\/www.budokampsport.se\/2016\/11\/15\/sbks-ordforande-august-wallen-om-nomineringen-till-idrottsgalan\/#breadcrumb"},"inLanguage":"sv-SE","potentialAction":[{"@type":"ReadAction","target":["https:\/\/www.budokampsport.se\/2016\/11\/15\/sbks-ordforande-august-wallen-om-nomineringen-till-idrottsgalan\/"]}]},{"@type":"BreadcrumbList","@id":"https:\/\/www.budokampsport.se\/2016\/11\/15\/sbks-ordforande-august-wallen-om-nomineringen-till-idrottsgalan\/#breadcrumb","itemListElement":[{"@type":"ListItem","position":1,"name":"Hem","item":"https:\/\/www.budokampsport.se\/"},{"@type":"ListItem","position":2,"name":"SB&#038;K:s ordf\u00f6rande August Wall\u00e9n om nomineringen till Idrottsgalan"}]},{"@type":"WebSite","@id":"https:\/\/www.budokampsport.se\/#website","url":"https:\/\/www.budokampsport.se\/","name":"Svenska Budo &amp; Kampsportsf\u00f6rbundet","description":"T\u00e4vling, Tr\u00e4ning, Tradition","potentialAction":[{"@type":"SearchAction","target":{"@type":"EntryPoint","urlTemplate":"https:\/\/www.budokampsport.se\/?s={search_term_string}"},"query-input":{"@type":"PropertyValueSpecification","valueRequired":true,"valueName":"search_term_string"}}],"inLanguage":"sv-SE"},{"@type":"Person","@id":"https:\/\/www.budokampsport.se\/#\/schema\/person\/5c06d81d14850e2a8ce5493386560145","name":"Jonathan Broberg","image":{"@type":"ImageObject","inLanguage":"sv-SE","@id":"https:\/\/www.budokampsport.se\/#\/schema\/person\/image\/","url":"https:\/\/secure.gravatar.com\/avatar\/a58041c6cea9128bd9c40ee2f26d4136?s=96&d=blank&r=g","contentUrl":"https:\/\/secure.gravatar.com\/avatar\/a58041c6cea9128bd9c40ee2f26d4136?s=96&d=blank&r=g","caption":"Jonathan Broberg"},"sameAs":["https:\/\/www.facebook.com\/jonathan.broberg.7"],"url":"https:\/\/www.budokampsport.se\/author\/jonathan\/"}]}},"_links":{"self":[{"href":"https:\/\/www.budokampsport.se\/api\/wp\/v2\/posts\/6038","targetHints":{"allow":["GET"]}}],"collection":[{"href":"https:\/\/www.budokampsport.se\/api\/wp\/v2\/posts"}],"about":[{"href":"https:\/\/www.budokampsport.se\/api\/wp\/v2\/types\/post"}],"author":[{"embeddable":true,"href":"https:\/\/www.budokampsport.se\/api\/wp\/v2\/users\/7"}],"replies":[{"embeddable":true,"href":"https:\/\/www.budokampsport.se\/api\/wp\/v2\/comments?post=6038"}],"version-history":[{"count":0,"href":"https:\/\/www.budokampsport.se\/api\/wp\/v2\/posts\/6038\/revisions"}],"wp:attachment":[{"href":"https:\/\/www.budokampsport.se\/api\/wp\/v2\/media?parent=6038"}],"wp:term":[{"taxonomy":"category","embeddable":true,"href":"https:\/\/www.budokampsport.se\/api\/wp\/v2\/categories?post=6038"},{"taxonomy":"post_tag","embeddable":true,"href":"https:\/\/www.budokampsport.se\/api\/wp\/v2\/tags?post=6038"}],"curies":[{"name":"wp","href":"https:\/\/api.w.org\/{rel}","templated":true}]}}