{"id":60608,"date":"2018-01-02T10:40:20","date_gmt":"2018-01-02T09:40:20","guid":{"rendered":"http:\/\/www.budokampsport.se\/?p=60608"},"modified":"2018-01-02T10:46:09","modified_gmt":"2018-01-02T09:46:09","slug":"paminnelsefaktura-medlemsavgift-2018","status":"publish","type":"post","link":"https:\/\/www.budokampsport.se\/2018\/01\/02\/paminnelsefaktura-medlemsavgift-2018\/","title":{"rendered":"P\u00e5minnelsefaktura f\u00f6r medlemsavgift 2018"},"content":{"rendered":"<p>Vi har uppt\u00e4ckt att felaktiga p\u00e5minnelser har g\u00e5tt ut till v\u00e5ra f\u00f6reningar. Felet har intr\u00e4ffat d\u00e5 systemet \u00e4r nytt f\u00f6r i \u00e5r och ni kan bortse fr\u00e5n denna p\u00e5minnelse. Dock vill vi uppm\u00e4rksamma er p\u00e5 att distriktsavgiften eventuellt inte finns med vid f\u00f6rsta utskicket. Dubbelkolla d\u00e4rf\u00f6r detta s\u00e5 att \u00e4ven den betalas in.<\/p>\n<p>&nbsp;<\/p>\n<p>Hoppas ni har \u00f6verseende med detta och god forts\u00e4ttning!<\/p>\n","protected":false},"excerpt":{"rendered":"<p>Vi har uppt\u00e4ckt att felaktiga p\u00e5minnelser har g\u00e5tt ut till [&#8230;]<\/p><br>","protected":false},"author":8,"featured_media":41755,"comment_status":"open","ping_status":"open","sticky":false,"template":"","format":"standard","meta":{"_acf_changed":false,"footnotes":""},"categories":[1],"tags":[401],"class_list":["post-60608","post","type-post","status-publish","format-standard","has-post-thumbnail","hentry","category-okategoriserade","tag-medlemsrakningar"],"acf":[],"yoast_head":"<!-- This site is optimized with the Yoast SEO plugin v26.8 - https:\/\/yoast.com\/product\/yoast-seo-wordpress\/ -->\n<title>P\u00e5minnelsefaktura f\u00f6r medlemsavgift 2018 - Svenska Budo &amp; Kampsportsf\u00f6rbundet<\/title>\n<meta name=\"description\" content=\"Vi har uppt\u00e4ckt att felaktiga p\u00e5minnelser har g\u00e5tt ut till v\u00e5ra f\u00f6reningar. Felet har intr\u00e4ffat d\u00e5 systemet \u00e4r nytt f\u00f6r i \u00e5r och ni kan bortse fr\u00e5n denna\" \/>\n<meta name=\"robots\" content=\"index, follow, max-snippet:-1, max-image-preview:large, max-video-preview:-1\" \/>\n<link rel=\"canonical\" href=\"https:\/\/www.budokampsport.se\/2018\/01\/02\/paminnelsefaktura-medlemsavgift-2018\/\" \/>\n<meta property=\"og:locale\" content=\"sv_SE\" \/>\n<meta property=\"og:type\" content=\"article\" \/>\n<meta property=\"og:title\" content=\"P\u00e5minnelsefaktura f\u00f6r medlemsavgift 2018 - Svenska Budo &amp; Kampsportsf\u00f6rbundet\" \/>\n<meta property=\"og:description\" content=\"Vi har uppt\u00e4ckt att felaktiga p\u00e5minnelser har g\u00e5tt ut till v\u00e5ra f\u00f6reningar. Felet har intr\u00e4ffat d\u00e5 systemet \u00e4r nytt f\u00f6r i \u00e5r och ni kan bortse fr\u00e5n denna\" \/>\n<meta property=\"og:url\" content=\"https:\/\/www.budokampsport.se\/2018\/01\/02\/paminnelsefaktura-medlemsavgift-2018\/\" \/>\n<meta property=\"og:site_name\" content=\"Svenska Budo &amp; Kampsportsf\u00f6rbundet\" \/>\n<meta property=\"article:published_time\" content=\"2018-01-02T09:40:20+00:00\" \/>\n<meta property=\"article:modified_time\" content=\"2018-01-02T09:46:09+00:00\" \/>\n<meta property=\"og:image\" content=\"https:\/\/www.budokampsport.se\/wp-content\/uploads\/2017\/03\/tsuba_notext_cmyk_copy-e1489765726565.jpg\" \/>\n\t<meta property=\"og:image:width\" content=\"400\" \/>\n\t<meta property=\"og:image:height\" content=\"319\" \/>\n\t<meta property=\"og:image:type\" content=\"image\/jpeg\" \/>\n<meta name=\"author\" content=\"Matilda Ritz\u00e9n\" \/>\n<meta name=\"twitter:card\" content=\"summary_large_image\" \/>\n<meta name=\"twitter:label1\" content=\"Skriven av\" \/>\n\t<meta name=\"twitter:data1\" content=\"Matilda Ritz\u00e9n\" \/>\n<script type=\"application\/ld+json\" class=\"yoast-schema-graph\">{\"@context\":\"https:\/\/schema.org\",\"@graph\":[{\"@type\":\"Article\",\"@id\":\"https:\/\/www.budokampsport.se\/2018\/01\/02\/paminnelsefaktura-medlemsavgift-2018\/#article\",\"isPartOf\":{\"@id\":\"https:\/\/www.budokampsport.se\/2018\/01\/02\/paminnelsefaktura-medlemsavgift-2018\/\"},\"author\":{\"name\":\"Matilda Ritz\u00e9n\",\"@id\":\"https:\/\/www.budokampsport.se\/#\/schema\/person\/b908a71d19d66edc50c85c2ce93ecfa8\"},\"headline\":\"P\u00e5minnelsefaktura f\u00f6r medlemsavgift 2018\",\"datePublished\":\"2018-01-02T09:40:20+00:00\",\"dateModified\":\"2018-01-02T09:46:09+00:00\",\"mainEntityOfPage\":{\"@id\":\"https:\/\/www.budokampsport.se\/2018\/01\/02\/paminnelsefaktura-medlemsavgift-2018\/\"},\"wordCount\":82,\"commentCount\":1,\"image\":{\"@id\":\"https:\/\/www.budokampsport.se\/2018\/01\/02\/paminnelsefaktura-medlemsavgift-2018\/#primaryimage\"},\"thumbnailUrl\":\"https:\/\/www.budokampsport.se\/wp-content\/uploads\/2017\/03\/tsuba_notext_cmyk_copy-e1489765726565.jpg\",\"keywords\":[\"medlemsr\u00e4kningar\"],\"inLanguage\":\"sv-SE\",\"potentialAction\":[{\"@type\":\"CommentAction\",\"name\":\"Comment\",\"target\":[\"https:\/\/www.budokampsport.se\/2018\/01\/02\/paminnelsefaktura-medlemsavgift-2018\/#respond\"]}]},{\"@type\":\"WebPage\",\"@id\":\"https:\/\/www.budokampsport.se\/2018\/01\/02\/paminnelsefaktura-medlemsavgift-2018\/\",\"url\":\"https:\/\/www.budokampsport.se\/2018\/01\/02\/paminnelsefaktura-medlemsavgift-2018\/\",\"name\":\"P\u00e5minnelsefaktura f\u00f6r medlemsavgift 2018 - Svenska Budo &amp; Kampsportsf\u00f6rbundet\",\"isPartOf\":{\"@id\":\"https:\/\/www.budokampsport.se\/#website\"},\"primaryImageOfPage\":{\"@id\":\"https:\/\/www.budokampsport.se\/2018\/01\/02\/paminnelsefaktura-medlemsavgift-2018\/#primaryimage\"},\"image\":{\"@id\":\"https:\/\/www.budokampsport.se\/2018\/01\/02\/paminnelsefaktura-medlemsavgift-2018\/#primaryimage\"},\"thumbnailUrl\":\"https:\/\/www.budokampsport.se\/wp-content\/uploads\/2017\/03\/tsuba_notext_cmyk_copy-e1489765726565.jpg\",\"datePublished\":\"2018-01-02T09:40:20+00:00\",\"dateModified\":\"2018-01-02T09:46:09+00:00\",\"author\":{\"@id\":\"https:\/\/www.budokampsport.se\/#\/schema\/person\/b908a71d19d66edc50c85c2ce93ecfa8\"},\"description\":\"Vi har uppt\u00e4ckt att felaktiga p\u00e5minnelser har g\u00e5tt ut till v\u00e5ra f\u00f6reningar. Felet har intr\u00e4ffat d\u00e5 systemet \u00e4r nytt f\u00f6r i \u00e5r och ni kan bortse fr\u00e5n denna\",\"breadcrumb\":{\"@id\":\"https:\/\/www.budokampsport.se\/2018\/01\/02\/paminnelsefaktura-medlemsavgift-2018\/#breadcrumb\"},\"inLanguage\":\"sv-SE\",\"potentialAction\":[{\"@type\":\"ReadAction\",\"target\":[\"https:\/\/www.budokampsport.se\/2018\/01\/02\/paminnelsefaktura-medlemsavgift-2018\/\"]}]},{\"@type\":\"ImageObject\",\"inLanguage\":\"sv-SE\",\"@id\":\"https:\/\/www.budokampsport.se\/2018\/01\/02\/paminnelsefaktura-medlemsavgift-2018\/#primaryimage\",\"url\":\"https:\/\/www.budokampsport.se\/wp-content\/uploads\/2017\/03\/tsuba_notext_cmyk_copy-e1489765726565.jpg\",\"contentUrl\":\"https:\/\/www.budokampsport.se\/wp-content\/uploads\/2017\/03\/tsuba_notext_cmyk_copy-e1489765726565.jpg\",\"width\":400,\"height\":319},{\"@type\":\"BreadcrumbList\",\"@id\":\"https:\/\/www.budokampsport.se\/2018\/01\/02\/paminnelsefaktura-medlemsavgift-2018\/#breadcrumb\",\"itemListElement\":[{\"@type\":\"ListItem\",\"position\":1,\"name\":\"Hem\",\"item\":\"https:\/\/www.budokampsport.se\/\"},{\"@type\":\"ListItem\",\"position\":2,\"name\":\"P\u00e5minnelsefaktura f\u00f6r medlemsavgift 2018\"}]},{\"@type\":\"WebSite\",\"@id\":\"https:\/\/www.budokampsport.se\/#website\",\"url\":\"https:\/\/www.budokampsport.se\/\",\"name\":\"Svenska Budo &amp; Kampsportsf\u00f6rbundet\",\"description\":\"T\u00e4vling, Tr\u00e4ning, Tradition\",\"potentialAction\":[{\"@type\":\"SearchAction\",\"target\":{\"@type\":\"EntryPoint\",\"urlTemplate\":\"https:\/\/www.budokampsport.se\/?s={search_term_string}\"},\"query-input\":{\"@type\":\"PropertyValueSpecification\",\"valueRequired\":true,\"valueName\":\"search_term_string\"}}],\"inLanguage\":\"sv-SE\"},{\"@type\":\"Person\",\"@id\":\"https:\/\/www.budokampsport.se\/#\/schema\/person\/b908a71d19d66edc50c85c2ce93ecfa8\",\"name\":\"Matilda Ritz\u00e9n\",\"image\":{\"@type\":\"ImageObject\",\"inLanguage\":\"sv-SE\",\"@id\":\"https:\/\/www.budokampsport.se\/#\/schema\/person\/image\/\",\"url\":\"https:\/\/secure.gravatar.com\/avatar\/b7b14d78eca96b18793155cd487c77df?s=96&d=blank&r=g\",\"contentUrl\":\"https:\/\/secure.gravatar.com\/avatar\/b7b14d78eca96b18793155cd487c77df?s=96&d=blank&r=g\",\"caption\":\"Matilda Ritz\u00e9n\"},\"url\":\"https:\/\/www.budokampsport.se\/author\/matilda\/\"}]}<\/script>\n<!-- \/ Yoast SEO plugin. -->","yoast_head_json":{"title":"P\u00e5minnelsefaktura f\u00f6r medlemsavgift 2018 - Svenska Budo &amp; Kampsportsf\u00f6rbundet","description":"Vi har uppt\u00e4ckt att felaktiga p\u00e5minnelser har g\u00e5tt ut till v\u00e5ra f\u00f6reningar. Felet har intr\u00e4ffat d\u00e5 systemet \u00e4r nytt f\u00f6r i \u00e5r och ni kan bortse fr\u00e5n denna","robots":{"index":"index","follow":"follow","max-snippet":"max-snippet:-1","max-image-preview":"max-image-preview:large","max-video-preview":"max-video-preview:-1"},"canonical":"https:\/\/www.budokampsport.se\/2018\/01\/02\/paminnelsefaktura-medlemsavgift-2018\/","og_locale":"sv_SE","og_type":"article","og_title":"P\u00e5minnelsefaktura f\u00f6r medlemsavgift 2018 - Svenska Budo &amp; Kampsportsf\u00f6rbundet","og_description":"Vi har uppt\u00e4ckt att felaktiga p\u00e5minnelser har g\u00e5tt ut till v\u00e5ra f\u00f6reningar. Felet har intr\u00e4ffat d\u00e5 systemet \u00e4r nytt f\u00f6r i \u00e5r och ni kan bortse fr\u00e5n denna","og_url":"https:\/\/www.budokampsport.se\/2018\/01\/02\/paminnelsefaktura-medlemsavgift-2018\/","og_site_name":"Svenska Budo &amp; Kampsportsf\u00f6rbundet","article_published_time":"2018-01-02T09:40:20+00:00","article_modified_time":"2018-01-02T09:46:09+00:00","og_image":[{"width":400,"height":319,"url":"https:\/\/www.budokampsport.se\/wp-content\/uploads\/2017\/03\/tsuba_notext_cmyk_copy-e1489765726565.jpg","type":"image\/jpeg"}],"author":"Matilda Ritz\u00e9n","twitter_card":"summary_large_image","twitter_misc":{"Skriven av":"Matilda Ritz\u00e9n"},"schema":{"@context":"https:\/\/schema.org","@graph":[{"@type":"Article","@id":"https:\/\/www.budokampsport.se\/2018\/01\/02\/paminnelsefaktura-medlemsavgift-2018\/#article","isPartOf":{"@id":"https:\/\/www.budokampsport.se\/2018\/01\/02\/paminnelsefaktura-medlemsavgift-2018\/"},"author":{"name":"Matilda Ritz\u00e9n","@id":"https:\/\/www.budokampsport.se\/#\/schema\/person\/b908a71d19d66edc50c85c2ce93ecfa8"},"headline":"P\u00e5minnelsefaktura f\u00f6r medlemsavgift 2018","datePublished":"2018-01-02T09:40:20+00:00","dateModified":"2018-01-02T09:46:09+00:00","mainEntityOfPage":{"@id":"https:\/\/www.budokampsport.se\/2018\/01\/02\/paminnelsefaktura-medlemsavgift-2018\/"},"wordCount":82,"commentCount":1,"image":{"@id":"https:\/\/www.budokampsport.se\/2018\/01\/02\/paminnelsefaktura-medlemsavgift-2018\/#primaryimage"},"thumbnailUrl":"https:\/\/www.budokampsport.se\/wp-content\/uploads\/2017\/03\/tsuba_notext_cmyk_copy-e1489765726565.jpg","keywords":["medlemsr\u00e4kningar"],"inLanguage":"sv-SE","potentialAction":[{"@type":"CommentAction","name":"Comment","target":["https:\/\/www.budokampsport.se\/2018\/01\/02\/paminnelsefaktura-medlemsavgift-2018\/#respond"]}]},{"@type":"WebPage","@id":"https:\/\/www.budokampsport.se\/2018\/01\/02\/paminnelsefaktura-medlemsavgift-2018\/","url":"https:\/\/www.budokampsport.se\/2018\/01\/02\/paminnelsefaktura-medlemsavgift-2018\/","name":"P\u00e5minnelsefaktura f\u00f6r medlemsavgift 2018 - Svenska Budo &amp; Kampsportsf\u00f6rbundet","isPartOf":{"@id":"https:\/\/www.budokampsport.se\/#website"},"primaryImageOfPage":{"@id":"https:\/\/www.budokampsport.se\/2018\/01\/02\/paminnelsefaktura-medlemsavgift-2018\/#primaryimage"},"image":{"@id":"https:\/\/www.budokampsport.se\/2018\/01\/02\/paminnelsefaktura-medlemsavgift-2018\/#primaryimage"},"thumbnailUrl":"https:\/\/www.budokampsport.se\/wp-content\/uploads\/2017\/03\/tsuba_notext_cmyk_copy-e1489765726565.jpg","datePublished":"2018-01-02T09:40:20+00:00","dateModified":"2018-01-02T09:46:09+00:00","author":{"@id":"https:\/\/www.budokampsport.se\/#\/schema\/person\/b908a71d19d66edc50c85c2ce93ecfa8"},"description":"Vi har uppt\u00e4ckt att felaktiga p\u00e5minnelser har g\u00e5tt ut till v\u00e5ra f\u00f6reningar. Felet har intr\u00e4ffat d\u00e5 systemet \u00e4r nytt f\u00f6r i \u00e5r och ni kan bortse fr\u00e5n denna","breadcrumb":{"@id":"https:\/\/www.budokampsport.se\/2018\/01\/02\/paminnelsefaktura-medlemsavgift-2018\/#breadcrumb"},"inLanguage":"sv-SE","potentialAction":[{"@type":"ReadAction","target":["https:\/\/www.budokampsport.se\/2018\/01\/02\/paminnelsefaktura-medlemsavgift-2018\/"]}]},{"@type":"ImageObject","inLanguage":"sv-SE","@id":"https:\/\/www.budokampsport.se\/2018\/01\/02\/paminnelsefaktura-medlemsavgift-2018\/#primaryimage","url":"https:\/\/www.budokampsport.se\/wp-content\/uploads\/2017\/03\/tsuba_notext_cmyk_copy-e1489765726565.jpg","contentUrl":"https:\/\/www.budokampsport.se\/wp-content\/uploads\/2017\/03\/tsuba_notext_cmyk_copy-e1489765726565.jpg","width":400,"height":319},{"@type":"BreadcrumbList","@id":"https:\/\/www.budokampsport.se\/2018\/01\/02\/paminnelsefaktura-medlemsavgift-2018\/#breadcrumb","itemListElement":[{"@type":"ListItem","position":1,"name":"Hem","item":"https:\/\/www.budokampsport.se\/"},{"@type":"ListItem","position":2,"name":"P\u00e5minnelsefaktura f\u00f6r medlemsavgift 2018"}]},{"@type":"WebSite","@id":"https:\/\/www.budokampsport.se\/#website","url":"https:\/\/www.budokampsport.se\/","name":"Svenska Budo &amp; Kampsportsf\u00f6rbundet","description":"T\u00e4vling, Tr\u00e4ning, Tradition","potentialAction":[{"@type":"SearchAction","target":{"@type":"EntryPoint","urlTemplate":"https:\/\/www.budokampsport.se\/?s={search_term_string}"},"query-input":{"@type":"PropertyValueSpecification","valueRequired":true,"valueName":"search_term_string"}}],"inLanguage":"sv-SE"},{"@type":"Person","@id":"https:\/\/www.budokampsport.se\/#\/schema\/person\/b908a71d19d66edc50c85c2ce93ecfa8","name":"Matilda Ritz\u00e9n","image":{"@type":"ImageObject","inLanguage":"sv-SE","@id":"https:\/\/www.budokampsport.se\/#\/schema\/person\/image\/","url":"https:\/\/secure.gravatar.com\/avatar\/b7b14d78eca96b18793155cd487c77df?s=96&d=blank&r=g","contentUrl":"https:\/\/secure.gravatar.com\/avatar\/b7b14d78eca96b18793155cd487c77df?s=96&d=blank&r=g","caption":"Matilda Ritz\u00e9n"},"url":"https:\/\/www.budokampsport.se\/author\/matilda\/"}]}},"_links":{"self":[{"href":"https:\/\/www.budokampsport.se\/api\/wp\/v2\/posts\/60608","targetHints":{"allow":["GET"]}}],"collection":[{"href":"https:\/\/www.budokampsport.se\/api\/wp\/v2\/posts"}],"about":[{"href":"https:\/\/www.budokampsport.se\/api\/wp\/v2\/types\/post"}],"author":[{"embeddable":true,"href":"https:\/\/www.budokampsport.se\/api\/wp\/v2\/users\/8"}],"replies":[{"embeddable":true,"href":"https:\/\/www.budokampsport.se\/api\/wp\/v2\/comments?post=60608"}],"version-history":[{"count":0,"href":"https:\/\/www.budokampsport.se\/api\/wp\/v2\/posts\/60608\/revisions"}],"wp:featuredmedia":[{"embeddable":true,"href":"https:\/\/www.budokampsport.se\/api\/wp\/v2\/media\/41755"}],"wp:attachment":[{"href":"https:\/\/www.budokampsport.se\/api\/wp\/v2\/media?parent=60608"}],"wp:term":[{"taxonomy":"category","embeddable":true,"href":"https:\/\/www.budokampsport.se\/api\/wp\/v2\/categories?post=60608"},{"taxonomy":"post_tag","embeddable":true,"href":"https:\/\/www.budokampsport.se\/api\/wp\/v2\/tags?post=60608"}],"curies":[{"name":"wp","href":"https:\/\/api.w.org\/{rel}","templated":true}]}}