{"id":60839,"date":"2018-01-04T15:36:41","date_gmt":"2018-01-04T14:36:41","guid":{"rendered":"http:\/\/www.budokampsport.se\/?p=60839"},"modified":"2018-03-02T16:20:00","modified_gmt":"2018-03-02T15:20:00","slug":"kallelse-till-arsmote-2018","status":"publish","type":"post","link":"https:\/\/www.budokampsport.se\/2018\/01\/04\/kallelse-till-arsmote-2018\/","title":{"rendered":"Kallelse till \u00e5rsm\u00f6te 2018"},"content":{"rendered":"<p><strong>Kallelse<\/strong><br \/>\nSvenska Budo &amp; Kampsportsf\u00f6rbundet kallar till \u00e5rsm\u00f6te, i stadgarna kallat f\u00f6rbundsst\u00e4mma, den 17 mars 2018 kl. 14.00 p\u00e5 <a href=\"http:\/\/www.wtc.se\/\" target=\"_blank\" rel=\"noopener\">World Trade Center<\/a> i Stockholm. Merparten av underf\u00f6rbunden, 12 av 15, genomf\u00f6r sina \u00e5rsm\u00f6ten p\u00e5 samma plats under f\u00f6rmiddagen.<br \/>\n-&gt; <a href=\"http:\/\/www.budokampsport.se\/wp-content\/uploads\/2018\/01\/Kallelse-till-Forbundsstamman-2018.pdf\" target=\"_blank\" rel=\"noopener\">Kallelse<\/a><\/p>\n<p><strong>Motioner \u2013 15 januari<\/strong><br \/>\nF\u00f6rslag till \u00e4renden att behandlas vid \u00e5rsm\u00f6tet (motioner) f\u00e5r skickas in av f\u00f6reningar anslutna till Svenska Budo &amp; Kampsportsf\u00f6rbundet, underf\u00f6rbunds styrelse samt distriktsf\u00f6rbunds styrelse. Motion ska skriftligen ha inkommit till f\u00f6rbundet senast den 15 januari.<\/p>\n<p><strong>R\u00f6str\u00e4tt \u2013 31 januari<\/strong><br \/>\nR\u00f6str\u00e4tt p\u00e5 \u00e5rsm\u00f6tet har de f\u00f6reningar som rapporterat antalet medlemmar samt betalat medlems- och f\u00f6rs\u00e4kringsavgifter enligt f\u00f6rbundets anvisningar senast den 31 januari. Mer information om medlemsr\u00e4kning f\u00f6r 2018 <a href=\"http:\/\/www.budokampsport.se\/2017\/12\/19\/medlemsrakningar-for-2018\/\">finns h\u00e4r<\/a>.<\/p>\n<p><strong>Nominera till f\u00f6rbundsstyrelsen<\/strong><br \/>\nVill du nominera n\u00e5gon f\u00f6r uppdrag i f\u00f6rbundsstyrelsen g\u00f6r du det till valberedningen. Uppge namn, klubbtillh\u00f6righet och kontaktuppgifter till den som nomineras. Valberedningens arbete underl\u00e4ttas om den som nominerar ocks\u00e5 skriver en kort motivering. Nomineringar skickas till\u00a0<a href=\"mailto:valberedning@budo.se\">valberedning@budo.se<\/a><\/p>\n<p><strong>\u00c5rsm\u00f6teshandlingar \u2013 3 mars<\/strong><br \/>\n\u00c5rsm\u00f6teshandlingar: f\u00f6redragningslista, verksamhets- och f\u00f6rvaltningsber\u00e4ttelser, samt eventuella propositioner (styrelsens f\u00f6rslag) och motioner (medlemmarnas f\u00f6rslag) ska enligt stadgarna publiceras p\u00e5 f\u00f6rbundets hemsida senast 14 dagar f\u00f6re \u00e5rsm\u00f6tet. \u00c5rsm\u00f6teshandlingar publiceras h\u00e4r: F\u00f6rbund -&gt; <a href=\"http:\/\/www.budokampsport.se\/forbund\/arsmoten\/\">\u00c5rsm\u00f6ten<\/a><\/p>\n","protected":false},"excerpt":{"rendered":"<p>Kallelse Svenska Budo &amp; Kampsportsf\u00f6rbundet kallar till \u00e5rsm\u00f6te, i stadgarna [&#8230;]<\/p><br>","protected":false},"author":47,"featured_media":60845,"comment_status":"open","ping_status":"open","sticky":false,"template":"","format":"standard","meta":{"_acf_changed":false,"footnotes":""},"categories":[410],"tags":[],"class_list":["post-60839","post","type-post","status-publish","format-standard","has-post-thumbnail","hentry","category-arsmote"],"acf":[],"yoast_head":"<!-- This site is optimized with the Yoast SEO plugin v26.8 - https:\/\/yoast.com\/product\/yoast-seo-wordpress\/ -->\n<title>Kallelse till \u00e5rsm\u00f6te 2018 - Svenska Budo &amp; Kampsportsf\u00f6rbundet<\/title>\n<meta name=\"description\" content=\"Kallelse Svenska Budo &amp; Kampsportsf\u00f6rbundet kallar till \u00e5rsm\u00f6te, i stadgarna kallat f\u00f6rbundsst\u00e4mma, den 17 mars 2018 kl. 14.00 p\u00e5 World Trade Center i\" \/>\n<meta name=\"robots\" content=\"index, follow, max-snippet:-1, max-image-preview:large, max-video-preview:-1\" \/>\n<link rel=\"canonical\" href=\"https:\/\/www.budokampsport.se\/2018\/01\/04\/kallelse-till-arsmote-2018\/\" \/>\n<meta property=\"og:locale\" content=\"sv_SE\" \/>\n<meta property=\"og:type\" content=\"article\" \/>\n<meta property=\"og:title\" content=\"Kallelse till \u00e5rsm\u00f6te 2018 - Svenska Budo &amp; Kampsportsf\u00f6rbundet\" \/>\n<meta property=\"og:description\" content=\"Kallelse Svenska Budo &amp; Kampsportsf\u00f6rbundet kallar till \u00e5rsm\u00f6te, i stadgarna kallat f\u00f6rbundsst\u00e4mma, den 17 mars 2018 kl. 14.00 p\u00e5 World Trade Center i\" \/>\n<meta property=\"og:url\" content=\"https:\/\/www.budokampsport.se\/2018\/01\/04\/kallelse-till-arsmote-2018\/\" \/>\n<meta property=\"og:site_name\" content=\"Svenska Budo &amp; Kampsportsf\u00f6rbundet\" \/>\n<meta property=\"article:published_time\" content=\"2018-01-04T14:36:41+00:00\" \/>\n<meta property=\"article:modified_time\" content=\"2018-03-02T15:20:00+00:00\" \/>\n<meta property=\"og:image\" content=\"https:\/\/www.budokampsport.se\/wp-content\/uploads\/2018\/01\/Bild-Kallelse-e1624883082262.jpg\" \/>\n\t<meta property=\"og:image:width\" content=\"850\" \/>\n\t<meta property=\"og:image:height\" content=\"427\" \/>\n\t<meta property=\"og:image:type\" content=\"image\/jpeg\" \/>\n<meta name=\"author\" content=\"Sofia Arnbom\" \/>\n<meta name=\"twitter:card\" content=\"summary_large_image\" \/>\n<meta name=\"twitter:label1\" content=\"Skriven av\" \/>\n\t<meta name=\"twitter:data1\" content=\"Sofia Arnbom\" \/>\n\t<meta name=\"twitter:label2\" content=\"Ber\u00e4knad l\u00e4stid\" \/>\n\t<meta name=\"twitter:data2\" content=\"1 minut\" \/>\n<script type=\"application\/ld+json\" class=\"yoast-schema-graph\">{\"@context\":\"https:\/\/schema.org\",\"@graph\":[{\"@type\":\"Article\",\"@id\":\"https:\/\/www.budokampsport.se\/2018\/01\/04\/kallelse-till-arsmote-2018\/#article\",\"isPartOf\":{\"@id\":\"https:\/\/www.budokampsport.se\/2018\/01\/04\/kallelse-till-arsmote-2018\/\"},\"author\":{\"name\":\"Sofia Arnbom\",\"@id\":\"https:\/\/www.budokampsport.se\/#\/schema\/person\/666f754cfbc6f9a83a8c253cd24ad660\"},\"headline\":\"Kallelse till \u00e5rsm\u00f6te 2018\",\"datePublished\":\"2018-01-04T14:36:41+00:00\",\"dateModified\":\"2018-03-02T15:20:00+00:00\",\"mainEntityOfPage\":{\"@id\":\"https:\/\/www.budokampsport.se\/2018\/01\/04\/kallelse-till-arsmote-2018\/\"},\"wordCount\":232,\"commentCount\":0,\"image\":{\"@id\":\"https:\/\/www.budokampsport.se\/2018\/01\/04\/kallelse-till-arsmote-2018\/#primaryimage\"},\"thumbnailUrl\":\"https:\/\/www.budokampsport.se\/wp-content\/uploads\/2018\/01\/Bild-Kallelse-e1624883082262.jpg\",\"articleSection\":[\"\u00c5rsm\u00f6te\"],\"inLanguage\":\"sv-SE\",\"potentialAction\":[{\"@type\":\"CommentAction\",\"name\":\"Comment\",\"target\":[\"https:\/\/www.budokampsport.se\/2018\/01\/04\/kallelse-till-arsmote-2018\/#respond\"]}]},{\"@type\":\"WebPage\",\"@id\":\"https:\/\/www.budokampsport.se\/2018\/01\/04\/kallelse-till-arsmote-2018\/\",\"url\":\"https:\/\/www.budokampsport.se\/2018\/01\/04\/kallelse-till-arsmote-2018\/\",\"name\":\"Kallelse till \u00e5rsm\u00f6te 2018 - Svenska Budo &amp; Kampsportsf\u00f6rbundet\",\"isPartOf\":{\"@id\":\"https:\/\/www.budokampsport.se\/#website\"},\"primaryImageOfPage\":{\"@id\":\"https:\/\/www.budokampsport.se\/2018\/01\/04\/kallelse-till-arsmote-2018\/#primaryimage\"},\"image\":{\"@id\":\"https:\/\/www.budokampsport.se\/2018\/01\/04\/kallelse-till-arsmote-2018\/#primaryimage\"},\"thumbnailUrl\":\"https:\/\/www.budokampsport.se\/wp-content\/uploads\/2018\/01\/Bild-Kallelse-e1624883082262.jpg\",\"datePublished\":\"2018-01-04T14:36:41+00:00\",\"dateModified\":\"2018-03-02T15:20:00+00:00\",\"author\":{\"@id\":\"https:\/\/www.budokampsport.se\/#\/schema\/person\/666f754cfbc6f9a83a8c253cd24ad660\"},\"description\":\"Kallelse Svenska Budo &amp; Kampsportsf\u00f6rbundet kallar till \u00e5rsm\u00f6te, i stadgarna kallat f\u00f6rbundsst\u00e4mma, den 17 mars 2018 kl. 14.00 p\u00e5 World Trade Center i\",\"breadcrumb\":{\"@id\":\"https:\/\/www.budokampsport.se\/2018\/01\/04\/kallelse-till-arsmote-2018\/#breadcrumb\"},\"inLanguage\":\"sv-SE\",\"potentialAction\":[{\"@type\":\"ReadAction\",\"target\":[\"https:\/\/www.budokampsport.se\/2018\/01\/04\/kallelse-till-arsmote-2018\/\"]}]},{\"@type\":\"ImageObject\",\"inLanguage\":\"sv-SE\",\"@id\":\"https:\/\/www.budokampsport.se\/2018\/01\/04\/kallelse-till-arsmote-2018\/#primaryimage\",\"url\":\"https:\/\/www.budokampsport.se\/wp-content\/uploads\/2018\/01\/Bild-Kallelse-e1624883082262.jpg\",\"contentUrl\":\"https:\/\/www.budokampsport.se\/wp-content\/uploads\/2018\/01\/Bild-Kallelse-e1624883082262.jpg\",\"width\":850,\"height\":427},{\"@type\":\"BreadcrumbList\",\"@id\":\"https:\/\/www.budokampsport.se\/2018\/01\/04\/kallelse-till-arsmote-2018\/#breadcrumb\",\"itemListElement\":[{\"@type\":\"ListItem\",\"position\":1,\"name\":\"Hem\",\"item\":\"https:\/\/www.budokampsport.se\/\"},{\"@type\":\"ListItem\",\"position\":2,\"name\":\"Kallelse till \u00e5rsm\u00f6te 2018\"}]},{\"@type\":\"WebSite\",\"@id\":\"https:\/\/www.budokampsport.se\/#website\",\"url\":\"https:\/\/www.budokampsport.se\/\",\"name\":\"Svenska Budo &amp; Kampsportsf\u00f6rbundet\",\"description\":\"T\u00e4vling, Tr\u00e4ning, Tradition\",\"potentialAction\":[{\"@type\":\"SearchAction\",\"target\":{\"@type\":\"EntryPoint\",\"urlTemplate\":\"https:\/\/www.budokampsport.se\/?s={search_term_string}\"},\"query-input\":{\"@type\":\"PropertyValueSpecification\",\"valueRequired\":true,\"valueName\":\"search_term_string\"}}],\"inLanguage\":\"sv-SE\"},{\"@type\":\"Person\",\"@id\":\"https:\/\/www.budokampsport.se\/#\/schema\/person\/666f754cfbc6f9a83a8c253cd24ad660\",\"name\":\"Sofia Arnbom\",\"image\":{\"@type\":\"ImageObject\",\"inLanguage\":\"sv-SE\",\"@id\":\"https:\/\/www.budokampsport.se\/#\/schema\/person\/image\/\",\"url\":\"https:\/\/secure.gravatar.com\/avatar\/a69f673c99635f06ea6cb1eb10ca7e92?s=96&d=blank&r=g\",\"contentUrl\":\"https:\/\/secure.gravatar.com\/avatar\/a69f673c99635f06ea6cb1eb10ca7e92?s=96&d=blank&r=g\",\"caption\":\"Sofia Arnbom\"},\"url\":\"https:\/\/www.budokampsport.se\/author\/sofia-arnbom\/\"}]}<\/script>\n<!-- \/ Yoast SEO plugin. -->","yoast_head_json":{"title":"Kallelse till \u00e5rsm\u00f6te 2018 - Svenska Budo &amp; Kampsportsf\u00f6rbundet","description":"Kallelse Svenska Budo &amp; Kampsportsf\u00f6rbundet kallar till \u00e5rsm\u00f6te, i stadgarna kallat f\u00f6rbundsst\u00e4mma, den 17 mars 2018 kl. 14.00 p\u00e5 World Trade Center i","robots":{"index":"index","follow":"follow","max-snippet":"max-snippet:-1","max-image-preview":"max-image-preview:large","max-video-preview":"max-video-preview:-1"},"canonical":"https:\/\/www.budokampsport.se\/2018\/01\/04\/kallelse-till-arsmote-2018\/","og_locale":"sv_SE","og_type":"article","og_title":"Kallelse till \u00e5rsm\u00f6te 2018 - Svenska Budo &amp; Kampsportsf\u00f6rbundet","og_description":"Kallelse Svenska Budo &amp; Kampsportsf\u00f6rbundet kallar till \u00e5rsm\u00f6te, i stadgarna kallat f\u00f6rbundsst\u00e4mma, den 17 mars 2018 kl. 14.00 p\u00e5 World Trade Center i","og_url":"https:\/\/www.budokampsport.se\/2018\/01\/04\/kallelse-till-arsmote-2018\/","og_site_name":"Svenska Budo &amp; Kampsportsf\u00f6rbundet","article_published_time":"2018-01-04T14:36:41+00:00","article_modified_time":"2018-03-02T15:20:00+00:00","og_image":[{"width":850,"height":427,"url":"https:\/\/www.budokampsport.se\/wp-content\/uploads\/2018\/01\/Bild-Kallelse-e1624883082262.jpg","type":"image\/jpeg"}],"author":"Sofia Arnbom","twitter_card":"summary_large_image","twitter_misc":{"Skriven av":"Sofia Arnbom","Ber\u00e4knad l\u00e4stid":"1 minut"},"schema":{"@context":"https:\/\/schema.org","@graph":[{"@type":"Article","@id":"https:\/\/www.budokampsport.se\/2018\/01\/04\/kallelse-till-arsmote-2018\/#article","isPartOf":{"@id":"https:\/\/www.budokampsport.se\/2018\/01\/04\/kallelse-till-arsmote-2018\/"},"author":{"name":"Sofia Arnbom","@id":"https:\/\/www.budokampsport.se\/#\/schema\/person\/666f754cfbc6f9a83a8c253cd24ad660"},"headline":"Kallelse till \u00e5rsm\u00f6te 2018","datePublished":"2018-01-04T14:36:41+00:00","dateModified":"2018-03-02T15:20:00+00:00","mainEntityOfPage":{"@id":"https:\/\/www.budokampsport.se\/2018\/01\/04\/kallelse-till-arsmote-2018\/"},"wordCount":232,"commentCount":0,"image":{"@id":"https:\/\/www.budokampsport.se\/2018\/01\/04\/kallelse-till-arsmote-2018\/#primaryimage"},"thumbnailUrl":"https:\/\/www.budokampsport.se\/wp-content\/uploads\/2018\/01\/Bild-Kallelse-e1624883082262.jpg","articleSection":["\u00c5rsm\u00f6te"],"inLanguage":"sv-SE","potentialAction":[{"@type":"CommentAction","name":"Comment","target":["https:\/\/www.budokampsport.se\/2018\/01\/04\/kallelse-till-arsmote-2018\/#respond"]}]},{"@type":"WebPage","@id":"https:\/\/www.budokampsport.se\/2018\/01\/04\/kallelse-till-arsmote-2018\/","url":"https:\/\/www.budokampsport.se\/2018\/01\/04\/kallelse-till-arsmote-2018\/","name":"Kallelse till \u00e5rsm\u00f6te 2018 - Svenska Budo &amp; Kampsportsf\u00f6rbundet","isPartOf":{"@id":"https:\/\/www.budokampsport.se\/#website"},"primaryImageOfPage":{"@id":"https:\/\/www.budokampsport.se\/2018\/01\/04\/kallelse-till-arsmote-2018\/#primaryimage"},"image":{"@id":"https:\/\/www.budokampsport.se\/2018\/01\/04\/kallelse-till-arsmote-2018\/#primaryimage"},"thumbnailUrl":"https:\/\/www.budokampsport.se\/wp-content\/uploads\/2018\/01\/Bild-Kallelse-e1624883082262.jpg","datePublished":"2018-01-04T14:36:41+00:00","dateModified":"2018-03-02T15:20:00+00:00","author":{"@id":"https:\/\/www.budokampsport.se\/#\/schema\/person\/666f754cfbc6f9a83a8c253cd24ad660"},"description":"Kallelse Svenska Budo &amp; Kampsportsf\u00f6rbundet kallar till \u00e5rsm\u00f6te, i stadgarna kallat f\u00f6rbundsst\u00e4mma, den 17 mars 2018 kl. 14.00 p\u00e5 World Trade Center i","breadcrumb":{"@id":"https:\/\/www.budokampsport.se\/2018\/01\/04\/kallelse-till-arsmote-2018\/#breadcrumb"},"inLanguage":"sv-SE","potentialAction":[{"@type":"ReadAction","target":["https:\/\/www.budokampsport.se\/2018\/01\/04\/kallelse-till-arsmote-2018\/"]}]},{"@type":"ImageObject","inLanguage":"sv-SE","@id":"https:\/\/www.budokampsport.se\/2018\/01\/04\/kallelse-till-arsmote-2018\/#primaryimage","url":"https:\/\/www.budokampsport.se\/wp-content\/uploads\/2018\/01\/Bild-Kallelse-e1624883082262.jpg","contentUrl":"https:\/\/www.budokampsport.se\/wp-content\/uploads\/2018\/01\/Bild-Kallelse-e1624883082262.jpg","width":850,"height":427},{"@type":"BreadcrumbList","@id":"https:\/\/www.budokampsport.se\/2018\/01\/04\/kallelse-till-arsmote-2018\/#breadcrumb","itemListElement":[{"@type":"ListItem","position":1,"name":"Hem","item":"https:\/\/www.budokampsport.se\/"},{"@type":"ListItem","position":2,"name":"Kallelse till \u00e5rsm\u00f6te 2018"}]},{"@type":"WebSite","@id":"https:\/\/www.budokampsport.se\/#website","url":"https:\/\/www.budokampsport.se\/","name":"Svenska Budo &amp; Kampsportsf\u00f6rbundet","description":"T\u00e4vling, Tr\u00e4ning, Tradition","potentialAction":[{"@type":"SearchAction","target":{"@type":"EntryPoint","urlTemplate":"https:\/\/www.budokampsport.se\/?s={search_term_string}"},"query-input":{"@type":"PropertyValueSpecification","valueRequired":true,"valueName":"search_term_string"}}],"inLanguage":"sv-SE"},{"@type":"Person","@id":"https:\/\/www.budokampsport.se\/#\/schema\/person\/666f754cfbc6f9a83a8c253cd24ad660","name":"Sofia Arnbom","image":{"@type":"ImageObject","inLanguage":"sv-SE","@id":"https:\/\/www.budokampsport.se\/#\/schema\/person\/image\/","url":"https:\/\/secure.gravatar.com\/avatar\/a69f673c99635f06ea6cb1eb10ca7e92?s=96&d=blank&r=g","contentUrl":"https:\/\/secure.gravatar.com\/avatar\/a69f673c99635f06ea6cb1eb10ca7e92?s=96&d=blank&r=g","caption":"Sofia Arnbom"},"url":"https:\/\/www.budokampsport.se\/author\/sofia-arnbom\/"}]}},"_links":{"self":[{"href":"https:\/\/www.budokampsport.se\/api\/wp\/v2\/posts\/60839","targetHints":{"allow":["GET"]}}],"collection":[{"href":"https:\/\/www.budokampsport.se\/api\/wp\/v2\/posts"}],"about":[{"href":"https:\/\/www.budokampsport.se\/api\/wp\/v2\/types\/post"}],"author":[{"embeddable":true,"href":"https:\/\/www.budokampsport.se\/api\/wp\/v2\/users\/47"}],"replies":[{"embeddable":true,"href":"https:\/\/www.budokampsport.se\/api\/wp\/v2\/comments?post=60839"}],"version-history":[{"count":0,"href":"https:\/\/www.budokampsport.se\/api\/wp\/v2\/posts\/60839\/revisions"}],"wp:featuredmedia":[{"embeddable":true,"href":"https:\/\/www.budokampsport.se\/api\/wp\/v2\/media\/60845"}],"wp:attachment":[{"href":"https:\/\/www.budokampsport.se\/api\/wp\/v2\/media?parent=60839"}],"wp:term":[{"taxonomy":"category","embeddable":true,"href":"https:\/\/www.budokampsport.se\/api\/wp\/v2\/categories?post=60839"},{"taxonomy":"post_tag","embeddable":true,"href":"https:\/\/www.budokampsport.se\/api\/wp\/v2\/tags?post=60839"}],"curies":[{"name":"wp","href":"https:\/\/api.w.org\/{rel}","templated":true}]}}