{"id":6089,"date":"2016-11-26T20:43:21","date_gmt":"2016-11-26T19:43:21","guid":{"rendered":"http:\/\/budo.wordpress.dev\/2016\/11\/26\/varldsmastare-holm-ocksa-bast-i-europa\/"},"modified":"2016-12-06T22:40:57","modified_gmt":"2016-12-06T21:40:57","slug":"varldsmastare-holm-ocksa-bast-i-europa","status":"publish","type":"post","link":"https:\/\/www.budokampsport.se\/2016\/11\/26\/varldsmastare-holm-ocksa-bast-i-europa\/","title":{"rendered":"V\u00e4rldsm\u00e4stare Holm ocks\u00e5 b\u00e4st i Europa"},"content":{"rendered":"<p>Cornelia Holm fr\u00e5n G\u00f6teborg \u00e4r en av svensk amat\u00f6r-MMA:s allra st\u00f6rsta stj\u00e4rnor. Och inte blev stj\u00e4rnglansen mindre efter att hon vunnit ocks\u00e5 Europena Open i Prag.<\/p>\n<p>Hon gjorde det via en str\u00e5lande insats \u00f6ver norskan Camilla Mannes i bantamvikten.<br \/>\n&#8211; Jag har jobbat h\u00e5rt f\u00f6r det h\u00e4r. Jag blev glad \u00f6ver att uppfylla b\u00e5de m\u00e5l och delm\u00e5l under detta EM. Ig\u00e5r vann jag p\u00e5 ground and pound, ett delm\u00e5l och idag satte jag en huvudspark som ocks\u00e5 var ett delm\u00e5l f\u00f6r mig.<\/p>\n<p>Annars var Cornelia ett yrv\u00e4der f\u00f6r Mannes som inte alls lyckades komma loss och skapade v\u00e4ldigt futtigt med oreda. Holm var helt enkelt f\u00f6r bra.<br \/>\n&#8211; N\u00e4 men det var en stabil match av mig, jag tyckte att jag hade kontroll tidigt p\u00e5 henne och det gav mig en s\u00e4kerhet i matchen. Det var sjukt sk\u00f6nt att vinna den h\u00e4r matchen och den blev n\u00e4stan s\u00e5 som jag hade velat p\u00e5 f\u00f6rhand.<\/p>\n<p>Cornelia Holm har haft en fantastisk s\u00e4song med VM-guldet i somras och s\u00e5 nu ocks\u00e5 b\u00e4st i Europa bland amat\u00f6rer.<br \/>\n&#8211; Allts\u00e5, n\u00e4r du s\u00e4ger s\u00e5 vill jag n\u00e4stan b\u00f6rja gr\u00e5ta. Det betyder s\u00e5 enormt mycket f\u00f6r mig och jag har k\u00e4mpat f\u00f6r att ta mig hit. Jag \u00e4r v\u00e4ldigt n\u00f6jd med min insats i den h\u00e4r t\u00e4vlingen.<\/p>\n<p>Text och foto: Jonathan Broberg<\/p>\n","protected":false},"excerpt":{"rendered":"<p>Vilket sansl\u00f6st \u00e5r Cornelia Holm har haft. I somras vann hon VM-guld i Las Vegas och f\u00f6r n\u00e5gra minuter sedan vann hon ocks\u00e5 European open, efter att ha besegrat Camilla Mannes fr\u00e5n Norge p\u00e5 enh\u00e4lligt domslut.<br \/><br>\u00a0\u00a0 &#8211; Nu b\u00f6rjar jag n\u00e4stan gr\u00e5ta, s\u00e4ger hon till budokampsport.se.<\/p><br>","protected":false},"author":7,"featured_media":32742,"comment_status":"closed","ping_status":"closed","sticky":false,"template":"","format":"standard","meta":{"_acf_changed":false,"footnotes":""},"categories":[1],"tags":[],"class_list":["post-6089","post","type-post","status-publish","format-standard","has-post-thumbnail","hentry","category-okategoriserade"],"acf":[],"yoast_head":"<!-- This site is optimized with the Yoast SEO plugin v26.8 - https:\/\/yoast.com\/product\/yoast-seo-wordpress\/ -->\n<title>V\u00e4rldsm\u00e4stare Holm ocks\u00e5 b\u00e4st i Europa - Svenska Budo &amp; Kampsportsf\u00f6rbundet<\/title>\n<meta name=\"description\" content=\"Vilket sansl\u00f6st \u00e5r Cornelia Holm har haft. I somras vann hon VM-guld i Las Vegas och f\u00f6r n\u00e5gra minuter sedan vann hon ocks\u00e5 European open, efter att ha besegrat Camilla Mannes fr\u00e5n Norge p\u00e5 enh\u00e4lligt domslut. \u00a0\u00a0 - Nu b\u00f6rjar jag n\u00e4stan gr\u00e5ta, s\u00e4ger hon till budokampsport.se.\" \/>\n<meta name=\"robots\" content=\"index, follow, max-snippet:-1, max-image-preview:large, max-video-preview:-1\" \/>\n<link rel=\"canonical\" href=\"https:\/\/www.budokampsport.se\/2016\/11\/26\/varldsmastare-holm-ocksa-bast-i-europa\/\" \/>\n<meta property=\"og:locale\" content=\"sv_SE\" \/>\n<meta property=\"og:type\" content=\"article\" \/>\n<meta property=\"og:title\" content=\"V\u00e4rldsm\u00e4stare Holm ocks\u00e5 b\u00e4st i Europa - Svenska Budo &amp; Kampsportsf\u00f6rbundet\" \/>\n<meta property=\"og:description\" content=\"Vilket sansl\u00f6st \u00e5r Cornelia Holm har haft. I somras vann hon VM-guld i Las Vegas och f\u00f6r n\u00e5gra minuter sedan vann hon ocks\u00e5 European open, efter att ha besegrat Camilla Mannes fr\u00e5n Norge p\u00e5 enh\u00e4lligt domslut. \u00a0\u00a0 - Nu b\u00f6rjar jag n\u00e4stan gr\u00e5ta, s\u00e4ger hon till budokampsport.se.\" \/>\n<meta property=\"og:url\" content=\"https:\/\/www.budokampsport.se\/2016\/11\/26\/varldsmastare-holm-ocksa-bast-i-europa\/\" \/>\n<meta property=\"og:site_name\" content=\"Svenska Budo &amp; Kampsportsf\u00f6rbundet\" \/>\n<meta property=\"article:author\" content=\"https:\/\/www.facebook.com\/jonathan.broberg.7\" \/>\n<meta property=\"article:published_time\" content=\"2016-11-26T19:43:21+00:00\" \/>\n<meta property=\"article:modified_time\" content=\"2016-12-06T21:40:57+00:00\" \/>\n<meta property=\"og:image\" content=\"https:\/\/www.budokampsport.se\/wp-content\/uploads\/2016\/11\/cornelia_holm_guld.gif\" \/>\n\t<meta property=\"og:image:width\" content=\"435\" \/>\n\t<meta property=\"og:image:height\" content=\"290\" \/>\n\t<meta property=\"og:image:type\" content=\"image\/gif\" \/>\n<meta name=\"author\" content=\"Jonathan Broberg\" \/>\n<meta name=\"twitter:card\" content=\"summary_large_image\" \/>\n<meta name=\"twitter:label1\" content=\"Skriven av\" \/>\n\t<meta name=\"twitter:data1\" content=\"Jonathan Broberg\" \/>\n\t<meta name=\"twitter:label2\" content=\"Ber\u00e4knad l\u00e4stid\" \/>\n\t<meta name=\"twitter:data2\" content=\"1 minut\" \/>\n<script type=\"application\/ld+json\" class=\"yoast-schema-graph\">{\"@context\":\"https:\/\/schema.org\",\"@graph\":[{\"@type\":\"Article\",\"@id\":\"https:\/\/www.budokampsport.se\/2016\/11\/26\/varldsmastare-holm-ocksa-bast-i-europa\/#article\",\"isPartOf\":{\"@id\":\"https:\/\/www.budokampsport.se\/2016\/11\/26\/varldsmastare-holm-ocksa-bast-i-europa\/\"},\"author\":{\"name\":\"Jonathan Broberg\",\"@id\":\"https:\/\/www.budokampsport.se\/#\/schema\/person\/5c06d81d14850e2a8ce5493386560145\"},\"headline\":\"V\u00e4rldsm\u00e4stare Holm ocks\u00e5 b\u00e4st i Europa\",\"datePublished\":\"2016-11-26T19:43:21+00:00\",\"dateModified\":\"2016-12-06T21:40:57+00:00\",\"mainEntityOfPage\":{\"@id\":\"https:\/\/www.budokampsport.se\/2016\/11\/26\/varldsmastare-holm-ocksa-bast-i-europa\/\"},\"wordCount\":268,\"image\":{\"@id\":\"https:\/\/www.budokampsport.se\/2016\/11\/26\/varldsmastare-holm-ocksa-bast-i-europa\/#primaryimage\"},\"thumbnailUrl\":\"https:\/\/www.budokampsport.se\/wp-content\/uploads\/2016\/11\/cornelia_holm_guld.gif\",\"inLanguage\":\"sv-SE\"},{\"@type\":\"WebPage\",\"@id\":\"https:\/\/www.budokampsport.se\/2016\/11\/26\/varldsmastare-holm-ocksa-bast-i-europa\/\",\"url\":\"https:\/\/www.budokampsport.se\/2016\/11\/26\/varldsmastare-holm-ocksa-bast-i-europa\/\",\"name\":\"V\u00e4rldsm\u00e4stare Holm ocks\u00e5 b\u00e4st i Europa - Svenska Budo &amp; Kampsportsf\u00f6rbundet\",\"isPartOf\":{\"@id\":\"https:\/\/www.budokampsport.se\/#website\"},\"primaryImageOfPage\":{\"@id\":\"https:\/\/www.budokampsport.se\/2016\/11\/26\/varldsmastare-holm-ocksa-bast-i-europa\/#primaryimage\"},\"image\":{\"@id\":\"https:\/\/www.budokampsport.se\/2016\/11\/26\/varldsmastare-holm-ocksa-bast-i-europa\/#primaryimage\"},\"thumbnailUrl\":\"https:\/\/www.budokampsport.se\/wp-content\/uploads\/2016\/11\/cornelia_holm_guld.gif\",\"datePublished\":\"2016-11-26T19:43:21+00:00\",\"dateModified\":\"2016-12-06T21:40:57+00:00\",\"author\":{\"@id\":\"https:\/\/www.budokampsport.se\/#\/schema\/person\/5c06d81d14850e2a8ce5493386560145\"},\"description\":\"Vilket sansl\u00f6st \u00e5r Cornelia Holm har haft. I somras vann hon VM-guld i Las Vegas och f\u00f6r n\u00e5gra minuter sedan vann hon ocks\u00e5 European open, efter att ha besegrat Camilla Mannes fr\u00e5n Norge p\u00e5 enh\u00e4lligt domslut. \u00a0\u00a0 - Nu b\u00f6rjar jag n\u00e4stan gr\u00e5ta, s\u00e4ger hon till budokampsport.se.\",\"breadcrumb\":{\"@id\":\"https:\/\/www.budokampsport.se\/2016\/11\/26\/varldsmastare-holm-ocksa-bast-i-europa\/#breadcrumb\"},\"inLanguage\":\"sv-SE\",\"potentialAction\":[{\"@type\":\"ReadAction\",\"target\":[\"https:\/\/www.budokampsport.se\/2016\/11\/26\/varldsmastare-holm-ocksa-bast-i-europa\/\"]}]},{\"@type\":\"ImageObject\",\"inLanguage\":\"sv-SE\",\"@id\":\"https:\/\/www.budokampsport.se\/2016\/11\/26\/varldsmastare-holm-ocksa-bast-i-europa\/#primaryimage\",\"url\":\"https:\/\/www.budokampsport.se\/wp-content\/uploads\/2016\/11\/cornelia_holm_guld.gif\",\"contentUrl\":\"https:\/\/www.budokampsport.se\/wp-content\/uploads\/2016\/11\/cornelia_holm_guld.gif\",\"width\":435,\"height\":290,\"caption\":\"Cornelia Holm efter guldet i EOC\"},{\"@type\":\"BreadcrumbList\",\"@id\":\"https:\/\/www.budokampsport.se\/2016\/11\/26\/varldsmastare-holm-ocksa-bast-i-europa\/#breadcrumb\",\"itemListElement\":[{\"@type\":\"ListItem\",\"position\":1,\"name\":\"Hem\",\"item\":\"https:\/\/www.budokampsport.se\/\"},{\"@type\":\"ListItem\",\"position\":2,\"name\":\"V\u00e4rldsm\u00e4stare Holm ocks\u00e5 b\u00e4st i Europa\"}]},{\"@type\":\"WebSite\",\"@id\":\"https:\/\/www.budokampsport.se\/#website\",\"url\":\"https:\/\/www.budokampsport.se\/\",\"name\":\"Svenska Budo &amp; Kampsportsf\u00f6rbundet\",\"description\":\"T\u00e4vling, Tr\u00e4ning, Tradition\",\"potentialAction\":[{\"@type\":\"SearchAction\",\"target\":{\"@type\":\"EntryPoint\",\"urlTemplate\":\"https:\/\/www.budokampsport.se\/?s={search_term_string}\"},\"query-input\":{\"@type\":\"PropertyValueSpecification\",\"valueRequired\":true,\"valueName\":\"search_term_string\"}}],\"inLanguage\":\"sv-SE\"},{\"@type\":\"Person\",\"@id\":\"https:\/\/www.budokampsport.se\/#\/schema\/person\/5c06d81d14850e2a8ce5493386560145\",\"name\":\"Jonathan Broberg\",\"image\":{\"@type\":\"ImageObject\",\"inLanguage\":\"sv-SE\",\"@id\":\"https:\/\/www.budokampsport.se\/#\/schema\/person\/image\/\",\"url\":\"https:\/\/secure.gravatar.com\/avatar\/a58041c6cea9128bd9c40ee2f26d4136?s=96&d=blank&r=g\",\"contentUrl\":\"https:\/\/secure.gravatar.com\/avatar\/a58041c6cea9128bd9c40ee2f26d4136?s=96&d=blank&r=g\",\"caption\":\"Jonathan Broberg\"},\"sameAs\":[\"https:\/\/www.facebook.com\/jonathan.broberg.7\"],\"url\":\"https:\/\/www.budokampsport.se\/author\/jonathan\/\"}]}<\/script>\n<!-- \/ Yoast SEO plugin. -->","yoast_head_json":{"title":"V\u00e4rldsm\u00e4stare Holm ocks\u00e5 b\u00e4st i Europa - Svenska Budo &amp; Kampsportsf\u00f6rbundet","description":"Vilket sansl\u00f6st \u00e5r Cornelia Holm har haft. I somras vann hon VM-guld i Las Vegas och f\u00f6r n\u00e5gra minuter sedan vann hon ocks\u00e5 European open, efter att ha besegrat Camilla Mannes fr\u00e5n Norge p\u00e5 enh\u00e4lligt domslut. \u00a0\u00a0 - Nu b\u00f6rjar jag n\u00e4stan gr\u00e5ta, s\u00e4ger hon till budokampsport.se.","robots":{"index":"index","follow":"follow","max-snippet":"max-snippet:-1","max-image-preview":"max-image-preview:large","max-video-preview":"max-video-preview:-1"},"canonical":"https:\/\/www.budokampsport.se\/2016\/11\/26\/varldsmastare-holm-ocksa-bast-i-europa\/","og_locale":"sv_SE","og_type":"article","og_title":"V\u00e4rldsm\u00e4stare Holm ocks\u00e5 b\u00e4st i Europa - Svenska Budo &amp; Kampsportsf\u00f6rbundet","og_description":"Vilket sansl\u00f6st \u00e5r Cornelia Holm har haft. I somras vann hon VM-guld i Las Vegas och f\u00f6r n\u00e5gra minuter sedan vann hon ocks\u00e5 European open, efter att ha besegrat Camilla Mannes fr\u00e5n Norge p\u00e5 enh\u00e4lligt domslut. \u00a0\u00a0 - Nu b\u00f6rjar jag n\u00e4stan gr\u00e5ta, s\u00e4ger hon till budokampsport.se.","og_url":"https:\/\/www.budokampsport.se\/2016\/11\/26\/varldsmastare-holm-ocksa-bast-i-europa\/","og_site_name":"Svenska Budo &amp; Kampsportsf\u00f6rbundet","article_author":"https:\/\/www.facebook.com\/jonathan.broberg.7","article_published_time":"2016-11-26T19:43:21+00:00","article_modified_time":"2016-12-06T21:40:57+00:00","og_image":[{"width":435,"height":290,"url":"https:\/\/www.budokampsport.se\/wp-content\/uploads\/2016\/11\/cornelia_holm_guld.gif","type":"image\/gif"}],"author":"Jonathan Broberg","twitter_card":"summary_large_image","twitter_misc":{"Skriven av":"Jonathan Broberg","Ber\u00e4knad l\u00e4stid":"1 minut"},"schema":{"@context":"https:\/\/schema.org","@graph":[{"@type":"Article","@id":"https:\/\/www.budokampsport.se\/2016\/11\/26\/varldsmastare-holm-ocksa-bast-i-europa\/#article","isPartOf":{"@id":"https:\/\/www.budokampsport.se\/2016\/11\/26\/varldsmastare-holm-ocksa-bast-i-europa\/"},"author":{"name":"Jonathan Broberg","@id":"https:\/\/www.budokampsport.se\/#\/schema\/person\/5c06d81d14850e2a8ce5493386560145"},"headline":"V\u00e4rldsm\u00e4stare Holm ocks\u00e5 b\u00e4st i Europa","datePublished":"2016-11-26T19:43:21+00:00","dateModified":"2016-12-06T21:40:57+00:00","mainEntityOfPage":{"@id":"https:\/\/www.budokampsport.se\/2016\/11\/26\/varldsmastare-holm-ocksa-bast-i-europa\/"},"wordCount":268,"image":{"@id":"https:\/\/www.budokampsport.se\/2016\/11\/26\/varldsmastare-holm-ocksa-bast-i-europa\/#primaryimage"},"thumbnailUrl":"https:\/\/www.budokampsport.se\/wp-content\/uploads\/2016\/11\/cornelia_holm_guld.gif","inLanguage":"sv-SE"},{"@type":"WebPage","@id":"https:\/\/www.budokampsport.se\/2016\/11\/26\/varldsmastare-holm-ocksa-bast-i-europa\/","url":"https:\/\/www.budokampsport.se\/2016\/11\/26\/varldsmastare-holm-ocksa-bast-i-europa\/","name":"V\u00e4rldsm\u00e4stare Holm ocks\u00e5 b\u00e4st i Europa - Svenska Budo &amp; Kampsportsf\u00f6rbundet","isPartOf":{"@id":"https:\/\/www.budokampsport.se\/#website"},"primaryImageOfPage":{"@id":"https:\/\/www.budokampsport.se\/2016\/11\/26\/varldsmastare-holm-ocksa-bast-i-europa\/#primaryimage"},"image":{"@id":"https:\/\/www.budokampsport.se\/2016\/11\/26\/varldsmastare-holm-ocksa-bast-i-europa\/#primaryimage"},"thumbnailUrl":"https:\/\/www.budokampsport.se\/wp-content\/uploads\/2016\/11\/cornelia_holm_guld.gif","datePublished":"2016-11-26T19:43:21+00:00","dateModified":"2016-12-06T21:40:57+00:00","author":{"@id":"https:\/\/www.budokampsport.se\/#\/schema\/person\/5c06d81d14850e2a8ce5493386560145"},"description":"Vilket sansl\u00f6st \u00e5r Cornelia Holm har haft. I somras vann hon VM-guld i Las Vegas och f\u00f6r n\u00e5gra minuter sedan vann hon ocks\u00e5 European open, efter att ha besegrat Camilla Mannes fr\u00e5n Norge p\u00e5 enh\u00e4lligt domslut. \u00a0\u00a0 - Nu b\u00f6rjar jag n\u00e4stan gr\u00e5ta, s\u00e4ger hon till budokampsport.se.","breadcrumb":{"@id":"https:\/\/www.budokampsport.se\/2016\/11\/26\/varldsmastare-holm-ocksa-bast-i-europa\/#breadcrumb"},"inLanguage":"sv-SE","potentialAction":[{"@type":"ReadAction","target":["https:\/\/www.budokampsport.se\/2016\/11\/26\/varldsmastare-holm-ocksa-bast-i-europa\/"]}]},{"@type":"ImageObject","inLanguage":"sv-SE","@id":"https:\/\/www.budokampsport.se\/2016\/11\/26\/varldsmastare-holm-ocksa-bast-i-europa\/#primaryimage","url":"https:\/\/www.budokampsport.se\/wp-content\/uploads\/2016\/11\/cornelia_holm_guld.gif","contentUrl":"https:\/\/www.budokampsport.se\/wp-content\/uploads\/2016\/11\/cornelia_holm_guld.gif","width":435,"height":290,"caption":"Cornelia Holm efter guldet i EOC"},{"@type":"BreadcrumbList","@id":"https:\/\/www.budokampsport.se\/2016\/11\/26\/varldsmastare-holm-ocksa-bast-i-europa\/#breadcrumb","itemListElement":[{"@type":"ListItem","position":1,"name":"Hem","item":"https:\/\/www.budokampsport.se\/"},{"@type":"ListItem","position":2,"name":"V\u00e4rldsm\u00e4stare Holm ocks\u00e5 b\u00e4st i Europa"}]},{"@type":"WebSite","@id":"https:\/\/www.budokampsport.se\/#website","url":"https:\/\/www.budokampsport.se\/","name":"Svenska Budo &amp; Kampsportsf\u00f6rbundet","description":"T\u00e4vling, Tr\u00e4ning, Tradition","potentialAction":[{"@type":"SearchAction","target":{"@type":"EntryPoint","urlTemplate":"https:\/\/www.budokampsport.se\/?s={search_term_string}"},"query-input":{"@type":"PropertyValueSpecification","valueRequired":true,"valueName":"search_term_string"}}],"inLanguage":"sv-SE"},{"@type":"Person","@id":"https:\/\/www.budokampsport.se\/#\/schema\/person\/5c06d81d14850e2a8ce5493386560145","name":"Jonathan Broberg","image":{"@type":"ImageObject","inLanguage":"sv-SE","@id":"https:\/\/www.budokampsport.se\/#\/schema\/person\/image\/","url":"https:\/\/secure.gravatar.com\/avatar\/a58041c6cea9128bd9c40ee2f26d4136?s=96&d=blank&r=g","contentUrl":"https:\/\/secure.gravatar.com\/avatar\/a58041c6cea9128bd9c40ee2f26d4136?s=96&d=blank&r=g","caption":"Jonathan Broberg"},"sameAs":["https:\/\/www.facebook.com\/jonathan.broberg.7"],"url":"https:\/\/www.budokampsport.se\/author\/jonathan\/"}]}},"_links":{"self":[{"href":"https:\/\/www.budokampsport.se\/api\/wp\/v2\/posts\/6089","targetHints":{"allow":["GET"]}}],"collection":[{"href":"https:\/\/www.budokampsport.se\/api\/wp\/v2\/posts"}],"about":[{"href":"https:\/\/www.budokampsport.se\/api\/wp\/v2\/types\/post"}],"author":[{"embeddable":true,"href":"https:\/\/www.budokampsport.se\/api\/wp\/v2\/users\/7"}],"replies":[{"embeddable":true,"href":"https:\/\/www.budokampsport.se\/api\/wp\/v2\/comments?post=6089"}],"version-history":[{"count":0,"href":"https:\/\/www.budokampsport.se\/api\/wp\/v2\/posts\/6089\/revisions"}],"wp:featuredmedia":[{"embeddable":true,"href":"https:\/\/www.budokampsport.se\/api\/wp\/v2\/media\/32742"}],"wp:attachment":[{"href":"https:\/\/www.budokampsport.se\/api\/wp\/v2\/media?parent=6089"}],"wp:term":[{"taxonomy":"category","embeddable":true,"href":"https:\/\/www.budokampsport.se\/api\/wp\/v2\/categories?post=6089"},{"taxonomy":"post_tag","embeddable":true,"href":"https:\/\/www.budokampsport.se\/api\/wp\/v2\/tags?post=6089"}],"curies":[{"name":"wp","href":"https:\/\/api.w.org\/{rel}","templated":true}]}}