{"id":6094,"date":"2016-11-29T14:43:09","date_gmt":"2016-11-29T13:43:09","guid":{"rendered":"http:\/\/budo.wordpress.dev\/2016\/11\/29\/ny-hemsida-lanseras-budokampsport-senere-under-torsdag-och-fredag\/"},"modified":"2016-12-06T22:40:57","modified_gmt":"2016-12-06T21:40:57","slug":"ny-hemsida-lanseras-budokampsport-senere-under-torsdag-och-fredag","status":"publish","type":"post","link":"https:\/\/www.budokampsport.se\/2016\/11\/29\/ny-hemsida-lanseras-budokampsport-senere-under-torsdag-och-fredag\/","title":{"rendered":"Ny hemsida lanseras \u2013 budokampsport.se nere under torsdag och fredag"},"content":{"rendered":"<p>I samband med lanseringen kommer vi beh\u00f6va g\u00f6ra\u00a0budokampsport.se\u00a0on\u00e5bar under torsdag och fredag. Om ni vet att ni m\u00e5ste ha t\u00e4vlingskort till helgen uppmanar vi er att skicka era ans\u00f6kningar omedelbart.<\/p>\n<p><!--break--><\/p>\n","protected":false},"excerpt":{"rendered":"<p>Nu \u00e4r det \u00e4ntligen dags att lansera nya\u00a0budokampsport.se. En hemsida som kommer vara responsiv, det vill s\u00e4ga att den kommer anpassa formatet till mobil och surfplattor, och den kommer att ha en hel del nya funktioner.<\/p><br>","protected":false},"author":7,"featured_media":36107,"comment_status":"closed","ping_status":"closed","sticky":false,"template":"","format":"standard","meta":{"_acf_changed":false,"footnotes":""},"categories":[1],"tags":[],"class_list":["post-6094","post","type-post","status-publish","format-standard","has-post-thumbnail","hentry","category-okategoriserade"],"acf":[],"yoast_head":"<!-- This site is optimized with the Yoast SEO plugin v26.8 - https:\/\/yoast.com\/product\/yoast-seo-wordpress\/ -->\n<title>Ny hemsida lanseras \u2013 budokampsport.se nere under torsdag och fredag - Svenska Budo &amp; Kampsportsf\u00f6rbundet<\/title>\n<meta name=\"description\" content=\"Nu \u00e4r det \u00e4ntligen dags att lansera nya\u00a0budokampsport.se. En hemsida som kommer vara responsiv, det vill s\u00e4ga att den kommer anpassa formatet till mobil och surfplattor, och den kommer att ha en hel del nya funktioner.\" \/>\n<meta name=\"robots\" content=\"index, follow, max-snippet:-1, max-image-preview:large, max-video-preview:-1\" \/>\n<link rel=\"canonical\" href=\"https:\/\/www.budokampsport.se\/2016\/11\/29\/ny-hemsida-lanseras-budokampsport-senere-under-torsdag-och-fredag\/\" \/>\n<meta property=\"og:locale\" content=\"sv_SE\" \/>\n<meta property=\"og:type\" content=\"article\" \/>\n<meta property=\"og:title\" content=\"Ny hemsida lanseras \u2013 budokampsport.se nere under torsdag och fredag - Svenska Budo &amp; Kampsportsf\u00f6rbundet\" \/>\n<meta property=\"og:description\" content=\"Nu \u00e4r det \u00e4ntligen dags att lansera nya\u00a0budokampsport.se. En hemsida som kommer vara responsiv, det vill s\u00e4ga att den kommer anpassa formatet till mobil och surfplattor, och den kommer att ha en hel del nya funktioner.\" \/>\n<meta property=\"og:url\" content=\"https:\/\/www.budokampsport.se\/2016\/11\/29\/ny-hemsida-lanseras-budokampsport-senere-under-torsdag-och-fredag\/\" \/>\n<meta property=\"og:site_name\" content=\"Svenska Budo &amp; Kampsportsf\u00f6rbundet\" \/>\n<meta property=\"article:author\" content=\"https:\/\/www.facebook.com\/jonathan.broberg.7\" \/>\n<meta property=\"article:published_time\" content=\"2016-11-29T13:43:09+00:00\" \/>\n<meta property=\"article:modified_time\" content=\"2016-12-06T21:40:57+00:00\" \/>\n<meta property=\"og:image\" content=\"https:\/\/www.budokampsport.se\/wp-content\/uploads\/2016\/11\/hemsida.jpg\" \/>\n\t<meta property=\"og:image:width\" content=\"850\" \/>\n\t<meta property=\"og:image:height\" content=\"433\" \/>\n\t<meta property=\"og:image:type\" content=\"image\/jpeg\" \/>\n<meta name=\"author\" content=\"Jonathan Broberg\" \/>\n<meta name=\"twitter:card\" content=\"summary_large_image\" \/>\n<meta name=\"twitter:label1\" content=\"Skriven av\" \/>\n\t<meta name=\"twitter:data1\" content=\"Jonathan Broberg\" \/>\n<script type=\"application\/ld+json\" class=\"yoast-schema-graph\">{\"@context\":\"https:\/\/schema.org\",\"@graph\":[{\"@type\":\"Article\",\"@id\":\"https:\/\/www.budokampsport.se\/2016\/11\/29\/ny-hemsida-lanseras-budokampsport-senere-under-torsdag-och-fredag\/#article\",\"isPartOf\":{\"@id\":\"https:\/\/www.budokampsport.se\/2016\/11\/29\/ny-hemsida-lanseras-budokampsport-senere-under-torsdag-och-fredag\/\"},\"author\":{\"name\":\"Jonathan Broberg\",\"@id\":\"https:\/\/www.budokampsport.se\/#\/schema\/person\/5c06d81d14850e2a8ce5493386560145\"},\"headline\":\"Ny hemsida lanseras \u2013 budokampsport.se nere under torsdag och fredag\",\"datePublished\":\"2016-11-29T13:43:09+00:00\",\"dateModified\":\"2016-12-06T21:40:57+00:00\",\"mainEntityOfPage\":{\"@id\":\"https:\/\/www.budokampsport.se\/2016\/11\/29\/ny-hemsida-lanseras-budokampsport-senere-under-torsdag-och-fredag\/\"},\"wordCount\":49,\"image\":{\"@id\":\"https:\/\/www.budokampsport.se\/2016\/11\/29\/ny-hemsida-lanseras-budokampsport-senere-under-torsdag-och-fredag\/#primaryimage\"},\"thumbnailUrl\":\"https:\/\/www.budokampsport.se\/wp-content\/uploads\/2016\/11\/hemsida.jpg\",\"inLanguage\":\"sv-SE\"},{\"@type\":\"WebPage\",\"@id\":\"https:\/\/www.budokampsport.se\/2016\/11\/29\/ny-hemsida-lanseras-budokampsport-senere-under-torsdag-och-fredag\/\",\"url\":\"https:\/\/www.budokampsport.se\/2016\/11\/29\/ny-hemsida-lanseras-budokampsport-senere-under-torsdag-och-fredag\/\",\"name\":\"Ny hemsida lanseras \u2013 budokampsport.se nere under torsdag och fredag - Svenska Budo &amp; Kampsportsf\u00f6rbundet\",\"isPartOf\":{\"@id\":\"https:\/\/www.budokampsport.se\/#website\"},\"primaryImageOfPage\":{\"@id\":\"https:\/\/www.budokampsport.se\/2016\/11\/29\/ny-hemsida-lanseras-budokampsport-senere-under-torsdag-och-fredag\/#primaryimage\"},\"image\":{\"@id\":\"https:\/\/www.budokampsport.se\/2016\/11\/29\/ny-hemsida-lanseras-budokampsport-senere-under-torsdag-och-fredag\/#primaryimage\"},\"thumbnailUrl\":\"https:\/\/www.budokampsport.se\/wp-content\/uploads\/2016\/11\/hemsida.jpg\",\"datePublished\":\"2016-11-29T13:43:09+00:00\",\"dateModified\":\"2016-12-06T21:40:57+00:00\",\"author\":{\"@id\":\"https:\/\/www.budokampsport.se\/#\/schema\/person\/5c06d81d14850e2a8ce5493386560145\"},\"description\":\"Nu \u00e4r det \u00e4ntligen dags att lansera nya\u00a0budokampsport.se. En hemsida som kommer vara responsiv, det vill s\u00e4ga att den kommer anpassa formatet till mobil och surfplattor, och den kommer att ha en hel del nya funktioner.\",\"breadcrumb\":{\"@id\":\"https:\/\/www.budokampsport.se\/2016\/11\/29\/ny-hemsida-lanseras-budokampsport-senere-under-torsdag-och-fredag\/#breadcrumb\"},\"inLanguage\":\"sv-SE\",\"potentialAction\":[{\"@type\":\"ReadAction\",\"target\":[\"https:\/\/www.budokampsport.se\/2016\/11\/29\/ny-hemsida-lanseras-budokampsport-senere-under-torsdag-och-fredag\/\"]}]},{\"@type\":\"ImageObject\",\"inLanguage\":\"sv-SE\",\"@id\":\"https:\/\/www.budokampsport.se\/2016\/11\/29\/ny-hemsida-lanseras-budokampsport-senere-under-torsdag-och-fredag\/#primaryimage\",\"url\":\"https:\/\/www.budokampsport.se\/wp-content\/uploads\/2016\/11\/hemsida.jpg\",\"contentUrl\":\"https:\/\/www.budokampsport.se\/wp-content\/uploads\/2016\/11\/hemsida.jpg\",\"width\":850,\"height\":433},{\"@type\":\"BreadcrumbList\",\"@id\":\"https:\/\/www.budokampsport.se\/2016\/11\/29\/ny-hemsida-lanseras-budokampsport-senere-under-torsdag-och-fredag\/#breadcrumb\",\"itemListElement\":[{\"@type\":\"ListItem\",\"position\":1,\"name\":\"Hem\",\"item\":\"https:\/\/www.budokampsport.se\/\"},{\"@type\":\"ListItem\",\"position\":2,\"name\":\"Ny hemsida lanseras \u2013 budokampsport.se nere under torsdag och fredag\"}]},{\"@type\":\"WebSite\",\"@id\":\"https:\/\/www.budokampsport.se\/#website\",\"url\":\"https:\/\/www.budokampsport.se\/\",\"name\":\"Svenska Budo &amp; Kampsportsf\u00f6rbundet\",\"description\":\"T\u00e4vling, Tr\u00e4ning, Tradition\",\"potentialAction\":[{\"@type\":\"SearchAction\",\"target\":{\"@type\":\"EntryPoint\",\"urlTemplate\":\"https:\/\/www.budokampsport.se\/?s={search_term_string}\"},\"query-input\":{\"@type\":\"PropertyValueSpecification\",\"valueRequired\":true,\"valueName\":\"search_term_string\"}}],\"inLanguage\":\"sv-SE\"},{\"@type\":\"Person\",\"@id\":\"https:\/\/www.budokampsport.se\/#\/schema\/person\/5c06d81d14850e2a8ce5493386560145\",\"name\":\"Jonathan Broberg\",\"image\":{\"@type\":\"ImageObject\",\"inLanguage\":\"sv-SE\",\"@id\":\"https:\/\/www.budokampsport.se\/#\/schema\/person\/image\/\",\"url\":\"https:\/\/secure.gravatar.com\/avatar\/a58041c6cea9128bd9c40ee2f26d4136?s=96&d=blank&r=g\",\"contentUrl\":\"https:\/\/secure.gravatar.com\/avatar\/a58041c6cea9128bd9c40ee2f26d4136?s=96&d=blank&r=g\",\"caption\":\"Jonathan Broberg\"},\"sameAs\":[\"https:\/\/www.facebook.com\/jonathan.broberg.7\"],\"url\":\"https:\/\/www.budokampsport.se\/author\/jonathan\/\"}]}<\/script>\n<!-- \/ Yoast SEO plugin. -->","yoast_head_json":{"title":"Ny hemsida lanseras \u2013 budokampsport.se nere under torsdag och fredag - Svenska Budo &amp; Kampsportsf\u00f6rbundet","description":"Nu \u00e4r det \u00e4ntligen dags att lansera nya\u00a0budokampsport.se. En hemsida som kommer vara responsiv, det vill s\u00e4ga att den kommer anpassa formatet till mobil och surfplattor, och den kommer att ha en hel del nya funktioner.","robots":{"index":"index","follow":"follow","max-snippet":"max-snippet:-1","max-image-preview":"max-image-preview:large","max-video-preview":"max-video-preview:-1"},"canonical":"https:\/\/www.budokampsport.se\/2016\/11\/29\/ny-hemsida-lanseras-budokampsport-senere-under-torsdag-och-fredag\/","og_locale":"sv_SE","og_type":"article","og_title":"Ny hemsida lanseras \u2013 budokampsport.se nere under torsdag och fredag - Svenska Budo &amp; Kampsportsf\u00f6rbundet","og_description":"Nu \u00e4r det \u00e4ntligen dags att lansera nya\u00a0budokampsport.se. En hemsida som kommer vara responsiv, det vill s\u00e4ga att den kommer anpassa formatet till mobil och surfplattor, och den kommer att ha en hel del nya funktioner.","og_url":"https:\/\/www.budokampsport.se\/2016\/11\/29\/ny-hemsida-lanseras-budokampsport-senere-under-torsdag-och-fredag\/","og_site_name":"Svenska Budo &amp; Kampsportsf\u00f6rbundet","article_author":"https:\/\/www.facebook.com\/jonathan.broberg.7","article_published_time":"2016-11-29T13:43:09+00:00","article_modified_time":"2016-12-06T21:40:57+00:00","og_image":[{"width":850,"height":433,"url":"https:\/\/www.budokampsport.se\/wp-content\/uploads\/2016\/11\/hemsida.jpg","type":"image\/jpeg"}],"author":"Jonathan Broberg","twitter_card":"summary_large_image","twitter_misc":{"Skriven av":"Jonathan Broberg"},"schema":{"@context":"https:\/\/schema.org","@graph":[{"@type":"Article","@id":"https:\/\/www.budokampsport.se\/2016\/11\/29\/ny-hemsida-lanseras-budokampsport-senere-under-torsdag-och-fredag\/#article","isPartOf":{"@id":"https:\/\/www.budokampsport.se\/2016\/11\/29\/ny-hemsida-lanseras-budokampsport-senere-under-torsdag-och-fredag\/"},"author":{"name":"Jonathan Broberg","@id":"https:\/\/www.budokampsport.se\/#\/schema\/person\/5c06d81d14850e2a8ce5493386560145"},"headline":"Ny hemsida lanseras \u2013 budokampsport.se nere under torsdag och fredag","datePublished":"2016-11-29T13:43:09+00:00","dateModified":"2016-12-06T21:40:57+00:00","mainEntityOfPage":{"@id":"https:\/\/www.budokampsport.se\/2016\/11\/29\/ny-hemsida-lanseras-budokampsport-senere-under-torsdag-och-fredag\/"},"wordCount":49,"image":{"@id":"https:\/\/www.budokampsport.se\/2016\/11\/29\/ny-hemsida-lanseras-budokampsport-senere-under-torsdag-och-fredag\/#primaryimage"},"thumbnailUrl":"https:\/\/www.budokampsport.se\/wp-content\/uploads\/2016\/11\/hemsida.jpg","inLanguage":"sv-SE"},{"@type":"WebPage","@id":"https:\/\/www.budokampsport.se\/2016\/11\/29\/ny-hemsida-lanseras-budokampsport-senere-under-torsdag-och-fredag\/","url":"https:\/\/www.budokampsport.se\/2016\/11\/29\/ny-hemsida-lanseras-budokampsport-senere-under-torsdag-och-fredag\/","name":"Ny hemsida lanseras \u2013 budokampsport.se nere under torsdag och fredag - Svenska Budo &amp; Kampsportsf\u00f6rbundet","isPartOf":{"@id":"https:\/\/www.budokampsport.se\/#website"},"primaryImageOfPage":{"@id":"https:\/\/www.budokampsport.se\/2016\/11\/29\/ny-hemsida-lanseras-budokampsport-senere-under-torsdag-och-fredag\/#primaryimage"},"image":{"@id":"https:\/\/www.budokampsport.se\/2016\/11\/29\/ny-hemsida-lanseras-budokampsport-senere-under-torsdag-och-fredag\/#primaryimage"},"thumbnailUrl":"https:\/\/www.budokampsport.se\/wp-content\/uploads\/2016\/11\/hemsida.jpg","datePublished":"2016-11-29T13:43:09+00:00","dateModified":"2016-12-06T21:40:57+00:00","author":{"@id":"https:\/\/www.budokampsport.se\/#\/schema\/person\/5c06d81d14850e2a8ce5493386560145"},"description":"Nu \u00e4r det \u00e4ntligen dags att lansera nya\u00a0budokampsport.se. En hemsida som kommer vara responsiv, det vill s\u00e4ga att den kommer anpassa formatet till mobil och surfplattor, och den kommer att ha en hel del nya funktioner.","breadcrumb":{"@id":"https:\/\/www.budokampsport.se\/2016\/11\/29\/ny-hemsida-lanseras-budokampsport-senere-under-torsdag-och-fredag\/#breadcrumb"},"inLanguage":"sv-SE","potentialAction":[{"@type":"ReadAction","target":["https:\/\/www.budokampsport.se\/2016\/11\/29\/ny-hemsida-lanseras-budokampsport-senere-under-torsdag-och-fredag\/"]}]},{"@type":"ImageObject","inLanguage":"sv-SE","@id":"https:\/\/www.budokampsport.se\/2016\/11\/29\/ny-hemsida-lanseras-budokampsport-senere-under-torsdag-och-fredag\/#primaryimage","url":"https:\/\/www.budokampsport.se\/wp-content\/uploads\/2016\/11\/hemsida.jpg","contentUrl":"https:\/\/www.budokampsport.se\/wp-content\/uploads\/2016\/11\/hemsida.jpg","width":850,"height":433},{"@type":"BreadcrumbList","@id":"https:\/\/www.budokampsport.se\/2016\/11\/29\/ny-hemsida-lanseras-budokampsport-senere-under-torsdag-och-fredag\/#breadcrumb","itemListElement":[{"@type":"ListItem","position":1,"name":"Hem","item":"https:\/\/www.budokampsport.se\/"},{"@type":"ListItem","position":2,"name":"Ny hemsida lanseras \u2013 budokampsport.se nere under torsdag och fredag"}]},{"@type":"WebSite","@id":"https:\/\/www.budokampsport.se\/#website","url":"https:\/\/www.budokampsport.se\/","name":"Svenska Budo &amp; Kampsportsf\u00f6rbundet","description":"T\u00e4vling, Tr\u00e4ning, Tradition","potentialAction":[{"@type":"SearchAction","target":{"@type":"EntryPoint","urlTemplate":"https:\/\/www.budokampsport.se\/?s={search_term_string}"},"query-input":{"@type":"PropertyValueSpecification","valueRequired":true,"valueName":"search_term_string"}}],"inLanguage":"sv-SE"},{"@type":"Person","@id":"https:\/\/www.budokampsport.se\/#\/schema\/person\/5c06d81d14850e2a8ce5493386560145","name":"Jonathan Broberg","image":{"@type":"ImageObject","inLanguage":"sv-SE","@id":"https:\/\/www.budokampsport.se\/#\/schema\/person\/image\/","url":"https:\/\/secure.gravatar.com\/avatar\/a58041c6cea9128bd9c40ee2f26d4136?s=96&d=blank&r=g","contentUrl":"https:\/\/secure.gravatar.com\/avatar\/a58041c6cea9128bd9c40ee2f26d4136?s=96&d=blank&r=g","caption":"Jonathan Broberg"},"sameAs":["https:\/\/www.facebook.com\/jonathan.broberg.7"],"url":"https:\/\/www.budokampsport.se\/author\/jonathan\/"}]}},"_links":{"self":[{"href":"https:\/\/www.budokampsport.se\/api\/wp\/v2\/posts\/6094","targetHints":{"allow":["GET"]}}],"collection":[{"href":"https:\/\/www.budokampsport.se\/api\/wp\/v2\/posts"}],"about":[{"href":"https:\/\/www.budokampsport.se\/api\/wp\/v2\/types\/post"}],"author":[{"embeddable":true,"href":"https:\/\/www.budokampsport.se\/api\/wp\/v2\/users\/7"}],"replies":[{"embeddable":true,"href":"https:\/\/www.budokampsport.se\/api\/wp\/v2\/comments?post=6094"}],"version-history":[{"count":0,"href":"https:\/\/www.budokampsport.se\/api\/wp\/v2\/posts\/6094\/revisions"}],"wp:featuredmedia":[{"embeddable":true,"href":"https:\/\/www.budokampsport.se\/api\/wp\/v2\/media\/36107"}],"wp:attachment":[{"href":"https:\/\/www.budokampsport.se\/api\/wp\/v2\/media?parent=6094"}],"wp:term":[{"taxonomy":"category","embeddable":true,"href":"https:\/\/www.budokampsport.se\/api\/wp\/v2\/categories?post=6094"},{"taxonomy":"post_tag","embeddable":true,"href":"https:\/\/www.budokampsport.se\/api\/wp\/v2\/tags?post=6094"}],"curies":[{"name":"wp","href":"https:\/\/api.w.org\/{rel}","templated":true}]}}