{"id":61984,"date":"2018-01-17T15:45:28","date_gmt":"2018-01-17T14:45:28","guid":{"rendered":"http:\/\/www.budokampsport.se\/?p=61984"},"modified":"2018-01-17T15:47:02","modified_gmt":"2018-01-17T14:47:02","slug":"jennifer-granelius-tog-em-guld","status":"publish","type":"post","link":"https:\/\/www.budokampsport.se\/2018\/01\/17\/jennifer-granelius-tog-em-guld\/","title":{"rendered":"Jennifer Granelius tog BJJ-guld"},"content":{"rendered":"<p><span style=\"font-size: 14pt;\">De europeiska m\u00e4sterskapen i BJJ har inletts i Lissabon, Portugal. En av de som tog sig h\u00f6gst upp p\u00e5 pallen var vitb\u00e4ltaren Jennifer Granelius fr\u00e5n Uppsala som vann finalen \u00f6ver Ciara Keogh fr\u00e5n Irland.<\/span><\/p>\n<p>&#8211; <em>Jag k\u00e4nde mig v\u00e4ldigt best\u00e4md och uppladdad. Hade fokuserat mycket p\u00e5 nedtagningar veckorna innan vi \u00e5kte och det var slutligen det som avgjorde finalmatchen d\u00e5 jag vann p\u00e5 po\u00e4ng. \u00c4r enormt tacksam till mina v\u00e4nner, min familj och min coach som st\u00f6ttat<\/em>, ber\u00e4ttar Jennifer Granelius f\u00f6r budokampsport.se<\/p>\n<p>Text: Annie Bondefelt<br \/>\nFoto:\u00a0Shinwar Nadiri<\/p>\n<p>&nbsp;<\/p>\n","protected":false},"excerpt":{"rendered":"<p>De europeiska m\u00e4sterskapen i BJJ har inletts i Lissabon, Portugal. [&#8230;]<\/p><br>","protected":false},"author":120,"featured_media":61985,"comment_status":"open","ping_status":"open","sticky":false,"template":"","format":"standard","meta":{"_acf_changed":false,"footnotes":""},"categories":[1],"tags":[],"class_list":["post-61984","post","type-post","status-publish","format-standard","has-post-thumbnail","hentry","category-okategoriserade"],"acf":[],"yoast_head":"<!-- This site is optimized with the Yoast SEO plugin v26.8 - https:\/\/yoast.com\/product\/yoast-seo-wordpress\/ -->\n<title>Jennifer Granelius tog BJJ-guld - Svenska Budo &amp; Kampsportsf\u00f6rbundet<\/title>\n<meta name=\"description\" content=\"De europeiska m\u00e4sterskapen i BJJ har inletts i Lissabon, Portugal. En av de som tog sig h\u00f6gst upp p\u00e5 pallen var vitb\u00e4ltaren Jennifer Granelius fr\u00e5n\" \/>\n<meta name=\"robots\" content=\"index, follow, max-snippet:-1, max-image-preview:large, max-video-preview:-1\" \/>\n<link rel=\"canonical\" href=\"https:\/\/www.budokampsport.se\/2018\/01\/17\/jennifer-granelius-tog-em-guld\/\" \/>\n<meta property=\"og:locale\" content=\"sv_SE\" \/>\n<meta property=\"og:type\" content=\"article\" \/>\n<meta property=\"og:title\" content=\"Jennifer Granelius tog BJJ-guld - Svenska Budo &amp; Kampsportsf\u00f6rbundet\" \/>\n<meta property=\"og:description\" content=\"De europeiska m\u00e4sterskapen i BJJ har inletts i Lissabon, Portugal. En av de som tog sig h\u00f6gst upp p\u00e5 pallen var vitb\u00e4ltaren Jennifer Granelius fr\u00e5n\" \/>\n<meta property=\"og:url\" content=\"https:\/\/www.budokampsport.se\/2018\/01\/17\/jennifer-granelius-tog-em-guld\/\" \/>\n<meta property=\"og:site_name\" content=\"Svenska Budo &amp; Kampsportsf\u00f6rbundet\" \/>\n<meta property=\"article:published_time\" content=\"2018-01-17T14:45:28+00:00\" \/>\n<meta property=\"article:modified_time\" content=\"2018-01-17T14:47:02+00:00\" \/>\n<meta property=\"og:image\" content=\"https:\/\/www.budokampsport.se\/wp-content\/uploads\/2018\/01\/jennifer-e1624883192633.jpg\" \/>\n\t<meta property=\"og:image:width\" content=\"850\" \/>\n\t<meta property=\"og:image:height\" content=\"577\" \/>\n\t<meta property=\"og:image:type\" content=\"image\/jpeg\" \/>\n<meta name=\"author\" content=\"Annie Carriage\" \/>\n<meta name=\"twitter:card\" content=\"summary_large_image\" \/>\n<meta name=\"twitter:label1\" content=\"Skriven av\" \/>\n\t<meta name=\"twitter:data1\" content=\"Annie Carriage\" \/>\n\t<meta name=\"twitter:label2\" content=\"Ber\u00e4knad l\u00e4stid\" \/>\n\t<meta name=\"twitter:data2\" content=\"1 minut\" \/>\n<script type=\"application\/ld+json\" class=\"yoast-schema-graph\">{\"@context\":\"https:\/\/schema.org\",\"@graph\":[{\"@type\":\"Article\",\"@id\":\"https:\/\/www.budokampsport.se\/2018\/01\/17\/jennifer-granelius-tog-em-guld\/#article\",\"isPartOf\":{\"@id\":\"https:\/\/www.budokampsport.se\/2018\/01\/17\/jennifer-granelius-tog-em-guld\/\"},\"author\":{\"name\":\"Annie Carriage\",\"@id\":\"https:\/\/www.budokampsport.se\/#\/schema\/person\/c838cace8171f692e363fde3f38f208b\"},\"headline\":\"Jennifer Granelius tog BJJ-guld\",\"datePublished\":\"2018-01-17T14:45:28+00:00\",\"dateModified\":\"2018-01-17T14:47:02+00:00\",\"mainEntityOfPage\":{\"@id\":\"https:\/\/www.budokampsport.se\/2018\/01\/17\/jennifer-granelius-tog-em-guld\/\"},\"wordCount\":107,\"commentCount\":0,\"image\":{\"@id\":\"https:\/\/www.budokampsport.se\/2018\/01\/17\/jennifer-granelius-tog-em-guld\/#primaryimage\"},\"thumbnailUrl\":\"https:\/\/www.budokampsport.se\/wp-content\/uploads\/2018\/01\/jennifer-e1624883192633.jpg\",\"inLanguage\":\"sv-SE\",\"potentialAction\":[{\"@type\":\"CommentAction\",\"name\":\"Comment\",\"target\":[\"https:\/\/www.budokampsport.se\/2018\/01\/17\/jennifer-granelius-tog-em-guld\/#respond\"]}]},{\"@type\":\"WebPage\",\"@id\":\"https:\/\/www.budokampsport.se\/2018\/01\/17\/jennifer-granelius-tog-em-guld\/\",\"url\":\"https:\/\/www.budokampsport.se\/2018\/01\/17\/jennifer-granelius-tog-em-guld\/\",\"name\":\"Jennifer Granelius tog BJJ-guld - Svenska Budo &amp; Kampsportsf\u00f6rbundet\",\"isPartOf\":{\"@id\":\"https:\/\/www.budokampsport.se\/#website\"},\"primaryImageOfPage\":{\"@id\":\"https:\/\/www.budokampsport.se\/2018\/01\/17\/jennifer-granelius-tog-em-guld\/#primaryimage\"},\"image\":{\"@id\":\"https:\/\/www.budokampsport.se\/2018\/01\/17\/jennifer-granelius-tog-em-guld\/#primaryimage\"},\"thumbnailUrl\":\"https:\/\/www.budokampsport.se\/wp-content\/uploads\/2018\/01\/jennifer-e1624883192633.jpg\",\"datePublished\":\"2018-01-17T14:45:28+00:00\",\"dateModified\":\"2018-01-17T14:47:02+00:00\",\"author\":{\"@id\":\"https:\/\/www.budokampsport.se\/#\/schema\/person\/c838cace8171f692e363fde3f38f208b\"},\"description\":\"De europeiska m\u00e4sterskapen i BJJ har inletts i Lissabon, Portugal. En av de som tog sig h\u00f6gst upp p\u00e5 pallen var vitb\u00e4ltaren Jennifer Granelius fr\u00e5n\",\"breadcrumb\":{\"@id\":\"https:\/\/www.budokampsport.se\/2018\/01\/17\/jennifer-granelius-tog-em-guld\/#breadcrumb\"},\"inLanguage\":\"sv-SE\",\"potentialAction\":[{\"@type\":\"ReadAction\",\"target\":[\"https:\/\/www.budokampsport.se\/2018\/01\/17\/jennifer-granelius-tog-em-guld\/\"]}]},{\"@type\":\"ImageObject\",\"inLanguage\":\"sv-SE\",\"@id\":\"https:\/\/www.budokampsport.se\/2018\/01\/17\/jennifer-granelius-tog-em-guld\/#primaryimage\",\"url\":\"https:\/\/www.budokampsport.se\/wp-content\/uploads\/2018\/01\/jennifer-e1624883192633.jpg\",\"contentUrl\":\"https:\/\/www.budokampsport.se\/wp-content\/uploads\/2018\/01\/jennifer-e1624883192633.jpg\",\"width\":850,\"height\":577,\"caption\":\"Foto: Shinwar Nadiri\"},{\"@type\":\"BreadcrumbList\",\"@id\":\"https:\/\/www.budokampsport.se\/2018\/01\/17\/jennifer-granelius-tog-em-guld\/#breadcrumb\",\"itemListElement\":[{\"@type\":\"ListItem\",\"position\":1,\"name\":\"Hem\",\"item\":\"https:\/\/www.budokampsport.se\/\"},{\"@type\":\"ListItem\",\"position\":2,\"name\":\"Jennifer Granelius tog BJJ-guld\"}]},{\"@type\":\"WebSite\",\"@id\":\"https:\/\/www.budokampsport.se\/#website\",\"url\":\"https:\/\/www.budokampsport.se\/\",\"name\":\"Svenska Budo &amp; Kampsportsf\u00f6rbundet\",\"description\":\"T\u00e4vling, Tr\u00e4ning, Tradition\",\"potentialAction\":[{\"@type\":\"SearchAction\",\"target\":{\"@type\":\"EntryPoint\",\"urlTemplate\":\"https:\/\/www.budokampsport.se\/?s={search_term_string}\"},\"query-input\":{\"@type\":\"PropertyValueSpecification\",\"valueRequired\":true,\"valueName\":\"search_term_string\"}}],\"inLanguage\":\"sv-SE\"},{\"@type\":\"Person\",\"@id\":\"https:\/\/www.budokampsport.se\/#\/schema\/person\/c838cace8171f692e363fde3f38f208b\",\"name\":\"Annie Carriage\",\"image\":{\"@type\":\"ImageObject\",\"inLanguage\":\"sv-SE\",\"@id\":\"https:\/\/www.budokampsport.se\/#\/schema\/person\/image\/\",\"url\":\"https:\/\/secure.gravatar.com\/avatar\/9311295560bdfbdf78365a26f7df1876?s=96&d=blank&r=g\",\"contentUrl\":\"https:\/\/secure.gravatar.com\/avatar\/9311295560bdfbdf78365a26f7df1876?s=96&d=blank&r=g\",\"caption\":\"Annie Carriage\"},\"url\":\"https:\/\/www.budokampsport.se\/author\/annie-bondefelt\/\"}]}<\/script>\n<!-- \/ Yoast SEO plugin. -->","yoast_head_json":{"title":"Jennifer Granelius tog BJJ-guld - Svenska Budo &amp; Kampsportsf\u00f6rbundet","description":"De europeiska m\u00e4sterskapen i BJJ har inletts i Lissabon, Portugal. En av de som tog sig h\u00f6gst upp p\u00e5 pallen var vitb\u00e4ltaren Jennifer Granelius fr\u00e5n","robots":{"index":"index","follow":"follow","max-snippet":"max-snippet:-1","max-image-preview":"max-image-preview:large","max-video-preview":"max-video-preview:-1"},"canonical":"https:\/\/www.budokampsport.se\/2018\/01\/17\/jennifer-granelius-tog-em-guld\/","og_locale":"sv_SE","og_type":"article","og_title":"Jennifer Granelius tog BJJ-guld - Svenska Budo &amp; Kampsportsf\u00f6rbundet","og_description":"De europeiska m\u00e4sterskapen i BJJ har inletts i Lissabon, Portugal. En av de som tog sig h\u00f6gst upp p\u00e5 pallen var vitb\u00e4ltaren Jennifer Granelius fr\u00e5n","og_url":"https:\/\/www.budokampsport.se\/2018\/01\/17\/jennifer-granelius-tog-em-guld\/","og_site_name":"Svenska Budo &amp; Kampsportsf\u00f6rbundet","article_published_time":"2018-01-17T14:45:28+00:00","article_modified_time":"2018-01-17T14:47:02+00:00","og_image":[{"width":850,"height":577,"url":"https:\/\/www.budokampsport.se\/wp-content\/uploads\/2018\/01\/jennifer-e1624883192633.jpg","type":"image\/jpeg"}],"author":"Annie Carriage","twitter_card":"summary_large_image","twitter_misc":{"Skriven av":"Annie Carriage","Ber\u00e4knad l\u00e4stid":"1 minut"},"schema":{"@context":"https:\/\/schema.org","@graph":[{"@type":"Article","@id":"https:\/\/www.budokampsport.se\/2018\/01\/17\/jennifer-granelius-tog-em-guld\/#article","isPartOf":{"@id":"https:\/\/www.budokampsport.se\/2018\/01\/17\/jennifer-granelius-tog-em-guld\/"},"author":{"name":"Annie Carriage","@id":"https:\/\/www.budokampsport.se\/#\/schema\/person\/c838cace8171f692e363fde3f38f208b"},"headline":"Jennifer Granelius tog BJJ-guld","datePublished":"2018-01-17T14:45:28+00:00","dateModified":"2018-01-17T14:47:02+00:00","mainEntityOfPage":{"@id":"https:\/\/www.budokampsport.se\/2018\/01\/17\/jennifer-granelius-tog-em-guld\/"},"wordCount":107,"commentCount":0,"image":{"@id":"https:\/\/www.budokampsport.se\/2018\/01\/17\/jennifer-granelius-tog-em-guld\/#primaryimage"},"thumbnailUrl":"https:\/\/www.budokampsport.se\/wp-content\/uploads\/2018\/01\/jennifer-e1624883192633.jpg","inLanguage":"sv-SE","potentialAction":[{"@type":"CommentAction","name":"Comment","target":["https:\/\/www.budokampsport.se\/2018\/01\/17\/jennifer-granelius-tog-em-guld\/#respond"]}]},{"@type":"WebPage","@id":"https:\/\/www.budokampsport.se\/2018\/01\/17\/jennifer-granelius-tog-em-guld\/","url":"https:\/\/www.budokampsport.se\/2018\/01\/17\/jennifer-granelius-tog-em-guld\/","name":"Jennifer Granelius tog BJJ-guld - Svenska Budo &amp; Kampsportsf\u00f6rbundet","isPartOf":{"@id":"https:\/\/www.budokampsport.se\/#website"},"primaryImageOfPage":{"@id":"https:\/\/www.budokampsport.se\/2018\/01\/17\/jennifer-granelius-tog-em-guld\/#primaryimage"},"image":{"@id":"https:\/\/www.budokampsport.se\/2018\/01\/17\/jennifer-granelius-tog-em-guld\/#primaryimage"},"thumbnailUrl":"https:\/\/www.budokampsport.se\/wp-content\/uploads\/2018\/01\/jennifer-e1624883192633.jpg","datePublished":"2018-01-17T14:45:28+00:00","dateModified":"2018-01-17T14:47:02+00:00","author":{"@id":"https:\/\/www.budokampsport.se\/#\/schema\/person\/c838cace8171f692e363fde3f38f208b"},"description":"De europeiska m\u00e4sterskapen i BJJ har inletts i Lissabon, Portugal. En av de som tog sig h\u00f6gst upp p\u00e5 pallen var vitb\u00e4ltaren Jennifer Granelius fr\u00e5n","breadcrumb":{"@id":"https:\/\/www.budokampsport.se\/2018\/01\/17\/jennifer-granelius-tog-em-guld\/#breadcrumb"},"inLanguage":"sv-SE","potentialAction":[{"@type":"ReadAction","target":["https:\/\/www.budokampsport.se\/2018\/01\/17\/jennifer-granelius-tog-em-guld\/"]}]},{"@type":"ImageObject","inLanguage":"sv-SE","@id":"https:\/\/www.budokampsport.se\/2018\/01\/17\/jennifer-granelius-tog-em-guld\/#primaryimage","url":"https:\/\/www.budokampsport.se\/wp-content\/uploads\/2018\/01\/jennifer-e1624883192633.jpg","contentUrl":"https:\/\/www.budokampsport.se\/wp-content\/uploads\/2018\/01\/jennifer-e1624883192633.jpg","width":850,"height":577,"caption":"Foto: Shinwar Nadiri"},{"@type":"BreadcrumbList","@id":"https:\/\/www.budokampsport.se\/2018\/01\/17\/jennifer-granelius-tog-em-guld\/#breadcrumb","itemListElement":[{"@type":"ListItem","position":1,"name":"Hem","item":"https:\/\/www.budokampsport.se\/"},{"@type":"ListItem","position":2,"name":"Jennifer Granelius tog BJJ-guld"}]},{"@type":"WebSite","@id":"https:\/\/www.budokampsport.se\/#website","url":"https:\/\/www.budokampsport.se\/","name":"Svenska Budo &amp; Kampsportsf\u00f6rbundet","description":"T\u00e4vling, Tr\u00e4ning, Tradition","potentialAction":[{"@type":"SearchAction","target":{"@type":"EntryPoint","urlTemplate":"https:\/\/www.budokampsport.se\/?s={search_term_string}"},"query-input":{"@type":"PropertyValueSpecification","valueRequired":true,"valueName":"search_term_string"}}],"inLanguage":"sv-SE"},{"@type":"Person","@id":"https:\/\/www.budokampsport.se\/#\/schema\/person\/c838cace8171f692e363fde3f38f208b","name":"Annie Carriage","image":{"@type":"ImageObject","inLanguage":"sv-SE","@id":"https:\/\/www.budokampsport.se\/#\/schema\/person\/image\/","url":"https:\/\/secure.gravatar.com\/avatar\/9311295560bdfbdf78365a26f7df1876?s=96&d=blank&r=g","contentUrl":"https:\/\/secure.gravatar.com\/avatar\/9311295560bdfbdf78365a26f7df1876?s=96&d=blank&r=g","caption":"Annie Carriage"},"url":"https:\/\/www.budokampsport.se\/author\/annie-bondefelt\/"}]}},"_links":{"self":[{"href":"https:\/\/www.budokampsport.se\/api\/wp\/v2\/posts\/61984","targetHints":{"allow":["GET"]}}],"collection":[{"href":"https:\/\/www.budokampsport.se\/api\/wp\/v2\/posts"}],"about":[{"href":"https:\/\/www.budokampsport.se\/api\/wp\/v2\/types\/post"}],"author":[{"embeddable":true,"href":"https:\/\/www.budokampsport.se\/api\/wp\/v2\/users\/120"}],"replies":[{"embeddable":true,"href":"https:\/\/www.budokampsport.se\/api\/wp\/v2\/comments?post=61984"}],"version-history":[{"count":0,"href":"https:\/\/www.budokampsport.se\/api\/wp\/v2\/posts\/61984\/revisions"}],"wp:featuredmedia":[{"embeddable":true,"href":"https:\/\/www.budokampsport.se\/api\/wp\/v2\/media\/61985"}],"wp:attachment":[{"href":"https:\/\/www.budokampsport.se\/api\/wp\/v2\/media?parent=61984"}],"wp:term":[{"taxonomy":"category","embeddable":true,"href":"https:\/\/www.budokampsport.se\/api\/wp\/v2\/categories?post=61984"},{"taxonomy":"post_tag","embeddable":true,"href":"https:\/\/www.budokampsport.se\/api\/wp\/v2\/tags?post=61984"}],"curies":[{"name":"wp","href":"https:\/\/api.w.org\/{rel}","templated":true}]}}