{"id":62197,"date":"2018-01-19T17:47:36","date_gmt":"2018-01-19T16:47:36","guid":{"rendered":"http:\/\/www.budokampsport.se\/?p=62197"},"modified":"2018-01-19T17:53:33","modified_gmt":"2018-01-19T16:53:33","slug":"cemil-karahan-tog-dubbla-em-medaljer","status":"publish","type":"post","link":"https:\/\/www.budokampsport.se\/2018\/01\/19\/cemil-karahan-tog-dubbla-em-medaljer\/","title":{"rendered":"Cem\u00eel Karahan tog dubbla EM-medaljer"},"content":{"rendered":"<p><span style=\"font-size: 14pt;\">Cem\u00eel Karahan tog f\u00f6rst silver i lilab\u00e4ltesklass -94 kg, men medaljsk\u00f6rden var inte \u00f6ver. Trots en armb\u00e5gsskada laddade han om och stod till slut h\u00f6gst upp p\u00e5 pallen i den \u00f6ppna klassen f\u00f6r lilab\u00e4ltare.<\/span><\/p>\n<p>Inf\u00f6r den \u00f6ppna klassen var svensken tveksam till sitt deltagande, han drog p\u00e5 sig en lindrigare armb\u00e5gsskada under viktklassens kvartsfinal och var os\u00e4ker p\u00e5 om han kunde ladda om ordentligt.<\/p>\n<p>\u2013\u00a0<em>Jag brukar inte vara s\u00e5 bra p\u00e5 att ladda om, jag har j\u00e4ttesv\u00e5rt f\u00f6r det. Jag hade helst velat k\u00f6ra de \u00f6ppna-matcherna direkt efter f\u00f6rsta finalen,<\/em>\u00a0sa Cem\u00eel till budokampsport.se<\/p>\n<p><strong>Trots skada och eventuella<\/strong> <strong>sv\u00e5righeter<\/strong> att ladda om klev han in och vann de tv\u00e5 f\u00f6rsta matcherna mot genom att besegra\u00a0Aleksander Aleksandrov och Andy Murasaki p\u00e5 po\u00e4ng.<\/p>\n<p>&#8211; <em>Jag var lite os\u00e4ker p\u00e5 om jag skulle k\u00f6ra, t\u00e4nkte att om den f\u00f6rsta \u00e4r stor s\u00e5 bangar jag. Men n\u00e4r jag v\u00e4l stod d\u00e4r s\u00e5 best\u00e4mde jag mig f\u00f6r att k\u00f6ra \u00e4nd\u00e5. Armen gjorde ont men jag fick bita ihop. Efter f\u00f6rsta matchen hade jag kommit ig\u00e5ng lite och k\u00e4nde att nu k\u00f6r jag<\/em>, ber\u00e4ttar Cem\u00eel.<\/p>\n<p>&#8211; <em>I andra matchen m\u00f6tte jag Andy som \u00e4r liten men tuff. Jag vann p\u00e5 po\u00e4ng den matchen och eftersom jag \u00e4r lite st\u00f6rre \u00e4n honom kunde jag vara lite elakare<\/em>, s\u00e4ger Cem\u00eel med glimten i \u00f6gat.<\/p>\n<p><strong>I semifinalen m\u00f6tte<\/strong> <strong>svensken<\/strong>\u00a0Reda Mebtouche fr\u00e5n Frankrike, en idrottare Cem\u00eel m\u00f6tt en g\u00e5ng tidigare. Inf\u00f6r dagens match hade fransmannen slagit ut Darin Conner Deangelis fr\u00e5n USA som tog guld i herrarnas -94-kilosklass.<\/p>\n<p>&#8211; <em>F\u00f6rra \u00e5ret n\u00e4r vi m\u00f6ttes str\u00f6p jag ut honom s\u00e5 den h\u00e4r g\u00e5ngen gick han ut h\u00e5rt, men jag lyckades strypa ut honom den h\u00e4r g\u00e5ngen ocks\u00e5<\/em>, s\u00e4ger Cem\u00eel.<\/p>\n<p><strong>Direkt efter semifinalen<\/strong> avb\u00f6jde svensken vilopausen man har r\u00e4tt till mellan matcherna f\u00f6r att g\u00e5 direkt in i finalen mot Igor Tanabe fr\u00e5n Brasilien.<\/p>\n<p>&#8211; <em>Jag ville inte vila, jag skulle bli kall igen d\u00e5, dessutom \u00f6verraskar jag min motst\u00e5ndare genom att g\u00e5 direkt och f\u00e5r honom ur balans<\/em>, s\u00e4ger Cem\u00eel.<\/p>\n<p><strong>Ett vinnande drag<\/strong> visade det sig n\u00e4r svensken gick vinnande ur striden och fick kliva h\u00f6gst upp p\u00e5 pallen efter ett axell\u00e5s. En sk\u00f6n revansch efter silvret tidigare under dagen.<\/p>\n<p>&#8211; <em>Ett silver k\u00e4nns sv\u00e5rt, man \u00e4r ju s\u00e5 n\u00e4ra guldet. Jag jobbar som elevassistent och tr\u00e4nare till barn- och ungdomar och de h\u00f6rde av sig efter silvret och peppade och d\u00e5 k\u00e4nde jag att jag inte kan svika de, jag vill komma hem med ett guld. Jag har ocks\u00e5 ett otroligt bra st\u00f6d fr\u00e5n v\u00e4nner, familj och klubbkamrater vilket tagit mig dit jag \u00e4r idag<\/em>, avslutar Cem\u00eel.<\/p>\n<p><img loading=\"lazy\" decoding=\"async\" class=\"alignnone size-full wp-image-62128\" src=\"http:\/\/www.budokampsport.se\/wp-content\/uploads\/2018\/01\/cemil-open.jpg\" alt=\"\" width=\"644\" height=\"457\" srcset=\"https:\/\/www.budokampsport.se\/wp-content\/uploads\/2018\/01\/cemil-open.jpg 644w, https:\/\/www.budokampsport.se\/wp-content\/uploads\/2018\/01\/cemil-open-600x426.jpg 600w, https:\/\/www.budokampsport.se\/wp-content\/uploads\/2018\/01\/cemil-open-278x197.jpg 278w, https:\/\/www.budokampsport.se\/wp-content\/uploads\/2018\/01\/cemil-open-376x267.jpg 376w, https:\/\/www.budokampsport.se\/wp-content\/uploads\/2018\/01\/cemil-open-572x406.jpg 572w\" sizes=\"auto, (max-width: 644px) 100vw, 644px\" \/><\/p>\n<p>Text: Annie Bondefelt<br \/>\nFoto: IBBJF &amp; Annie Bondefelt<\/p>\n","protected":false},"excerpt":{"rendered":"<p>Cem\u00eel Karahan tog f\u00f6rst silver i lilab\u00e4ltesklass -94 kg, men [&#8230;]<\/p><br>","protected":false},"author":120,"featured_media":62194,"comment_status":"open","ping_status":"open","sticky":false,"template":"","format":"standard","meta":{"_acf_changed":false,"footnotes":""},"categories":[1],"tags":[],"class_list":["post-62197","post","type-post","status-publish","format-standard","has-post-thumbnail","hentry","category-okategoriserade"],"acf":[],"yoast_head":"<!-- This site is optimized with the Yoast SEO plugin v26.8 - https:\/\/yoast.com\/product\/yoast-seo-wordpress\/ -->\n<title>Cem\u00eel Karahan tog dubbla EM-medaljer - Svenska Budo &amp; Kampsportsf\u00f6rbundet<\/title>\n<meta name=\"description\" content=\"Cem\u00eel Karahan tog f\u00f6rst silver i lilab\u00e4ltesklass -94 kg, men medaljsk\u00f6rden var inte \u00f6ver. Trots en armb\u00e5gsskada laddade han om och stod till slut h\u00f6gst\" \/>\n<meta name=\"robots\" content=\"index, follow, max-snippet:-1, max-image-preview:large, max-video-preview:-1\" \/>\n<link rel=\"canonical\" href=\"https:\/\/www.budokampsport.se\/2018\/01\/19\/cemil-karahan-tog-dubbla-em-medaljer\/\" \/>\n<meta property=\"og:locale\" content=\"sv_SE\" \/>\n<meta property=\"og:type\" content=\"article\" \/>\n<meta property=\"og:title\" content=\"Cem\u00eel Karahan tog dubbla EM-medaljer - Svenska Budo &amp; Kampsportsf\u00f6rbundet\" \/>\n<meta property=\"og:description\" content=\"Cem\u00eel Karahan tog f\u00f6rst silver i lilab\u00e4ltesklass -94 kg, men medaljsk\u00f6rden var inte \u00f6ver. Trots en armb\u00e5gsskada laddade han om och stod till slut h\u00f6gst\" \/>\n<meta property=\"og:url\" content=\"https:\/\/www.budokampsport.se\/2018\/01\/19\/cemil-karahan-tog-dubbla-em-medaljer\/\" \/>\n<meta property=\"og:site_name\" content=\"Svenska Budo &amp; Kampsportsf\u00f6rbundet\" \/>\n<meta property=\"article:published_time\" content=\"2018-01-19T16:47:36+00:00\" \/>\n<meta property=\"article:modified_time\" content=\"2018-01-19T16:53:33+00:00\" \/>\n<meta property=\"og:image\" content=\"https:\/\/www.budokampsport.se\/wp-content\/uploads\/2018\/01\/cemil-karahan-open-e1624883238287.jpg\" \/>\n\t<meta property=\"og:image:width\" content=\"850\" \/>\n\t<meta property=\"og:image:height\" content=\"557\" \/>\n\t<meta property=\"og:image:type\" content=\"image\/jpeg\" \/>\n<meta name=\"author\" content=\"Annie Carriage\" \/>\n<meta name=\"twitter:card\" content=\"summary_large_image\" \/>\n<meta name=\"twitter:label1\" content=\"Skriven av\" \/>\n\t<meta name=\"twitter:data1\" content=\"Annie Carriage\" \/>\n\t<meta name=\"twitter:label2\" content=\"Ber\u00e4knad l\u00e4stid\" \/>\n\t<meta name=\"twitter:data2\" content=\"3 minuter\" \/>\n<script type=\"application\/ld+json\" class=\"yoast-schema-graph\">{\"@context\":\"https:\/\/schema.org\",\"@graph\":[{\"@type\":\"Article\",\"@id\":\"https:\/\/www.budokampsport.se\/2018\/01\/19\/cemil-karahan-tog-dubbla-em-medaljer\/#article\",\"isPartOf\":{\"@id\":\"https:\/\/www.budokampsport.se\/2018\/01\/19\/cemil-karahan-tog-dubbla-em-medaljer\/\"},\"author\":{\"name\":\"Annie Carriage\",\"@id\":\"https:\/\/www.budokampsport.se\/#\/schema\/person\/c838cace8171f692e363fde3f38f208b\"},\"headline\":\"Cem\u00eel Karahan tog dubbla EM-medaljer\",\"datePublished\":\"2018-01-19T16:47:36+00:00\",\"dateModified\":\"2018-01-19T16:53:33+00:00\",\"mainEntityOfPage\":{\"@id\":\"https:\/\/www.budokampsport.se\/2018\/01\/19\/cemil-karahan-tog-dubbla-em-medaljer\/\"},\"wordCount\":526,\"commentCount\":2,\"image\":{\"@id\":\"https:\/\/www.budokampsport.se\/2018\/01\/19\/cemil-karahan-tog-dubbla-em-medaljer\/#primaryimage\"},\"thumbnailUrl\":\"https:\/\/www.budokampsport.se\/wp-content\/uploads\/2018\/01\/cemil-karahan-open-e1624883238287.jpg\",\"inLanguage\":\"sv-SE\",\"potentialAction\":[{\"@type\":\"CommentAction\",\"name\":\"Comment\",\"target\":[\"https:\/\/www.budokampsport.se\/2018\/01\/19\/cemil-karahan-tog-dubbla-em-medaljer\/#respond\"]}]},{\"@type\":\"WebPage\",\"@id\":\"https:\/\/www.budokampsport.se\/2018\/01\/19\/cemil-karahan-tog-dubbla-em-medaljer\/\",\"url\":\"https:\/\/www.budokampsport.se\/2018\/01\/19\/cemil-karahan-tog-dubbla-em-medaljer\/\",\"name\":\"Cem\u00eel Karahan tog dubbla EM-medaljer - Svenska Budo &amp; Kampsportsf\u00f6rbundet\",\"isPartOf\":{\"@id\":\"https:\/\/www.budokampsport.se\/#website\"},\"primaryImageOfPage\":{\"@id\":\"https:\/\/www.budokampsport.se\/2018\/01\/19\/cemil-karahan-tog-dubbla-em-medaljer\/#primaryimage\"},\"image\":{\"@id\":\"https:\/\/www.budokampsport.se\/2018\/01\/19\/cemil-karahan-tog-dubbla-em-medaljer\/#primaryimage\"},\"thumbnailUrl\":\"https:\/\/www.budokampsport.se\/wp-content\/uploads\/2018\/01\/cemil-karahan-open-e1624883238287.jpg\",\"datePublished\":\"2018-01-19T16:47:36+00:00\",\"dateModified\":\"2018-01-19T16:53:33+00:00\",\"author\":{\"@id\":\"https:\/\/www.budokampsport.se\/#\/schema\/person\/c838cace8171f692e363fde3f38f208b\"},\"description\":\"Cem\u00eel Karahan tog f\u00f6rst silver i lilab\u00e4ltesklass -94 kg, men medaljsk\u00f6rden var inte \u00f6ver. Trots en armb\u00e5gsskada laddade han om och stod till slut h\u00f6gst\",\"breadcrumb\":{\"@id\":\"https:\/\/www.budokampsport.se\/2018\/01\/19\/cemil-karahan-tog-dubbla-em-medaljer\/#breadcrumb\"},\"inLanguage\":\"sv-SE\",\"potentialAction\":[{\"@type\":\"ReadAction\",\"target\":[\"https:\/\/www.budokampsport.se\/2018\/01\/19\/cemil-karahan-tog-dubbla-em-medaljer\/\"]}]},{\"@type\":\"ImageObject\",\"inLanguage\":\"sv-SE\",\"@id\":\"https:\/\/www.budokampsport.se\/2018\/01\/19\/cemil-karahan-tog-dubbla-em-medaljer\/#primaryimage\",\"url\":\"https:\/\/www.budokampsport.se\/wp-content\/uploads\/2018\/01\/cemil-karahan-open-e1624883238287.jpg\",\"contentUrl\":\"https:\/\/www.budokampsport.se\/wp-content\/uploads\/2018\/01\/cemil-karahan-open-e1624883238287.jpg\",\"width\":850,\"height\":557,\"caption\":\"Foto: Annie Bondefelt\"},{\"@type\":\"BreadcrumbList\",\"@id\":\"https:\/\/www.budokampsport.se\/2018\/01\/19\/cemil-karahan-tog-dubbla-em-medaljer\/#breadcrumb\",\"itemListElement\":[{\"@type\":\"ListItem\",\"position\":1,\"name\":\"Hem\",\"item\":\"https:\/\/www.budokampsport.se\/\"},{\"@type\":\"ListItem\",\"position\":2,\"name\":\"Cem\u00eel Karahan tog dubbla EM-medaljer\"}]},{\"@type\":\"WebSite\",\"@id\":\"https:\/\/www.budokampsport.se\/#website\",\"url\":\"https:\/\/www.budokampsport.se\/\",\"name\":\"Svenska Budo &amp; Kampsportsf\u00f6rbundet\",\"description\":\"T\u00e4vling, Tr\u00e4ning, Tradition\",\"potentialAction\":[{\"@type\":\"SearchAction\",\"target\":{\"@type\":\"EntryPoint\",\"urlTemplate\":\"https:\/\/www.budokampsport.se\/?s={search_term_string}\"},\"query-input\":{\"@type\":\"PropertyValueSpecification\",\"valueRequired\":true,\"valueName\":\"search_term_string\"}}],\"inLanguage\":\"sv-SE\"},{\"@type\":\"Person\",\"@id\":\"https:\/\/www.budokampsport.se\/#\/schema\/person\/c838cace8171f692e363fde3f38f208b\",\"name\":\"Annie Carriage\",\"image\":{\"@type\":\"ImageObject\",\"inLanguage\":\"sv-SE\",\"@id\":\"https:\/\/www.budokampsport.se\/#\/schema\/person\/image\/\",\"url\":\"https:\/\/secure.gravatar.com\/avatar\/9311295560bdfbdf78365a26f7df1876?s=96&d=blank&r=g\",\"contentUrl\":\"https:\/\/secure.gravatar.com\/avatar\/9311295560bdfbdf78365a26f7df1876?s=96&d=blank&r=g\",\"caption\":\"Annie Carriage\"},\"url\":\"https:\/\/www.budokampsport.se\/author\/annie-bondefelt\/\"}]}<\/script>\n<!-- \/ Yoast SEO plugin. -->","yoast_head_json":{"title":"Cem\u00eel Karahan tog dubbla EM-medaljer - Svenska Budo &amp; Kampsportsf\u00f6rbundet","description":"Cem\u00eel Karahan tog f\u00f6rst silver i lilab\u00e4ltesklass -94 kg, men medaljsk\u00f6rden var inte \u00f6ver. Trots en armb\u00e5gsskada laddade han om och stod till slut h\u00f6gst","robots":{"index":"index","follow":"follow","max-snippet":"max-snippet:-1","max-image-preview":"max-image-preview:large","max-video-preview":"max-video-preview:-1"},"canonical":"https:\/\/www.budokampsport.se\/2018\/01\/19\/cemil-karahan-tog-dubbla-em-medaljer\/","og_locale":"sv_SE","og_type":"article","og_title":"Cem\u00eel Karahan tog dubbla EM-medaljer - Svenska Budo &amp; Kampsportsf\u00f6rbundet","og_description":"Cem\u00eel Karahan tog f\u00f6rst silver i lilab\u00e4ltesklass -94 kg, men medaljsk\u00f6rden var inte \u00f6ver. Trots en armb\u00e5gsskada laddade han om och stod till slut h\u00f6gst","og_url":"https:\/\/www.budokampsport.se\/2018\/01\/19\/cemil-karahan-tog-dubbla-em-medaljer\/","og_site_name":"Svenska Budo &amp; Kampsportsf\u00f6rbundet","article_published_time":"2018-01-19T16:47:36+00:00","article_modified_time":"2018-01-19T16:53:33+00:00","og_image":[{"width":850,"height":557,"url":"https:\/\/www.budokampsport.se\/wp-content\/uploads\/2018\/01\/cemil-karahan-open-e1624883238287.jpg","type":"image\/jpeg"}],"author":"Annie Carriage","twitter_card":"summary_large_image","twitter_misc":{"Skriven av":"Annie Carriage","Ber\u00e4knad l\u00e4stid":"3 minuter"},"schema":{"@context":"https:\/\/schema.org","@graph":[{"@type":"Article","@id":"https:\/\/www.budokampsport.se\/2018\/01\/19\/cemil-karahan-tog-dubbla-em-medaljer\/#article","isPartOf":{"@id":"https:\/\/www.budokampsport.se\/2018\/01\/19\/cemil-karahan-tog-dubbla-em-medaljer\/"},"author":{"name":"Annie Carriage","@id":"https:\/\/www.budokampsport.se\/#\/schema\/person\/c838cace8171f692e363fde3f38f208b"},"headline":"Cem\u00eel Karahan tog dubbla EM-medaljer","datePublished":"2018-01-19T16:47:36+00:00","dateModified":"2018-01-19T16:53:33+00:00","mainEntityOfPage":{"@id":"https:\/\/www.budokampsport.se\/2018\/01\/19\/cemil-karahan-tog-dubbla-em-medaljer\/"},"wordCount":526,"commentCount":2,"image":{"@id":"https:\/\/www.budokampsport.se\/2018\/01\/19\/cemil-karahan-tog-dubbla-em-medaljer\/#primaryimage"},"thumbnailUrl":"https:\/\/www.budokampsport.se\/wp-content\/uploads\/2018\/01\/cemil-karahan-open-e1624883238287.jpg","inLanguage":"sv-SE","potentialAction":[{"@type":"CommentAction","name":"Comment","target":["https:\/\/www.budokampsport.se\/2018\/01\/19\/cemil-karahan-tog-dubbla-em-medaljer\/#respond"]}]},{"@type":"WebPage","@id":"https:\/\/www.budokampsport.se\/2018\/01\/19\/cemil-karahan-tog-dubbla-em-medaljer\/","url":"https:\/\/www.budokampsport.se\/2018\/01\/19\/cemil-karahan-tog-dubbla-em-medaljer\/","name":"Cem\u00eel Karahan tog dubbla EM-medaljer - Svenska Budo &amp; Kampsportsf\u00f6rbundet","isPartOf":{"@id":"https:\/\/www.budokampsport.se\/#website"},"primaryImageOfPage":{"@id":"https:\/\/www.budokampsport.se\/2018\/01\/19\/cemil-karahan-tog-dubbla-em-medaljer\/#primaryimage"},"image":{"@id":"https:\/\/www.budokampsport.se\/2018\/01\/19\/cemil-karahan-tog-dubbla-em-medaljer\/#primaryimage"},"thumbnailUrl":"https:\/\/www.budokampsport.se\/wp-content\/uploads\/2018\/01\/cemil-karahan-open-e1624883238287.jpg","datePublished":"2018-01-19T16:47:36+00:00","dateModified":"2018-01-19T16:53:33+00:00","author":{"@id":"https:\/\/www.budokampsport.se\/#\/schema\/person\/c838cace8171f692e363fde3f38f208b"},"description":"Cem\u00eel Karahan tog f\u00f6rst silver i lilab\u00e4ltesklass -94 kg, men medaljsk\u00f6rden var inte \u00f6ver. Trots en armb\u00e5gsskada laddade han om och stod till slut h\u00f6gst","breadcrumb":{"@id":"https:\/\/www.budokampsport.se\/2018\/01\/19\/cemil-karahan-tog-dubbla-em-medaljer\/#breadcrumb"},"inLanguage":"sv-SE","potentialAction":[{"@type":"ReadAction","target":["https:\/\/www.budokampsport.se\/2018\/01\/19\/cemil-karahan-tog-dubbla-em-medaljer\/"]}]},{"@type":"ImageObject","inLanguage":"sv-SE","@id":"https:\/\/www.budokampsport.se\/2018\/01\/19\/cemil-karahan-tog-dubbla-em-medaljer\/#primaryimage","url":"https:\/\/www.budokampsport.se\/wp-content\/uploads\/2018\/01\/cemil-karahan-open-e1624883238287.jpg","contentUrl":"https:\/\/www.budokampsport.se\/wp-content\/uploads\/2018\/01\/cemil-karahan-open-e1624883238287.jpg","width":850,"height":557,"caption":"Foto: Annie Bondefelt"},{"@type":"BreadcrumbList","@id":"https:\/\/www.budokampsport.se\/2018\/01\/19\/cemil-karahan-tog-dubbla-em-medaljer\/#breadcrumb","itemListElement":[{"@type":"ListItem","position":1,"name":"Hem","item":"https:\/\/www.budokampsport.se\/"},{"@type":"ListItem","position":2,"name":"Cem\u00eel Karahan tog dubbla EM-medaljer"}]},{"@type":"WebSite","@id":"https:\/\/www.budokampsport.se\/#website","url":"https:\/\/www.budokampsport.se\/","name":"Svenska Budo &amp; Kampsportsf\u00f6rbundet","description":"T\u00e4vling, Tr\u00e4ning, Tradition","potentialAction":[{"@type":"SearchAction","target":{"@type":"EntryPoint","urlTemplate":"https:\/\/www.budokampsport.se\/?s={search_term_string}"},"query-input":{"@type":"PropertyValueSpecification","valueRequired":true,"valueName":"search_term_string"}}],"inLanguage":"sv-SE"},{"@type":"Person","@id":"https:\/\/www.budokampsport.se\/#\/schema\/person\/c838cace8171f692e363fde3f38f208b","name":"Annie Carriage","image":{"@type":"ImageObject","inLanguage":"sv-SE","@id":"https:\/\/www.budokampsport.se\/#\/schema\/person\/image\/","url":"https:\/\/secure.gravatar.com\/avatar\/9311295560bdfbdf78365a26f7df1876?s=96&d=blank&r=g","contentUrl":"https:\/\/secure.gravatar.com\/avatar\/9311295560bdfbdf78365a26f7df1876?s=96&d=blank&r=g","caption":"Annie Carriage"},"url":"https:\/\/www.budokampsport.se\/author\/annie-bondefelt\/"}]}},"_links":{"self":[{"href":"https:\/\/www.budokampsport.se\/api\/wp\/v2\/posts\/62197","targetHints":{"allow":["GET"]}}],"collection":[{"href":"https:\/\/www.budokampsport.se\/api\/wp\/v2\/posts"}],"about":[{"href":"https:\/\/www.budokampsport.se\/api\/wp\/v2\/types\/post"}],"author":[{"embeddable":true,"href":"https:\/\/www.budokampsport.se\/api\/wp\/v2\/users\/120"}],"replies":[{"embeddable":true,"href":"https:\/\/www.budokampsport.se\/api\/wp\/v2\/comments?post=62197"}],"version-history":[{"count":0,"href":"https:\/\/www.budokampsport.se\/api\/wp\/v2\/posts\/62197\/revisions"}],"wp:featuredmedia":[{"embeddable":true,"href":"https:\/\/www.budokampsport.se\/api\/wp\/v2\/media\/62194"}],"wp:attachment":[{"href":"https:\/\/www.budokampsport.se\/api\/wp\/v2\/media?parent=62197"}],"wp:term":[{"taxonomy":"category","embeddable":true,"href":"https:\/\/www.budokampsport.se\/api\/wp\/v2\/categories?post=62197"},{"taxonomy":"post_tag","embeddable":true,"href":"https:\/\/www.budokampsport.se\/api\/wp\/v2\/tags?post=62197"}],"curies":[{"name":"wp","href":"https:\/\/api.w.org\/{rel}","templated":true}]}}