{"id":62762,"date":"2018-01-25T09:43:54","date_gmt":"2018-01-25T08:43:54","guid":{"rendered":"http:\/\/www.budokampsport.se\/?p=62762"},"modified":"2018-01-25T09:50:12","modified_gmt":"2018-01-25T08:50:12","slug":"elina-moestam-om-nomineringen-till-kampsportsgalan","status":"publish","type":"post","link":"https:\/\/www.budokampsport.se\/2018\/01\/25\/elina-moestam-om-nomineringen-till-kampsportsgalan\/","title":{"rendered":"Elina Moestam om nomineringen till Kampsportsgalan"},"content":{"rendered":"<p>Elina Moestam \u00e4r nyligen hemkommen fr\u00e5n Lissabon d\u00e4r hon vann EM-guld f\u00f6r lilab\u00e4ltare. Hon hade \u00e5terigen ett mycket bra m\u00e4sterskap med andra ord.<\/p>\n<p>Hon sl\u00e5r sig allts\u00e5 in p\u00e5 vinnarv\u00e4gen igen. F\u00f6r 2017 blev ett kanon\u00e5r f\u00f6r henne, n\u00e5got som juryn f\u00f6r Kampsportsgalan ocks\u00e5 tyckte. Moestam kan bli \u00c5rets genombrott inom svensk budo och kampsport.<br \/>\n&#8211; Det k\u00e4nns otroligt. Jag \u00e4r j\u00e4tteglad och det ska bli v\u00e4ldigt roligt med galan. Jag var p\u00e5 den ifjol, d\u00e5 min sambo (Max Lindblad) var nominerad och det var en h\u00e4rlig st\u00e4mning och en kul kv\u00e4ll. S\u00e5 jag ser fram emot galan.<\/p>\n<p><strong>Sover med medaljer<\/strong><br \/>\nFortfarande h\u00e5ller Moestam sin SM-titel fr\u00e5n ifjol allra h\u00f6gst \u2013 och hon ber\u00e4ttar vidare att hon sov med SM-medaljen.<br \/>\n&#8211; (skratt) Jag brukar faktiskt sova med mina medaljer i en eller tv\u00e5 n\u00e4tter, men SM-medaljen h\u00e4ngde med l\u00e4ngre \u00e4n s\u00e5.<\/p>\n<p>Se s\u00e4ndningen i Budokampsport-TV fr\u00e5n nomineringarna<br \/>\n<iframe loading=\"lazy\" src=\"https:\/\/budokampsport.solidtango.com\/widgets\/embed\/dajuzet0\" width=\"320\" height=\"180\" frameborder=\"0\" scrolling=\"0\" allowfullscreen=\"allowfullscreen\"><\/iframe><\/p>\n<p>Text: Jonathan Broberg<br \/>\nFoto: Annie Bondefelt<\/p>\n","protected":false},"excerpt":{"rendered":"<p>Det blev ett p\u00e5 m\u00e5nga s\u00e4tt fantastiskt svenskt BJJ-\u00e5r ifjol. En av de m\u00e5nga framst\u00e5ende idrottarna \u00e4r Elina Moestam, som \u00e4r nominerad till Kampsportsgalan den 17:e mars i kategorin \u00c5rets genombrott.<br \/><br>&#8211; En \u00e4ra att bli nominerad. Jag hade ett v\u00e4ldigt bra 2017, b\u00e4ttre \u00e4n vad jag sj\u00e4lv kanske hade v\u00e5gat tro, s\u00e4ger Moestam till budokampsport.se.<\/p><br>","protected":false},"author":7,"featured_media":62095,"comment_status":"open","ping_status":"open","sticky":false,"template":"","format":"standard","meta":{"_acf_changed":false,"footnotes":""},"categories":[1],"tags":[],"class_list":["post-62762","post","type-post","status-publish","format-standard","has-post-thumbnail","hentry","category-okategoriserade"],"acf":[],"yoast_head":"<!-- This site is optimized with the Yoast SEO plugin v26.8 - https:\/\/yoast.com\/product\/yoast-seo-wordpress\/ -->\n<title>Elina Moestam om nomineringen till Kampsportsgalan - Svenska Budo &amp; Kampsportsf\u00f6rbundet<\/title>\n<meta name=\"description\" content=\"Det blev ett p\u00e5 m\u00e5nga s\u00e4tt fantastiskt svenskt BJJ-\u00e5r ifjol. En av de m\u00e5nga framst\u00e5ende idrottarna \u00e4r Elina Moestam, som \u00e4r nominerad till Kampsportsgalan den 17:e mars i kategorin \u00c5rets genombrott. - En \u00e4ra att bli nominerad. Jag hade ett v\u00e4ldigt bra 2017, b\u00e4ttre \u00e4n vad jag sj\u00e4lv kanske hade v\u00e5gat tro, s\u00e4ger Moestam till budokampsport.se.\" \/>\n<meta name=\"robots\" content=\"index, follow, max-snippet:-1, max-image-preview:large, max-video-preview:-1\" \/>\n<link rel=\"canonical\" href=\"https:\/\/www.budokampsport.se\/2018\/01\/25\/elina-moestam-om-nomineringen-till-kampsportsgalan\/\" \/>\n<meta property=\"og:locale\" content=\"sv_SE\" \/>\n<meta property=\"og:type\" content=\"article\" \/>\n<meta property=\"og:title\" content=\"Elina Moestam om nomineringen till Kampsportsgalan - Svenska Budo &amp; Kampsportsf\u00f6rbundet\" \/>\n<meta property=\"og:description\" content=\"Det blev ett p\u00e5 m\u00e5nga s\u00e4tt fantastiskt svenskt BJJ-\u00e5r ifjol. En av de m\u00e5nga framst\u00e5ende idrottarna \u00e4r Elina Moestam, som \u00e4r nominerad till Kampsportsgalan den 17:e mars i kategorin \u00c5rets genombrott. - En \u00e4ra att bli nominerad. Jag hade ett v\u00e4ldigt bra 2017, b\u00e4ttre \u00e4n vad jag sj\u00e4lv kanske hade v\u00e5gat tro, s\u00e4ger Moestam till budokampsport.se.\" \/>\n<meta property=\"og:url\" content=\"https:\/\/www.budokampsport.se\/2018\/01\/25\/elina-moestam-om-nomineringen-till-kampsportsgalan\/\" \/>\n<meta property=\"og:site_name\" content=\"Svenska Budo &amp; Kampsportsf\u00f6rbundet\" \/>\n<meta property=\"article:author\" content=\"https:\/\/www.facebook.com\/jonathan.broberg.7\" \/>\n<meta property=\"article:published_time\" content=\"2018-01-25T08:43:54+00:00\" \/>\n<meta property=\"article:modified_time\" content=\"2018-01-25T08:50:12+00:00\" \/>\n<meta property=\"og:image\" content=\"https:\/\/www.budokampsport.se\/wp-content\/uploads\/2018\/01\/elinamoe-e1624883201204.jpg\" \/>\n\t<meta property=\"og:image:width\" content=\"850\" \/>\n\t<meta property=\"og:image:height\" content=\"637\" \/>\n\t<meta property=\"og:image:type\" content=\"image\/jpeg\" \/>\n<meta name=\"author\" content=\"Jonathan Broberg\" \/>\n<meta name=\"twitter:card\" content=\"summary_large_image\" \/>\n<meta name=\"twitter:label1\" content=\"Skriven av\" \/>\n\t<meta name=\"twitter:data1\" content=\"Jonathan Broberg\" \/>\n\t<meta name=\"twitter:label2\" content=\"Ber\u00e4knad l\u00e4stid\" \/>\n\t<meta name=\"twitter:data2\" content=\"1 minut\" \/>\n<script type=\"application\/ld+json\" class=\"yoast-schema-graph\">{\"@context\":\"https:\/\/schema.org\",\"@graph\":[{\"@type\":\"Article\",\"@id\":\"https:\/\/www.budokampsport.se\/2018\/01\/25\/elina-moestam-om-nomineringen-till-kampsportsgalan\/#article\",\"isPartOf\":{\"@id\":\"https:\/\/www.budokampsport.se\/2018\/01\/25\/elina-moestam-om-nomineringen-till-kampsportsgalan\/\"},\"author\":{\"name\":\"Jonathan Broberg\",\"@id\":\"https:\/\/www.budokampsport.se\/#\/schema\/person\/5c06d81d14850e2a8ce5493386560145\"},\"headline\":\"Elina Moestam om nomineringen till Kampsportsgalan\",\"datePublished\":\"2018-01-25T08:43:54+00:00\",\"dateModified\":\"2018-01-25T08:50:12+00:00\",\"mainEntityOfPage\":{\"@id\":\"https:\/\/www.budokampsport.se\/2018\/01\/25\/elina-moestam-om-nomineringen-till-kampsportsgalan\/\"},\"wordCount\":184,\"commentCount\":0,\"image\":{\"@id\":\"https:\/\/www.budokampsport.se\/2018\/01\/25\/elina-moestam-om-nomineringen-till-kampsportsgalan\/#primaryimage\"},\"thumbnailUrl\":\"https:\/\/www.budokampsport.se\/wp-content\/uploads\/2018\/01\/elinamoe-e1624883201204.jpg\",\"inLanguage\":\"sv-SE\",\"potentialAction\":[{\"@type\":\"CommentAction\",\"name\":\"Comment\",\"target\":[\"https:\/\/www.budokampsport.se\/2018\/01\/25\/elina-moestam-om-nomineringen-till-kampsportsgalan\/#respond\"]}]},{\"@type\":\"WebPage\",\"@id\":\"https:\/\/www.budokampsport.se\/2018\/01\/25\/elina-moestam-om-nomineringen-till-kampsportsgalan\/\",\"url\":\"https:\/\/www.budokampsport.se\/2018\/01\/25\/elina-moestam-om-nomineringen-till-kampsportsgalan\/\",\"name\":\"Elina Moestam om nomineringen till Kampsportsgalan - Svenska Budo &amp; Kampsportsf\u00f6rbundet\",\"isPartOf\":{\"@id\":\"https:\/\/www.budokampsport.se\/#website\"},\"primaryImageOfPage\":{\"@id\":\"https:\/\/www.budokampsport.se\/2018\/01\/25\/elina-moestam-om-nomineringen-till-kampsportsgalan\/#primaryimage\"},\"image\":{\"@id\":\"https:\/\/www.budokampsport.se\/2018\/01\/25\/elina-moestam-om-nomineringen-till-kampsportsgalan\/#primaryimage\"},\"thumbnailUrl\":\"https:\/\/www.budokampsport.se\/wp-content\/uploads\/2018\/01\/elinamoe-e1624883201204.jpg\",\"datePublished\":\"2018-01-25T08:43:54+00:00\",\"dateModified\":\"2018-01-25T08:50:12+00:00\",\"author\":{\"@id\":\"https:\/\/www.budokampsport.se\/#\/schema\/person\/5c06d81d14850e2a8ce5493386560145\"},\"description\":\"Det blev ett p\u00e5 m\u00e5nga s\u00e4tt fantastiskt svenskt BJJ-\u00e5r ifjol. En av de m\u00e5nga framst\u00e5ende idrottarna \u00e4r Elina Moestam, som \u00e4r nominerad till Kampsportsgalan den 17:e mars i kategorin \u00c5rets genombrott. - En \u00e4ra att bli nominerad. Jag hade ett v\u00e4ldigt bra 2017, b\u00e4ttre \u00e4n vad jag sj\u00e4lv kanske hade v\u00e5gat tro, s\u00e4ger Moestam till budokampsport.se.\",\"breadcrumb\":{\"@id\":\"https:\/\/www.budokampsport.se\/2018\/01\/25\/elina-moestam-om-nomineringen-till-kampsportsgalan\/#breadcrumb\"},\"inLanguage\":\"sv-SE\",\"potentialAction\":[{\"@type\":\"ReadAction\",\"target\":[\"https:\/\/www.budokampsport.se\/2018\/01\/25\/elina-moestam-om-nomineringen-till-kampsportsgalan\/\"]}]},{\"@type\":\"ImageObject\",\"inLanguage\":\"sv-SE\",\"@id\":\"https:\/\/www.budokampsport.se\/2018\/01\/25\/elina-moestam-om-nomineringen-till-kampsportsgalan\/#primaryimage\",\"url\":\"https:\/\/www.budokampsport.se\/wp-content\/uploads\/2018\/01\/elinamoe-e1624883201204.jpg\",\"contentUrl\":\"https:\/\/www.budokampsport.se\/wp-content\/uploads\/2018\/01\/elinamoe-e1624883201204.jpg\",\"width\":850,\"height\":637,\"caption\":\"foto: Annie Bondefelt\"},{\"@type\":\"BreadcrumbList\",\"@id\":\"https:\/\/www.budokampsport.se\/2018\/01\/25\/elina-moestam-om-nomineringen-till-kampsportsgalan\/#breadcrumb\",\"itemListElement\":[{\"@type\":\"ListItem\",\"position\":1,\"name\":\"Hem\",\"item\":\"https:\/\/www.budokampsport.se\/\"},{\"@type\":\"ListItem\",\"position\":2,\"name\":\"Elina Moestam om nomineringen till Kampsportsgalan\"}]},{\"@type\":\"WebSite\",\"@id\":\"https:\/\/www.budokampsport.se\/#website\",\"url\":\"https:\/\/www.budokampsport.se\/\",\"name\":\"Svenska Budo &amp; Kampsportsf\u00f6rbundet\",\"description\":\"T\u00e4vling, Tr\u00e4ning, Tradition\",\"potentialAction\":[{\"@type\":\"SearchAction\",\"target\":{\"@type\":\"EntryPoint\",\"urlTemplate\":\"https:\/\/www.budokampsport.se\/?s={search_term_string}\"},\"query-input\":{\"@type\":\"PropertyValueSpecification\",\"valueRequired\":true,\"valueName\":\"search_term_string\"}}],\"inLanguage\":\"sv-SE\"},{\"@type\":\"Person\",\"@id\":\"https:\/\/www.budokampsport.se\/#\/schema\/person\/5c06d81d14850e2a8ce5493386560145\",\"name\":\"Jonathan Broberg\",\"image\":{\"@type\":\"ImageObject\",\"inLanguage\":\"sv-SE\",\"@id\":\"https:\/\/www.budokampsport.se\/#\/schema\/person\/image\/\",\"url\":\"https:\/\/secure.gravatar.com\/avatar\/a58041c6cea9128bd9c40ee2f26d4136?s=96&d=blank&r=g\",\"contentUrl\":\"https:\/\/secure.gravatar.com\/avatar\/a58041c6cea9128bd9c40ee2f26d4136?s=96&d=blank&r=g\",\"caption\":\"Jonathan Broberg\"},\"sameAs\":[\"https:\/\/www.facebook.com\/jonathan.broberg.7\"],\"url\":\"https:\/\/www.budokampsport.se\/author\/jonathan\/\"}]}<\/script>\n<!-- \/ Yoast SEO plugin. -->","yoast_head_json":{"title":"Elina Moestam om nomineringen till Kampsportsgalan - Svenska Budo &amp; Kampsportsf\u00f6rbundet","description":"Det blev ett p\u00e5 m\u00e5nga s\u00e4tt fantastiskt svenskt BJJ-\u00e5r ifjol. En av de m\u00e5nga framst\u00e5ende idrottarna \u00e4r Elina Moestam, som \u00e4r nominerad till Kampsportsgalan den 17:e mars i kategorin \u00c5rets genombrott. - En \u00e4ra att bli nominerad. Jag hade ett v\u00e4ldigt bra 2017, b\u00e4ttre \u00e4n vad jag sj\u00e4lv kanske hade v\u00e5gat tro, s\u00e4ger Moestam till budokampsport.se.","robots":{"index":"index","follow":"follow","max-snippet":"max-snippet:-1","max-image-preview":"max-image-preview:large","max-video-preview":"max-video-preview:-1"},"canonical":"https:\/\/www.budokampsport.se\/2018\/01\/25\/elina-moestam-om-nomineringen-till-kampsportsgalan\/","og_locale":"sv_SE","og_type":"article","og_title":"Elina Moestam om nomineringen till Kampsportsgalan - Svenska Budo &amp; Kampsportsf\u00f6rbundet","og_description":"Det blev ett p\u00e5 m\u00e5nga s\u00e4tt fantastiskt svenskt BJJ-\u00e5r ifjol. En av de m\u00e5nga framst\u00e5ende idrottarna \u00e4r Elina Moestam, som \u00e4r nominerad till Kampsportsgalan den 17:e mars i kategorin \u00c5rets genombrott. - En \u00e4ra att bli nominerad. Jag hade ett v\u00e4ldigt bra 2017, b\u00e4ttre \u00e4n vad jag sj\u00e4lv kanske hade v\u00e5gat tro, s\u00e4ger Moestam till budokampsport.se.","og_url":"https:\/\/www.budokampsport.se\/2018\/01\/25\/elina-moestam-om-nomineringen-till-kampsportsgalan\/","og_site_name":"Svenska Budo &amp; Kampsportsf\u00f6rbundet","article_author":"https:\/\/www.facebook.com\/jonathan.broberg.7","article_published_time":"2018-01-25T08:43:54+00:00","article_modified_time":"2018-01-25T08:50:12+00:00","og_image":[{"width":850,"height":637,"url":"https:\/\/www.budokampsport.se\/wp-content\/uploads\/2018\/01\/elinamoe-e1624883201204.jpg","type":"image\/jpeg"}],"author":"Jonathan Broberg","twitter_card":"summary_large_image","twitter_misc":{"Skriven av":"Jonathan Broberg","Ber\u00e4knad l\u00e4stid":"1 minut"},"schema":{"@context":"https:\/\/schema.org","@graph":[{"@type":"Article","@id":"https:\/\/www.budokampsport.se\/2018\/01\/25\/elina-moestam-om-nomineringen-till-kampsportsgalan\/#article","isPartOf":{"@id":"https:\/\/www.budokampsport.se\/2018\/01\/25\/elina-moestam-om-nomineringen-till-kampsportsgalan\/"},"author":{"name":"Jonathan Broberg","@id":"https:\/\/www.budokampsport.se\/#\/schema\/person\/5c06d81d14850e2a8ce5493386560145"},"headline":"Elina Moestam om nomineringen till Kampsportsgalan","datePublished":"2018-01-25T08:43:54+00:00","dateModified":"2018-01-25T08:50:12+00:00","mainEntityOfPage":{"@id":"https:\/\/www.budokampsport.se\/2018\/01\/25\/elina-moestam-om-nomineringen-till-kampsportsgalan\/"},"wordCount":184,"commentCount":0,"image":{"@id":"https:\/\/www.budokampsport.se\/2018\/01\/25\/elina-moestam-om-nomineringen-till-kampsportsgalan\/#primaryimage"},"thumbnailUrl":"https:\/\/www.budokampsport.se\/wp-content\/uploads\/2018\/01\/elinamoe-e1624883201204.jpg","inLanguage":"sv-SE","potentialAction":[{"@type":"CommentAction","name":"Comment","target":["https:\/\/www.budokampsport.se\/2018\/01\/25\/elina-moestam-om-nomineringen-till-kampsportsgalan\/#respond"]}]},{"@type":"WebPage","@id":"https:\/\/www.budokampsport.se\/2018\/01\/25\/elina-moestam-om-nomineringen-till-kampsportsgalan\/","url":"https:\/\/www.budokampsport.se\/2018\/01\/25\/elina-moestam-om-nomineringen-till-kampsportsgalan\/","name":"Elina Moestam om nomineringen till Kampsportsgalan - Svenska Budo &amp; Kampsportsf\u00f6rbundet","isPartOf":{"@id":"https:\/\/www.budokampsport.se\/#website"},"primaryImageOfPage":{"@id":"https:\/\/www.budokampsport.se\/2018\/01\/25\/elina-moestam-om-nomineringen-till-kampsportsgalan\/#primaryimage"},"image":{"@id":"https:\/\/www.budokampsport.se\/2018\/01\/25\/elina-moestam-om-nomineringen-till-kampsportsgalan\/#primaryimage"},"thumbnailUrl":"https:\/\/www.budokampsport.se\/wp-content\/uploads\/2018\/01\/elinamoe-e1624883201204.jpg","datePublished":"2018-01-25T08:43:54+00:00","dateModified":"2018-01-25T08:50:12+00:00","author":{"@id":"https:\/\/www.budokampsport.se\/#\/schema\/person\/5c06d81d14850e2a8ce5493386560145"},"description":"Det blev ett p\u00e5 m\u00e5nga s\u00e4tt fantastiskt svenskt BJJ-\u00e5r ifjol. En av de m\u00e5nga framst\u00e5ende idrottarna \u00e4r Elina Moestam, som \u00e4r nominerad till Kampsportsgalan den 17:e mars i kategorin \u00c5rets genombrott. - En \u00e4ra att bli nominerad. Jag hade ett v\u00e4ldigt bra 2017, b\u00e4ttre \u00e4n vad jag sj\u00e4lv kanske hade v\u00e5gat tro, s\u00e4ger Moestam till budokampsport.se.","breadcrumb":{"@id":"https:\/\/www.budokampsport.se\/2018\/01\/25\/elina-moestam-om-nomineringen-till-kampsportsgalan\/#breadcrumb"},"inLanguage":"sv-SE","potentialAction":[{"@type":"ReadAction","target":["https:\/\/www.budokampsport.se\/2018\/01\/25\/elina-moestam-om-nomineringen-till-kampsportsgalan\/"]}]},{"@type":"ImageObject","inLanguage":"sv-SE","@id":"https:\/\/www.budokampsport.se\/2018\/01\/25\/elina-moestam-om-nomineringen-till-kampsportsgalan\/#primaryimage","url":"https:\/\/www.budokampsport.se\/wp-content\/uploads\/2018\/01\/elinamoe-e1624883201204.jpg","contentUrl":"https:\/\/www.budokampsport.se\/wp-content\/uploads\/2018\/01\/elinamoe-e1624883201204.jpg","width":850,"height":637,"caption":"foto: Annie Bondefelt"},{"@type":"BreadcrumbList","@id":"https:\/\/www.budokampsport.se\/2018\/01\/25\/elina-moestam-om-nomineringen-till-kampsportsgalan\/#breadcrumb","itemListElement":[{"@type":"ListItem","position":1,"name":"Hem","item":"https:\/\/www.budokampsport.se\/"},{"@type":"ListItem","position":2,"name":"Elina Moestam om nomineringen till Kampsportsgalan"}]},{"@type":"WebSite","@id":"https:\/\/www.budokampsport.se\/#website","url":"https:\/\/www.budokampsport.se\/","name":"Svenska Budo &amp; Kampsportsf\u00f6rbundet","description":"T\u00e4vling, Tr\u00e4ning, Tradition","potentialAction":[{"@type":"SearchAction","target":{"@type":"EntryPoint","urlTemplate":"https:\/\/www.budokampsport.se\/?s={search_term_string}"},"query-input":{"@type":"PropertyValueSpecification","valueRequired":true,"valueName":"search_term_string"}}],"inLanguage":"sv-SE"},{"@type":"Person","@id":"https:\/\/www.budokampsport.se\/#\/schema\/person\/5c06d81d14850e2a8ce5493386560145","name":"Jonathan Broberg","image":{"@type":"ImageObject","inLanguage":"sv-SE","@id":"https:\/\/www.budokampsport.se\/#\/schema\/person\/image\/","url":"https:\/\/secure.gravatar.com\/avatar\/a58041c6cea9128bd9c40ee2f26d4136?s=96&d=blank&r=g","contentUrl":"https:\/\/secure.gravatar.com\/avatar\/a58041c6cea9128bd9c40ee2f26d4136?s=96&d=blank&r=g","caption":"Jonathan Broberg"},"sameAs":["https:\/\/www.facebook.com\/jonathan.broberg.7"],"url":"https:\/\/www.budokampsport.se\/author\/jonathan\/"}]}},"_links":{"self":[{"href":"https:\/\/www.budokampsport.se\/api\/wp\/v2\/posts\/62762","targetHints":{"allow":["GET"]}}],"collection":[{"href":"https:\/\/www.budokampsport.se\/api\/wp\/v2\/posts"}],"about":[{"href":"https:\/\/www.budokampsport.se\/api\/wp\/v2\/types\/post"}],"author":[{"embeddable":true,"href":"https:\/\/www.budokampsport.se\/api\/wp\/v2\/users\/7"}],"replies":[{"embeddable":true,"href":"https:\/\/www.budokampsport.se\/api\/wp\/v2\/comments?post=62762"}],"version-history":[{"count":0,"href":"https:\/\/www.budokampsport.se\/api\/wp\/v2\/posts\/62762\/revisions"}],"wp:featuredmedia":[{"embeddable":true,"href":"https:\/\/www.budokampsport.se\/api\/wp\/v2\/media\/62095"}],"wp:attachment":[{"href":"https:\/\/www.budokampsport.se\/api\/wp\/v2\/media?parent=62762"}],"wp:term":[{"taxonomy":"category","embeddable":true,"href":"https:\/\/www.budokampsport.se\/api\/wp\/v2\/categories?post=62762"},{"taxonomy":"post_tag","embeddable":true,"href":"https:\/\/www.budokampsport.se\/api\/wp\/v2\/tags?post=62762"}],"curies":[{"name":"wp","href":"https:\/\/api.w.org\/{rel}","templated":true}]}}