{"id":63198,"date":"2018-01-29T16:00:51","date_gmt":"2018-01-29T15:00:51","guid":{"rendered":"http:\/\/www.budokampsport.se\/?p=63198"},"modified":"2018-01-29T16:05:17","modified_gmt":"2018-01-29T15:05:17","slug":"patricia-axling-kan-ta-trippeln","status":"publish","type":"post","link":"https:\/\/www.budokampsport.se\/2018\/01\/29\/patricia-axling-kan-ta-trippeln\/","title":{"rendered":"Patricia Axling kan ta trippeln"},"content":{"rendered":"<p><span style=\"font-size: 14pt;\">Patricia Axling har haft ett fullsp\u00e4ckat \u00e5r ifjol d\u00e5 hon tog SM, EM och VM-guld f\u00f6r andra \u00e5ret i f\u00f6ljd. Dessutom \u00e4r hon en av tv\u00e5 ambassad\u00f6rer som representerar \u201dFram\u00e5t f\u00f6r fler i r\u00f6relse\u201d, ett projekt i samarbete med RF och Svenska Spel. Nu \u00e4r hon nominerad i tre kategorier till Kampsportsgalan i mars.<\/span><br \/>\n<span style=\"font-size: 14pt;\">&#8211; Extra v\u00e4rmande k\u00e4nns nomineringen till \u00e5rets f\u00f6rebild, s\u00e4ger Patricia till budokampsport.se<\/span><\/p>\n<p>F\u00f6r andra \u00e5ret i rad \u00e4r Patricia Axling nominerad till flera kategorier inf\u00f6r Kampsportsgalan i mars, i \u00e5r \u00e4r hon nominerad till \u00c5rets f\u00f6rebild, \u00c5rets kampsportare och \u00c5rets m\u00e4starinna.<\/p>\n<p>&#8211; Det k\u00e4nns gl\u00e4djande och \u00e4rofyllt att vara nominerad i flera kategorier i \u00e5r igen tillsammans med m\u00e5nga andra framst\u00e5ende namn inom budokampsport. Att upprepa bedriften med att vinna SM, EM och VM tv\u00e5 \u00e5r i rad tror jag v\u00e4ger tungt hos juryn. Extra v\u00e4rmande k\u00e4nns nomineringen till \u00e5rets f\u00f6rebild som jag delvis tror beror p\u00e5 en blandning av mina faktiska resultat och delvis i mitt engagemang i \u201dEn frisk generation\u201d och Svenska Spel och Riksidrottsf\u00f6rbundets satsning \u201dFram\u00e5t f\u00f6r fler i r\u00f6relse\u201d. F\u00f6r mig \u00e4r det viktigt att f\u00f6rmedla att r\u00f6relse \u00e4r n\u00e5gonting f\u00f6r alla, ung som gammal, och att det kan g\u00f6ras p\u00e5 olika s\u00e4tt och med olika ambition men att det beh\u00f6vs f\u00f6r att f\u00e5 struktur i vardagen och samtidigt ger det positiva resultat betr\u00e4ffande fysiskt och psykiskt v\u00e4lm\u00e5ende. Det \u00e4r heller aldrig f\u00f6r sent att testa nya motionsformer, det g\u00e4ller bara att ta steget och kan jag inspirera andra m\u00e4nniskor till det s\u00e5 blir jag v\u00e4ldigt glad. Idrotten har utvecklat mig fysiskt och mentalt samt givit mig m\u00f6jligheten att komma i kontakt med olika m\u00e4nniskor, kulturer och se nya platser. Jag har vidgat mitt synf\u00e4lt i ett positivt h\u00e4nseende, avslutar Patricia.<\/p>\n<p>Text: Annie Bondefelt<br \/>\nFoto:\u00a0Jonathan Broberg<\/p>\n","protected":false},"excerpt":{"rendered":"<p>Patricia Axling har haft ett fullsp\u00e4ckat \u00e5r ifjol d\u00e5 hon [&#8230;]<\/p><br>","protected":false},"author":120,"featured_media":36913,"comment_status":"open","ping_status":"open","sticky":false,"template":"","format":"standard","meta":{"_acf_changed":false,"footnotes":""},"categories":[1],"tags":[],"class_list":["post-63198","post","type-post","status-publish","format-standard","has-post-thumbnail","hentry","category-okategoriserade"],"acf":[],"yoast_head":"<!-- This site is optimized with the Yoast SEO plugin v26.8 - https:\/\/yoast.com\/product\/yoast-seo-wordpress\/ -->\n<title>Patricia Axling kan ta trippeln - Svenska Budo &amp; Kampsportsf\u00f6rbundet<\/title>\n<meta name=\"description\" content=\"Patricia Axling har haft ett fullsp\u00e4ckat \u00e5r ifjol d\u00e5 hon tog SM, EM och VM-guld f\u00f6r andra \u00e5ret i f\u00f6ljd. Dessutom \u00e4r hon en av tv\u00e5 ambassad\u00f6rer som\" \/>\n<meta name=\"robots\" content=\"index, follow, max-snippet:-1, max-image-preview:large, max-video-preview:-1\" \/>\n<link rel=\"canonical\" href=\"https:\/\/www.budokampsport.se\/2018\/01\/29\/patricia-axling-kan-ta-trippeln\/\" \/>\n<meta property=\"og:locale\" content=\"sv_SE\" \/>\n<meta property=\"og:type\" content=\"article\" \/>\n<meta property=\"og:title\" content=\"Patricia Axling kan ta trippeln - Svenska Budo &amp; Kampsportsf\u00f6rbundet\" \/>\n<meta property=\"og:description\" content=\"Patricia Axling har haft ett fullsp\u00e4ckat \u00e5r ifjol d\u00e5 hon tog SM, EM och VM-guld f\u00f6r andra \u00e5ret i f\u00f6ljd. Dessutom \u00e4r hon en av tv\u00e5 ambassad\u00f6rer som\" \/>\n<meta property=\"og:url\" content=\"https:\/\/www.budokampsport.se\/2018\/01\/29\/patricia-axling-kan-ta-trippeln\/\" \/>\n<meta property=\"og:site_name\" content=\"Svenska Budo &amp; Kampsportsf\u00f6rbundet\" \/>\n<meta property=\"article:published_time\" content=\"2018-01-29T15:00:51+00:00\" \/>\n<meta property=\"article:modified_time\" content=\"2018-01-29T15:05:17+00:00\" \/>\n<meta property=\"og:image\" content=\"https:\/\/www.budokampsport.se\/wp-content\/uploads\/2016\/12\/patricia_axling.jpg\" \/>\n\t<meta property=\"og:image:width\" content=\"850\" \/>\n\t<meta property=\"og:image:height\" content=\"567\" \/>\n\t<meta property=\"og:image:type\" content=\"image\/jpeg\" \/>\n<meta name=\"author\" content=\"Annie Carriage\" \/>\n<meta name=\"twitter:card\" content=\"summary_large_image\" \/>\n<meta name=\"twitter:label1\" content=\"Skriven av\" \/>\n\t<meta name=\"twitter:data1\" content=\"Annie Carriage\" \/>\n\t<meta name=\"twitter:label2\" content=\"Ber\u00e4knad l\u00e4stid\" \/>\n\t<meta name=\"twitter:data2\" content=\"2 minuter\" \/>\n<script type=\"application\/ld+json\" class=\"yoast-schema-graph\">{\"@context\":\"https:\/\/schema.org\",\"@graph\":[{\"@type\":\"Article\",\"@id\":\"https:\/\/www.budokampsport.se\/2018\/01\/29\/patricia-axling-kan-ta-trippeln\/#article\",\"isPartOf\":{\"@id\":\"https:\/\/www.budokampsport.se\/2018\/01\/29\/patricia-axling-kan-ta-trippeln\/\"},\"author\":{\"name\":\"Annie Carriage\",\"@id\":\"https:\/\/www.budokampsport.se\/#\/schema\/person\/c838cace8171f692e363fde3f38f208b\"},\"headline\":\"Patricia Axling kan ta trippeln\",\"datePublished\":\"2018-01-29T15:00:51+00:00\",\"dateModified\":\"2018-01-29T15:05:17+00:00\",\"mainEntityOfPage\":{\"@id\":\"https:\/\/www.budokampsport.se\/2018\/01\/29\/patricia-axling-kan-ta-trippeln\/\"},\"wordCount\":348,\"commentCount\":0,\"image\":{\"@id\":\"https:\/\/www.budokampsport.se\/2018\/01\/29\/patricia-axling-kan-ta-trippeln\/#primaryimage\"},\"thumbnailUrl\":\"https:\/\/www.budokampsport.se\/wp-content\/uploads\/2016\/12\/patricia_axling.jpg\",\"inLanguage\":\"sv-SE\",\"potentialAction\":[{\"@type\":\"CommentAction\",\"name\":\"Comment\",\"target\":[\"https:\/\/www.budokampsport.se\/2018\/01\/29\/patricia-axling-kan-ta-trippeln\/#respond\"]}]},{\"@type\":\"WebPage\",\"@id\":\"https:\/\/www.budokampsport.se\/2018\/01\/29\/patricia-axling-kan-ta-trippeln\/\",\"url\":\"https:\/\/www.budokampsport.se\/2018\/01\/29\/patricia-axling-kan-ta-trippeln\/\",\"name\":\"Patricia Axling kan ta trippeln - Svenska Budo &amp; Kampsportsf\u00f6rbundet\",\"isPartOf\":{\"@id\":\"https:\/\/www.budokampsport.se\/#website\"},\"primaryImageOfPage\":{\"@id\":\"https:\/\/www.budokampsport.se\/2018\/01\/29\/patricia-axling-kan-ta-trippeln\/#primaryimage\"},\"image\":{\"@id\":\"https:\/\/www.budokampsport.se\/2018\/01\/29\/patricia-axling-kan-ta-trippeln\/#primaryimage\"},\"thumbnailUrl\":\"https:\/\/www.budokampsport.se\/wp-content\/uploads\/2016\/12\/patricia_axling.jpg\",\"datePublished\":\"2018-01-29T15:00:51+00:00\",\"dateModified\":\"2018-01-29T15:05:17+00:00\",\"author\":{\"@id\":\"https:\/\/www.budokampsport.se\/#\/schema\/person\/c838cace8171f692e363fde3f38f208b\"},\"description\":\"Patricia Axling har haft ett fullsp\u00e4ckat \u00e5r ifjol d\u00e5 hon tog SM, EM och VM-guld f\u00f6r andra \u00e5ret i f\u00f6ljd. Dessutom \u00e4r hon en av tv\u00e5 ambassad\u00f6rer som\",\"breadcrumb\":{\"@id\":\"https:\/\/www.budokampsport.se\/2018\/01\/29\/patricia-axling-kan-ta-trippeln\/#breadcrumb\"},\"inLanguage\":\"sv-SE\",\"potentialAction\":[{\"@type\":\"ReadAction\",\"target\":[\"https:\/\/www.budokampsport.se\/2018\/01\/29\/patricia-axling-kan-ta-trippeln\/\"]}]},{\"@type\":\"ImageObject\",\"inLanguage\":\"sv-SE\",\"@id\":\"https:\/\/www.budokampsport.se\/2018\/01\/29\/patricia-axling-kan-ta-trippeln\/#primaryimage\",\"url\":\"https:\/\/www.budokampsport.se\/wp-content\/uploads\/2016\/12\/patricia_axling.jpg\",\"contentUrl\":\"https:\/\/www.budokampsport.se\/wp-content\/uploads\/2016\/12\/patricia_axling.jpg\",\"width\":850,\"height\":567,\"caption\":\"Patricia vr\u00e5lar ut sin gl\u00e4dje efter VM-guld 2016 Foto: Jonathan Broberg\"},{\"@type\":\"BreadcrumbList\",\"@id\":\"https:\/\/www.budokampsport.se\/2018\/01\/29\/patricia-axling-kan-ta-trippeln\/#breadcrumb\",\"itemListElement\":[{\"@type\":\"ListItem\",\"position\":1,\"name\":\"Hem\",\"item\":\"https:\/\/www.budokampsport.se\/\"},{\"@type\":\"ListItem\",\"position\":2,\"name\":\"Patricia Axling kan ta trippeln\"}]},{\"@type\":\"WebSite\",\"@id\":\"https:\/\/www.budokampsport.se\/#website\",\"url\":\"https:\/\/www.budokampsport.se\/\",\"name\":\"Svenska Budo &amp; Kampsportsf\u00f6rbundet\",\"description\":\"T\u00e4vling, Tr\u00e4ning, Tradition\",\"potentialAction\":[{\"@type\":\"SearchAction\",\"target\":{\"@type\":\"EntryPoint\",\"urlTemplate\":\"https:\/\/www.budokampsport.se\/?s={search_term_string}\"},\"query-input\":{\"@type\":\"PropertyValueSpecification\",\"valueRequired\":true,\"valueName\":\"search_term_string\"}}],\"inLanguage\":\"sv-SE\"},{\"@type\":\"Person\",\"@id\":\"https:\/\/www.budokampsport.se\/#\/schema\/person\/c838cace8171f692e363fde3f38f208b\",\"name\":\"Annie Carriage\",\"image\":{\"@type\":\"ImageObject\",\"inLanguage\":\"sv-SE\",\"@id\":\"https:\/\/www.budokampsport.se\/#\/schema\/person\/image\/\",\"url\":\"https:\/\/secure.gravatar.com\/avatar\/9311295560bdfbdf78365a26f7df1876?s=96&d=blank&r=g\",\"contentUrl\":\"https:\/\/secure.gravatar.com\/avatar\/9311295560bdfbdf78365a26f7df1876?s=96&d=blank&r=g\",\"caption\":\"Annie Carriage\"},\"url\":\"https:\/\/www.budokampsport.se\/author\/annie-bondefelt\/\"}]}<\/script>\n<!-- \/ Yoast SEO plugin. -->","yoast_head_json":{"title":"Patricia Axling kan ta trippeln - Svenska Budo &amp; Kampsportsf\u00f6rbundet","description":"Patricia Axling har haft ett fullsp\u00e4ckat \u00e5r ifjol d\u00e5 hon tog SM, EM och VM-guld f\u00f6r andra \u00e5ret i f\u00f6ljd. Dessutom \u00e4r hon en av tv\u00e5 ambassad\u00f6rer som","robots":{"index":"index","follow":"follow","max-snippet":"max-snippet:-1","max-image-preview":"max-image-preview:large","max-video-preview":"max-video-preview:-1"},"canonical":"https:\/\/www.budokampsport.se\/2018\/01\/29\/patricia-axling-kan-ta-trippeln\/","og_locale":"sv_SE","og_type":"article","og_title":"Patricia Axling kan ta trippeln - Svenska Budo &amp; Kampsportsf\u00f6rbundet","og_description":"Patricia Axling har haft ett fullsp\u00e4ckat \u00e5r ifjol d\u00e5 hon tog SM, EM och VM-guld f\u00f6r andra \u00e5ret i f\u00f6ljd. Dessutom \u00e4r hon en av tv\u00e5 ambassad\u00f6rer som","og_url":"https:\/\/www.budokampsport.se\/2018\/01\/29\/patricia-axling-kan-ta-trippeln\/","og_site_name":"Svenska Budo &amp; Kampsportsf\u00f6rbundet","article_published_time":"2018-01-29T15:00:51+00:00","article_modified_time":"2018-01-29T15:05:17+00:00","og_image":[{"width":850,"height":567,"url":"https:\/\/www.budokampsport.se\/wp-content\/uploads\/2016\/12\/patricia_axling.jpg","type":"image\/jpeg"}],"author":"Annie Carriage","twitter_card":"summary_large_image","twitter_misc":{"Skriven av":"Annie Carriage","Ber\u00e4knad l\u00e4stid":"2 minuter"},"schema":{"@context":"https:\/\/schema.org","@graph":[{"@type":"Article","@id":"https:\/\/www.budokampsport.se\/2018\/01\/29\/patricia-axling-kan-ta-trippeln\/#article","isPartOf":{"@id":"https:\/\/www.budokampsport.se\/2018\/01\/29\/patricia-axling-kan-ta-trippeln\/"},"author":{"name":"Annie Carriage","@id":"https:\/\/www.budokampsport.se\/#\/schema\/person\/c838cace8171f692e363fde3f38f208b"},"headline":"Patricia Axling kan ta trippeln","datePublished":"2018-01-29T15:00:51+00:00","dateModified":"2018-01-29T15:05:17+00:00","mainEntityOfPage":{"@id":"https:\/\/www.budokampsport.se\/2018\/01\/29\/patricia-axling-kan-ta-trippeln\/"},"wordCount":348,"commentCount":0,"image":{"@id":"https:\/\/www.budokampsport.se\/2018\/01\/29\/patricia-axling-kan-ta-trippeln\/#primaryimage"},"thumbnailUrl":"https:\/\/www.budokampsport.se\/wp-content\/uploads\/2016\/12\/patricia_axling.jpg","inLanguage":"sv-SE","potentialAction":[{"@type":"CommentAction","name":"Comment","target":["https:\/\/www.budokampsport.se\/2018\/01\/29\/patricia-axling-kan-ta-trippeln\/#respond"]}]},{"@type":"WebPage","@id":"https:\/\/www.budokampsport.se\/2018\/01\/29\/patricia-axling-kan-ta-trippeln\/","url":"https:\/\/www.budokampsport.se\/2018\/01\/29\/patricia-axling-kan-ta-trippeln\/","name":"Patricia Axling kan ta trippeln - Svenska Budo &amp; Kampsportsf\u00f6rbundet","isPartOf":{"@id":"https:\/\/www.budokampsport.se\/#website"},"primaryImageOfPage":{"@id":"https:\/\/www.budokampsport.se\/2018\/01\/29\/patricia-axling-kan-ta-trippeln\/#primaryimage"},"image":{"@id":"https:\/\/www.budokampsport.se\/2018\/01\/29\/patricia-axling-kan-ta-trippeln\/#primaryimage"},"thumbnailUrl":"https:\/\/www.budokampsport.se\/wp-content\/uploads\/2016\/12\/patricia_axling.jpg","datePublished":"2018-01-29T15:00:51+00:00","dateModified":"2018-01-29T15:05:17+00:00","author":{"@id":"https:\/\/www.budokampsport.se\/#\/schema\/person\/c838cace8171f692e363fde3f38f208b"},"description":"Patricia Axling har haft ett fullsp\u00e4ckat \u00e5r ifjol d\u00e5 hon tog SM, EM och VM-guld f\u00f6r andra \u00e5ret i f\u00f6ljd. Dessutom \u00e4r hon en av tv\u00e5 ambassad\u00f6rer som","breadcrumb":{"@id":"https:\/\/www.budokampsport.se\/2018\/01\/29\/patricia-axling-kan-ta-trippeln\/#breadcrumb"},"inLanguage":"sv-SE","potentialAction":[{"@type":"ReadAction","target":["https:\/\/www.budokampsport.se\/2018\/01\/29\/patricia-axling-kan-ta-trippeln\/"]}]},{"@type":"ImageObject","inLanguage":"sv-SE","@id":"https:\/\/www.budokampsport.se\/2018\/01\/29\/patricia-axling-kan-ta-trippeln\/#primaryimage","url":"https:\/\/www.budokampsport.se\/wp-content\/uploads\/2016\/12\/patricia_axling.jpg","contentUrl":"https:\/\/www.budokampsport.se\/wp-content\/uploads\/2016\/12\/patricia_axling.jpg","width":850,"height":567,"caption":"Patricia vr\u00e5lar ut sin gl\u00e4dje efter VM-guld 2016 Foto: Jonathan Broberg"},{"@type":"BreadcrumbList","@id":"https:\/\/www.budokampsport.se\/2018\/01\/29\/patricia-axling-kan-ta-trippeln\/#breadcrumb","itemListElement":[{"@type":"ListItem","position":1,"name":"Hem","item":"https:\/\/www.budokampsport.se\/"},{"@type":"ListItem","position":2,"name":"Patricia Axling kan ta trippeln"}]},{"@type":"WebSite","@id":"https:\/\/www.budokampsport.se\/#website","url":"https:\/\/www.budokampsport.se\/","name":"Svenska Budo &amp; Kampsportsf\u00f6rbundet","description":"T\u00e4vling, Tr\u00e4ning, Tradition","potentialAction":[{"@type":"SearchAction","target":{"@type":"EntryPoint","urlTemplate":"https:\/\/www.budokampsport.se\/?s={search_term_string}"},"query-input":{"@type":"PropertyValueSpecification","valueRequired":true,"valueName":"search_term_string"}}],"inLanguage":"sv-SE"},{"@type":"Person","@id":"https:\/\/www.budokampsport.se\/#\/schema\/person\/c838cace8171f692e363fde3f38f208b","name":"Annie Carriage","image":{"@type":"ImageObject","inLanguage":"sv-SE","@id":"https:\/\/www.budokampsport.se\/#\/schema\/person\/image\/","url":"https:\/\/secure.gravatar.com\/avatar\/9311295560bdfbdf78365a26f7df1876?s=96&d=blank&r=g","contentUrl":"https:\/\/secure.gravatar.com\/avatar\/9311295560bdfbdf78365a26f7df1876?s=96&d=blank&r=g","caption":"Annie Carriage"},"url":"https:\/\/www.budokampsport.se\/author\/annie-bondefelt\/"}]}},"_links":{"self":[{"href":"https:\/\/www.budokampsport.se\/api\/wp\/v2\/posts\/63198","targetHints":{"allow":["GET"]}}],"collection":[{"href":"https:\/\/www.budokampsport.se\/api\/wp\/v2\/posts"}],"about":[{"href":"https:\/\/www.budokampsport.se\/api\/wp\/v2\/types\/post"}],"author":[{"embeddable":true,"href":"https:\/\/www.budokampsport.se\/api\/wp\/v2\/users\/120"}],"replies":[{"embeddable":true,"href":"https:\/\/www.budokampsport.se\/api\/wp\/v2\/comments?post=63198"}],"version-history":[{"count":0,"href":"https:\/\/www.budokampsport.se\/api\/wp\/v2\/posts\/63198\/revisions"}],"wp:featuredmedia":[{"embeddable":true,"href":"https:\/\/www.budokampsport.se\/api\/wp\/v2\/media\/36913"}],"wp:attachment":[{"href":"https:\/\/www.budokampsport.se\/api\/wp\/v2\/media?parent=63198"}],"wp:term":[{"taxonomy":"category","embeddable":true,"href":"https:\/\/www.budokampsport.se\/api\/wp\/v2\/categories?post=63198"},{"taxonomy":"post_tag","embeddable":true,"href":"https:\/\/www.budokampsport.se\/api\/wp\/v2\/tags?post=63198"}],"curies":[{"name":"wp","href":"https:\/\/api.w.org\/{rel}","templated":true}]}}