{"id":64162,"date":"2018-01-30T09:53:59","date_gmt":"2018-01-30T08:53:59","guid":{"rendered":"http:\/\/www.budokampsport.se\/?p=64162"},"modified":"2018-01-30T09:53:59","modified_gmt":"2018-01-30T08:53:59","slug":"william-seth-wenzel-nominerad-till-arets-mastare","status":"publish","type":"post","link":"https:\/\/www.budokampsport.se\/2018\/01\/30\/william-seth-wenzel-nominerad-till-arets-mastare\/","title":{"rendered":"William Seth-Wenzel nominerad till \u00c5rets m\u00e4stare"},"content":{"rendered":"<p><span style=\"font-size: 14pt;\">2017 blev \u00e5ret d\u00e5 Williams Seth-Wenzel slog igenom p\u00e5 den internationella arenan, f\u00f6rst blev det JVM-guld i U21 och sedermera vann han EM-guld i Banja Lucka innan han tog hem bronspengen under sommarens World Games.<\/span><br \/>\n<span style=\"font-size: 14pt;\">&#8211; Jag har presterat p\u00e5 topp hela \u00e5ret och visat upp min b\u00e4sta jujutsu och mitt b\u00e4sta jag, s\u00e4ger William till budokampsport.se<\/span><\/p>\n<p>2017 var mitt \u00e5r och jag \u00e4r verkligen s\u00e5 n\u00f6jd \u00f6ver mina prestationer. Att f\u00e5 avsluta juniorkarri\u00e4ren med ett JVM-guld f\u00f6r att sedan tre m\u00e5nader senare st\u00e5 h\u00f6gst upp p\u00e5 pallen igen under EM var minst sagt speciellt. Redan d\u00e4r k\u00e4nde jag mig som en m\u00e4stare, och d\u00e5 har vi inte ens tagit upp World Gamesbronset i sommar. Jag har presterat p\u00e5 topp hela \u00e5ret och visat upp min b\u00e4sta jujutsu och mitt b\u00e4sta jag, s\u00e4ger William.<\/p>\n<p><strong>\u201d\u00c5rets m\u00e4stare, hur coolt \u00e4r inte det?\u201d<\/strong><br \/>\nDet k\u00e4nns underbart att vara en av de fyra nominerade till \u00e5rets m\u00e4stare. H\u00f6r sj\u00e4lv hur det l\u00e5ter, \u00e5rets m\u00e4stare, hur coolt \u00e4r inte det? Och att konkurrera om titeln med Freddan som jag delat alla framg\u00e5ngar och gl\u00e4dje med under \u00e5ret \u00e4r \u00e4nnu roligare. Vi tv\u00e5 har tagit oss igenom det h\u00e4r \u00e5ret tillsammans och d\u00e4rf\u00f6r k\u00e4nns det symboliskt att vara nominerade i samma kategori. Det k\u00e4nns n\u00e4stan som att jag har tv\u00e5 chanser att vinna \u00e5rets m\u00e4stare nu, \u00e4ven om jag blir pyttelite gladare om jag sj\u00e4lv vinner, skrattar William<\/p>\n<p><strong>\u201dJag inte skulle vara lika strukturerad som \u00e4r jag \u00e4r idag utan jujutsun\u201d<\/strong><br \/>\nJujutsun har varit en stor pelare genom hela mitt liv och p\u00e5verkat mig p\u00e5 m\u00e5nga positiva s\u00e4tt. Att aldrig ge upp och k\u00e4mpa f\u00f6r det man vill \u00e4r n\u00e5got jag alltid kommer b\u00e4ra med mig efter allt slit jag lagt ner p\u00e5 och utanf\u00f6r mattan. Sen \u00e4r jag \u00f6vertygad om att jag inte skulle vara lika strukturerad som \u00e4r jag \u00e4r idag utan jujutsun och definitivt inte ha samma disciplin. Det kr\u00e4vs mer planerande \u00e4n man tror att kombinera en elitkarri\u00e4r med jobb, fritid och \u00f6vrigt socialt liv.<\/p>\n<p>Trots att det \u00e4r tufft att koordinera livet som elitidrottare uppmanar han b\u00e5de barn och unga att engagera sig inom idrotten.<br \/>\n&#8211; Jag rekommenderar alla barn och ungdomar att testa p\u00e5 jujutsu d\u00e5 man hittar en h\u00e4rlig r\u00f6relsegl\u00e4dje och l\u00e4r k\u00e4nna sin egna kropp. Och hur kul \u00e4r det inte att sl\u00e5ss och rulla runt med sina kompisar p\u00e5 en svettig matta, avslutar William.<\/p>\n<p>Text: Annie Bondefelt<br \/>\nFoto: Jonathan Broberg<\/p>\n","protected":false},"excerpt":{"rendered":"<p>2017 blev \u00e5ret d\u00e5 Williams Seth-Wenzel slog igenom p\u00e5 den [&#8230;]<\/p><br>","protected":false},"author":120,"featured_media":64163,"comment_status":"open","ping_status":"open","sticky":false,"template":"","format":"standard","meta":{"_acf_changed":false,"footnotes":""},"categories":[1],"tags":[],"class_list":["post-64162","post","type-post","status-publish","format-standard","has-post-thumbnail","hentry","category-okategoriserade"],"acf":[],"yoast_head":"<!-- This site is optimized with the Yoast SEO plugin v26.8 - https:\/\/yoast.com\/product\/yoast-seo-wordpress\/ -->\n<title>William Seth-Wenzel nominerad till \u00c5rets m\u00e4stare - Svenska Budo &amp; Kampsportsf\u00f6rbundet<\/title>\n<meta name=\"description\" content=\"2017 blev \u00e5ret d\u00e5 Williams Seth-Wenzel slog igenom p\u00e5 den internationella arenan, f\u00f6rst blev det JVM-guld i U21 och sedermera vann han EM-guld i Banja\" \/>\n<meta name=\"robots\" content=\"index, follow, max-snippet:-1, max-image-preview:large, max-video-preview:-1\" \/>\n<link rel=\"canonical\" href=\"https:\/\/www.budokampsport.se\/2018\/01\/30\/william-seth-wenzel-nominerad-till-arets-mastare\/\" \/>\n<meta property=\"og:locale\" content=\"sv_SE\" \/>\n<meta property=\"og:type\" content=\"article\" \/>\n<meta property=\"og:title\" content=\"William Seth-Wenzel nominerad till \u00c5rets m\u00e4stare - Svenska Budo &amp; Kampsportsf\u00f6rbundet\" \/>\n<meta property=\"og:description\" content=\"2017 blev \u00e5ret d\u00e5 Williams Seth-Wenzel slog igenom p\u00e5 den internationella arenan, f\u00f6rst blev det JVM-guld i U21 och sedermera vann han EM-guld i Banja\" \/>\n<meta property=\"og:url\" content=\"https:\/\/www.budokampsport.se\/2018\/01\/30\/william-seth-wenzel-nominerad-till-arets-mastare\/\" \/>\n<meta property=\"og:site_name\" content=\"Svenska Budo &amp; Kampsportsf\u00f6rbundet\" \/>\n<meta property=\"article:published_time\" content=\"2018-01-30T08:53:59+00:00\" \/>\n<meta property=\"og:image\" content=\"https:\/\/www.budokampsport.se\/wp-content\/uploads\/2018\/01\/williaam-e1624883380850.jpg\" \/>\n\t<meta property=\"og:image:width\" content=\"850\" \/>\n\t<meta property=\"og:image:height\" content=\"569\" \/>\n\t<meta property=\"og:image:type\" content=\"image\/jpeg\" \/>\n<meta name=\"author\" content=\"Annie Carriage\" \/>\n<meta name=\"twitter:card\" content=\"summary_large_image\" \/>\n<meta name=\"twitter:label1\" content=\"Skriven av\" \/>\n\t<meta name=\"twitter:data1\" content=\"Annie Carriage\" \/>\n\t<meta name=\"twitter:label2\" content=\"Ber\u00e4knad l\u00e4stid\" \/>\n\t<meta name=\"twitter:data2\" content=\"2 minuter\" \/>\n<script type=\"application\/ld+json\" class=\"yoast-schema-graph\">{\"@context\":\"https:\/\/schema.org\",\"@graph\":[{\"@type\":\"Article\",\"@id\":\"https:\/\/www.budokampsport.se\/2018\/01\/30\/william-seth-wenzel-nominerad-till-arets-mastare\/#article\",\"isPartOf\":{\"@id\":\"https:\/\/www.budokampsport.se\/2018\/01\/30\/william-seth-wenzel-nominerad-till-arets-mastare\/\"},\"author\":{\"name\":\"Annie Carriage\",\"@id\":\"https:\/\/www.budokampsport.se\/#\/schema\/person\/c838cace8171f692e363fde3f38f208b\"},\"headline\":\"William Seth-Wenzel nominerad till \u00c5rets m\u00e4stare\",\"datePublished\":\"2018-01-30T08:53:59+00:00\",\"mainEntityOfPage\":{\"@id\":\"https:\/\/www.budokampsport.se\/2018\/01\/30\/william-seth-wenzel-nominerad-till-arets-mastare\/\"},\"wordCount\":459,\"commentCount\":0,\"image\":{\"@id\":\"https:\/\/www.budokampsport.se\/2018\/01\/30\/william-seth-wenzel-nominerad-till-arets-mastare\/#primaryimage\"},\"thumbnailUrl\":\"https:\/\/www.budokampsport.se\/wp-content\/uploads\/2018\/01\/williaam-e1624883380850.jpg\",\"inLanguage\":\"sv-SE\",\"potentialAction\":[{\"@type\":\"CommentAction\",\"name\":\"Comment\",\"target\":[\"https:\/\/www.budokampsport.se\/2018\/01\/30\/william-seth-wenzel-nominerad-till-arets-mastare\/#respond\"]}]},{\"@type\":\"WebPage\",\"@id\":\"https:\/\/www.budokampsport.se\/2018\/01\/30\/william-seth-wenzel-nominerad-till-arets-mastare\/\",\"url\":\"https:\/\/www.budokampsport.se\/2018\/01\/30\/william-seth-wenzel-nominerad-till-arets-mastare\/\",\"name\":\"William Seth-Wenzel nominerad till \u00c5rets m\u00e4stare - Svenska Budo &amp; Kampsportsf\u00f6rbundet\",\"isPartOf\":{\"@id\":\"https:\/\/www.budokampsport.se\/#website\"},\"primaryImageOfPage\":{\"@id\":\"https:\/\/www.budokampsport.se\/2018\/01\/30\/william-seth-wenzel-nominerad-till-arets-mastare\/#primaryimage\"},\"image\":{\"@id\":\"https:\/\/www.budokampsport.se\/2018\/01\/30\/william-seth-wenzel-nominerad-till-arets-mastare\/#primaryimage\"},\"thumbnailUrl\":\"https:\/\/www.budokampsport.se\/wp-content\/uploads\/2018\/01\/williaam-e1624883380850.jpg\",\"datePublished\":\"2018-01-30T08:53:59+00:00\",\"author\":{\"@id\":\"https:\/\/www.budokampsport.se\/#\/schema\/person\/c838cace8171f692e363fde3f38f208b\"},\"description\":\"2017 blev \u00e5ret d\u00e5 Williams Seth-Wenzel slog igenom p\u00e5 den internationella arenan, f\u00f6rst blev det JVM-guld i U21 och sedermera vann han EM-guld i Banja\",\"breadcrumb\":{\"@id\":\"https:\/\/www.budokampsport.se\/2018\/01\/30\/william-seth-wenzel-nominerad-till-arets-mastare\/#breadcrumb\"},\"inLanguage\":\"sv-SE\",\"potentialAction\":[{\"@type\":\"ReadAction\",\"target\":[\"https:\/\/www.budokampsport.se\/2018\/01\/30\/william-seth-wenzel-nominerad-till-arets-mastare\/\"]}]},{\"@type\":\"ImageObject\",\"inLanguage\":\"sv-SE\",\"@id\":\"https:\/\/www.budokampsport.se\/2018\/01\/30\/william-seth-wenzel-nominerad-till-arets-mastare\/#primaryimage\",\"url\":\"https:\/\/www.budokampsport.se\/wp-content\/uploads\/2018\/01\/williaam-e1624883380850.jpg\",\"contentUrl\":\"https:\/\/www.budokampsport.se\/wp-content\/uploads\/2018\/01\/williaam-e1624883380850.jpg\",\"width\":850,\"height\":569},{\"@type\":\"BreadcrumbList\",\"@id\":\"https:\/\/www.budokampsport.se\/2018\/01\/30\/william-seth-wenzel-nominerad-till-arets-mastare\/#breadcrumb\",\"itemListElement\":[{\"@type\":\"ListItem\",\"position\":1,\"name\":\"Hem\",\"item\":\"https:\/\/www.budokampsport.se\/\"},{\"@type\":\"ListItem\",\"position\":2,\"name\":\"William Seth-Wenzel nominerad till \u00c5rets m\u00e4stare\"}]},{\"@type\":\"WebSite\",\"@id\":\"https:\/\/www.budokampsport.se\/#website\",\"url\":\"https:\/\/www.budokampsport.se\/\",\"name\":\"Svenska Budo &amp; Kampsportsf\u00f6rbundet\",\"description\":\"T\u00e4vling, Tr\u00e4ning, Tradition\",\"potentialAction\":[{\"@type\":\"SearchAction\",\"target\":{\"@type\":\"EntryPoint\",\"urlTemplate\":\"https:\/\/www.budokampsport.se\/?s={search_term_string}\"},\"query-input\":{\"@type\":\"PropertyValueSpecification\",\"valueRequired\":true,\"valueName\":\"search_term_string\"}}],\"inLanguage\":\"sv-SE\"},{\"@type\":\"Person\",\"@id\":\"https:\/\/www.budokampsport.se\/#\/schema\/person\/c838cace8171f692e363fde3f38f208b\",\"name\":\"Annie Carriage\",\"image\":{\"@type\":\"ImageObject\",\"inLanguage\":\"sv-SE\",\"@id\":\"https:\/\/www.budokampsport.se\/#\/schema\/person\/image\/\",\"url\":\"https:\/\/secure.gravatar.com\/avatar\/9311295560bdfbdf78365a26f7df1876?s=96&d=blank&r=g\",\"contentUrl\":\"https:\/\/secure.gravatar.com\/avatar\/9311295560bdfbdf78365a26f7df1876?s=96&d=blank&r=g\",\"caption\":\"Annie Carriage\"},\"url\":\"https:\/\/www.budokampsport.se\/author\/annie-bondefelt\/\"}]}<\/script>\n<!-- \/ Yoast SEO plugin. -->","yoast_head_json":{"title":"William Seth-Wenzel nominerad till \u00c5rets m\u00e4stare - Svenska Budo &amp; Kampsportsf\u00f6rbundet","description":"2017 blev \u00e5ret d\u00e5 Williams Seth-Wenzel slog igenom p\u00e5 den internationella arenan, f\u00f6rst blev det JVM-guld i U21 och sedermera vann han EM-guld i Banja","robots":{"index":"index","follow":"follow","max-snippet":"max-snippet:-1","max-image-preview":"max-image-preview:large","max-video-preview":"max-video-preview:-1"},"canonical":"https:\/\/www.budokampsport.se\/2018\/01\/30\/william-seth-wenzel-nominerad-till-arets-mastare\/","og_locale":"sv_SE","og_type":"article","og_title":"William Seth-Wenzel nominerad till \u00c5rets m\u00e4stare - Svenska Budo &amp; Kampsportsf\u00f6rbundet","og_description":"2017 blev \u00e5ret d\u00e5 Williams Seth-Wenzel slog igenom p\u00e5 den internationella arenan, f\u00f6rst blev det JVM-guld i U21 och sedermera vann han EM-guld i Banja","og_url":"https:\/\/www.budokampsport.se\/2018\/01\/30\/william-seth-wenzel-nominerad-till-arets-mastare\/","og_site_name":"Svenska Budo &amp; Kampsportsf\u00f6rbundet","article_published_time":"2018-01-30T08:53:59+00:00","og_image":[{"width":850,"height":569,"url":"https:\/\/www.budokampsport.se\/wp-content\/uploads\/2018\/01\/williaam-e1624883380850.jpg","type":"image\/jpeg"}],"author":"Annie Carriage","twitter_card":"summary_large_image","twitter_misc":{"Skriven av":"Annie Carriage","Ber\u00e4knad l\u00e4stid":"2 minuter"},"schema":{"@context":"https:\/\/schema.org","@graph":[{"@type":"Article","@id":"https:\/\/www.budokampsport.se\/2018\/01\/30\/william-seth-wenzel-nominerad-till-arets-mastare\/#article","isPartOf":{"@id":"https:\/\/www.budokampsport.se\/2018\/01\/30\/william-seth-wenzel-nominerad-till-arets-mastare\/"},"author":{"name":"Annie Carriage","@id":"https:\/\/www.budokampsport.se\/#\/schema\/person\/c838cace8171f692e363fde3f38f208b"},"headline":"William Seth-Wenzel nominerad till \u00c5rets m\u00e4stare","datePublished":"2018-01-30T08:53:59+00:00","mainEntityOfPage":{"@id":"https:\/\/www.budokampsport.se\/2018\/01\/30\/william-seth-wenzel-nominerad-till-arets-mastare\/"},"wordCount":459,"commentCount":0,"image":{"@id":"https:\/\/www.budokampsport.se\/2018\/01\/30\/william-seth-wenzel-nominerad-till-arets-mastare\/#primaryimage"},"thumbnailUrl":"https:\/\/www.budokampsport.se\/wp-content\/uploads\/2018\/01\/williaam-e1624883380850.jpg","inLanguage":"sv-SE","potentialAction":[{"@type":"CommentAction","name":"Comment","target":["https:\/\/www.budokampsport.se\/2018\/01\/30\/william-seth-wenzel-nominerad-till-arets-mastare\/#respond"]}]},{"@type":"WebPage","@id":"https:\/\/www.budokampsport.se\/2018\/01\/30\/william-seth-wenzel-nominerad-till-arets-mastare\/","url":"https:\/\/www.budokampsport.se\/2018\/01\/30\/william-seth-wenzel-nominerad-till-arets-mastare\/","name":"William Seth-Wenzel nominerad till \u00c5rets m\u00e4stare - Svenska Budo &amp; Kampsportsf\u00f6rbundet","isPartOf":{"@id":"https:\/\/www.budokampsport.se\/#website"},"primaryImageOfPage":{"@id":"https:\/\/www.budokampsport.se\/2018\/01\/30\/william-seth-wenzel-nominerad-till-arets-mastare\/#primaryimage"},"image":{"@id":"https:\/\/www.budokampsport.se\/2018\/01\/30\/william-seth-wenzel-nominerad-till-arets-mastare\/#primaryimage"},"thumbnailUrl":"https:\/\/www.budokampsport.se\/wp-content\/uploads\/2018\/01\/williaam-e1624883380850.jpg","datePublished":"2018-01-30T08:53:59+00:00","author":{"@id":"https:\/\/www.budokampsport.se\/#\/schema\/person\/c838cace8171f692e363fde3f38f208b"},"description":"2017 blev \u00e5ret d\u00e5 Williams Seth-Wenzel slog igenom p\u00e5 den internationella arenan, f\u00f6rst blev det JVM-guld i U21 och sedermera vann han EM-guld i Banja","breadcrumb":{"@id":"https:\/\/www.budokampsport.se\/2018\/01\/30\/william-seth-wenzel-nominerad-till-arets-mastare\/#breadcrumb"},"inLanguage":"sv-SE","potentialAction":[{"@type":"ReadAction","target":["https:\/\/www.budokampsport.se\/2018\/01\/30\/william-seth-wenzel-nominerad-till-arets-mastare\/"]}]},{"@type":"ImageObject","inLanguage":"sv-SE","@id":"https:\/\/www.budokampsport.se\/2018\/01\/30\/william-seth-wenzel-nominerad-till-arets-mastare\/#primaryimage","url":"https:\/\/www.budokampsport.se\/wp-content\/uploads\/2018\/01\/williaam-e1624883380850.jpg","contentUrl":"https:\/\/www.budokampsport.se\/wp-content\/uploads\/2018\/01\/williaam-e1624883380850.jpg","width":850,"height":569},{"@type":"BreadcrumbList","@id":"https:\/\/www.budokampsport.se\/2018\/01\/30\/william-seth-wenzel-nominerad-till-arets-mastare\/#breadcrumb","itemListElement":[{"@type":"ListItem","position":1,"name":"Hem","item":"https:\/\/www.budokampsport.se\/"},{"@type":"ListItem","position":2,"name":"William Seth-Wenzel nominerad till \u00c5rets m\u00e4stare"}]},{"@type":"WebSite","@id":"https:\/\/www.budokampsport.se\/#website","url":"https:\/\/www.budokampsport.se\/","name":"Svenska Budo &amp; Kampsportsf\u00f6rbundet","description":"T\u00e4vling, Tr\u00e4ning, Tradition","potentialAction":[{"@type":"SearchAction","target":{"@type":"EntryPoint","urlTemplate":"https:\/\/www.budokampsport.se\/?s={search_term_string}"},"query-input":{"@type":"PropertyValueSpecification","valueRequired":true,"valueName":"search_term_string"}}],"inLanguage":"sv-SE"},{"@type":"Person","@id":"https:\/\/www.budokampsport.se\/#\/schema\/person\/c838cace8171f692e363fde3f38f208b","name":"Annie Carriage","image":{"@type":"ImageObject","inLanguage":"sv-SE","@id":"https:\/\/www.budokampsport.se\/#\/schema\/person\/image\/","url":"https:\/\/secure.gravatar.com\/avatar\/9311295560bdfbdf78365a26f7df1876?s=96&d=blank&r=g","contentUrl":"https:\/\/secure.gravatar.com\/avatar\/9311295560bdfbdf78365a26f7df1876?s=96&d=blank&r=g","caption":"Annie Carriage"},"url":"https:\/\/www.budokampsport.se\/author\/annie-bondefelt\/"}]}},"_links":{"self":[{"href":"https:\/\/www.budokampsport.se\/api\/wp\/v2\/posts\/64162","targetHints":{"allow":["GET"]}}],"collection":[{"href":"https:\/\/www.budokampsport.se\/api\/wp\/v2\/posts"}],"about":[{"href":"https:\/\/www.budokampsport.se\/api\/wp\/v2\/types\/post"}],"author":[{"embeddable":true,"href":"https:\/\/www.budokampsport.se\/api\/wp\/v2\/users\/120"}],"replies":[{"embeddable":true,"href":"https:\/\/www.budokampsport.se\/api\/wp\/v2\/comments?post=64162"}],"version-history":[{"count":0,"href":"https:\/\/www.budokampsport.se\/api\/wp\/v2\/posts\/64162\/revisions"}],"wp:featuredmedia":[{"embeddable":true,"href":"https:\/\/www.budokampsport.se\/api\/wp\/v2\/media\/64163"}],"wp:attachment":[{"href":"https:\/\/www.budokampsport.se\/api\/wp\/v2\/media?parent=64162"}],"wp:term":[{"taxonomy":"category","embeddable":true,"href":"https:\/\/www.budokampsport.se\/api\/wp\/v2\/categories?post=64162"},{"taxonomy":"post_tag","embeddable":true,"href":"https:\/\/www.budokampsport.se\/api\/wp\/v2\/tags?post=64162"}],"curies":[{"name":"wp","href":"https:\/\/api.w.org\/{rel}","templated":true}]}}