{"id":64600,"date":"2018-02-02T10:27:30","date_gmt":"2018-02-02T09:27:30","guid":{"rendered":"http:\/\/www.budokampsport.se\/?p=64600"},"modified":"2018-02-02T10:27:33","modified_gmt":"2018-02-02T09:27:33","slug":"svensk-idrott-mar-forbaskat-bra-som-jag-ser-det","status":"publish","type":"post","link":"https:\/\/www.budokampsport.se\/2018\/02\/02\/svensk-idrott-mar-forbaskat-bra-som-jag-ser-det\/","title":{"rendered":"Svensk idrott m\u00e5r f\u00f6rbaskat bra, som jag ser det"},"content":{"rendered":"<p>Svensk idrott m\u00e5r, som jag ser det, f\u00f6rbaskat bra. Efter att ha kollat in Idrottsgalan konstaterar jag att det bl\u00e5gula idrottstr\u00e4det blir allt st\u00f6rre och saftigare. En svenska, Sarah Sj\u00f6str\u00f6m, blev f\u00f6r \u00f6vrigt vald till \u00e5rets kvinnliga idrottare i Europa.<\/p>\n<p><em><strong>Allt var sannerligen inte b\u00e4ttre f\u00f6rr inom idrottens v\u00e4rld.\u00a0 Under mina f\u00f6rsta \u00e5r som gr\u00f6n sportjournalist, mitten p\u00e5 70-talet, for jag Europa runt f\u00f6r att bevaka det svenska handbollslandslaget. F\u00f6r det mesta fick man skriva om hedersamma bl\u00e5gula f\u00f6rluster p\u00e5 10-talet m\u00e5l. Den d\u00e5varande f\u00f6rbundskaptenen Bertil Anders\u00e9n f\u00f6rkunnade att &#8220;Sverige kommer aldrig mer bli en stornation i handboll\u201d. Det s\u00e5g verkligen dystert ut vid den tidpunkten, men under hela 90-talet var det Sverige som dirigerade v\u00e4rldshandbollen.<\/strong><\/em><\/p>\n<p>Efter n\u00e5gra tuffa \u00e5r p\u00e5 2000-talet visar Sverige \u00e5ter musklerna i handboll. Den bl\u00e5gula EM-insatsen i Kroatien var av det lysande slaget. Silvret hade i mina \u00f6gon guldkant.<\/p>\n<p>Det \u00e4r inte bara svensk handboll som tar f\u00f6r sig. V\u00e5ra bl\u00e5gula kampsportare levererar p\u00e5 ett makal\u00f6st s\u00e4tt.<\/p>\n<p>Jag hyser en stor k\u00e4rlek till en massa sporter. Fotboll, handboll, friidrott och inte minst boxning och kampsporter \u00e4r \u201dmina sporter\u201d. Jag fick upp \u00f6gonen f\u00f6r thaiboxningen under en resa till Hua Hin i Thailand f\u00f6r 20 \u00e5r sen. Det sa klick direkt. Som reporter p\u00e5 Kv\u00e4llsposten och Expressen drog jag ofta en lans f\u00f6r kampsporterna och d\u00e5 fr\u00e4mst f\u00f6r thaiboxningen. Intresset fr\u00e5n cheferna var v\u00e4l inte j\u00e4ttestort, om man s\u00e5 s\u00e4ger. Betydligt l\u00e4ttare att f\u00e5 in kampsportsartiklar i tidningen var det under mina 12 \u00e5r som sportchef, under en period d\u00e5 framf\u00f6r allt den kvinnliga thaiboxningen blommade ut rej\u00e4lt.<\/p>\n<p><em><strong>Inf\u00f6r VM i thaiboxningen 2011 intervjuade jag Sanja Trbojevic. Malm\u00f6tjejen var verkligen ett oskrivet kort inf\u00f6r m\u00e4sterskapet i Uzbekistan. Jag minns att jag sa till en redigerare som skulle ta hand om min artikel att \u201dpass upp, den h\u00e4r tjejen kan g\u00e5 hela v\u00e4gen\u201d. Varf\u00f6r jag k\u00e4nde medaljdoften runt Sanja kan jag \u00e4n i dag inte f\u00f6rklara. M\u00f6jligen fascinerades jag av hennes spetsiga och roliga kommentarer.<\/strong><\/em><\/p>\n<p>Sanja vann VM-guld och jag k\u00e4nde mig lite som en thaiboxningsexpert. Numera \u00e4r Sanja Trbojevic en av tr\u00e4narna bakom superl\u00f6ftet Josefine Lindgren-Knutsson.<\/p>\n<p>Sen n\u00e5gra \u00e5r tillbaka har thaiboxningen v\u00e4rldsstj\u00e4rnor som Patricia Axling och Sofia Olofsson. Den sistn\u00e4mnda tjejen var f\u00f6r \u00f6vrigt kandidat till Jerringpriset och det s\u00e4ger n\u00e5got om hennes status i idrotts-Sverige.<\/p>\n<p>I maj stundar VM-thaiboxning i Mexiko och den svenska truppen l\u00e4r komma hem med \u00e5tskilliga medaljer.<br \/>\nEn sport med lyskraftiga stj\u00e4rnor skapar f\u00f6r det mesta \u00e4ven en bredd.\u00a0 Klubbar som sysslar med kampsport lockar allt fler, inte minst tjejer och det gl\u00e4der mig n\u00e5got enormt.<\/p>\n<p>Xxx<\/p>\n<p>Februari har gjort sitt int\u00e5g. Det \u00e4r en m\u00e5nad som kommer tillgodose mitt sportintresse i allra h\u00f6gsta grad. SM i thaiboxning\u00a0 avg\u00f6rs i Lomma utanf\u00f6r Malm\u00f6\u00a0 och det \u00e4r ett m\u00e4sterskap jag inte vill missa. \u00d6stersunds Europa League-\u00e4ventyr \u00e4r en annan h\u00f6jdare under den h\u00e4r vinterm\u00e5naden. Normalt ska fotbollssagan \u00d6stersund f\u00e5 ett slut mot Arsenal, men osvuret \u00e4r b\u00e4st. Ett vintrigt underlag \u00e4r \u00d6stersunds b\u00e4sta vapen mot PL-laget. Och s\u00e5 bjuds det p\u00e5 OS i Sydkorea, n\u00e5got som b\u00f6r kittla alla de som har valla bakom \u00f6ronen.<\/p>\n<p>xxx<\/p>\n<p><em><strong>Mitt eget idrottande sk\u00f6ter jag med skivst\u00e5ng och hantlar p\u00e5 Formtoppen i H\u00f6llviken. Ett gym som har drygt 7.000 medlemmar. Ung som gammal sliter och svettas d\u00e4r, fr\u00e5n tidig morgon till sen kv\u00e4ll.<\/strong><\/em><\/p>\n<p>Som jag skrev i ingressen: svensk idrott m\u00e5r f\u00f6rbaskat bra och d\u00e5 t\u00e4nker jag inte bara p\u00e5 elitverksamheten.<\/p>\n","protected":false},"excerpt":{"rendered":"<p>Det klagas d\u00e5 och d\u00e5 \u00f6ver att svensk idrott har tappat sin konkurrenskraft.<br \/><br>Men man ska kanske inte bli alltf\u00f6r skr\u00e4md av dessa s\u00e5 kallade varningsrop.<\/p><br>","protected":false},"author":7,"featured_media":36795,"comment_status":"open","ping_status":"open","sticky":false,"template":"","format":"standard","meta":{"_acf_changed":false,"footnotes":""},"categories":[179],"tags":[],"class_list":["post-64600","post","type-post","status-publish","format-standard","has-post-thumbnail","hentry","category-kronika"],"acf":[],"yoast_head":"<!-- This site is optimized with the Yoast SEO plugin v26.8 - https:\/\/yoast.com\/product\/yoast-seo-wordpress\/ -->\n<title>Svensk idrott m\u00e5r f\u00f6rbaskat bra, som jag ser det - Svenska Budo &amp; Kampsportsf\u00f6rbundet<\/title>\n<meta name=\"description\" content=\"Det klagas d\u00e5 och d\u00e5 \u00f6ver att svensk idrott har tappat sin konkurrenskraft. Men man ska kanske inte bli alltf\u00f6r skr\u00e4md av dessa s\u00e5 kallade varningsrop.\" \/>\n<meta name=\"robots\" content=\"index, follow, max-snippet:-1, max-image-preview:large, max-video-preview:-1\" \/>\n<link rel=\"canonical\" href=\"https:\/\/www.budokampsport.se\/2018\/02\/02\/svensk-idrott-mar-forbaskat-bra-som-jag-ser-det\/\" \/>\n<meta property=\"og:locale\" content=\"sv_SE\" \/>\n<meta property=\"og:type\" content=\"article\" \/>\n<meta property=\"og:title\" content=\"Svensk idrott m\u00e5r f\u00f6rbaskat bra, som jag ser det - Svenska Budo &amp; Kampsportsf\u00f6rbundet\" \/>\n<meta property=\"og:description\" content=\"Det klagas d\u00e5 och d\u00e5 \u00f6ver att svensk idrott har tappat sin konkurrenskraft. Men man ska kanske inte bli alltf\u00f6r skr\u00e4md av dessa s\u00e5 kallade varningsrop.\" \/>\n<meta property=\"og:url\" content=\"https:\/\/www.budokampsport.se\/2018\/02\/02\/svensk-idrott-mar-forbaskat-bra-som-jag-ser-det\/\" \/>\n<meta property=\"og:site_name\" content=\"Svenska Budo &amp; Kampsportsf\u00f6rbundet\" \/>\n<meta property=\"article:author\" content=\"https:\/\/www.facebook.com\/jonathan.broberg.7\" \/>\n<meta property=\"article:published_time\" content=\"2018-02-02T09:27:30+00:00\" \/>\n<meta property=\"article:modified_time\" content=\"2018-02-02T09:27:33+00:00\" \/>\n<meta property=\"og:image\" content=\"https:\/\/www.budokampsport.se\/wp-content\/uploads\/2016\/12\/kent.jpg\" \/>\n\t<meta property=\"og:image:width\" content=\"716\" \/>\n\t<meta property=\"og:image:height\" content=\"690\" \/>\n\t<meta property=\"og:image:type\" content=\"image\/jpeg\" \/>\n<meta name=\"author\" content=\"Jonathan Broberg\" \/>\n<meta name=\"twitter:card\" content=\"summary_large_image\" \/>\n<meta name=\"twitter:label1\" content=\"Skriven av\" \/>\n\t<meta name=\"twitter:data1\" content=\"Jonathan Broberg\" \/>\n\t<meta name=\"twitter:label2\" content=\"Ber\u00e4knad l\u00e4stid\" \/>\n\t<meta name=\"twitter:data2\" content=\"3 minuter\" \/>\n<script type=\"application\/ld+json\" class=\"yoast-schema-graph\">{\"@context\":\"https:\/\/schema.org\",\"@graph\":[{\"@type\":\"Article\",\"@id\":\"https:\/\/www.budokampsport.se\/2018\/02\/02\/svensk-idrott-mar-forbaskat-bra-som-jag-ser-det\/#article\",\"isPartOf\":{\"@id\":\"https:\/\/www.budokampsport.se\/2018\/02\/02\/svensk-idrott-mar-forbaskat-bra-som-jag-ser-det\/\"},\"author\":{\"name\":\"Jonathan Broberg\",\"@id\":\"https:\/\/www.budokampsport.se\/#\/schema\/person\/5c06d81d14850e2a8ce5493386560145\"},\"headline\":\"Svensk idrott m\u00e5r f\u00f6rbaskat bra, som jag ser det\",\"datePublished\":\"2018-02-02T09:27:30+00:00\",\"dateModified\":\"2018-02-02T09:27:33+00:00\",\"mainEntityOfPage\":{\"@id\":\"https:\/\/www.budokampsport.se\/2018\/02\/02\/svensk-idrott-mar-forbaskat-bra-som-jag-ser-det\/\"},\"wordCount\":666,\"commentCount\":0,\"image\":{\"@id\":\"https:\/\/www.budokampsport.se\/2018\/02\/02\/svensk-idrott-mar-forbaskat-bra-som-jag-ser-det\/#primaryimage\"},\"thumbnailUrl\":\"https:\/\/www.budokampsport.se\/wp-content\/uploads\/2016\/12\/kent.jpg\",\"articleSection\":[\"Kr\u00f6nika\"],\"inLanguage\":\"sv-SE\",\"potentialAction\":[{\"@type\":\"CommentAction\",\"name\":\"Comment\",\"target\":[\"https:\/\/www.budokampsport.se\/2018\/02\/02\/svensk-idrott-mar-forbaskat-bra-som-jag-ser-det\/#respond\"]}]},{\"@type\":\"WebPage\",\"@id\":\"https:\/\/www.budokampsport.se\/2018\/02\/02\/svensk-idrott-mar-forbaskat-bra-som-jag-ser-det\/\",\"url\":\"https:\/\/www.budokampsport.se\/2018\/02\/02\/svensk-idrott-mar-forbaskat-bra-som-jag-ser-det\/\",\"name\":\"Svensk idrott m\u00e5r f\u00f6rbaskat bra, som jag ser det - Svenska Budo &amp; Kampsportsf\u00f6rbundet\",\"isPartOf\":{\"@id\":\"https:\/\/www.budokampsport.se\/#website\"},\"primaryImageOfPage\":{\"@id\":\"https:\/\/www.budokampsport.se\/2018\/02\/02\/svensk-idrott-mar-forbaskat-bra-som-jag-ser-det\/#primaryimage\"},\"image\":{\"@id\":\"https:\/\/www.budokampsport.se\/2018\/02\/02\/svensk-idrott-mar-forbaskat-bra-som-jag-ser-det\/#primaryimage\"},\"thumbnailUrl\":\"https:\/\/www.budokampsport.se\/wp-content\/uploads\/2016\/12\/kent.jpg\",\"datePublished\":\"2018-02-02T09:27:30+00:00\",\"dateModified\":\"2018-02-02T09:27:33+00:00\",\"author\":{\"@id\":\"https:\/\/www.budokampsport.se\/#\/schema\/person\/5c06d81d14850e2a8ce5493386560145\"},\"description\":\"Det klagas d\u00e5 och d\u00e5 \u00f6ver att svensk idrott har tappat sin konkurrenskraft. Men man ska kanske inte bli alltf\u00f6r skr\u00e4md av dessa s\u00e5 kallade varningsrop.\",\"breadcrumb\":{\"@id\":\"https:\/\/www.budokampsport.se\/2018\/02\/02\/svensk-idrott-mar-forbaskat-bra-som-jag-ser-det\/#breadcrumb\"},\"inLanguage\":\"sv-SE\",\"potentialAction\":[{\"@type\":\"ReadAction\",\"target\":[\"https:\/\/www.budokampsport.se\/2018\/02\/02\/svensk-idrott-mar-forbaskat-bra-som-jag-ser-det\/\"]}]},{\"@type\":\"ImageObject\",\"inLanguage\":\"sv-SE\",\"@id\":\"https:\/\/www.budokampsport.se\/2018\/02\/02\/svensk-idrott-mar-forbaskat-bra-som-jag-ser-det\/#primaryimage\",\"url\":\"https:\/\/www.budokampsport.se\/wp-content\/uploads\/2016\/12\/kent.jpg\",\"contentUrl\":\"https:\/\/www.budokampsport.se\/wp-content\/uploads\/2016\/12\/kent.jpg\",\"width\":716,\"height\":690},{\"@type\":\"BreadcrumbList\",\"@id\":\"https:\/\/www.budokampsport.se\/2018\/02\/02\/svensk-idrott-mar-forbaskat-bra-som-jag-ser-det\/#breadcrumb\",\"itemListElement\":[{\"@type\":\"ListItem\",\"position\":1,\"name\":\"Hem\",\"item\":\"https:\/\/www.budokampsport.se\/\"},{\"@type\":\"ListItem\",\"position\":2,\"name\":\"Svensk idrott m\u00e5r f\u00f6rbaskat bra, som jag ser det\"}]},{\"@type\":\"WebSite\",\"@id\":\"https:\/\/www.budokampsport.se\/#website\",\"url\":\"https:\/\/www.budokampsport.se\/\",\"name\":\"Svenska Budo &amp; Kampsportsf\u00f6rbundet\",\"description\":\"T\u00e4vling, Tr\u00e4ning, Tradition\",\"potentialAction\":[{\"@type\":\"SearchAction\",\"target\":{\"@type\":\"EntryPoint\",\"urlTemplate\":\"https:\/\/www.budokampsport.se\/?s={search_term_string}\"},\"query-input\":{\"@type\":\"PropertyValueSpecification\",\"valueRequired\":true,\"valueName\":\"search_term_string\"}}],\"inLanguage\":\"sv-SE\"},{\"@type\":\"Person\",\"@id\":\"https:\/\/www.budokampsport.se\/#\/schema\/person\/5c06d81d14850e2a8ce5493386560145\",\"name\":\"Jonathan Broberg\",\"image\":{\"@type\":\"ImageObject\",\"inLanguage\":\"sv-SE\",\"@id\":\"https:\/\/www.budokampsport.se\/#\/schema\/person\/image\/\",\"url\":\"https:\/\/secure.gravatar.com\/avatar\/a58041c6cea9128bd9c40ee2f26d4136?s=96&d=blank&r=g\",\"contentUrl\":\"https:\/\/secure.gravatar.com\/avatar\/a58041c6cea9128bd9c40ee2f26d4136?s=96&d=blank&r=g\",\"caption\":\"Jonathan Broberg\"},\"sameAs\":[\"https:\/\/www.facebook.com\/jonathan.broberg.7\"],\"url\":\"https:\/\/www.budokampsport.se\/author\/jonathan\/\"}]}<\/script>\n<!-- \/ Yoast SEO plugin. -->","yoast_head_json":{"title":"Svensk idrott m\u00e5r f\u00f6rbaskat bra, som jag ser det - Svenska Budo &amp; Kampsportsf\u00f6rbundet","description":"Det klagas d\u00e5 och d\u00e5 \u00f6ver att svensk idrott har tappat sin konkurrenskraft. Men man ska kanske inte bli alltf\u00f6r skr\u00e4md av dessa s\u00e5 kallade varningsrop.","robots":{"index":"index","follow":"follow","max-snippet":"max-snippet:-1","max-image-preview":"max-image-preview:large","max-video-preview":"max-video-preview:-1"},"canonical":"https:\/\/www.budokampsport.se\/2018\/02\/02\/svensk-idrott-mar-forbaskat-bra-som-jag-ser-det\/","og_locale":"sv_SE","og_type":"article","og_title":"Svensk idrott m\u00e5r f\u00f6rbaskat bra, som jag ser det - Svenska Budo &amp; Kampsportsf\u00f6rbundet","og_description":"Det klagas d\u00e5 och d\u00e5 \u00f6ver att svensk idrott har tappat sin konkurrenskraft. Men man ska kanske inte bli alltf\u00f6r skr\u00e4md av dessa s\u00e5 kallade varningsrop.","og_url":"https:\/\/www.budokampsport.se\/2018\/02\/02\/svensk-idrott-mar-forbaskat-bra-som-jag-ser-det\/","og_site_name":"Svenska Budo &amp; Kampsportsf\u00f6rbundet","article_author":"https:\/\/www.facebook.com\/jonathan.broberg.7","article_published_time":"2018-02-02T09:27:30+00:00","article_modified_time":"2018-02-02T09:27:33+00:00","og_image":[{"width":716,"height":690,"url":"https:\/\/www.budokampsport.se\/wp-content\/uploads\/2016\/12\/kent.jpg","type":"image\/jpeg"}],"author":"Jonathan Broberg","twitter_card":"summary_large_image","twitter_misc":{"Skriven av":"Jonathan Broberg","Ber\u00e4knad l\u00e4stid":"3 minuter"},"schema":{"@context":"https:\/\/schema.org","@graph":[{"@type":"Article","@id":"https:\/\/www.budokampsport.se\/2018\/02\/02\/svensk-idrott-mar-forbaskat-bra-som-jag-ser-det\/#article","isPartOf":{"@id":"https:\/\/www.budokampsport.se\/2018\/02\/02\/svensk-idrott-mar-forbaskat-bra-som-jag-ser-det\/"},"author":{"name":"Jonathan Broberg","@id":"https:\/\/www.budokampsport.se\/#\/schema\/person\/5c06d81d14850e2a8ce5493386560145"},"headline":"Svensk idrott m\u00e5r f\u00f6rbaskat bra, som jag ser det","datePublished":"2018-02-02T09:27:30+00:00","dateModified":"2018-02-02T09:27:33+00:00","mainEntityOfPage":{"@id":"https:\/\/www.budokampsport.se\/2018\/02\/02\/svensk-idrott-mar-forbaskat-bra-som-jag-ser-det\/"},"wordCount":666,"commentCount":0,"image":{"@id":"https:\/\/www.budokampsport.se\/2018\/02\/02\/svensk-idrott-mar-forbaskat-bra-som-jag-ser-det\/#primaryimage"},"thumbnailUrl":"https:\/\/www.budokampsport.se\/wp-content\/uploads\/2016\/12\/kent.jpg","articleSection":["Kr\u00f6nika"],"inLanguage":"sv-SE","potentialAction":[{"@type":"CommentAction","name":"Comment","target":["https:\/\/www.budokampsport.se\/2018\/02\/02\/svensk-idrott-mar-forbaskat-bra-som-jag-ser-det\/#respond"]}]},{"@type":"WebPage","@id":"https:\/\/www.budokampsport.se\/2018\/02\/02\/svensk-idrott-mar-forbaskat-bra-som-jag-ser-det\/","url":"https:\/\/www.budokampsport.se\/2018\/02\/02\/svensk-idrott-mar-forbaskat-bra-som-jag-ser-det\/","name":"Svensk idrott m\u00e5r f\u00f6rbaskat bra, som jag ser det - Svenska Budo &amp; Kampsportsf\u00f6rbundet","isPartOf":{"@id":"https:\/\/www.budokampsport.se\/#website"},"primaryImageOfPage":{"@id":"https:\/\/www.budokampsport.se\/2018\/02\/02\/svensk-idrott-mar-forbaskat-bra-som-jag-ser-det\/#primaryimage"},"image":{"@id":"https:\/\/www.budokampsport.se\/2018\/02\/02\/svensk-idrott-mar-forbaskat-bra-som-jag-ser-det\/#primaryimage"},"thumbnailUrl":"https:\/\/www.budokampsport.se\/wp-content\/uploads\/2016\/12\/kent.jpg","datePublished":"2018-02-02T09:27:30+00:00","dateModified":"2018-02-02T09:27:33+00:00","author":{"@id":"https:\/\/www.budokampsport.se\/#\/schema\/person\/5c06d81d14850e2a8ce5493386560145"},"description":"Det klagas d\u00e5 och d\u00e5 \u00f6ver att svensk idrott har tappat sin konkurrenskraft. Men man ska kanske inte bli alltf\u00f6r skr\u00e4md av dessa s\u00e5 kallade varningsrop.","breadcrumb":{"@id":"https:\/\/www.budokampsport.se\/2018\/02\/02\/svensk-idrott-mar-forbaskat-bra-som-jag-ser-det\/#breadcrumb"},"inLanguage":"sv-SE","potentialAction":[{"@type":"ReadAction","target":["https:\/\/www.budokampsport.se\/2018\/02\/02\/svensk-idrott-mar-forbaskat-bra-som-jag-ser-det\/"]}]},{"@type":"ImageObject","inLanguage":"sv-SE","@id":"https:\/\/www.budokampsport.se\/2018\/02\/02\/svensk-idrott-mar-forbaskat-bra-som-jag-ser-det\/#primaryimage","url":"https:\/\/www.budokampsport.se\/wp-content\/uploads\/2016\/12\/kent.jpg","contentUrl":"https:\/\/www.budokampsport.se\/wp-content\/uploads\/2016\/12\/kent.jpg","width":716,"height":690},{"@type":"BreadcrumbList","@id":"https:\/\/www.budokampsport.se\/2018\/02\/02\/svensk-idrott-mar-forbaskat-bra-som-jag-ser-det\/#breadcrumb","itemListElement":[{"@type":"ListItem","position":1,"name":"Hem","item":"https:\/\/www.budokampsport.se\/"},{"@type":"ListItem","position":2,"name":"Svensk idrott m\u00e5r f\u00f6rbaskat bra, som jag ser det"}]},{"@type":"WebSite","@id":"https:\/\/www.budokampsport.se\/#website","url":"https:\/\/www.budokampsport.se\/","name":"Svenska Budo &amp; Kampsportsf\u00f6rbundet","description":"T\u00e4vling, Tr\u00e4ning, Tradition","potentialAction":[{"@type":"SearchAction","target":{"@type":"EntryPoint","urlTemplate":"https:\/\/www.budokampsport.se\/?s={search_term_string}"},"query-input":{"@type":"PropertyValueSpecification","valueRequired":true,"valueName":"search_term_string"}}],"inLanguage":"sv-SE"},{"@type":"Person","@id":"https:\/\/www.budokampsport.se\/#\/schema\/person\/5c06d81d14850e2a8ce5493386560145","name":"Jonathan Broberg","image":{"@type":"ImageObject","inLanguage":"sv-SE","@id":"https:\/\/www.budokampsport.se\/#\/schema\/person\/image\/","url":"https:\/\/secure.gravatar.com\/avatar\/a58041c6cea9128bd9c40ee2f26d4136?s=96&d=blank&r=g","contentUrl":"https:\/\/secure.gravatar.com\/avatar\/a58041c6cea9128bd9c40ee2f26d4136?s=96&d=blank&r=g","caption":"Jonathan Broberg"},"sameAs":["https:\/\/www.facebook.com\/jonathan.broberg.7"],"url":"https:\/\/www.budokampsport.se\/author\/jonathan\/"}]}},"_links":{"self":[{"href":"https:\/\/www.budokampsport.se\/api\/wp\/v2\/posts\/64600","targetHints":{"allow":["GET"]}}],"collection":[{"href":"https:\/\/www.budokampsport.se\/api\/wp\/v2\/posts"}],"about":[{"href":"https:\/\/www.budokampsport.se\/api\/wp\/v2\/types\/post"}],"author":[{"embeddable":true,"href":"https:\/\/www.budokampsport.se\/api\/wp\/v2\/users\/7"}],"replies":[{"embeddable":true,"href":"https:\/\/www.budokampsport.se\/api\/wp\/v2\/comments?post=64600"}],"version-history":[{"count":0,"href":"https:\/\/www.budokampsport.se\/api\/wp\/v2\/posts\/64600\/revisions"}],"wp:featuredmedia":[{"embeddable":true,"href":"https:\/\/www.budokampsport.se\/api\/wp\/v2\/media\/36795"}],"wp:attachment":[{"href":"https:\/\/www.budokampsport.se\/api\/wp\/v2\/media?parent=64600"}],"wp:term":[{"taxonomy":"category","embeddable":true,"href":"https:\/\/www.budokampsport.se\/api\/wp\/v2\/categories?post=64600"},{"taxonomy":"post_tag","embeddable":true,"href":"https:\/\/www.budokampsport.se\/api\/wp\/v2\/tags?post=64600"}],"curies":[{"name":"wp","href":"https:\/\/api.w.org\/{rel}","templated":true}]}}