{"id":64731,"date":"2018-02-05T13:23:25","date_gmt":"2018-02-05T12:23:25","guid":{"rendered":"http:\/\/www.budokampsport.se\/?p=64731"},"modified":"2018-02-05T13:23:25","modified_gmt":"2018-02-05T12:23:25","slug":"sofia-olofsson-kan-bli-arets-kampsportare","status":"publish","type":"post","link":"https:\/\/www.budokampsport.se\/2018\/02\/05\/sofia-olofsson-kan-bli-arets-kampsportare\/","title":{"rendered":"Sofia Olofsson kan bli \u00c5rets kampsportare"},"content":{"rendered":"<p><span style=\"font-size: 14pt;\">Sofia Olofsson \u00e4r en av Sveriges starkast lysande stj\u00e4rnor inom thaiboxning och till Kampsportsgalan \u00e4r hon nominerad till \u00c5rets kampsportare.<br \/>\n&#8211; 2017 \u00e4r ju hittills det absolut utan tvekan det b\u00e4sta \u00e5ret thaiboxningsm\u00e4ssigt f\u00f6r min del, s\u00e4ger Sofia till budokampsport.se<\/span><\/p>\n<p><strong>Sofia Olofsson har haft ett givande \u00e5r minst sagt, efter att ha vunnit SM tog hon guld under sommarens World Games liksom EM-guldet innan hon besegrade Iman Barlow och slutligen blev nominerad till Jerringpriset.<br \/>\n<\/strong><span style=\"font-size: 12pt;\">&#8211; 2017 \u00e4r ju hittills det absolut utan tvekan det b\u00e4sta \u00e5ret thaiboxningsm\u00e4ssigt f\u00f6r min del, att vinna SM och sedan ta guld i World Games som jag kvalificerade mig f\u00f6r redan 2015 \u00e4r det st\u00f6rsta jag gjort, det \u00e4r ju det n\u00e4rmsta vi kan komma OS inom v\u00e5r sport \u00e4n s\u00e5 l\u00e4nge. Att sedan avsluta \u00e5ret med ett EM-guld och sedan besegra Iman Barlow var ju inte direkt en d\u00e5lig avslutning p\u00e5 2017, s\u00e4ger Sofia till budokampsport.se<\/span><\/p>\n<p><strong>Trots de senaste \u00e5rens dominans inom thaiboxningen \u00e4r Sofia \u00f6dmjuk n\u00e4r det g\u00e4ller de resterande som \u00e4r nominerade i samma kategori och lyfter g\u00e4rna fram de som f\u00f6lj henne p\u00e5 v\u00e4gen.<br \/>\n<\/strong>&#8211; Det k\u00e4nns alltid kul att bli nominerad och f\u00e5 uppskattning f\u00f6r allt slit man l\u00e4gger ner, de andra tre nominerade l\u00e4gger nog ner minst lika mycket slit och f\u00f6rtj\u00e4nar utan tvekan att vara nominerade ocks\u00e5, s\u00e4ger Sofia.<br \/>\n&#8211; Prajerd Taeng-am \u00e4r ju en av mina st\u00f6ttepelare inom min tekniska utveckling, och p\u00e5 senare tid \u00e4ven Henrik N\u00e4ss\u00e9n. Jag har alltid varit imponerad av Sanny Dahlbecks sj\u00e4lvs\u00e4kerhet i ringen och innan han g\u00e5r in i ringen, sj\u00e4lv \u00e4r jag ett vrak, till\u00e4gger Sofia.<\/p>\n<p><strong>F\u00f6rutom de sportsliga meriterna upplever hon ocks\u00e5 att idrotten har hj\u00e4lpt henne \u00e4ven utanf\u00f6r ringen.<\/strong><br \/>\n&#8211; Jag har blivit mer modig och sj\u00e4lvs\u00e4ker som person tack vare idrotten, jag v\u00e5gar lite mer nu \u00e4n f\u00f6rr. Dock har jag mycket kvar att jobba p\u00e5 d\u00e5 jag \u00e4r v\u00e4ldig blyg och har sv\u00e5rt att sl\u00e4ppa in personer inp\u00e5 livet, avslutar Sofia.<\/p>\n<p>Text: Annie Bondefelt<br \/>\nFoto:\u00a0Jonathan Broberg<\/p>\n","protected":false},"excerpt":{"rendered":"<p>Sofia Olofsson \u00e4r en av Sveriges starkast lysande stj\u00e4rnor inom [&#8230;]<\/p><br>","protected":false},"author":120,"featured_media":43345,"comment_status":"open","ping_status":"open","sticky":false,"template":"","format":"standard","meta":{"_acf_changed":false,"footnotes":""},"categories":[1],"tags":[],"class_list":["post-64731","post","type-post","status-publish","format-standard","has-post-thumbnail","hentry","category-okategoriserade"],"acf":[],"yoast_head":"<!-- This site is optimized with the Yoast SEO plugin v26.8 - https:\/\/yoast.com\/product\/yoast-seo-wordpress\/ -->\n<title>Sofia Olofsson kan bli \u00c5rets kampsportare - Svenska Budo &amp; Kampsportsf\u00f6rbundet<\/title>\n<meta name=\"description\" content=\"Sofia Olofsson \u00e4r en av Sveriges starkast lysande stj\u00e4rnor inom thaiboxning och till Kampsportsgalan \u00e4r hon nominerad till \u00c5rets kampsportare. - 2017 \u00e4r\" \/>\n<meta name=\"robots\" content=\"index, follow, max-snippet:-1, max-image-preview:large, max-video-preview:-1\" \/>\n<link rel=\"canonical\" href=\"https:\/\/www.budokampsport.se\/2018\/02\/05\/sofia-olofsson-kan-bli-arets-kampsportare\/\" \/>\n<meta property=\"og:locale\" content=\"sv_SE\" \/>\n<meta property=\"og:type\" content=\"article\" \/>\n<meta property=\"og:title\" content=\"Sofia Olofsson kan bli \u00c5rets kampsportare - Svenska Budo &amp; Kampsportsf\u00f6rbundet\" \/>\n<meta property=\"og:description\" content=\"Sofia Olofsson \u00e4r en av Sveriges starkast lysande stj\u00e4rnor inom thaiboxning och till Kampsportsgalan \u00e4r hon nominerad till \u00c5rets kampsportare. - 2017 \u00e4r\" \/>\n<meta property=\"og:url\" content=\"https:\/\/www.budokampsport.se\/2018\/02\/05\/sofia-olofsson-kan-bli-arets-kampsportare\/\" \/>\n<meta property=\"og:site_name\" content=\"Svenska Budo &amp; Kampsportsf\u00f6rbundet\" \/>\n<meta property=\"article:published_time\" content=\"2018-02-05T12:23:25+00:00\" \/>\n<meta property=\"og:image\" content=\"https:\/\/www.budokampsport.se\/wp-content\/uploads\/2017\/04\/sofia_olofsson.jpg\" \/>\n\t<meta property=\"og:image:width\" content=\"850\" \/>\n\t<meta property=\"og:image:height\" content=\"441\" \/>\n\t<meta property=\"og:image:type\" content=\"image\/jpeg\" \/>\n<meta name=\"author\" content=\"Annie Carriage\" \/>\n<meta name=\"twitter:card\" content=\"summary_large_image\" \/>\n<meta name=\"twitter:label1\" content=\"Skriven av\" \/>\n\t<meta name=\"twitter:data1\" content=\"Annie Carriage\" \/>\n\t<meta name=\"twitter:label2\" content=\"Ber\u00e4knad l\u00e4stid\" \/>\n\t<meta name=\"twitter:data2\" content=\"2 minuter\" \/>\n<script type=\"application\/ld+json\" class=\"yoast-schema-graph\">{\"@context\":\"https:\/\/schema.org\",\"@graph\":[{\"@type\":\"Article\",\"@id\":\"https:\/\/www.budokampsport.se\/2018\/02\/05\/sofia-olofsson-kan-bli-arets-kampsportare\/#article\",\"isPartOf\":{\"@id\":\"https:\/\/www.budokampsport.se\/2018\/02\/05\/sofia-olofsson-kan-bli-arets-kampsportare\/\"},\"author\":{\"name\":\"Annie Carriage\",\"@id\":\"https:\/\/www.budokampsport.se\/#\/schema\/person\/c838cace8171f692e363fde3f38f208b\"},\"headline\":\"Sofia Olofsson kan bli \u00c5rets kampsportare\",\"datePublished\":\"2018-02-05T12:23:25+00:00\",\"mainEntityOfPage\":{\"@id\":\"https:\/\/www.budokampsport.se\/2018\/02\/05\/sofia-olofsson-kan-bli-arets-kampsportare\/\"},\"wordCount\":380,\"commentCount\":0,\"image\":{\"@id\":\"https:\/\/www.budokampsport.se\/2018\/02\/05\/sofia-olofsson-kan-bli-arets-kampsportare\/#primaryimage\"},\"thumbnailUrl\":\"https:\/\/www.budokampsport.se\/wp-content\/uploads\/2017\/04\/sofia_olofsson.jpg\",\"inLanguage\":\"sv-SE\",\"potentialAction\":[{\"@type\":\"CommentAction\",\"name\":\"Comment\",\"target\":[\"https:\/\/www.budokampsport.se\/2018\/02\/05\/sofia-olofsson-kan-bli-arets-kampsportare\/#respond\"]}]},{\"@type\":\"WebPage\",\"@id\":\"https:\/\/www.budokampsport.se\/2018\/02\/05\/sofia-olofsson-kan-bli-arets-kampsportare\/\",\"url\":\"https:\/\/www.budokampsport.se\/2018\/02\/05\/sofia-olofsson-kan-bli-arets-kampsportare\/\",\"name\":\"Sofia Olofsson kan bli \u00c5rets kampsportare - Svenska Budo &amp; Kampsportsf\u00f6rbundet\",\"isPartOf\":{\"@id\":\"https:\/\/www.budokampsport.se\/#website\"},\"primaryImageOfPage\":{\"@id\":\"https:\/\/www.budokampsport.se\/2018\/02\/05\/sofia-olofsson-kan-bli-arets-kampsportare\/#primaryimage\"},\"image\":{\"@id\":\"https:\/\/www.budokampsport.se\/2018\/02\/05\/sofia-olofsson-kan-bli-arets-kampsportare\/#primaryimage\"},\"thumbnailUrl\":\"https:\/\/www.budokampsport.se\/wp-content\/uploads\/2017\/04\/sofia_olofsson.jpg\",\"datePublished\":\"2018-02-05T12:23:25+00:00\",\"author\":{\"@id\":\"https:\/\/www.budokampsport.se\/#\/schema\/person\/c838cace8171f692e363fde3f38f208b\"},\"description\":\"Sofia Olofsson \u00e4r en av Sveriges starkast lysande stj\u00e4rnor inom thaiboxning och till Kampsportsgalan \u00e4r hon nominerad till \u00c5rets kampsportare. - 2017 \u00e4r\",\"breadcrumb\":{\"@id\":\"https:\/\/www.budokampsport.se\/2018\/02\/05\/sofia-olofsson-kan-bli-arets-kampsportare\/#breadcrumb\"},\"inLanguage\":\"sv-SE\",\"potentialAction\":[{\"@type\":\"ReadAction\",\"target\":[\"https:\/\/www.budokampsport.se\/2018\/02\/05\/sofia-olofsson-kan-bli-arets-kampsportare\/\"]}]},{\"@type\":\"ImageObject\",\"inLanguage\":\"sv-SE\",\"@id\":\"https:\/\/www.budokampsport.se\/2018\/02\/05\/sofia-olofsson-kan-bli-arets-kampsportare\/#primaryimage\",\"url\":\"https:\/\/www.budokampsport.se\/wp-content\/uploads\/2017\/04\/sofia_olofsson.jpg\",\"contentUrl\":\"https:\/\/www.budokampsport.se\/wp-content\/uploads\/2017\/04\/sofia_olofsson.jpg\",\"width\":850,\"height\":441,\"caption\":\"Foto: Jonathan Broberg\"},{\"@type\":\"BreadcrumbList\",\"@id\":\"https:\/\/www.budokampsport.se\/2018\/02\/05\/sofia-olofsson-kan-bli-arets-kampsportare\/#breadcrumb\",\"itemListElement\":[{\"@type\":\"ListItem\",\"position\":1,\"name\":\"Hem\",\"item\":\"https:\/\/www.budokampsport.se\/\"},{\"@type\":\"ListItem\",\"position\":2,\"name\":\"Sofia Olofsson kan bli \u00c5rets kampsportare\"}]},{\"@type\":\"WebSite\",\"@id\":\"https:\/\/www.budokampsport.se\/#website\",\"url\":\"https:\/\/www.budokampsport.se\/\",\"name\":\"Svenska Budo &amp; Kampsportsf\u00f6rbundet\",\"description\":\"T\u00e4vling, Tr\u00e4ning, Tradition\",\"potentialAction\":[{\"@type\":\"SearchAction\",\"target\":{\"@type\":\"EntryPoint\",\"urlTemplate\":\"https:\/\/www.budokampsport.se\/?s={search_term_string}\"},\"query-input\":{\"@type\":\"PropertyValueSpecification\",\"valueRequired\":true,\"valueName\":\"search_term_string\"}}],\"inLanguage\":\"sv-SE\"},{\"@type\":\"Person\",\"@id\":\"https:\/\/www.budokampsport.se\/#\/schema\/person\/c838cace8171f692e363fde3f38f208b\",\"name\":\"Annie Carriage\",\"image\":{\"@type\":\"ImageObject\",\"inLanguage\":\"sv-SE\",\"@id\":\"https:\/\/www.budokampsport.se\/#\/schema\/person\/image\/\",\"url\":\"https:\/\/secure.gravatar.com\/avatar\/9311295560bdfbdf78365a26f7df1876?s=96&d=blank&r=g\",\"contentUrl\":\"https:\/\/secure.gravatar.com\/avatar\/9311295560bdfbdf78365a26f7df1876?s=96&d=blank&r=g\",\"caption\":\"Annie Carriage\"},\"url\":\"https:\/\/www.budokampsport.se\/author\/annie-bondefelt\/\"}]}<\/script>\n<!-- \/ Yoast SEO plugin. -->","yoast_head_json":{"title":"Sofia Olofsson kan bli \u00c5rets kampsportare - Svenska Budo &amp; Kampsportsf\u00f6rbundet","description":"Sofia Olofsson \u00e4r en av Sveriges starkast lysande stj\u00e4rnor inom thaiboxning och till Kampsportsgalan \u00e4r hon nominerad till \u00c5rets kampsportare. - 2017 \u00e4r","robots":{"index":"index","follow":"follow","max-snippet":"max-snippet:-1","max-image-preview":"max-image-preview:large","max-video-preview":"max-video-preview:-1"},"canonical":"https:\/\/www.budokampsport.se\/2018\/02\/05\/sofia-olofsson-kan-bli-arets-kampsportare\/","og_locale":"sv_SE","og_type":"article","og_title":"Sofia Olofsson kan bli \u00c5rets kampsportare - Svenska Budo &amp; Kampsportsf\u00f6rbundet","og_description":"Sofia Olofsson \u00e4r en av Sveriges starkast lysande stj\u00e4rnor inom thaiboxning och till Kampsportsgalan \u00e4r hon nominerad till \u00c5rets kampsportare. - 2017 \u00e4r","og_url":"https:\/\/www.budokampsport.se\/2018\/02\/05\/sofia-olofsson-kan-bli-arets-kampsportare\/","og_site_name":"Svenska Budo &amp; Kampsportsf\u00f6rbundet","article_published_time":"2018-02-05T12:23:25+00:00","og_image":[{"width":850,"height":441,"url":"https:\/\/www.budokampsport.se\/wp-content\/uploads\/2017\/04\/sofia_olofsson.jpg","type":"image\/jpeg"}],"author":"Annie Carriage","twitter_card":"summary_large_image","twitter_misc":{"Skriven av":"Annie Carriage","Ber\u00e4knad l\u00e4stid":"2 minuter"},"schema":{"@context":"https:\/\/schema.org","@graph":[{"@type":"Article","@id":"https:\/\/www.budokampsport.se\/2018\/02\/05\/sofia-olofsson-kan-bli-arets-kampsportare\/#article","isPartOf":{"@id":"https:\/\/www.budokampsport.se\/2018\/02\/05\/sofia-olofsson-kan-bli-arets-kampsportare\/"},"author":{"name":"Annie Carriage","@id":"https:\/\/www.budokampsport.se\/#\/schema\/person\/c838cace8171f692e363fde3f38f208b"},"headline":"Sofia Olofsson kan bli \u00c5rets kampsportare","datePublished":"2018-02-05T12:23:25+00:00","mainEntityOfPage":{"@id":"https:\/\/www.budokampsport.se\/2018\/02\/05\/sofia-olofsson-kan-bli-arets-kampsportare\/"},"wordCount":380,"commentCount":0,"image":{"@id":"https:\/\/www.budokampsport.se\/2018\/02\/05\/sofia-olofsson-kan-bli-arets-kampsportare\/#primaryimage"},"thumbnailUrl":"https:\/\/www.budokampsport.se\/wp-content\/uploads\/2017\/04\/sofia_olofsson.jpg","inLanguage":"sv-SE","potentialAction":[{"@type":"CommentAction","name":"Comment","target":["https:\/\/www.budokampsport.se\/2018\/02\/05\/sofia-olofsson-kan-bli-arets-kampsportare\/#respond"]}]},{"@type":"WebPage","@id":"https:\/\/www.budokampsport.se\/2018\/02\/05\/sofia-olofsson-kan-bli-arets-kampsportare\/","url":"https:\/\/www.budokampsport.se\/2018\/02\/05\/sofia-olofsson-kan-bli-arets-kampsportare\/","name":"Sofia Olofsson kan bli \u00c5rets kampsportare - Svenska Budo &amp; Kampsportsf\u00f6rbundet","isPartOf":{"@id":"https:\/\/www.budokampsport.se\/#website"},"primaryImageOfPage":{"@id":"https:\/\/www.budokampsport.se\/2018\/02\/05\/sofia-olofsson-kan-bli-arets-kampsportare\/#primaryimage"},"image":{"@id":"https:\/\/www.budokampsport.se\/2018\/02\/05\/sofia-olofsson-kan-bli-arets-kampsportare\/#primaryimage"},"thumbnailUrl":"https:\/\/www.budokampsport.se\/wp-content\/uploads\/2017\/04\/sofia_olofsson.jpg","datePublished":"2018-02-05T12:23:25+00:00","author":{"@id":"https:\/\/www.budokampsport.se\/#\/schema\/person\/c838cace8171f692e363fde3f38f208b"},"description":"Sofia Olofsson \u00e4r en av Sveriges starkast lysande stj\u00e4rnor inom thaiboxning och till Kampsportsgalan \u00e4r hon nominerad till \u00c5rets kampsportare. - 2017 \u00e4r","breadcrumb":{"@id":"https:\/\/www.budokampsport.se\/2018\/02\/05\/sofia-olofsson-kan-bli-arets-kampsportare\/#breadcrumb"},"inLanguage":"sv-SE","potentialAction":[{"@type":"ReadAction","target":["https:\/\/www.budokampsport.se\/2018\/02\/05\/sofia-olofsson-kan-bli-arets-kampsportare\/"]}]},{"@type":"ImageObject","inLanguage":"sv-SE","@id":"https:\/\/www.budokampsport.se\/2018\/02\/05\/sofia-olofsson-kan-bli-arets-kampsportare\/#primaryimage","url":"https:\/\/www.budokampsport.se\/wp-content\/uploads\/2017\/04\/sofia_olofsson.jpg","contentUrl":"https:\/\/www.budokampsport.se\/wp-content\/uploads\/2017\/04\/sofia_olofsson.jpg","width":850,"height":441,"caption":"Foto: Jonathan Broberg"},{"@type":"BreadcrumbList","@id":"https:\/\/www.budokampsport.se\/2018\/02\/05\/sofia-olofsson-kan-bli-arets-kampsportare\/#breadcrumb","itemListElement":[{"@type":"ListItem","position":1,"name":"Hem","item":"https:\/\/www.budokampsport.se\/"},{"@type":"ListItem","position":2,"name":"Sofia Olofsson kan bli \u00c5rets kampsportare"}]},{"@type":"WebSite","@id":"https:\/\/www.budokampsport.se\/#website","url":"https:\/\/www.budokampsport.se\/","name":"Svenska Budo &amp; Kampsportsf\u00f6rbundet","description":"T\u00e4vling, Tr\u00e4ning, Tradition","potentialAction":[{"@type":"SearchAction","target":{"@type":"EntryPoint","urlTemplate":"https:\/\/www.budokampsport.se\/?s={search_term_string}"},"query-input":{"@type":"PropertyValueSpecification","valueRequired":true,"valueName":"search_term_string"}}],"inLanguage":"sv-SE"},{"@type":"Person","@id":"https:\/\/www.budokampsport.se\/#\/schema\/person\/c838cace8171f692e363fde3f38f208b","name":"Annie Carriage","image":{"@type":"ImageObject","inLanguage":"sv-SE","@id":"https:\/\/www.budokampsport.se\/#\/schema\/person\/image\/","url":"https:\/\/secure.gravatar.com\/avatar\/9311295560bdfbdf78365a26f7df1876?s=96&d=blank&r=g","contentUrl":"https:\/\/secure.gravatar.com\/avatar\/9311295560bdfbdf78365a26f7df1876?s=96&d=blank&r=g","caption":"Annie Carriage"},"url":"https:\/\/www.budokampsport.se\/author\/annie-bondefelt\/"}]}},"_links":{"self":[{"href":"https:\/\/www.budokampsport.se\/api\/wp\/v2\/posts\/64731","targetHints":{"allow":["GET"]}}],"collection":[{"href":"https:\/\/www.budokampsport.se\/api\/wp\/v2\/posts"}],"about":[{"href":"https:\/\/www.budokampsport.se\/api\/wp\/v2\/types\/post"}],"author":[{"embeddable":true,"href":"https:\/\/www.budokampsport.se\/api\/wp\/v2\/users\/120"}],"replies":[{"embeddable":true,"href":"https:\/\/www.budokampsport.se\/api\/wp\/v2\/comments?post=64731"}],"version-history":[{"count":0,"href":"https:\/\/www.budokampsport.se\/api\/wp\/v2\/posts\/64731\/revisions"}],"wp:featuredmedia":[{"embeddable":true,"href":"https:\/\/www.budokampsport.se\/api\/wp\/v2\/media\/43345"}],"wp:attachment":[{"href":"https:\/\/www.budokampsport.se\/api\/wp\/v2\/media?parent=64731"}],"wp:term":[{"taxonomy":"category","embeddable":true,"href":"https:\/\/www.budokampsport.se\/api\/wp\/v2\/categories?post=64731"},{"taxonomy":"post_tag","embeddable":true,"href":"https:\/\/www.budokampsport.se\/api\/wp\/v2\/tags?post=64731"}],"curies":[{"name":"wp","href":"https:\/\/api.w.org\/{rel}","templated":true}]}}