{"id":65098,"date":"2018-02-09T13:44:50","date_gmt":"2018-02-09T12:44:50","guid":{"rendered":"http:\/\/www.budokampsport.se\/?p=65098"},"modified":"2018-02-09T13:44:50","modified_gmt":"2018-02-09T12:44:50","slug":"joakim-karlsson-nominerad-kategorin-arets-ledare","status":"publish","type":"post","link":"https:\/\/www.budokampsport.se\/2018\/02\/09\/joakim-karlsson-nominerad-kategorin-arets-ledare\/","title":{"rendered":"Joakim Karlsson nominerad i kategorin \u00c5rets ledare"},"content":{"rendered":"<p><span style=\"font-size: 14pt;\">Joakim Karlsson \u00e4r ett v\u00e4lk\u00e4nt inom thaiboxningen, b\u00e5de som aktiv och som ledare. I h\u00f6stas tog han \u00f6ver rollen som f\u00f6rbundskapten efter Pelle B\u00e5ngh\u00e4ll och hans f\u00f6rsta internationella m\u00e4sterskap mynnade ut i \u00e5tta medaljer.<\/span><\/p>\n<p><strong>Joakim \u00e4r nominerad i kategorin \u00c5rets ledare och han beskedet kom som en \u00f6verraskning.<\/strong><br \/>\n&#8211; Jag var verkligen \u00f6verraskad n\u00e4r jag h\u00f6rde det och det \u00e4r v\u00e4l ett litet kvitto p\u00e5 att man g\u00f6r n\u00e5got bra i varje fall, s\u00e4ger Joakim till budokamsport.se<br \/>\n&#8211; Eller s\u00e5 kanske juryn t\u00e4nkte n\u00e5got i stil med att gamlingen har vart med ett tag nu, ge han en nominering s\u00e5 han blir n\u00f6jd, skrattar Joakim.<br \/>\n&#8211; Jag tycker en bra tr\u00e4nare eller ledare \u00e4r lyh\u00f6rd och en som alltid ser till hela gruppen. En viktig del i ledarskapet \u00e4r att alltid str\u00e4va efter att det ska vara roligt att tr\u00e4na, det ska vara tufft men roligt, l\u00e4gger han till.<\/p>\n<p><strong>Att se till hela gruppen \u00e4r n\u00e5got som g\u00e5r som en r\u00f6d tr\u00e5d genom st\u00f6rre delen av idrottsr\u00f6relsen, att tillsammans k\u00e4mpa f\u00f6r att n\u00e5 ett m\u00e5l. Det var ocks\u00e5 en av faktorerna till att Joakim b\u00f6rjade med thaiboxning sj\u00e4lv.<\/strong><br \/>\n&#8211;\u00a0Jag kom in p\u00e5 thaiboxning via en f\u00f6rening i mitt bostadsomr\u00e5de, jag och min b\u00e4sta v\u00e4n b\u00f6rjade tr\u00e4na hos hans storebror. Gemenskapen gjorde att vi fastnade direkt!<\/p>\n<p><strong>Att vara ledare i en av SB&amp;K:s mest medaljbringade landslag \u00e4r en sp\u00e4nnande utmaning som redan givit m\u00e5nga fina minnen.<br \/>\n<\/strong>&#8211; Ett av mina starkaste minnen inom thaiboxningen \u00e4r n\u00e4r Bea Malecki lyckades ta b\u00e5de SM, EM och VM-guld under samma \u00e5r, 2016, avslutar Joakim.<\/p>\n<p>Text: Annie Bondefelt<br \/>\nFoto: Pelle B\u00e5ngh\u00e4ll<\/p>\n","protected":false},"excerpt":{"rendered":"<p>Joakim Karlsson \u00e4r ett v\u00e4lk\u00e4nt inom thaiboxningen, b\u00e5de som aktiv [&#8230;]<\/p><br>","protected":false},"author":120,"featured_media":50318,"comment_status":"open","ping_status":"open","sticky":false,"template":"","format":"standard","meta":{"_acf_changed":false,"footnotes":""},"categories":[1],"tags":[],"class_list":["post-65098","post","type-post","status-publish","format-standard","has-post-thumbnail","hentry","category-okategoriserade"],"acf":[],"yoast_head":"<!-- This site is optimized with the Yoast SEO plugin v26.8 - https:\/\/yoast.com\/product\/yoast-seo-wordpress\/ -->\n<title>Joakim Karlsson nominerad i kategorin \u00c5rets ledare - Svenska Budo &amp; Kampsportsf\u00f6rbundet<\/title>\n<meta name=\"description\" content=\"Joakim Karlsson \u00e4r ett v\u00e4lk\u00e4nt inom thaiboxningen, b\u00e5de som aktiv och som ledare. I h\u00f6stas tog han \u00f6ver rollen som f\u00f6rbundskapten efter Pelle B\u00e5ngh\u00e4ll och\" \/>\n<meta name=\"robots\" content=\"index, follow, max-snippet:-1, max-image-preview:large, max-video-preview:-1\" \/>\n<link rel=\"canonical\" href=\"https:\/\/www.budokampsport.se\/2018\/02\/09\/joakim-karlsson-nominerad-kategorin-arets-ledare\/\" \/>\n<meta property=\"og:locale\" content=\"sv_SE\" \/>\n<meta property=\"og:type\" content=\"article\" \/>\n<meta property=\"og:title\" content=\"Joakim Karlsson nominerad i kategorin \u00c5rets ledare - Svenska Budo &amp; Kampsportsf\u00f6rbundet\" \/>\n<meta property=\"og:description\" content=\"Joakim Karlsson \u00e4r ett v\u00e4lk\u00e4nt inom thaiboxningen, b\u00e5de som aktiv och som ledare. I h\u00f6stas tog han \u00f6ver rollen som f\u00f6rbundskapten efter Pelle B\u00e5ngh\u00e4ll och\" \/>\n<meta property=\"og:url\" content=\"https:\/\/www.budokampsport.se\/2018\/02\/09\/joakim-karlsson-nominerad-kategorin-arets-ledare\/\" \/>\n<meta property=\"og:site_name\" content=\"Svenska Budo &amp; Kampsportsf\u00f6rbundet\" \/>\n<meta property=\"article:published_time\" content=\"2018-02-09T12:44:50+00:00\" \/>\n<meta property=\"og:image\" content=\"https:\/\/www.budokampsport.se\/wp-content\/uploads\/2017\/09\/joakim-1-e1624882155746.png\" \/>\n\t<meta property=\"og:image:width\" content=\"850\" \/>\n\t<meta property=\"og:image:height\" content=\"555\" \/>\n\t<meta property=\"og:image:type\" content=\"image\/png\" \/>\n<meta name=\"author\" content=\"Annie Carriage\" \/>\n<meta name=\"twitter:card\" content=\"summary_large_image\" \/>\n<meta name=\"twitter:label1\" content=\"Skriven av\" \/>\n\t<meta name=\"twitter:data1\" content=\"Annie Carriage\" \/>\n\t<meta name=\"twitter:label2\" content=\"Ber\u00e4knad l\u00e4stid\" \/>\n\t<meta name=\"twitter:data2\" content=\"2 minuter\" \/>\n<script type=\"application\/ld+json\" class=\"yoast-schema-graph\">{\"@context\":\"https:\/\/schema.org\",\"@graph\":[{\"@type\":\"Article\",\"@id\":\"https:\/\/www.budokampsport.se\/2018\/02\/09\/joakim-karlsson-nominerad-kategorin-arets-ledare\/#article\",\"isPartOf\":{\"@id\":\"https:\/\/www.budokampsport.se\/2018\/02\/09\/joakim-karlsson-nominerad-kategorin-arets-ledare\/\"},\"author\":{\"name\":\"Annie Carriage\",\"@id\":\"https:\/\/www.budokampsport.se\/#\/schema\/person\/c838cace8171f692e363fde3f38f208b\"},\"headline\":\"Joakim Karlsson nominerad i kategorin \u00c5rets ledare\",\"datePublished\":\"2018-02-09T12:44:50+00:00\",\"mainEntityOfPage\":{\"@id\":\"https:\/\/www.budokampsport.se\/2018\/02\/09\/joakim-karlsson-nominerad-kategorin-arets-ledare\/\"},\"wordCount\":323,\"commentCount\":3,\"image\":{\"@id\":\"https:\/\/www.budokampsport.se\/2018\/02\/09\/joakim-karlsson-nominerad-kategorin-arets-ledare\/#primaryimage\"},\"thumbnailUrl\":\"https:\/\/www.budokampsport.se\/wp-content\/uploads\/2017\/09\/joakim-1-e1624882155746.png\",\"inLanguage\":\"sv-SE\",\"potentialAction\":[{\"@type\":\"CommentAction\",\"name\":\"Comment\",\"target\":[\"https:\/\/www.budokampsport.se\/2018\/02\/09\/joakim-karlsson-nominerad-kategorin-arets-ledare\/#respond\"]}]},{\"@type\":\"WebPage\",\"@id\":\"https:\/\/www.budokampsport.se\/2018\/02\/09\/joakim-karlsson-nominerad-kategorin-arets-ledare\/\",\"url\":\"https:\/\/www.budokampsport.se\/2018\/02\/09\/joakim-karlsson-nominerad-kategorin-arets-ledare\/\",\"name\":\"Joakim Karlsson nominerad i kategorin \u00c5rets ledare - Svenska Budo &amp; Kampsportsf\u00f6rbundet\",\"isPartOf\":{\"@id\":\"https:\/\/www.budokampsport.se\/#website\"},\"primaryImageOfPage\":{\"@id\":\"https:\/\/www.budokampsport.se\/2018\/02\/09\/joakim-karlsson-nominerad-kategorin-arets-ledare\/#primaryimage\"},\"image\":{\"@id\":\"https:\/\/www.budokampsport.se\/2018\/02\/09\/joakim-karlsson-nominerad-kategorin-arets-ledare\/#primaryimage\"},\"thumbnailUrl\":\"https:\/\/www.budokampsport.se\/wp-content\/uploads\/2017\/09\/joakim-1-e1624882155746.png\",\"datePublished\":\"2018-02-09T12:44:50+00:00\",\"author\":{\"@id\":\"https:\/\/www.budokampsport.se\/#\/schema\/person\/c838cace8171f692e363fde3f38f208b\"},\"description\":\"Joakim Karlsson \u00e4r ett v\u00e4lk\u00e4nt inom thaiboxningen, b\u00e5de som aktiv och som ledare. I h\u00f6stas tog han \u00f6ver rollen som f\u00f6rbundskapten efter Pelle B\u00e5ngh\u00e4ll och\",\"breadcrumb\":{\"@id\":\"https:\/\/www.budokampsport.se\/2018\/02\/09\/joakim-karlsson-nominerad-kategorin-arets-ledare\/#breadcrumb\"},\"inLanguage\":\"sv-SE\",\"potentialAction\":[{\"@type\":\"ReadAction\",\"target\":[\"https:\/\/www.budokampsport.se\/2018\/02\/09\/joakim-karlsson-nominerad-kategorin-arets-ledare\/\"]}]},{\"@type\":\"ImageObject\",\"inLanguage\":\"sv-SE\",\"@id\":\"https:\/\/www.budokampsport.se\/2018\/02\/09\/joakim-karlsson-nominerad-kategorin-arets-ledare\/#primaryimage\",\"url\":\"https:\/\/www.budokampsport.se\/wp-content\/uploads\/2017\/09\/joakim-1-e1624882155746.png\",\"contentUrl\":\"https:\/\/www.budokampsport.se\/wp-content\/uploads\/2017\/09\/joakim-1-e1624882155746.png\",\"width\":850,\"height\":555,\"caption\":\"Foto: Pelle B\u00e5ngh\u00e4ll\"},{\"@type\":\"BreadcrumbList\",\"@id\":\"https:\/\/www.budokampsport.se\/2018\/02\/09\/joakim-karlsson-nominerad-kategorin-arets-ledare\/#breadcrumb\",\"itemListElement\":[{\"@type\":\"ListItem\",\"position\":1,\"name\":\"Hem\",\"item\":\"https:\/\/www.budokampsport.se\/\"},{\"@type\":\"ListItem\",\"position\":2,\"name\":\"Joakim Karlsson nominerad i kategorin \u00c5rets ledare\"}]},{\"@type\":\"WebSite\",\"@id\":\"https:\/\/www.budokampsport.se\/#website\",\"url\":\"https:\/\/www.budokampsport.se\/\",\"name\":\"Svenska Budo &amp; Kampsportsf\u00f6rbundet\",\"description\":\"T\u00e4vling, Tr\u00e4ning, Tradition\",\"potentialAction\":[{\"@type\":\"SearchAction\",\"target\":{\"@type\":\"EntryPoint\",\"urlTemplate\":\"https:\/\/www.budokampsport.se\/?s={search_term_string}\"},\"query-input\":{\"@type\":\"PropertyValueSpecification\",\"valueRequired\":true,\"valueName\":\"search_term_string\"}}],\"inLanguage\":\"sv-SE\"},{\"@type\":\"Person\",\"@id\":\"https:\/\/www.budokampsport.se\/#\/schema\/person\/c838cace8171f692e363fde3f38f208b\",\"name\":\"Annie Carriage\",\"image\":{\"@type\":\"ImageObject\",\"inLanguage\":\"sv-SE\",\"@id\":\"https:\/\/www.budokampsport.se\/#\/schema\/person\/image\/\",\"url\":\"https:\/\/secure.gravatar.com\/avatar\/9311295560bdfbdf78365a26f7df1876?s=96&d=blank&r=g\",\"contentUrl\":\"https:\/\/secure.gravatar.com\/avatar\/9311295560bdfbdf78365a26f7df1876?s=96&d=blank&r=g\",\"caption\":\"Annie Carriage\"},\"url\":\"https:\/\/www.budokampsport.se\/author\/annie-bondefelt\/\"}]}<\/script>\n<!-- \/ Yoast SEO plugin. -->","yoast_head_json":{"title":"Joakim Karlsson nominerad i kategorin \u00c5rets ledare - Svenska Budo &amp; Kampsportsf\u00f6rbundet","description":"Joakim Karlsson \u00e4r ett v\u00e4lk\u00e4nt inom thaiboxningen, b\u00e5de som aktiv och som ledare. I h\u00f6stas tog han \u00f6ver rollen som f\u00f6rbundskapten efter Pelle B\u00e5ngh\u00e4ll och","robots":{"index":"index","follow":"follow","max-snippet":"max-snippet:-1","max-image-preview":"max-image-preview:large","max-video-preview":"max-video-preview:-1"},"canonical":"https:\/\/www.budokampsport.se\/2018\/02\/09\/joakim-karlsson-nominerad-kategorin-arets-ledare\/","og_locale":"sv_SE","og_type":"article","og_title":"Joakim Karlsson nominerad i kategorin \u00c5rets ledare - Svenska Budo &amp; Kampsportsf\u00f6rbundet","og_description":"Joakim Karlsson \u00e4r ett v\u00e4lk\u00e4nt inom thaiboxningen, b\u00e5de som aktiv och som ledare. I h\u00f6stas tog han \u00f6ver rollen som f\u00f6rbundskapten efter Pelle B\u00e5ngh\u00e4ll och","og_url":"https:\/\/www.budokampsport.se\/2018\/02\/09\/joakim-karlsson-nominerad-kategorin-arets-ledare\/","og_site_name":"Svenska Budo &amp; Kampsportsf\u00f6rbundet","article_published_time":"2018-02-09T12:44:50+00:00","og_image":[{"width":850,"height":555,"url":"https:\/\/www.budokampsport.se\/wp-content\/uploads\/2017\/09\/joakim-1-e1624882155746.png","type":"image\/png"}],"author":"Annie Carriage","twitter_card":"summary_large_image","twitter_misc":{"Skriven av":"Annie Carriage","Ber\u00e4knad l\u00e4stid":"2 minuter"},"schema":{"@context":"https:\/\/schema.org","@graph":[{"@type":"Article","@id":"https:\/\/www.budokampsport.se\/2018\/02\/09\/joakim-karlsson-nominerad-kategorin-arets-ledare\/#article","isPartOf":{"@id":"https:\/\/www.budokampsport.se\/2018\/02\/09\/joakim-karlsson-nominerad-kategorin-arets-ledare\/"},"author":{"name":"Annie Carriage","@id":"https:\/\/www.budokampsport.se\/#\/schema\/person\/c838cace8171f692e363fde3f38f208b"},"headline":"Joakim Karlsson nominerad i kategorin \u00c5rets ledare","datePublished":"2018-02-09T12:44:50+00:00","mainEntityOfPage":{"@id":"https:\/\/www.budokampsport.se\/2018\/02\/09\/joakim-karlsson-nominerad-kategorin-arets-ledare\/"},"wordCount":323,"commentCount":3,"image":{"@id":"https:\/\/www.budokampsport.se\/2018\/02\/09\/joakim-karlsson-nominerad-kategorin-arets-ledare\/#primaryimage"},"thumbnailUrl":"https:\/\/www.budokampsport.se\/wp-content\/uploads\/2017\/09\/joakim-1-e1624882155746.png","inLanguage":"sv-SE","potentialAction":[{"@type":"CommentAction","name":"Comment","target":["https:\/\/www.budokampsport.se\/2018\/02\/09\/joakim-karlsson-nominerad-kategorin-arets-ledare\/#respond"]}]},{"@type":"WebPage","@id":"https:\/\/www.budokampsport.se\/2018\/02\/09\/joakim-karlsson-nominerad-kategorin-arets-ledare\/","url":"https:\/\/www.budokampsport.se\/2018\/02\/09\/joakim-karlsson-nominerad-kategorin-arets-ledare\/","name":"Joakim Karlsson nominerad i kategorin \u00c5rets ledare - Svenska Budo &amp; Kampsportsf\u00f6rbundet","isPartOf":{"@id":"https:\/\/www.budokampsport.se\/#website"},"primaryImageOfPage":{"@id":"https:\/\/www.budokampsport.se\/2018\/02\/09\/joakim-karlsson-nominerad-kategorin-arets-ledare\/#primaryimage"},"image":{"@id":"https:\/\/www.budokampsport.se\/2018\/02\/09\/joakim-karlsson-nominerad-kategorin-arets-ledare\/#primaryimage"},"thumbnailUrl":"https:\/\/www.budokampsport.se\/wp-content\/uploads\/2017\/09\/joakim-1-e1624882155746.png","datePublished":"2018-02-09T12:44:50+00:00","author":{"@id":"https:\/\/www.budokampsport.se\/#\/schema\/person\/c838cace8171f692e363fde3f38f208b"},"description":"Joakim Karlsson \u00e4r ett v\u00e4lk\u00e4nt inom thaiboxningen, b\u00e5de som aktiv och som ledare. I h\u00f6stas tog han \u00f6ver rollen som f\u00f6rbundskapten efter Pelle B\u00e5ngh\u00e4ll och","breadcrumb":{"@id":"https:\/\/www.budokampsport.se\/2018\/02\/09\/joakim-karlsson-nominerad-kategorin-arets-ledare\/#breadcrumb"},"inLanguage":"sv-SE","potentialAction":[{"@type":"ReadAction","target":["https:\/\/www.budokampsport.se\/2018\/02\/09\/joakim-karlsson-nominerad-kategorin-arets-ledare\/"]}]},{"@type":"ImageObject","inLanguage":"sv-SE","@id":"https:\/\/www.budokampsport.se\/2018\/02\/09\/joakim-karlsson-nominerad-kategorin-arets-ledare\/#primaryimage","url":"https:\/\/www.budokampsport.se\/wp-content\/uploads\/2017\/09\/joakim-1-e1624882155746.png","contentUrl":"https:\/\/www.budokampsport.se\/wp-content\/uploads\/2017\/09\/joakim-1-e1624882155746.png","width":850,"height":555,"caption":"Foto: Pelle B\u00e5ngh\u00e4ll"},{"@type":"BreadcrumbList","@id":"https:\/\/www.budokampsport.se\/2018\/02\/09\/joakim-karlsson-nominerad-kategorin-arets-ledare\/#breadcrumb","itemListElement":[{"@type":"ListItem","position":1,"name":"Hem","item":"https:\/\/www.budokampsport.se\/"},{"@type":"ListItem","position":2,"name":"Joakim Karlsson nominerad i kategorin \u00c5rets ledare"}]},{"@type":"WebSite","@id":"https:\/\/www.budokampsport.se\/#website","url":"https:\/\/www.budokampsport.se\/","name":"Svenska Budo &amp; Kampsportsf\u00f6rbundet","description":"T\u00e4vling, Tr\u00e4ning, Tradition","potentialAction":[{"@type":"SearchAction","target":{"@type":"EntryPoint","urlTemplate":"https:\/\/www.budokampsport.se\/?s={search_term_string}"},"query-input":{"@type":"PropertyValueSpecification","valueRequired":true,"valueName":"search_term_string"}}],"inLanguage":"sv-SE"},{"@type":"Person","@id":"https:\/\/www.budokampsport.se\/#\/schema\/person\/c838cace8171f692e363fde3f38f208b","name":"Annie Carriage","image":{"@type":"ImageObject","inLanguage":"sv-SE","@id":"https:\/\/www.budokampsport.se\/#\/schema\/person\/image\/","url":"https:\/\/secure.gravatar.com\/avatar\/9311295560bdfbdf78365a26f7df1876?s=96&d=blank&r=g","contentUrl":"https:\/\/secure.gravatar.com\/avatar\/9311295560bdfbdf78365a26f7df1876?s=96&d=blank&r=g","caption":"Annie Carriage"},"url":"https:\/\/www.budokampsport.se\/author\/annie-bondefelt\/"}]}},"_links":{"self":[{"href":"https:\/\/www.budokampsport.se\/api\/wp\/v2\/posts\/65098","targetHints":{"allow":["GET"]}}],"collection":[{"href":"https:\/\/www.budokampsport.se\/api\/wp\/v2\/posts"}],"about":[{"href":"https:\/\/www.budokampsport.se\/api\/wp\/v2\/types\/post"}],"author":[{"embeddable":true,"href":"https:\/\/www.budokampsport.se\/api\/wp\/v2\/users\/120"}],"replies":[{"embeddable":true,"href":"https:\/\/www.budokampsport.se\/api\/wp\/v2\/comments?post=65098"}],"version-history":[{"count":0,"href":"https:\/\/www.budokampsport.se\/api\/wp\/v2\/posts\/65098\/revisions"}],"wp:featuredmedia":[{"embeddable":true,"href":"https:\/\/www.budokampsport.se\/api\/wp\/v2\/media\/50318"}],"wp:attachment":[{"href":"https:\/\/www.budokampsport.se\/api\/wp\/v2\/media?parent=65098"}],"wp:term":[{"taxonomy":"category","embeddable":true,"href":"https:\/\/www.budokampsport.se\/api\/wp\/v2\/categories?post=65098"},{"taxonomy":"post_tag","embeddable":true,"href":"https:\/\/www.budokampsport.se\/api\/wp\/v2\/tags?post=65098"}],"curies":[{"name":"wp","href":"https:\/\/api.w.org\/{rel}","templated":true}]}}