{"id":65683,"date":"2018-02-15T11:22:27","date_gmt":"2018-02-15T10:22:27","guid":{"rendered":"http:\/\/www.budokampsport.se\/?p=65683"},"modified":"2018-02-15T11:28:20","modified_gmt":"2018-02-15T10:28:20","slug":"paminnelsefaktura-medlemsavgift-2018-2","status":"publish","type":"post","link":"https:\/\/www.budokampsport.se\/2018\/02\/15\/paminnelsefaktura-medlemsavgift-2018-2\/","title":{"rendered":"P\u00e5minnelsefaktura f\u00f6r medlemsavgift 2018"},"content":{"rendered":"<p style=\"line-height: 16.5pt; background: white; vertical-align: baseline;\"><span style=\"font-size: 11.5pt; font-family: 'Helvetica',sans-serif; color: #333333;\">P\u00e5minnelser har nu g\u00e5tt ut till f\u00f6reningar som vi saknar betalning fr\u00e5n. Vi har d\u00e4remot uppt\u00e4ckt att det g\u00e5tt ut ett flertal p\u00e5minnelsefakturor p\u00e5 fakturor som makulerats p.ga. \u00e4ndringar. Det kan allts\u00e5 h\u00e4nda att n\u00e5gra av er som redan betalt in till oss har f\u00e5tt en felaktig p\u00e5minnelse. Dubbelkolla g\u00e4rna detta innan ni betalar in avgiften och h\u00f6r av er om ni skulle ha n\u00e5gra funderingar s\u00e5 hj\u00e4lper vi er att reda ut alla fr\u00e5getecken.\u00a0<\/span><\/p>\n<p style=\"line-height: 16.5pt; background: white; vertical-align: baseline;\"><span style=\"font-size: 11.5pt; font-family: 'Helvetica',sans-serif; color: #333333;\">Felet har intr\u00e4ffat d\u00e5 systemet \u00e4r nytt f\u00f6r i \u00e5r och ni som redan betalt in medlems och f\u00f6rs\u00e4kringsavgift kan bortse fr\u00e5n denna p\u00e5minnelse. <\/span><\/p>\n<p style=\"line-height: 16.5pt; background: white; vertical-align: baseline;\"><span style=\"font-size: 11.5pt; font-family: 'Helvetica',sans-serif; color: #333333;\">Hoppas ni har \u00f6verseende med detta!<\/span><\/p>\n","protected":false},"excerpt":{"rendered":"<p>P\u00e5minnelser har nu g\u00e5tt ut till f\u00f6reningar som vi saknar [&#8230;]<\/p><br>","protected":false},"author":8,"featured_media":41755,"comment_status":"open","ping_status":"open","sticky":false,"template":"","format":"standard","meta":{"_acf_changed":false,"footnotes":""},"categories":[1],"tags":[411],"class_list":["post-65683","post","type-post","status-publish","format-standard","has-post-thumbnail","hentry","category-okategoriserade","tag-medlemsavgift"],"acf":[],"yoast_head":"<!-- This site is optimized with the Yoast SEO plugin v26.8 - https:\/\/yoast.com\/product\/yoast-seo-wordpress\/ -->\n<title>P\u00e5minnelsefaktura f\u00f6r medlemsavgift 2018 - Svenska Budo &amp; Kampsportsf\u00f6rbundet<\/title>\n<meta name=\"description\" content=\"P\u00e5minnelser har nu g\u00e5tt ut till f\u00f6reningar som vi saknar betalning fr\u00e5n. Vi har d\u00e4remot uppt\u00e4ckt att det g\u00e5tt ut ett flertal p\u00e5minnelsefakturor p\u00e5\" \/>\n<meta name=\"robots\" content=\"index, follow, max-snippet:-1, max-image-preview:large, max-video-preview:-1\" \/>\n<link rel=\"canonical\" href=\"https:\/\/www.budokampsport.se\/2018\/02\/15\/paminnelsefaktura-medlemsavgift-2018-2\/\" \/>\n<meta property=\"og:locale\" content=\"sv_SE\" \/>\n<meta property=\"og:type\" content=\"article\" \/>\n<meta property=\"og:title\" content=\"P\u00e5minnelsefaktura f\u00f6r medlemsavgift 2018 - Svenska Budo &amp; Kampsportsf\u00f6rbundet\" \/>\n<meta property=\"og:description\" content=\"P\u00e5minnelser har nu g\u00e5tt ut till f\u00f6reningar som vi saknar betalning fr\u00e5n. Vi har d\u00e4remot uppt\u00e4ckt att det g\u00e5tt ut ett flertal p\u00e5minnelsefakturor p\u00e5\" \/>\n<meta property=\"og:url\" content=\"https:\/\/www.budokampsport.se\/2018\/02\/15\/paminnelsefaktura-medlemsavgift-2018-2\/\" \/>\n<meta property=\"og:site_name\" content=\"Svenska Budo &amp; Kampsportsf\u00f6rbundet\" \/>\n<meta property=\"article:published_time\" content=\"2018-02-15T10:22:27+00:00\" \/>\n<meta property=\"article:modified_time\" content=\"2018-02-15T10:28:20+00:00\" \/>\n<meta property=\"og:image\" content=\"https:\/\/www.budokampsport.se\/wp-content\/uploads\/2017\/03\/tsuba_notext_cmyk_copy-e1489765726565.jpg\" \/>\n\t<meta property=\"og:image:width\" content=\"400\" \/>\n\t<meta property=\"og:image:height\" content=\"319\" \/>\n\t<meta property=\"og:image:type\" content=\"image\/jpeg\" \/>\n<meta name=\"author\" content=\"Matilda Ritz\u00e9n\" \/>\n<meta name=\"twitter:card\" content=\"summary_large_image\" \/>\n<meta name=\"twitter:label1\" content=\"Skriven av\" \/>\n\t<meta name=\"twitter:data1\" content=\"Matilda Ritz\u00e9n\" \/>\n\t<meta name=\"twitter:label2\" content=\"Ber\u00e4knad l\u00e4stid\" \/>\n\t<meta name=\"twitter:data2\" content=\"1 minut\" \/>\n<script type=\"application\/ld+json\" class=\"yoast-schema-graph\">{\"@context\":\"https:\/\/schema.org\",\"@graph\":[{\"@type\":\"Article\",\"@id\":\"https:\/\/www.budokampsport.se\/2018\/02\/15\/paminnelsefaktura-medlemsavgift-2018-2\/#article\",\"isPartOf\":{\"@id\":\"https:\/\/www.budokampsport.se\/2018\/02\/15\/paminnelsefaktura-medlemsavgift-2018-2\/\"},\"author\":{\"name\":\"Matilda Ritz\u00e9n\",\"@id\":\"https:\/\/www.budokampsport.se\/#\/schema\/person\/b908a71d19d66edc50c85c2ce93ecfa8\"},\"headline\":\"P\u00e5minnelsefaktura f\u00f6r medlemsavgift 2018\",\"datePublished\":\"2018-02-15T10:22:27+00:00\",\"dateModified\":\"2018-02-15T10:28:20+00:00\",\"mainEntityOfPage\":{\"@id\":\"https:\/\/www.budokampsport.se\/2018\/02\/15\/paminnelsefaktura-medlemsavgift-2018-2\/\"},\"wordCount\":134,\"commentCount\":2,\"image\":{\"@id\":\"https:\/\/www.budokampsport.se\/2018\/02\/15\/paminnelsefaktura-medlemsavgift-2018-2\/#primaryimage\"},\"thumbnailUrl\":\"https:\/\/www.budokampsport.se\/wp-content\/uploads\/2017\/03\/tsuba_notext_cmyk_copy-e1489765726565.jpg\",\"keywords\":[\"medlemsavgift\"],\"inLanguage\":\"sv-SE\",\"potentialAction\":[{\"@type\":\"CommentAction\",\"name\":\"Comment\",\"target\":[\"https:\/\/www.budokampsport.se\/2018\/02\/15\/paminnelsefaktura-medlemsavgift-2018-2\/#respond\"]}]},{\"@type\":\"WebPage\",\"@id\":\"https:\/\/www.budokampsport.se\/2018\/02\/15\/paminnelsefaktura-medlemsavgift-2018-2\/\",\"url\":\"https:\/\/www.budokampsport.se\/2018\/02\/15\/paminnelsefaktura-medlemsavgift-2018-2\/\",\"name\":\"P\u00e5minnelsefaktura f\u00f6r medlemsavgift 2018 - Svenska Budo &amp; Kampsportsf\u00f6rbundet\",\"isPartOf\":{\"@id\":\"https:\/\/www.budokampsport.se\/#website\"},\"primaryImageOfPage\":{\"@id\":\"https:\/\/www.budokampsport.se\/2018\/02\/15\/paminnelsefaktura-medlemsavgift-2018-2\/#primaryimage\"},\"image\":{\"@id\":\"https:\/\/www.budokampsport.se\/2018\/02\/15\/paminnelsefaktura-medlemsavgift-2018-2\/#primaryimage\"},\"thumbnailUrl\":\"https:\/\/www.budokampsport.se\/wp-content\/uploads\/2017\/03\/tsuba_notext_cmyk_copy-e1489765726565.jpg\",\"datePublished\":\"2018-02-15T10:22:27+00:00\",\"dateModified\":\"2018-02-15T10:28:20+00:00\",\"author\":{\"@id\":\"https:\/\/www.budokampsport.se\/#\/schema\/person\/b908a71d19d66edc50c85c2ce93ecfa8\"},\"description\":\"P\u00e5minnelser har nu g\u00e5tt ut till f\u00f6reningar som vi saknar betalning fr\u00e5n. Vi har d\u00e4remot uppt\u00e4ckt att det g\u00e5tt ut ett flertal p\u00e5minnelsefakturor p\u00e5\",\"breadcrumb\":{\"@id\":\"https:\/\/www.budokampsport.se\/2018\/02\/15\/paminnelsefaktura-medlemsavgift-2018-2\/#breadcrumb\"},\"inLanguage\":\"sv-SE\",\"potentialAction\":[{\"@type\":\"ReadAction\",\"target\":[\"https:\/\/www.budokampsport.se\/2018\/02\/15\/paminnelsefaktura-medlemsavgift-2018-2\/\"]}]},{\"@type\":\"ImageObject\",\"inLanguage\":\"sv-SE\",\"@id\":\"https:\/\/www.budokampsport.se\/2018\/02\/15\/paminnelsefaktura-medlemsavgift-2018-2\/#primaryimage\",\"url\":\"https:\/\/www.budokampsport.se\/wp-content\/uploads\/2017\/03\/tsuba_notext_cmyk_copy-e1489765726565.jpg\",\"contentUrl\":\"https:\/\/www.budokampsport.se\/wp-content\/uploads\/2017\/03\/tsuba_notext_cmyk_copy-e1489765726565.jpg\",\"width\":400,\"height\":319},{\"@type\":\"BreadcrumbList\",\"@id\":\"https:\/\/www.budokampsport.se\/2018\/02\/15\/paminnelsefaktura-medlemsavgift-2018-2\/#breadcrumb\",\"itemListElement\":[{\"@type\":\"ListItem\",\"position\":1,\"name\":\"Hem\",\"item\":\"https:\/\/www.budokampsport.se\/\"},{\"@type\":\"ListItem\",\"position\":2,\"name\":\"P\u00e5minnelsefaktura f\u00f6r medlemsavgift 2018\"}]},{\"@type\":\"WebSite\",\"@id\":\"https:\/\/www.budokampsport.se\/#website\",\"url\":\"https:\/\/www.budokampsport.se\/\",\"name\":\"Svenska Budo &amp; Kampsportsf\u00f6rbundet\",\"description\":\"T\u00e4vling, Tr\u00e4ning, Tradition\",\"potentialAction\":[{\"@type\":\"SearchAction\",\"target\":{\"@type\":\"EntryPoint\",\"urlTemplate\":\"https:\/\/www.budokampsport.se\/?s={search_term_string}\"},\"query-input\":{\"@type\":\"PropertyValueSpecification\",\"valueRequired\":true,\"valueName\":\"search_term_string\"}}],\"inLanguage\":\"sv-SE\"},{\"@type\":\"Person\",\"@id\":\"https:\/\/www.budokampsport.se\/#\/schema\/person\/b908a71d19d66edc50c85c2ce93ecfa8\",\"name\":\"Matilda Ritz\u00e9n\",\"image\":{\"@type\":\"ImageObject\",\"inLanguage\":\"sv-SE\",\"@id\":\"https:\/\/www.budokampsport.se\/#\/schema\/person\/image\/\",\"url\":\"https:\/\/secure.gravatar.com\/avatar\/b7b14d78eca96b18793155cd487c77df?s=96&d=blank&r=g\",\"contentUrl\":\"https:\/\/secure.gravatar.com\/avatar\/b7b14d78eca96b18793155cd487c77df?s=96&d=blank&r=g\",\"caption\":\"Matilda Ritz\u00e9n\"},\"url\":\"https:\/\/www.budokampsport.se\/author\/matilda\/\"}]}<\/script>\n<!-- \/ Yoast SEO plugin. -->","yoast_head_json":{"title":"P\u00e5minnelsefaktura f\u00f6r medlemsavgift 2018 - Svenska Budo &amp; Kampsportsf\u00f6rbundet","description":"P\u00e5minnelser har nu g\u00e5tt ut till f\u00f6reningar som vi saknar betalning fr\u00e5n. Vi har d\u00e4remot uppt\u00e4ckt att det g\u00e5tt ut ett flertal p\u00e5minnelsefakturor p\u00e5","robots":{"index":"index","follow":"follow","max-snippet":"max-snippet:-1","max-image-preview":"max-image-preview:large","max-video-preview":"max-video-preview:-1"},"canonical":"https:\/\/www.budokampsport.se\/2018\/02\/15\/paminnelsefaktura-medlemsavgift-2018-2\/","og_locale":"sv_SE","og_type":"article","og_title":"P\u00e5minnelsefaktura f\u00f6r medlemsavgift 2018 - Svenska Budo &amp; Kampsportsf\u00f6rbundet","og_description":"P\u00e5minnelser har nu g\u00e5tt ut till f\u00f6reningar som vi saknar betalning fr\u00e5n. Vi har d\u00e4remot uppt\u00e4ckt att det g\u00e5tt ut ett flertal p\u00e5minnelsefakturor p\u00e5","og_url":"https:\/\/www.budokampsport.se\/2018\/02\/15\/paminnelsefaktura-medlemsavgift-2018-2\/","og_site_name":"Svenska Budo &amp; Kampsportsf\u00f6rbundet","article_published_time":"2018-02-15T10:22:27+00:00","article_modified_time":"2018-02-15T10:28:20+00:00","og_image":[{"width":400,"height":319,"url":"https:\/\/www.budokampsport.se\/wp-content\/uploads\/2017\/03\/tsuba_notext_cmyk_copy-e1489765726565.jpg","type":"image\/jpeg"}],"author":"Matilda Ritz\u00e9n","twitter_card":"summary_large_image","twitter_misc":{"Skriven av":"Matilda Ritz\u00e9n","Ber\u00e4knad l\u00e4stid":"1 minut"},"schema":{"@context":"https:\/\/schema.org","@graph":[{"@type":"Article","@id":"https:\/\/www.budokampsport.se\/2018\/02\/15\/paminnelsefaktura-medlemsavgift-2018-2\/#article","isPartOf":{"@id":"https:\/\/www.budokampsport.se\/2018\/02\/15\/paminnelsefaktura-medlemsavgift-2018-2\/"},"author":{"name":"Matilda Ritz\u00e9n","@id":"https:\/\/www.budokampsport.se\/#\/schema\/person\/b908a71d19d66edc50c85c2ce93ecfa8"},"headline":"P\u00e5minnelsefaktura f\u00f6r medlemsavgift 2018","datePublished":"2018-02-15T10:22:27+00:00","dateModified":"2018-02-15T10:28:20+00:00","mainEntityOfPage":{"@id":"https:\/\/www.budokampsport.se\/2018\/02\/15\/paminnelsefaktura-medlemsavgift-2018-2\/"},"wordCount":134,"commentCount":2,"image":{"@id":"https:\/\/www.budokampsport.se\/2018\/02\/15\/paminnelsefaktura-medlemsavgift-2018-2\/#primaryimage"},"thumbnailUrl":"https:\/\/www.budokampsport.se\/wp-content\/uploads\/2017\/03\/tsuba_notext_cmyk_copy-e1489765726565.jpg","keywords":["medlemsavgift"],"inLanguage":"sv-SE","potentialAction":[{"@type":"CommentAction","name":"Comment","target":["https:\/\/www.budokampsport.se\/2018\/02\/15\/paminnelsefaktura-medlemsavgift-2018-2\/#respond"]}]},{"@type":"WebPage","@id":"https:\/\/www.budokampsport.se\/2018\/02\/15\/paminnelsefaktura-medlemsavgift-2018-2\/","url":"https:\/\/www.budokampsport.se\/2018\/02\/15\/paminnelsefaktura-medlemsavgift-2018-2\/","name":"P\u00e5minnelsefaktura f\u00f6r medlemsavgift 2018 - Svenska Budo &amp; Kampsportsf\u00f6rbundet","isPartOf":{"@id":"https:\/\/www.budokampsport.se\/#website"},"primaryImageOfPage":{"@id":"https:\/\/www.budokampsport.se\/2018\/02\/15\/paminnelsefaktura-medlemsavgift-2018-2\/#primaryimage"},"image":{"@id":"https:\/\/www.budokampsport.se\/2018\/02\/15\/paminnelsefaktura-medlemsavgift-2018-2\/#primaryimage"},"thumbnailUrl":"https:\/\/www.budokampsport.se\/wp-content\/uploads\/2017\/03\/tsuba_notext_cmyk_copy-e1489765726565.jpg","datePublished":"2018-02-15T10:22:27+00:00","dateModified":"2018-02-15T10:28:20+00:00","author":{"@id":"https:\/\/www.budokampsport.se\/#\/schema\/person\/b908a71d19d66edc50c85c2ce93ecfa8"},"description":"P\u00e5minnelser har nu g\u00e5tt ut till f\u00f6reningar som vi saknar betalning fr\u00e5n. Vi har d\u00e4remot uppt\u00e4ckt att det g\u00e5tt ut ett flertal p\u00e5minnelsefakturor p\u00e5","breadcrumb":{"@id":"https:\/\/www.budokampsport.se\/2018\/02\/15\/paminnelsefaktura-medlemsavgift-2018-2\/#breadcrumb"},"inLanguage":"sv-SE","potentialAction":[{"@type":"ReadAction","target":["https:\/\/www.budokampsport.se\/2018\/02\/15\/paminnelsefaktura-medlemsavgift-2018-2\/"]}]},{"@type":"ImageObject","inLanguage":"sv-SE","@id":"https:\/\/www.budokampsport.se\/2018\/02\/15\/paminnelsefaktura-medlemsavgift-2018-2\/#primaryimage","url":"https:\/\/www.budokampsport.se\/wp-content\/uploads\/2017\/03\/tsuba_notext_cmyk_copy-e1489765726565.jpg","contentUrl":"https:\/\/www.budokampsport.se\/wp-content\/uploads\/2017\/03\/tsuba_notext_cmyk_copy-e1489765726565.jpg","width":400,"height":319},{"@type":"BreadcrumbList","@id":"https:\/\/www.budokampsport.se\/2018\/02\/15\/paminnelsefaktura-medlemsavgift-2018-2\/#breadcrumb","itemListElement":[{"@type":"ListItem","position":1,"name":"Hem","item":"https:\/\/www.budokampsport.se\/"},{"@type":"ListItem","position":2,"name":"P\u00e5minnelsefaktura f\u00f6r medlemsavgift 2018"}]},{"@type":"WebSite","@id":"https:\/\/www.budokampsport.se\/#website","url":"https:\/\/www.budokampsport.se\/","name":"Svenska Budo &amp; Kampsportsf\u00f6rbundet","description":"T\u00e4vling, Tr\u00e4ning, Tradition","potentialAction":[{"@type":"SearchAction","target":{"@type":"EntryPoint","urlTemplate":"https:\/\/www.budokampsport.se\/?s={search_term_string}"},"query-input":{"@type":"PropertyValueSpecification","valueRequired":true,"valueName":"search_term_string"}}],"inLanguage":"sv-SE"},{"@type":"Person","@id":"https:\/\/www.budokampsport.se\/#\/schema\/person\/b908a71d19d66edc50c85c2ce93ecfa8","name":"Matilda Ritz\u00e9n","image":{"@type":"ImageObject","inLanguage":"sv-SE","@id":"https:\/\/www.budokampsport.se\/#\/schema\/person\/image\/","url":"https:\/\/secure.gravatar.com\/avatar\/b7b14d78eca96b18793155cd487c77df?s=96&d=blank&r=g","contentUrl":"https:\/\/secure.gravatar.com\/avatar\/b7b14d78eca96b18793155cd487c77df?s=96&d=blank&r=g","caption":"Matilda Ritz\u00e9n"},"url":"https:\/\/www.budokampsport.se\/author\/matilda\/"}]}},"_links":{"self":[{"href":"https:\/\/www.budokampsport.se\/api\/wp\/v2\/posts\/65683","targetHints":{"allow":["GET"]}}],"collection":[{"href":"https:\/\/www.budokampsport.se\/api\/wp\/v2\/posts"}],"about":[{"href":"https:\/\/www.budokampsport.se\/api\/wp\/v2\/types\/post"}],"author":[{"embeddable":true,"href":"https:\/\/www.budokampsport.se\/api\/wp\/v2\/users\/8"}],"replies":[{"embeddable":true,"href":"https:\/\/www.budokampsport.se\/api\/wp\/v2\/comments?post=65683"}],"version-history":[{"count":0,"href":"https:\/\/www.budokampsport.se\/api\/wp\/v2\/posts\/65683\/revisions"}],"wp:featuredmedia":[{"embeddable":true,"href":"https:\/\/www.budokampsport.se\/api\/wp\/v2\/media\/41755"}],"wp:attachment":[{"href":"https:\/\/www.budokampsport.se\/api\/wp\/v2\/media?parent=65683"}],"wp:term":[{"taxonomy":"category","embeddable":true,"href":"https:\/\/www.budokampsport.se\/api\/wp\/v2\/categories?post=65683"},{"taxonomy":"post_tag","embeddable":true,"href":"https:\/\/www.budokampsport.se\/api\/wp\/v2\/tags?post=65683"}],"curies":[{"name":"wp","href":"https:\/\/api.w.org\/{rel}","templated":true}]}}