{"id":66703,"date":"2018-02-28T11:45:56","date_gmt":"2018-02-28T10:45:56","guid":{"rendered":"http:\/\/www.budokampsport.se\/?p=66703"},"modified":"2018-02-28T11:45:56","modified_gmt":"2018-02-28T10:45:56","slug":"mma-forbundet-uppmarksammar-den-internationella-kvinnodagen","status":"publish","type":"post","link":"https:\/\/www.budokampsport.se\/2018\/02\/28\/mma-forbundet-uppmarksammar-den-internationella-kvinnodagen\/","title":{"rendered":"MMA-f\u00f6rbundet uppm\u00e4rksammar den internationella kvinnodagen"},"content":{"rendered":"<p>P\u00e5 den internationella kvinnodagen den 8:e mars mellan 18:30-19:30 kommer Svenska MMA F\u00f6rbundet arrangera ett speciellt tr\u00e4ningstillf\u00e4lle i tre st\u00e4der samtidigt. Eventet har titeln &#8220;Alla tjejer borde f\u00e5 uppleva k\u00e4nslan av att sl\u00e5 h\u00e5rt&#8221; och \u00e4r ett citat fr\u00e5n UFC-fightern Lina L\u00e4nsberg som \u00e4r den instrukt\u00f6r som kommer h\u00e5lla i tr\u00e4ningspasset i Malm\u00f6. I G\u00f6teborg kommer MMA-fightern Cornelia Holm, som under 2017 gjorde proffsdebut, instruera passet. Gabriella Ringholm som har en gedigen amat\u00f6rkarri\u00e4r bakom sig och som \u00e4ven gjorde proffsdebut i fjol \u00e4r eventets instrukt\u00f6r i Stockholm.<\/p>\n<p>Eventet \u00e4r gratis och inga f\u00f6rkunskaper kr\u00e4vs, \u00e5ldersgr\u00e4ns 15 \u00e5r.<\/p>\n<p>VAR:<br \/>\n<strong>Redline<\/strong>, Ystadsv\u00e4gen 46, Malm\u00f6.<br \/>\n<strong>GBG MMA<\/strong>, Bruksgatan 17, G\u00f6teborg.<br \/>\n<strong>Nexus<\/strong>, Drottningholmsv\u00e4gen 185, Stockholm<\/p>\n<p>Anm\u00e4lan g\u00f6rs genom att maila namn, \u00e5lder och stad till\u00a0pr@smmaf.se<\/p>\n<p>Text: Annie Bondefelt<br \/>\nFoto: Zandra Petersson<\/p>\n","protected":false},"excerpt":{"rendered":"<p>P\u00e5 den internationella kvinnodagen den 8:e mars mellan 18:30-19:30 kommer [&#8230;]<\/p><br>","protected":false},"author":120,"featured_media":66706,"comment_status":"open","ping_status":"open","sticky":false,"template":"","format":"standard","meta":{"_acf_changed":false,"footnotes":""},"categories":[1],"tags":[],"class_list":["post-66703","post","type-post","status-publish","format-standard","has-post-thumbnail","hentry","category-okategoriserade"],"acf":[],"yoast_head":"<!-- This site is optimized with the Yoast SEO plugin v26.8 - https:\/\/yoast.com\/product\/yoast-seo-wordpress\/ -->\n<title>MMA-f\u00f6rbundet uppm\u00e4rksammar den internationella kvinnodagen - Svenska Budo &amp; Kampsportsf\u00f6rbundet<\/title>\n<meta name=\"description\" content=\"P\u00e5 den internationella kvinnodagen den 8:e mars mellan 18:30-19:30 kommer Svenska MMA F\u00f6rbundet arrangera ett speciellt tr\u00e4ningstillf\u00e4lle i tre st\u00e4der\" \/>\n<meta name=\"robots\" content=\"index, follow, max-snippet:-1, max-image-preview:large, max-video-preview:-1\" \/>\n<link rel=\"canonical\" href=\"https:\/\/www.budokampsport.se\/2018\/02\/28\/mma-forbundet-uppmarksammar-den-internationella-kvinnodagen\/\" \/>\n<meta property=\"og:locale\" content=\"sv_SE\" \/>\n<meta property=\"og:type\" content=\"article\" \/>\n<meta property=\"og:title\" content=\"MMA-f\u00f6rbundet uppm\u00e4rksammar den internationella kvinnodagen - Svenska Budo &amp; Kampsportsf\u00f6rbundet\" \/>\n<meta property=\"og:description\" content=\"P\u00e5 den internationella kvinnodagen den 8:e mars mellan 18:30-19:30 kommer Svenska MMA F\u00f6rbundet arrangera ett speciellt tr\u00e4ningstillf\u00e4lle i tre st\u00e4der\" \/>\n<meta property=\"og:url\" content=\"https:\/\/www.budokampsport.se\/2018\/02\/28\/mma-forbundet-uppmarksammar-den-internationella-kvinnodagen\/\" \/>\n<meta property=\"og:site_name\" content=\"Svenska Budo &amp; Kampsportsf\u00f6rbundet\" \/>\n<meta property=\"article:published_time\" content=\"2018-02-28T10:45:56+00:00\" \/>\n<meta property=\"og:image\" content=\"https:\/\/www.budokampsport.se\/wp-content\/uploads\/2018\/02\/smmaf-e1624886340670.jpg\" \/>\n\t<meta property=\"og:image:width\" content=\"850\" \/>\n\t<meta property=\"og:image:height\" content=\"504\" \/>\n\t<meta property=\"og:image:type\" content=\"image\/jpeg\" \/>\n<meta name=\"author\" content=\"Annie Carriage\" \/>\n<meta name=\"twitter:card\" content=\"summary_large_image\" \/>\n<meta name=\"twitter:label1\" content=\"Skriven av\" \/>\n\t<meta name=\"twitter:data1\" content=\"Annie Carriage\" \/>\n\t<meta name=\"twitter:label2\" content=\"Ber\u00e4knad l\u00e4stid\" \/>\n\t<meta name=\"twitter:data2\" content=\"1 minut\" \/>\n<script type=\"application\/ld+json\" class=\"yoast-schema-graph\">{\"@context\":\"https:\/\/schema.org\",\"@graph\":[{\"@type\":\"Article\",\"@id\":\"https:\/\/www.budokampsport.se\/2018\/02\/28\/mma-forbundet-uppmarksammar-den-internationella-kvinnodagen\/#article\",\"isPartOf\":{\"@id\":\"https:\/\/www.budokampsport.se\/2018\/02\/28\/mma-forbundet-uppmarksammar-den-internationella-kvinnodagen\/\"},\"author\":{\"name\":\"Annie Carriage\",\"@id\":\"https:\/\/www.budokampsport.se\/#\/schema\/person\/c838cace8171f692e363fde3f38f208b\"},\"headline\":\"MMA-f\u00f6rbundet uppm\u00e4rksammar den internationella kvinnodagen\",\"datePublished\":\"2018-02-28T10:45:56+00:00\",\"mainEntityOfPage\":{\"@id\":\"https:\/\/www.budokampsport.se\/2018\/02\/28\/mma-forbundet-uppmarksammar-den-internationella-kvinnodagen\/\"},\"wordCount\":155,\"commentCount\":0,\"image\":{\"@id\":\"https:\/\/www.budokampsport.se\/2018\/02\/28\/mma-forbundet-uppmarksammar-den-internationella-kvinnodagen\/#primaryimage\"},\"thumbnailUrl\":\"https:\/\/www.budokampsport.se\/wp-content\/uploads\/2018\/02\/smmaf-e1624886340670.jpg\",\"inLanguage\":\"sv-SE\",\"potentialAction\":[{\"@type\":\"CommentAction\",\"name\":\"Comment\",\"target\":[\"https:\/\/www.budokampsport.se\/2018\/02\/28\/mma-forbundet-uppmarksammar-den-internationella-kvinnodagen\/#respond\"]}]},{\"@type\":\"WebPage\",\"@id\":\"https:\/\/www.budokampsport.se\/2018\/02\/28\/mma-forbundet-uppmarksammar-den-internationella-kvinnodagen\/\",\"url\":\"https:\/\/www.budokampsport.se\/2018\/02\/28\/mma-forbundet-uppmarksammar-den-internationella-kvinnodagen\/\",\"name\":\"MMA-f\u00f6rbundet uppm\u00e4rksammar den internationella kvinnodagen - Svenska Budo &amp; Kampsportsf\u00f6rbundet\",\"isPartOf\":{\"@id\":\"https:\/\/www.budokampsport.se\/#website\"},\"primaryImageOfPage\":{\"@id\":\"https:\/\/www.budokampsport.se\/2018\/02\/28\/mma-forbundet-uppmarksammar-den-internationella-kvinnodagen\/#primaryimage\"},\"image\":{\"@id\":\"https:\/\/www.budokampsport.se\/2018\/02\/28\/mma-forbundet-uppmarksammar-den-internationella-kvinnodagen\/#primaryimage\"},\"thumbnailUrl\":\"https:\/\/www.budokampsport.se\/wp-content\/uploads\/2018\/02\/smmaf-e1624886340670.jpg\",\"datePublished\":\"2018-02-28T10:45:56+00:00\",\"author\":{\"@id\":\"https:\/\/www.budokampsport.se\/#\/schema\/person\/c838cace8171f692e363fde3f38f208b\"},\"description\":\"P\u00e5 den internationella kvinnodagen den 8:e mars mellan 18:30-19:30 kommer Svenska MMA F\u00f6rbundet arrangera ett speciellt tr\u00e4ningstillf\u00e4lle i tre st\u00e4der\",\"breadcrumb\":{\"@id\":\"https:\/\/www.budokampsport.se\/2018\/02\/28\/mma-forbundet-uppmarksammar-den-internationella-kvinnodagen\/#breadcrumb\"},\"inLanguage\":\"sv-SE\",\"potentialAction\":[{\"@type\":\"ReadAction\",\"target\":[\"https:\/\/www.budokampsport.se\/2018\/02\/28\/mma-forbundet-uppmarksammar-den-internationella-kvinnodagen\/\"]}]},{\"@type\":\"ImageObject\",\"inLanguage\":\"sv-SE\",\"@id\":\"https:\/\/www.budokampsport.se\/2018\/02\/28\/mma-forbundet-uppmarksammar-den-internationella-kvinnodagen\/#primaryimage\",\"url\":\"https:\/\/www.budokampsport.se\/wp-content\/uploads\/2018\/02\/smmaf-e1624886340670.jpg\",\"contentUrl\":\"https:\/\/www.budokampsport.se\/wp-content\/uploads\/2018\/02\/smmaf-e1624886340670.jpg\",\"width\":850,\"height\":504,\"caption\":\"Foto: Zandra Petersson\"},{\"@type\":\"BreadcrumbList\",\"@id\":\"https:\/\/www.budokampsport.se\/2018\/02\/28\/mma-forbundet-uppmarksammar-den-internationella-kvinnodagen\/#breadcrumb\",\"itemListElement\":[{\"@type\":\"ListItem\",\"position\":1,\"name\":\"Hem\",\"item\":\"https:\/\/www.budokampsport.se\/\"},{\"@type\":\"ListItem\",\"position\":2,\"name\":\"MMA-f\u00f6rbundet uppm\u00e4rksammar den internationella kvinnodagen\"}]},{\"@type\":\"WebSite\",\"@id\":\"https:\/\/www.budokampsport.se\/#website\",\"url\":\"https:\/\/www.budokampsport.se\/\",\"name\":\"Svenska Budo &amp; Kampsportsf\u00f6rbundet\",\"description\":\"T\u00e4vling, Tr\u00e4ning, Tradition\",\"potentialAction\":[{\"@type\":\"SearchAction\",\"target\":{\"@type\":\"EntryPoint\",\"urlTemplate\":\"https:\/\/www.budokampsport.se\/?s={search_term_string}\"},\"query-input\":{\"@type\":\"PropertyValueSpecification\",\"valueRequired\":true,\"valueName\":\"search_term_string\"}}],\"inLanguage\":\"sv-SE\"},{\"@type\":\"Person\",\"@id\":\"https:\/\/www.budokampsport.se\/#\/schema\/person\/c838cace8171f692e363fde3f38f208b\",\"name\":\"Annie Carriage\",\"image\":{\"@type\":\"ImageObject\",\"inLanguage\":\"sv-SE\",\"@id\":\"https:\/\/www.budokampsport.se\/#\/schema\/person\/image\/\",\"url\":\"https:\/\/secure.gravatar.com\/avatar\/9311295560bdfbdf78365a26f7df1876?s=96&d=blank&r=g\",\"contentUrl\":\"https:\/\/secure.gravatar.com\/avatar\/9311295560bdfbdf78365a26f7df1876?s=96&d=blank&r=g\",\"caption\":\"Annie Carriage\"},\"url\":\"https:\/\/www.budokampsport.se\/author\/annie-bondefelt\/\"}]}<\/script>\n<!-- \/ Yoast SEO plugin. -->","yoast_head_json":{"title":"MMA-f\u00f6rbundet uppm\u00e4rksammar den internationella kvinnodagen - Svenska Budo &amp; Kampsportsf\u00f6rbundet","description":"P\u00e5 den internationella kvinnodagen den 8:e mars mellan 18:30-19:30 kommer Svenska MMA F\u00f6rbundet arrangera ett speciellt tr\u00e4ningstillf\u00e4lle i tre st\u00e4der","robots":{"index":"index","follow":"follow","max-snippet":"max-snippet:-1","max-image-preview":"max-image-preview:large","max-video-preview":"max-video-preview:-1"},"canonical":"https:\/\/www.budokampsport.se\/2018\/02\/28\/mma-forbundet-uppmarksammar-den-internationella-kvinnodagen\/","og_locale":"sv_SE","og_type":"article","og_title":"MMA-f\u00f6rbundet uppm\u00e4rksammar den internationella kvinnodagen - Svenska Budo &amp; Kampsportsf\u00f6rbundet","og_description":"P\u00e5 den internationella kvinnodagen den 8:e mars mellan 18:30-19:30 kommer Svenska MMA F\u00f6rbundet arrangera ett speciellt tr\u00e4ningstillf\u00e4lle i tre st\u00e4der","og_url":"https:\/\/www.budokampsport.se\/2018\/02\/28\/mma-forbundet-uppmarksammar-den-internationella-kvinnodagen\/","og_site_name":"Svenska Budo &amp; Kampsportsf\u00f6rbundet","article_published_time":"2018-02-28T10:45:56+00:00","og_image":[{"width":850,"height":504,"url":"https:\/\/www.budokampsport.se\/wp-content\/uploads\/2018\/02\/smmaf-e1624886340670.jpg","type":"image\/jpeg"}],"author":"Annie Carriage","twitter_card":"summary_large_image","twitter_misc":{"Skriven av":"Annie Carriage","Ber\u00e4knad l\u00e4stid":"1 minut"},"schema":{"@context":"https:\/\/schema.org","@graph":[{"@type":"Article","@id":"https:\/\/www.budokampsport.se\/2018\/02\/28\/mma-forbundet-uppmarksammar-den-internationella-kvinnodagen\/#article","isPartOf":{"@id":"https:\/\/www.budokampsport.se\/2018\/02\/28\/mma-forbundet-uppmarksammar-den-internationella-kvinnodagen\/"},"author":{"name":"Annie Carriage","@id":"https:\/\/www.budokampsport.se\/#\/schema\/person\/c838cace8171f692e363fde3f38f208b"},"headline":"MMA-f\u00f6rbundet uppm\u00e4rksammar den internationella kvinnodagen","datePublished":"2018-02-28T10:45:56+00:00","mainEntityOfPage":{"@id":"https:\/\/www.budokampsport.se\/2018\/02\/28\/mma-forbundet-uppmarksammar-den-internationella-kvinnodagen\/"},"wordCount":155,"commentCount":0,"image":{"@id":"https:\/\/www.budokampsport.se\/2018\/02\/28\/mma-forbundet-uppmarksammar-den-internationella-kvinnodagen\/#primaryimage"},"thumbnailUrl":"https:\/\/www.budokampsport.se\/wp-content\/uploads\/2018\/02\/smmaf-e1624886340670.jpg","inLanguage":"sv-SE","potentialAction":[{"@type":"CommentAction","name":"Comment","target":["https:\/\/www.budokampsport.se\/2018\/02\/28\/mma-forbundet-uppmarksammar-den-internationella-kvinnodagen\/#respond"]}]},{"@type":"WebPage","@id":"https:\/\/www.budokampsport.se\/2018\/02\/28\/mma-forbundet-uppmarksammar-den-internationella-kvinnodagen\/","url":"https:\/\/www.budokampsport.se\/2018\/02\/28\/mma-forbundet-uppmarksammar-den-internationella-kvinnodagen\/","name":"MMA-f\u00f6rbundet uppm\u00e4rksammar den internationella kvinnodagen - Svenska Budo &amp; Kampsportsf\u00f6rbundet","isPartOf":{"@id":"https:\/\/www.budokampsport.se\/#website"},"primaryImageOfPage":{"@id":"https:\/\/www.budokampsport.se\/2018\/02\/28\/mma-forbundet-uppmarksammar-den-internationella-kvinnodagen\/#primaryimage"},"image":{"@id":"https:\/\/www.budokampsport.se\/2018\/02\/28\/mma-forbundet-uppmarksammar-den-internationella-kvinnodagen\/#primaryimage"},"thumbnailUrl":"https:\/\/www.budokampsport.se\/wp-content\/uploads\/2018\/02\/smmaf-e1624886340670.jpg","datePublished":"2018-02-28T10:45:56+00:00","author":{"@id":"https:\/\/www.budokampsport.se\/#\/schema\/person\/c838cace8171f692e363fde3f38f208b"},"description":"P\u00e5 den internationella kvinnodagen den 8:e mars mellan 18:30-19:30 kommer Svenska MMA F\u00f6rbundet arrangera ett speciellt tr\u00e4ningstillf\u00e4lle i tre st\u00e4der","breadcrumb":{"@id":"https:\/\/www.budokampsport.se\/2018\/02\/28\/mma-forbundet-uppmarksammar-den-internationella-kvinnodagen\/#breadcrumb"},"inLanguage":"sv-SE","potentialAction":[{"@type":"ReadAction","target":["https:\/\/www.budokampsport.se\/2018\/02\/28\/mma-forbundet-uppmarksammar-den-internationella-kvinnodagen\/"]}]},{"@type":"ImageObject","inLanguage":"sv-SE","@id":"https:\/\/www.budokampsport.se\/2018\/02\/28\/mma-forbundet-uppmarksammar-den-internationella-kvinnodagen\/#primaryimage","url":"https:\/\/www.budokampsport.se\/wp-content\/uploads\/2018\/02\/smmaf-e1624886340670.jpg","contentUrl":"https:\/\/www.budokampsport.se\/wp-content\/uploads\/2018\/02\/smmaf-e1624886340670.jpg","width":850,"height":504,"caption":"Foto: Zandra Petersson"},{"@type":"BreadcrumbList","@id":"https:\/\/www.budokampsport.se\/2018\/02\/28\/mma-forbundet-uppmarksammar-den-internationella-kvinnodagen\/#breadcrumb","itemListElement":[{"@type":"ListItem","position":1,"name":"Hem","item":"https:\/\/www.budokampsport.se\/"},{"@type":"ListItem","position":2,"name":"MMA-f\u00f6rbundet uppm\u00e4rksammar den internationella kvinnodagen"}]},{"@type":"WebSite","@id":"https:\/\/www.budokampsport.se\/#website","url":"https:\/\/www.budokampsport.se\/","name":"Svenska Budo &amp; Kampsportsf\u00f6rbundet","description":"T\u00e4vling, Tr\u00e4ning, Tradition","potentialAction":[{"@type":"SearchAction","target":{"@type":"EntryPoint","urlTemplate":"https:\/\/www.budokampsport.se\/?s={search_term_string}"},"query-input":{"@type":"PropertyValueSpecification","valueRequired":true,"valueName":"search_term_string"}}],"inLanguage":"sv-SE"},{"@type":"Person","@id":"https:\/\/www.budokampsport.se\/#\/schema\/person\/c838cace8171f692e363fde3f38f208b","name":"Annie Carriage","image":{"@type":"ImageObject","inLanguage":"sv-SE","@id":"https:\/\/www.budokampsport.se\/#\/schema\/person\/image\/","url":"https:\/\/secure.gravatar.com\/avatar\/9311295560bdfbdf78365a26f7df1876?s=96&d=blank&r=g","contentUrl":"https:\/\/secure.gravatar.com\/avatar\/9311295560bdfbdf78365a26f7df1876?s=96&d=blank&r=g","caption":"Annie Carriage"},"url":"https:\/\/www.budokampsport.se\/author\/annie-bondefelt\/"}]}},"_links":{"self":[{"href":"https:\/\/www.budokampsport.se\/api\/wp\/v2\/posts\/66703","targetHints":{"allow":["GET"]}}],"collection":[{"href":"https:\/\/www.budokampsport.se\/api\/wp\/v2\/posts"}],"about":[{"href":"https:\/\/www.budokampsport.se\/api\/wp\/v2\/types\/post"}],"author":[{"embeddable":true,"href":"https:\/\/www.budokampsport.se\/api\/wp\/v2\/users\/120"}],"replies":[{"embeddable":true,"href":"https:\/\/www.budokampsport.se\/api\/wp\/v2\/comments?post=66703"}],"version-history":[{"count":0,"href":"https:\/\/www.budokampsport.se\/api\/wp\/v2\/posts\/66703\/revisions"}],"wp:featuredmedia":[{"embeddable":true,"href":"https:\/\/www.budokampsport.se\/api\/wp\/v2\/media\/66706"}],"wp:attachment":[{"href":"https:\/\/www.budokampsport.se\/api\/wp\/v2\/media?parent=66703"}],"wp:term":[{"taxonomy":"category","embeddable":true,"href":"https:\/\/www.budokampsport.se\/api\/wp\/v2\/categories?post=66703"},{"taxonomy":"post_tag","embeddable":true,"href":"https:\/\/www.budokampsport.se\/api\/wp\/v2\/tags?post=66703"}],"curies":[{"name":"wp","href":"https:\/\/api.w.org\/{rel}","templated":true}]}}