{"id":67082,"date":"2018-03-05T16:02:08","date_gmt":"2018-03-05T15:02:08","guid":{"rendered":"http:\/\/www.budokampsport.se\/?p=67082"},"modified":"2018-03-05T16:02:08","modified_gmt":"2018-03-05T15:02:08","slug":"vasteras-fight-club-kan-bli-arets-klubb","status":"publish","type":"post","link":"https:\/\/www.budokampsport.se\/2018\/03\/05\/vasteras-fight-club-kan-bli-arets-klubb\/","title":{"rendered":"V\u00e4ster\u00e5s Fight Club kan bli \u00c5rets Klubb"},"content":{"rendered":"<p><span style=\"font-size: 14pt;\">Den 17:e mars \u00e4r det dags f\u00f6r \u00e5rets Kampsportsgala och i kategorin \u00c5rets Klubb \u00e5terfinns V\u00e4ster\u00e5s Fight Club.<br \/>\n<\/span><br \/>\n&#8211; Vi har haft en medveten elitsatsning och trots att vi till antalet \u00e4r v\u00e4ldigt sm\u00e5 har resultaten blivit stora. Vi blev \u00e5rets mest framg\u00e5ngsrika MMA-klubb p\u00e5 SM resultatm\u00e4ssigt med \u00e5tta medalj\u00f6rer. V\u00e5r satsning fungerar och de individer som gjort bra t\u00e4vlingsresultat har gjort \u00e4ven st\u00f6rre resultat som individer. De \u00e4r till stor del fr\u00e5n marginaliserade grupper och ett socialt utanf\u00f6rskap till att bli h\u00e5rt satsande idrottsm\u00e4n inkluderade och fungerande i samh\u00e4llet p\u00e5 alla plan, s\u00e4ger Tomas Backstr\u00f6m till budokampsport.se<\/p>\n<p><strong>Inkluderingsarbetet f\u00f6r klubben \u00e4r en viktig del liksom arbetet f\u00f6r att st\u00e4rka gemenskapen och sammanh\u00e5llningen.<\/strong><br \/>\n&#8211; Vi jobbar h\u00e5rt med uppf\u00f6randekod och utg\u00e5r fr\u00e5n hur vi vill profilera oss. Vi ska vara inkluderande \u00f6ppna och man skall k\u00e4nna v\u00e4rme, k\u00e4rlek och att det \u00e4r en milj\u00f6 f\u00f6r alla. Just budo har ju en fostrande karakt\u00e4r och avvikelser i formen diskriminering p\u00e5 n\u00e5got plan beivrar vi per omg\u00e5ende. Vi har en stor andel \u00e4ldre stabila medlemmar med m\u00e5nga \u00e5r i klubben som \u00e4r stommen och som b\u00e4r klubbandan h\u00f6gt. Vi har en h\u00e4rlig gemenskap och sammanh\u00e5llning, s\u00e4ger Tomas.<\/p>\n<p><strong>Visionen f\u00f6r f\u00f6reningens framtid \u00e4r att ytterligare utveckla elitsatsningen men ocks\u00e5 att vara en plats som bidrar till f\u00f6rb\u00e4ttrad integration i staden.<\/strong><br \/>\n&#8211; Vi skall forts\u00e4tta ha v\u00e5r bas som \u00e4r en trevlig och stabil tr\u00e4ningsmilj\u00f6 f\u00f6r alla men att v\u00e5r elitsatsning skall v\u00e4xa och visa att \u00e5rets resultat bara \u00e4r b\u00f6rjan. V\u00e4ster\u00e5s avser att vara en MMA-stad i toppskiktet. Vi jobbar just nu ut mot kommunen och fritidsg\u00e5rdarna med ett integrationsprojekt som kommer ge en bra samh\u00e4llsinsats givetvis men vi kommer n\u00e5 ut med v\u00e5rt budskap och knyta till oss en massa underbara ungdomar. Ungdomar som skall se v\u00e5r klubb som deras trygga och stabila bas f\u00f6r utveckling och framtid, avslutar Tomas.<\/p>\n<p>Text: Annie Bondefelt<br \/>\nBild: V\u00e4ster\u00e5s Fight Club<\/p>\n","protected":false},"excerpt":{"rendered":"<p>Den 17:e mars \u00e4r det dags f\u00f6r \u00e5rets Kampsportsgala och [&#8230;]<\/p><br>","protected":false},"author":120,"featured_media":67500,"comment_status":"open","ping_status":"open","sticky":false,"template":"","format":"standard","meta":{"_acf_changed":false,"footnotes":""},"categories":[1],"tags":[],"class_list":["post-67082","post","type-post","status-publish","format-standard","has-post-thumbnail","hentry","category-okategoriserade"],"acf":[],"yoast_head":"<!-- This site is optimized with the Yoast SEO plugin v26.8 - https:\/\/yoast.com\/product\/yoast-seo-wordpress\/ -->\n<title>V\u00e4ster\u00e5s Fight Club kan bli \u00c5rets Klubb - Svenska Budo &amp; Kampsportsf\u00f6rbundet<\/title>\n<meta name=\"description\" content=\"Den 17:e mars \u00e4r det dags f\u00f6r \u00e5rets Kampsportsgala och i kategorin \u00c5rets Klubb \u00e5terfinns V\u00e4ster\u00e5s Fight Club. - Vi har haft en medveten elitsatsning och\" \/>\n<meta name=\"robots\" content=\"index, follow, max-snippet:-1, max-image-preview:large, max-video-preview:-1\" \/>\n<link rel=\"canonical\" href=\"https:\/\/www.budokampsport.se\/2018\/03\/05\/vasteras-fight-club-kan-bli-arets-klubb\/\" \/>\n<meta property=\"og:locale\" content=\"sv_SE\" \/>\n<meta property=\"og:type\" content=\"article\" \/>\n<meta property=\"og:title\" content=\"V\u00e4ster\u00e5s Fight Club kan bli \u00c5rets Klubb - Svenska Budo &amp; Kampsportsf\u00f6rbundet\" \/>\n<meta property=\"og:description\" content=\"Den 17:e mars \u00e4r det dags f\u00f6r \u00e5rets Kampsportsgala och i kategorin \u00c5rets Klubb \u00e5terfinns V\u00e4ster\u00e5s Fight Club. - Vi har haft en medveten elitsatsning och\" \/>\n<meta property=\"og:url\" content=\"https:\/\/www.budokampsport.se\/2018\/03\/05\/vasteras-fight-club-kan-bli-arets-klubb\/\" \/>\n<meta property=\"og:site_name\" content=\"Svenska Budo &amp; Kampsportsf\u00f6rbundet\" \/>\n<meta property=\"article:published_time\" content=\"2018-03-05T15:02:08+00:00\" \/>\n<meta property=\"og:image\" content=\"https:\/\/www.budokampsport.se\/wp-content\/uploads\/2018\/03\/vasteras-e1624886905709.jpg\" \/>\n\t<meta property=\"og:image:width\" content=\"850\" \/>\n\t<meta property=\"og:image:height\" content=\"597\" \/>\n\t<meta property=\"og:image:type\" content=\"image\/jpeg\" \/>\n<meta name=\"author\" content=\"Annie Carriage\" \/>\n<meta name=\"twitter:card\" content=\"summary_large_image\" \/>\n<meta name=\"twitter:label1\" content=\"Skriven av\" \/>\n\t<meta name=\"twitter:data1\" content=\"Annie Carriage\" \/>\n\t<meta name=\"twitter:label2\" content=\"Ber\u00e4knad l\u00e4stid\" \/>\n\t<meta name=\"twitter:data2\" content=\"2 minuter\" \/>\n<script type=\"application\/ld+json\" class=\"yoast-schema-graph\">{\"@context\":\"https:\/\/schema.org\",\"@graph\":[{\"@type\":\"Article\",\"@id\":\"https:\/\/www.budokampsport.se\/2018\/03\/05\/vasteras-fight-club-kan-bli-arets-klubb\/#article\",\"isPartOf\":{\"@id\":\"https:\/\/www.budokampsport.se\/2018\/03\/05\/vasteras-fight-club-kan-bli-arets-klubb\/\"},\"author\":{\"name\":\"Annie Carriage\",\"@id\":\"https:\/\/www.budokampsport.se\/#\/schema\/person\/c838cace8171f692e363fde3f38f208b\"},\"headline\":\"V\u00e4ster\u00e5s Fight Club kan bli \u00c5rets Klubb\",\"datePublished\":\"2018-03-05T15:02:08+00:00\",\"mainEntityOfPage\":{\"@id\":\"https:\/\/www.budokampsport.se\/2018\/03\/05\/vasteras-fight-club-kan-bli-arets-klubb\/\"},\"wordCount\":383,\"commentCount\":0,\"image\":{\"@id\":\"https:\/\/www.budokampsport.se\/2018\/03\/05\/vasteras-fight-club-kan-bli-arets-klubb\/#primaryimage\"},\"thumbnailUrl\":\"https:\/\/www.budokampsport.se\/wp-content\/uploads\/2018\/03\/vasteras-e1624886905709.jpg\",\"inLanguage\":\"sv-SE\",\"potentialAction\":[{\"@type\":\"CommentAction\",\"name\":\"Comment\",\"target\":[\"https:\/\/www.budokampsport.se\/2018\/03\/05\/vasteras-fight-club-kan-bli-arets-klubb\/#respond\"]}]},{\"@type\":\"WebPage\",\"@id\":\"https:\/\/www.budokampsport.se\/2018\/03\/05\/vasteras-fight-club-kan-bli-arets-klubb\/\",\"url\":\"https:\/\/www.budokampsport.se\/2018\/03\/05\/vasteras-fight-club-kan-bli-arets-klubb\/\",\"name\":\"V\u00e4ster\u00e5s Fight Club kan bli \u00c5rets Klubb - Svenska Budo &amp; Kampsportsf\u00f6rbundet\",\"isPartOf\":{\"@id\":\"https:\/\/www.budokampsport.se\/#website\"},\"primaryImageOfPage\":{\"@id\":\"https:\/\/www.budokampsport.se\/2018\/03\/05\/vasteras-fight-club-kan-bli-arets-klubb\/#primaryimage\"},\"image\":{\"@id\":\"https:\/\/www.budokampsport.se\/2018\/03\/05\/vasteras-fight-club-kan-bli-arets-klubb\/#primaryimage\"},\"thumbnailUrl\":\"https:\/\/www.budokampsport.se\/wp-content\/uploads\/2018\/03\/vasteras-e1624886905709.jpg\",\"datePublished\":\"2018-03-05T15:02:08+00:00\",\"author\":{\"@id\":\"https:\/\/www.budokampsport.se\/#\/schema\/person\/c838cace8171f692e363fde3f38f208b\"},\"description\":\"Den 17:e mars \u00e4r det dags f\u00f6r \u00e5rets Kampsportsgala och i kategorin \u00c5rets Klubb \u00e5terfinns V\u00e4ster\u00e5s Fight Club. - Vi har haft en medveten elitsatsning och\",\"breadcrumb\":{\"@id\":\"https:\/\/www.budokampsport.se\/2018\/03\/05\/vasteras-fight-club-kan-bli-arets-klubb\/#breadcrumb\"},\"inLanguage\":\"sv-SE\",\"potentialAction\":[{\"@type\":\"ReadAction\",\"target\":[\"https:\/\/www.budokampsport.se\/2018\/03\/05\/vasteras-fight-club-kan-bli-arets-klubb\/\"]}]},{\"@type\":\"ImageObject\",\"inLanguage\":\"sv-SE\",\"@id\":\"https:\/\/www.budokampsport.se\/2018\/03\/05\/vasteras-fight-club-kan-bli-arets-klubb\/#primaryimage\",\"url\":\"https:\/\/www.budokampsport.se\/wp-content\/uploads\/2018\/03\/vasteras-e1624886905709.jpg\",\"contentUrl\":\"https:\/\/www.budokampsport.se\/wp-content\/uploads\/2018\/03\/vasteras-e1624886905709.jpg\",\"width\":850,\"height\":597},{\"@type\":\"BreadcrumbList\",\"@id\":\"https:\/\/www.budokampsport.se\/2018\/03\/05\/vasteras-fight-club-kan-bli-arets-klubb\/#breadcrumb\",\"itemListElement\":[{\"@type\":\"ListItem\",\"position\":1,\"name\":\"Hem\",\"item\":\"https:\/\/www.budokampsport.se\/\"},{\"@type\":\"ListItem\",\"position\":2,\"name\":\"V\u00e4ster\u00e5s Fight Club kan bli \u00c5rets Klubb\"}]},{\"@type\":\"WebSite\",\"@id\":\"https:\/\/www.budokampsport.se\/#website\",\"url\":\"https:\/\/www.budokampsport.se\/\",\"name\":\"Svenska Budo &amp; Kampsportsf\u00f6rbundet\",\"description\":\"T\u00e4vling, Tr\u00e4ning, Tradition\",\"potentialAction\":[{\"@type\":\"SearchAction\",\"target\":{\"@type\":\"EntryPoint\",\"urlTemplate\":\"https:\/\/www.budokampsport.se\/?s={search_term_string}\"},\"query-input\":{\"@type\":\"PropertyValueSpecification\",\"valueRequired\":true,\"valueName\":\"search_term_string\"}}],\"inLanguage\":\"sv-SE\"},{\"@type\":\"Person\",\"@id\":\"https:\/\/www.budokampsport.se\/#\/schema\/person\/c838cace8171f692e363fde3f38f208b\",\"name\":\"Annie Carriage\",\"image\":{\"@type\":\"ImageObject\",\"inLanguage\":\"sv-SE\",\"@id\":\"https:\/\/www.budokampsport.se\/#\/schema\/person\/image\/\",\"url\":\"https:\/\/secure.gravatar.com\/avatar\/9311295560bdfbdf78365a26f7df1876?s=96&d=blank&r=g\",\"contentUrl\":\"https:\/\/secure.gravatar.com\/avatar\/9311295560bdfbdf78365a26f7df1876?s=96&d=blank&r=g\",\"caption\":\"Annie Carriage\"},\"url\":\"https:\/\/www.budokampsport.se\/author\/annie-bondefelt\/\"}]}<\/script>\n<!-- \/ Yoast SEO plugin. -->","yoast_head_json":{"title":"V\u00e4ster\u00e5s Fight Club kan bli \u00c5rets Klubb - Svenska Budo &amp; Kampsportsf\u00f6rbundet","description":"Den 17:e mars \u00e4r det dags f\u00f6r \u00e5rets Kampsportsgala och i kategorin \u00c5rets Klubb \u00e5terfinns V\u00e4ster\u00e5s Fight Club. - Vi har haft en medveten elitsatsning och","robots":{"index":"index","follow":"follow","max-snippet":"max-snippet:-1","max-image-preview":"max-image-preview:large","max-video-preview":"max-video-preview:-1"},"canonical":"https:\/\/www.budokampsport.se\/2018\/03\/05\/vasteras-fight-club-kan-bli-arets-klubb\/","og_locale":"sv_SE","og_type":"article","og_title":"V\u00e4ster\u00e5s Fight Club kan bli \u00c5rets Klubb - Svenska Budo &amp; Kampsportsf\u00f6rbundet","og_description":"Den 17:e mars \u00e4r det dags f\u00f6r \u00e5rets Kampsportsgala och i kategorin \u00c5rets Klubb \u00e5terfinns V\u00e4ster\u00e5s Fight Club. - Vi har haft en medveten elitsatsning och","og_url":"https:\/\/www.budokampsport.se\/2018\/03\/05\/vasteras-fight-club-kan-bli-arets-klubb\/","og_site_name":"Svenska Budo &amp; Kampsportsf\u00f6rbundet","article_published_time":"2018-03-05T15:02:08+00:00","og_image":[{"width":850,"height":597,"url":"https:\/\/www.budokampsport.se\/wp-content\/uploads\/2018\/03\/vasteras-e1624886905709.jpg","type":"image\/jpeg"}],"author":"Annie Carriage","twitter_card":"summary_large_image","twitter_misc":{"Skriven av":"Annie Carriage","Ber\u00e4knad l\u00e4stid":"2 minuter"},"schema":{"@context":"https:\/\/schema.org","@graph":[{"@type":"Article","@id":"https:\/\/www.budokampsport.se\/2018\/03\/05\/vasteras-fight-club-kan-bli-arets-klubb\/#article","isPartOf":{"@id":"https:\/\/www.budokampsport.se\/2018\/03\/05\/vasteras-fight-club-kan-bli-arets-klubb\/"},"author":{"name":"Annie Carriage","@id":"https:\/\/www.budokampsport.se\/#\/schema\/person\/c838cace8171f692e363fde3f38f208b"},"headline":"V\u00e4ster\u00e5s Fight Club kan bli \u00c5rets Klubb","datePublished":"2018-03-05T15:02:08+00:00","mainEntityOfPage":{"@id":"https:\/\/www.budokampsport.se\/2018\/03\/05\/vasteras-fight-club-kan-bli-arets-klubb\/"},"wordCount":383,"commentCount":0,"image":{"@id":"https:\/\/www.budokampsport.se\/2018\/03\/05\/vasteras-fight-club-kan-bli-arets-klubb\/#primaryimage"},"thumbnailUrl":"https:\/\/www.budokampsport.se\/wp-content\/uploads\/2018\/03\/vasteras-e1624886905709.jpg","inLanguage":"sv-SE","potentialAction":[{"@type":"CommentAction","name":"Comment","target":["https:\/\/www.budokampsport.se\/2018\/03\/05\/vasteras-fight-club-kan-bli-arets-klubb\/#respond"]}]},{"@type":"WebPage","@id":"https:\/\/www.budokampsport.se\/2018\/03\/05\/vasteras-fight-club-kan-bli-arets-klubb\/","url":"https:\/\/www.budokampsport.se\/2018\/03\/05\/vasteras-fight-club-kan-bli-arets-klubb\/","name":"V\u00e4ster\u00e5s Fight Club kan bli \u00c5rets Klubb - Svenska Budo &amp; Kampsportsf\u00f6rbundet","isPartOf":{"@id":"https:\/\/www.budokampsport.se\/#website"},"primaryImageOfPage":{"@id":"https:\/\/www.budokampsport.se\/2018\/03\/05\/vasteras-fight-club-kan-bli-arets-klubb\/#primaryimage"},"image":{"@id":"https:\/\/www.budokampsport.se\/2018\/03\/05\/vasteras-fight-club-kan-bli-arets-klubb\/#primaryimage"},"thumbnailUrl":"https:\/\/www.budokampsport.se\/wp-content\/uploads\/2018\/03\/vasteras-e1624886905709.jpg","datePublished":"2018-03-05T15:02:08+00:00","author":{"@id":"https:\/\/www.budokampsport.se\/#\/schema\/person\/c838cace8171f692e363fde3f38f208b"},"description":"Den 17:e mars \u00e4r det dags f\u00f6r \u00e5rets Kampsportsgala och i kategorin \u00c5rets Klubb \u00e5terfinns V\u00e4ster\u00e5s Fight Club. - Vi har haft en medveten elitsatsning och","breadcrumb":{"@id":"https:\/\/www.budokampsport.se\/2018\/03\/05\/vasteras-fight-club-kan-bli-arets-klubb\/#breadcrumb"},"inLanguage":"sv-SE","potentialAction":[{"@type":"ReadAction","target":["https:\/\/www.budokampsport.se\/2018\/03\/05\/vasteras-fight-club-kan-bli-arets-klubb\/"]}]},{"@type":"ImageObject","inLanguage":"sv-SE","@id":"https:\/\/www.budokampsport.se\/2018\/03\/05\/vasteras-fight-club-kan-bli-arets-klubb\/#primaryimage","url":"https:\/\/www.budokampsport.se\/wp-content\/uploads\/2018\/03\/vasteras-e1624886905709.jpg","contentUrl":"https:\/\/www.budokampsport.se\/wp-content\/uploads\/2018\/03\/vasteras-e1624886905709.jpg","width":850,"height":597},{"@type":"BreadcrumbList","@id":"https:\/\/www.budokampsport.se\/2018\/03\/05\/vasteras-fight-club-kan-bli-arets-klubb\/#breadcrumb","itemListElement":[{"@type":"ListItem","position":1,"name":"Hem","item":"https:\/\/www.budokampsport.se\/"},{"@type":"ListItem","position":2,"name":"V\u00e4ster\u00e5s Fight Club kan bli \u00c5rets Klubb"}]},{"@type":"WebSite","@id":"https:\/\/www.budokampsport.se\/#website","url":"https:\/\/www.budokampsport.se\/","name":"Svenska Budo &amp; Kampsportsf\u00f6rbundet","description":"T\u00e4vling, Tr\u00e4ning, Tradition","potentialAction":[{"@type":"SearchAction","target":{"@type":"EntryPoint","urlTemplate":"https:\/\/www.budokampsport.se\/?s={search_term_string}"},"query-input":{"@type":"PropertyValueSpecification","valueRequired":true,"valueName":"search_term_string"}}],"inLanguage":"sv-SE"},{"@type":"Person","@id":"https:\/\/www.budokampsport.se\/#\/schema\/person\/c838cace8171f692e363fde3f38f208b","name":"Annie Carriage","image":{"@type":"ImageObject","inLanguage":"sv-SE","@id":"https:\/\/www.budokampsport.se\/#\/schema\/person\/image\/","url":"https:\/\/secure.gravatar.com\/avatar\/9311295560bdfbdf78365a26f7df1876?s=96&d=blank&r=g","contentUrl":"https:\/\/secure.gravatar.com\/avatar\/9311295560bdfbdf78365a26f7df1876?s=96&d=blank&r=g","caption":"Annie Carriage"},"url":"https:\/\/www.budokampsport.se\/author\/annie-bondefelt\/"}]}},"_links":{"self":[{"href":"https:\/\/www.budokampsport.se\/api\/wp\/v2\/posts\/67082","targetHints":{"allow":["GET"]}}],"collection":[{"href":"https:\/\/www.budokampsport.se\/api\/wp\/v2\/posts"}],"about":[{"href":"https:\/\/www.budokampsport.se\/api\/wp\/v2\/types\/post"}],"author":[{"embeddable":true,"href":"https:\/\/www.budokampsport.se\/api\/wp\/v2\/users\/120"}],"replies":[{"embeddable":true,"href":"https:\/\/www.budokampsport.se\/api\/wp\/v2\/comments?post=67082"}],"version-history":[{"count":0,"href":"https:\/\/www.budokampsport.se\/api\/wp\/v2\/posts\/67082\/revisions"}],"wp:featuredmedia":[{"embeddable":true,"href":"https:\/\/www.budokampsport.se\/api\/wp\/v2\/media\/67500"}],"wp:attachment":[{"href":"https:\/\/www.budokampsport.se\/api\/wp\/v2\/media?parent=67082"}],"wp:term":[{"taxonomy":"category","embeddable":true,"href":"https:\/\/www.budokampsport.se\/api\/wp\/v2\/categories?post=67082"},{"taxonomy":"post_tag","embeddable":true,"href":"https:\/\/www.budokampsport.se\/api\/wp\/v2\/tags?post=67082"}],"curies":[{"name":"wp","href":"https:\/\/api.w.org\/{rel}","templated":true}]}}