{"id":67239,"date":"2018-03-12T10:17:48","date_gmt":"2018-03-12T09:17:48","guid":{"rendered":"http:\/\/www.budokampsport.se\/?p=67239"},"modified":"2018-03-12T10:17:48","modified_gmt":"2018-03-12T09:17:48","slug":"vaxjo-titans-nominerad-till-arets-klubb","status":"publish","type":"post","link":"https:\/\/www.budokampsport.se\/2018\/03\/12\/vaxjo-titans-nominerad-till-arets-klubb\/","title":{"rendered":"V\u00e4xj\u00f6 Titans nominerad till \u00c5rets Klubb"},"content":{"rendered":"<p><span style=\"font-size: 14pt;\">V\u00e4xj\u00f6 Titans \u00e4r en f\u00f6rening som funnits sedan 2001 och erbjuder tr\u00e4ning i BJJ, thaiboxning och MMA. Nu \u00e4r de nominerade till \u00c5rets Klubb inf\u00f6r Kampsportsgalan den 17:e mars p\u00e5 Berns i Stockholm.<\/span><\/p>\n<p>&#8211; V\u00e5r vision \u00e4r att forts\u00e4tta prioritera kvalitet framf\u00f6r kvantitet. Vi \u00e4r 250 medlemmar och det \u00e4r lite v\u00e5r sm\u00e4rtgr\u00e4ns. Ist\u00e4llet f\u00f6r att bygga ut eller leta st\u00f6rre lokal satsar vi p\u00e5 \u00e4nnu b\u00e4ttre f\u00f6rh\u00e5llanden f\u00f6r de som tr\u00e4nar, och framf\u00f6rallt vill satsa p\u00e5 t\u00e4vling. Vi planerar ocks\u00e5 f\u00f6rb\u00e4ttringar i lokalen som ska g\u00f6ra att man trivs \u00e4nnu mer. Vi ska ocks\u00e5 forts\u00e4tta att engagera oss i v\u00e5ra f\u00f6rbund och jobba f\u00f6r v\u00e5ra sporter i stort &#8211; inte bara st\u00e5 vid sidan av och &#8220;gn\u00e4lla&#8221;. Vi ska ocks\u00e5 jobba \u00e4nnu h\u00e5rdare f\u00f6r att f\u00e5 fler tjejer till klubben. I dagsl\u00e4get har vi 25% tjejer som medlemmar, men m\u00e5let \u00e4r 30% innan \u00e5ret \u00e4r slut. V\u00e5r styrelse ska alltid ha 40\/60 eller 50\/50 f\u00f6rdelning m\u00e4n och kvinnor. Vi vill ocks\u00e5 ha en spridning av \u00e5ldrar i styrelsen, ber\u00e4ttar f\u00f6reningens kass\u00f6r Kristina Gustafsson.<\/p>\n<p><strong>F\u00f6reningen jobbar \u00e4ven med V\u00e4xj\u00f6 kommun och Sm\u00e5landsidrottens projekt &#8220;s\u00e4ker och trygg f\u00f6rening&#8221; d\u00e4r man arbetar med ett utvecklingsarbete och kvalitetsm\u00e4rkning, n\u00e5got som i f\u00f6rl\u00e4ngningen ska utmynna ut i att skapa \u00e4nnu b\u00e4ttre f\u00f6ruts\u00e4ttningar f\u00f6r f\u00f6reningarnas medlemmar. \u00c4ven v\u00e4rdegrundsarbete st\u00e5r h\u00f6gt upp p\u00e5 dagordningen hos V\u00e4xj\u00f6 Titans styrelse.<\/strong><\/p>\n<p>&#8211; Vi i styrelsen fr\u00e5gar oss alltid om beslut som vi tar g\u00e5r hand i hand med v\u00e5r v\u00e4rdegrund. V\u00e5r v\u00e4rdegrund \u00e4r n\u00e5got vi jobbar v\u00e4ldigt mycket med, det \u00e4r inte bara ett papper, b\u00e5de mot ledare, medlemmar och f\u00f6r\u00e4ldrar. V\u00e5rt motto \u00e4r att ingen ska g\u00e5 ifr\u00e5n lokalen utan att k\u00e4nna att de har gjort n\u00e5got bra. Vi f\u00f6rs\u00f6ker att ge ett merv\u00e4rde, vi ska vara som ett andra hem, inte bara en tr\u00e4ningslokal. Vi tar tag i problem och konflikter s\u00e5 fort de uppst\u00e5r. Vi h\u00e5ller h\u00e5rt p\u00e5 att man ska vara en god representant f\u00f6r klubben \u00e4ven utanf\u00f6r lokalen och vi l\u00e5ter v\u00e5ra instrukt\u00f6rer \u00e5ka p\u00e5 seminarier och utbildningar f\u00f6r att de ska k\u00e4nna sig inspirerade och f\u00e5 nya infallsvinklar och ibland omv\u00e4rdera gamla sanningar, ber\u00e4ttar Kristina.<\/p>\n<p><strong>Nomineringen till \u00c5rets Klubb tror f\u00f6reningen beror just p\u00e5 deras engagemang i de mjuka v\u00e4rdena, att de tar ett samh\u00e4llsansvar och tror p\u00e5 att de kan p\u00e5verka genom idrott.<\/strong><\/p>\n<p>&#8211; Vi har otroligt kunniga och engagerade ledare. De h\u00e5ller inte bara bra och utvecklande pass, de skapar en gemenskap och ser till att konceptet &#8220;each one teach one&#8221; h\u00e5lls levande. Vi \u00e4r inte s\u00e5 mycket f\u00f6r prestige, h\u00e4r tr\u00e4nar alla med alla och delar med sig av sin kunskap. Sen tror jag att de allra flesta av v\u00e5ra medlemmar \u00e4r otroligt stolta \u00f6ver att representera V\u00e4xj\u00f6 Titans, vi syns i media, vi \u00e4r med i m\u00e5nga projekt, vi uppf\u00f6r oss sportsligt och proffsigt p\u00e5 t\u00e4vlingar. Vi betalar t\u00e4vlingsavgifter, st\u00e5r f\u00f6r resor, anordna seminarier med v\u00e4rldsstj\u00e4rnor. Hos oss ing\u00e5r alltid plusmeny n\u00e4r man betalar tr\u00e4ningsavgiften, avslutar Kristina.<\/p>\n<p>Text: Annie Bondefelt<br \/>\nFoto:\u00a0Simon Elmlund<\/p>\n","protected":false},"excerpt":{"rendered":"<p>V\u00e4xj\u00f6 Titans \u00e4r en f\u00f6rening som funnits sedan 2001 och [&#8230;]<\/p><br>","protected":false},"author":120,"featured_media":67241,"comment_status":"open","ping_status":"open","sticky":false,"template":"","format":"standard","meta":{"_acf_changed":false,"footnotes":""},"categories":[1],"tags":[],"class_list":["post-67239","post","type-post","status-publish","format-standard","has-post-thumbnail","hentry","category-okategoriserade"],"acf":[],"yoast_head":"<!-- This site is optimized with the Yoast SEO plugin v26.8 - https:\/\/yoast.com\/product\/yoast-seo-wordpress\/ -->\n<title>V\u00e4xj\u00f6 Titans nominerad till \u00c5rets Klubb - Svenska Budo &amp; Kampsportsf\u00f6rbundet<\/title>\n<meta name=\"description\" content=\"V\u00e4xj\u00f6 Titans \u00e4r en f\u00f6rening som funnits sedan 2001 och erbjuder tr\u00e4ning i BJJ, thaiboxning och MMA. Nu \u00e4r de nominerade till \u00c5rets Klubb inf\u00f6r\" \/>\n<meta name=\"robots\" content=\"index, follow, max-snippet:-1, max-image-preview:large, max-video-preview:-1\" \/>\n<link rel=\"canonical\" href=\"https:\/\/www.budokampsport.se\/2018\/03\/12\/vaxjo-titans-nominerad-till-arets-klubb\/\" \/>\n<meta property=\"og:locale\" content=\"sv_SE\" \/>\n<meta property=\"og:type\" content=\"article\" \/>\n<meta property=\"og:title\" content=\"V\u00e4xj\u00f6 Titans nominerad till \u00c5rets Klubb - Svenska Budo &amp; Kampsportsf\u00f6rbundet\" \/>\n<meta property=\"og:description\" content=\"V\u00e4xj\u00f6 Titans \u00e4r en f\u00f6rening som funnits sedan 2001 och erbjuder tr\u00e4ning i BJJ, thaiboxning och MMA. Nu \u00e4r de nominerade till \u00c5rets Klubb inf\u00f6r\" \/>\n<meta property=\"og:url\" content=\"https:\/\/www.budokampsport.se\/2018\/03\/12\/vaxjo-titans-nominerad-till-arets-klubb\/\" \/>\n<meta property=\"og:site_name\" content=\"Svenska Budo &amp; Kampsportsf\u00f6rbundet\" \/>\n<meta property=\"article:published_time\" content=\"2018-03-12T09:17:48+00:00\" \/>\n<meta property=\"og:image\" content=\"https:\/\/www.budokampsport.se\/wp-content\/uploads\/2018\/03\/vaxjo-e1624886890773.jpg\" \/>\n\t<meta property=\"og:image:width\" content=\"850\" \/>\n\t<meta property=\"og:image:height\" content=\"459\" \/>\n\t<meta property=\"og:image:type\" content=\"image\/jpeg\" \/>\n<meta name=\"author\" content=\"Annie Carriage\" \/>\n<meta name=\"twitter:card\" content=\"summary_large_image\" \/>\n<meta name=\"twitter:label1\" content=\"Skriven av\" \/>\n\t<meta name=\"twitter:data1\" content=\"Annie Carriage\" \/>\n\t<meta name=\"twitter:label2\" content=\"Ber\u00e4knad l\u00e4stid\" \/>\n\t<meta name=\"twitter:data2\" content=\"3 minuter\" \/>\n<script type=\"application\/ld+json\" class=\"yoast-schema-graph\">{\"@context\":\"https:\/\/schema.org\",\"@graph\":[{\"@type\":\"Article\",\"@id\":\"https:\/\/www.budokampsport.se\/2018\/03\/12\/vaxjo-titans-nominerad-till-arets-klubb\/#article\",\"isPartOf\":{\"@id\":\"https:\/\/www.budokampsport.se\/2018\/03\/12\/vaxjo-titans-nominerad-till-arets-klubb\/\"},\"author\":{\"name\":\"Annie Carriage\",\"@id\":\"https:\/\/www.budokampsport.se\/#\/schema\/person\/c838cace8171f692e363fde3f38f208b\"},\"headline\":\"V\u00e4xj\u00f6 Titans nominerad till \u00c5rets Klubb\",\"datePublished\":\"2018-03-12T09:17:48+00:00\",\"mainEntityOfPage\":{\"@id\":\"https:\/\/www.budokampsport.se\/2018\/03\/12\/vaxjo-titans-nominerad-till-arets-klubb\/\"},\"wordCount\":606,\"commentCount\":0,\"image\":{\"@id\":\"https:\/\/www.budokampsport.se\/2018\/03\/12\/vaxjo-titans-nominerad-till-arets-klubb\/#primaryimage\"},\"thumbnailUrl\":\"https:\/\/www.budokampsport.se\/wp-content\/uploads\/2018\/03\/vaxjo-e1624886890773.jpg\",\"inLanguage\":\"sv-SE\",\"potentialAction\":[{\"@type\":\"CommentAction\",\"name\":\"Comment\",\"target\":[\"https:\/\/www.budokampsport.se\/2018\/03\/12\/vaxjo-titans-nominerad-till-arets-klubb\/#respond\"]}]},{\"@type\":\"WebPage\",\"@id\":\"https:\/\/www.budokampsport.se\/2018\/03\/12\/vaxjo-titans-nominerad-till-arets-klubb\/\",\"url\":\"https:\/\/www.budokampsport.se\/2018\/03\/12\/vaxjo-titans-nominerad-till-arets-klubb\/\",\"name\":\"V\u00e4xj\u00f6 Titans nominerad till \u00c5rets Klubb - Svenska Budo &amp; Kampsportsf\u00f6rbundet\",\"isPartOf\":{\"@id\":\"https:\/\/www.budokampsport.se\/#website\"},\"primaryImageOfPage\":{\"@id\":\"https:\/\/www.budokampsport.se\/2018\/03\/12\/vaxjo-titans-nominerad-till-arets-klubb\/#primaryimage\"},\"image\":{\"@id\":\"https:\/\/www.budokampsport.se\/2018\/03\/12\/vaxjo-titans-nominerad-till-arets-klubb\/#primaryimage\"},\"thumbnailUrl\":\"https:\/\/www.budokampsport.se\/wp-content\/uploads\/2018\/03\/vaxjo-e1624886890773.jpg\",\"datePublished\":\"2018-03-12T09:17:48+00:00\",\"author\":{\"@id\":\"https:\/\/www.budokampsport.se\/#\/schema\/person\/c838cace8171f692e363fde3f38f208b\"},\"description\":\"V\u00e4xj\u00f6 Titans \u00e4r en f\u00f6rening som funnits sedan 2001 och erbjuder tr\u00e4ning i BJJ, thaiboxning och MMA. Nu \u00e4r de nominerade till \u00c5rets Klubb inf\u00f6r\",\"breadcrumb\":{\"@id\":\"https:\/\/www.budokampsport.se\/2018\/03\/12\/vaxjo-titans-nominerad-till-arets-klubb\/#breadcrumb\"},\"inLanguage\":\"sv-SE\",\"potentialAction\":[{\"@type\":\"ReadAction\",\"target\":[\"https:\/\/www.budokampsport.se\/2018\/03\/12\/vaxjo-titans-nominerad-till-arets-klubb\/\"]}]},{\"@type\":\"ImageObject\",\"inLanguage\":\"sv-SE\",\"@id\":\"https:\/\/www.budokampsport.se\/2018\/03\/12\/vaxjo-titans-nominerad-till-arets-klubb\/#primaryimage\",\"url\":\"https:\/\/www.budokampsport.se\/wp-content\/uploads\/2018\/03\/vaxjo-e1624886890773.jpg\",\"contentUrl\":\"https:\/\/www.budokampsport.se\/wp-content\/uploads\/2018\/03\/vaxjo-e1624886890773.jpg\",\"width\":850,\"height\":459,\"caption\":\"Foto: Simon Elmlund\"},{\"@type\":\"BreadcrumbList\",\"@id\":\"https:\/\/www.budokampsport.se\/2018\/03\/12\/vaxjo-titans-nominerad-till-arets-klubb\/#breadcrumb\",\"itemListElement\":[{\"@type\":\"ListItem\",\"position\":1,\"name\":\"Hem\",\"item\":\"https:\/\/www.budokampsport.se\/\"},{\"@type\":\"ListItem\",\"position\":2,\"name\":\"V\u00e4xj\u00f6 Titans nominerad till \u00c5rets Klubb\"}]},{\"@type\":\"WebSite\",\"@id\":\"https:\/\/www.budokampsport.se\/#website\",\"url\":\"https:\/\/www.budokampsport.se\/\",\"name\":\"Svenska Budo &amp; Kampsportsf\u00f6rbundet\",\"description\":\"T\u00e4vling, Tr\u00e4ning, Tradition\",\"potentialAction\":[{\"@type\":\"SearchAction\",\"target\":{\"@type\":\"EntryPoint\",\"urlTemplate\":\"https:\/\/www.budokampsport.se\/?s={search_term_string}\"},\"query-input\":{\"@type\":\"PropertyValueSpecification\",\"valueRequired\":true,\"valueName\":\"search_term_string\"}}],\"inLanguage\":\"sv-SE\"},{\"@type\":\"Person\",\"@id\":\"https:\/\/www.budokampsport.se\/#\/schema\/person\/c838cace8171f692e363fde3f38f208b\",\"name\":\"Annie Carriage\",\"image\":{\"@type\":\"ImageObject\",\"inLanguage\":\"sv-SE\",\"@id\":\"https:\/\/www.budokampsport.se\/#\/schema\/person\/image\/\",\"url\":\"https:\/\/secure.gravatar.com\/avatar\/9311295560bdfbdf78365a26f7df1876?s=96&d=blank&r=g\",\"contentUrl\":\"https:\/\/secure.gravatar.com\/avatar\/9311295560bdfbdf78365a26f7df1876?s=96&d=blank&r=g\",\"caption\":\"Annie Carriage\"},\"url\":\"https:\/\/www.budokampsport.se\/author\/annie-bondefelt\/\"}]}<\/script>\n<!-- \/ Yoast SEO plugin. -->","yoast_head_json":{"title":"V\u00e4xj\u00f6 Titans nominerad till \u00c5rets Klubb - Svenska Budo &amp; Kampsportsf\u00f6rbundet","description":"V\u00e4xj\u00f6 Titans \u00e4r en f\u00f6rening som funnits sedan 2001 och erbjuder tr\u00e4ning i BJJ, thaiboxning och MMA. Nu \u00e4r de nominerade till \u00c5rets Klubb inf\u00f6r","robots":{"index":"index","follow":"follow","max-snippet":"max-snippet:-1","max-image-preview":"max-image-preview:large","max-video-preview":"max-video-preview:-1"},"canonical":"https:\/\/www.budokampsport.se\/2018\/03\/12\/vaxjo-titans-nominerad-till-arets-klubb\/","og_locale":"sv_SE","og_type":"article","og_title":"V\u00e4xj\u00f6 Titans nominerad till \u00c5rets Klubb - Svenska Budo &amp; Kampsportsf\u00f6rbundet","og_description":"V\u00e4xj\u00f6 Titans \u00e4r en f\u00f6rening som funnits sedan 2001 och erbjuder tr\u00e4ning i BJJ, thaiboxning och MMA. Nu \u00e4r de nominerade till \u00c5rets Klubb inf\u00f6r","og_url":"https:\/\/www.budokampsport.se\/2018\/03\/12\/vaxjo-titans-nominerad-till-arets-klubb\/","og_site_name":"Svenska Budo &amp; Kampsportsf\u00f6rbundet","article_published_time":"2018-03-12T09:17:48+00:00","og_image":[{"width":850,"height":459,"url":"https:\/\/www.budokampsport.se\/wp-content\/uploads\/2018\/03\/vaxjo-e1624886890773.jpg","type":"image\/jpeg"}],"author":"Annie Carriage","twitter_card":"summary_large_image","twitter_misc":{"Skriven av":"Annie Carriage","Ber\u00e4knad l\u00e4stid":"3 minuter"},"schema":{"@context":"https:\/\/schema.org","@graph":[{"@type":"Article","@id":"https:\/\/www.budokampsport.se\/2018\/03\/12\/vaxjo-titans-nominerad-till-arets-klubb\/#article","isPartOf":{"@id":"https:\/\/www.budokampsport.se\/2018\/03\/12\/vaxjo-titans-nominerad-till-arets-klubb\/"},"author":{"name":"Annie Carriage","@id":"https:\/\/www.budokampsport.se\/#\/schema\/person\/c838cace8171f692e363fde3f38f208b"},"headline":"V\u00e4xj\u00f6 Titans nominerad till \u00c5rets Klubb","datePublished":"2018-03-12T09:17:48+00:00","mainEntityOfPage":{"@id":"https:\/\/www.budokampsport.se\/2018\/03\/12\/vaxjo-titans-nominerad-till-arets-klubb\/"},"wordCount":606,"commentCount":0,"image":{"@id":"https:\/\/www.budokampsport.se\/2018\/03\/12\/vaxjo-titans-nominerad-till-arets-klubb\/#primaryimage"},"thumbnailUrl":"https:\/\/www.budokampsport.se\/wp-content\/uploads\/2018\/03\/vaxjo-e1624886890773.jpg","inLanguage":"sv-SE","potentialAction":[{"@type":"CommentAction","name":"Comment","target":["https:\/\/www.budokampsport.se\/2018\/03\/12\/vaxjo-titans-nominerad-till-arets-klubb\/#respond"]}]},{"@type":"WebPage","@id":"https:\/\/www.budokampsport.se\/2018\/03\/12\/vaxjo-titans-nominerad-till-arets-klubb\/","url":"https:\/\/www.budokampsport.se\/2018\/03\/12\/vaxjo-titans-nominerad-till-arets-klubb\/","name":"V\u00e4xj\u00f6 Titans nominerad till \u00c5rets Klubb - Svenska Budo &amp; Kampsportsf\u00f6rbundet","isPartOf":{"@id":"https:\/\/www.budokampsport.se\/#website"},"primaryImageOfPage":{"@id":"https:\/\/www.budokampsport.se\/2018\/03\/12\/vaxjo-titans-nominerad-till-arets-klubb\/#primaryimage"},"image":{"@id":"https:\/\/www.budokampsport.se\/2018\/03\/12\/vaxjo-titans-nominerad-till-arets-klubb\/#primaryimage"},"thumbnailUrl":"https:\/\/www.budokampsport.se\/wp-content\/uploads\/2018\/03\/vaxjo-e1624886890773.jpg","datePublished":"2018-03-12T09:17:48+00:00","author":{"@id":"https:\/\/www.budokampsport.se\/#\/schema\/person\/c838cace8171f692e363fde3f38f208b"},"description":"V\u00e4xj\u00f6 Titans \u00e4r en f\u00f6rening som funnits sedan 2001 och erbjuder tr\u00e4ning i BJJ, thaiboxning och MMA. Nu \u00e4r de nominerade till \u00c5rets Klubb inf\u00f6r","breadcrumb":{"@id":"https:\/\/www.budokampsport.se\/2018\/03\/12\/vaxjo-titans-nominerad-till-arets-klubb\/#breadcrumb"},"inLanguage":"sv-SE","potentialAction":[{"@type":"ReadAction","target":["https:\/\/www.budokampsport.se\/2018\/03\/12\/vaxjo-titans-nominerad-till-arets-klubb\/"]}]},{"@type":"ImageObject","inLanguage":"sv-SE","@id":"https:\/\/www.budokampsport.se\/2018\/03\/12\/vaxjo-titans-nominerad-till-arets-klubb\/#primaryimage","url":"https:\/\/www.budokampsport.se\/wp-content\/uploads\/2018\/03\/vaxjo-e1624886890773.jpg","contentUrl":"https:\/\/www.budokampsport.se\/wp-content\/uploads\/2018\/03\/vaxjo-e1624886890773.jpg","width":850,"height":459,"caption":"Foto: Simon Elmlund"},{"@type":"BreadcrumbList","@id":"https:\/\/www.budokampsport.se\/2018\/03\/12\/vaxjo-titans-nominerad-till-arets-klubb\/#breadcrumb","itemListElement":[{"@type":"ListItem","position":1,"name":"Hem","item":"https:\/\/www.budokampsport.se\/"},{"@type":"ListItem","position":2,"name":"V\u00e4xj\u00f6 Titans nominerad till \u00c5rets Klubb"}]},{"@type":"WebSite","@id":"https:\/\/www.budokampsport.se\/#website","url":"https:\/\/www.budokampsport.se\/","name":"Svenska Budo &amp; Kampsportsf\u00f6rbundet","description":"T\u00e4vling, Tr\u00e4ning, Tradition","potentialAction":[{"@type":"SearchAction","target":{"@type":"EntryPoint","urlTemplate":"https:\/\/www.budokampsport.se\/?s={search_term_string}"},"query-input":{"@type":"PropertyValueSpecification","valueRequired":true,"valueName":"search_term_string"}}],"inLanguage":"sv-SE"},{"@type":"Person","@id":"https:\/\/www.budokampsport.se\/#\/schema\/person\/c838cace8171f692e363fde3f38f208b","name":"Annie Carriage","image":{"@type":"ImageObject","inLanguage":"sv-SE","@id":"https:\/\/www.budokampsport.se\/#\/schema\/person\/image\/","url":"https:\/\/secure.gravatar.com\/avatar\/9311295560bdfbdf78365a26f7df1876?s=96&d=blank&r=g","contentUrl":"https:\/\/secure.gravatar.com\/avatar\/9311295560bdfbdf78365a26f7df1876?s=96&d=blank&r=g","caption":"Annie Carriage"},"url":"https:\/\/www.budokampsport.se\/author\/annie-bondefelt\/"}]}},"_links":{"self":[{"href":"https:\/\/www.budokampsport.se\/api\/wp\/v2\/posts\/67239","targetHints":{"allow":["GET"]}}],"collection":[{"href":"https:\/\/www.budokampsport.se\/api\/wp\/v2\/posts"}],"about":[{"href":"https:\/\/www.budokampsport.se\/api\/wp\/v2\/types\/post"}],"author":[{"embeddable":true,"href":"https:\/\/www.budokampsport.se\/api\/wp\/v2\/users\/120"}],"replies":[{"embeddable":true,"href":"https:\/\/www.budokampsport.se\/api\/wp\/v2\/comments?post=67239"}],"version-history":[{"count":0,"href":"https:\/\/www.budokampsport.se\/api\/wp\/v2\/posts\/67239\/revisions"}],"wp:featuredmedia":[{"embeddable":true,"href":"https:\/\/www.budokampsport.se\/api\/wp\/v2\/media\/67241"}],"wp:attachment":[{"href":"https:\/\/www.budokampsport.se\/api\/wp\/v2\/media?parent=67239"}],"wp:term":[{"taxonomy":"category","embeddable":true,"href":"https:\/\/www.budokampsport.se\/api\/wp\/v2\/categories?post=67239"},{"taxonomy":"post_tag","embeddable":true,"href":"https:\/\/www.budokampsport.se\/api\/wp\/v2\/tags?post=67239"}],"curies":[{"name":"wp","href":"https:\/\/api.w.org\/{rel}","templated":true}]}}