{"id":67736,"date":"2018-03-08T10:29:34","date_gmt":"2018-03-08T09:29:34","guid":{"rendered":"http:\/\/www.budokampsport.se\/?p=67736"},"modified":"2018-03-08T10:32:34","modified_gmt":"2018-03-08T09:32:34","slug":"tobias-harila-klar-adrenalin-national-cup","status":"publish","type":"post","link":"https:\/\/www.budokampsport.se\/2018\/03\/08\/tobias-harila-klar-adrenalin-national-cup\/","title":{"rendered":"Tobias Harila klar f\u00f6r Adrenalin International Cup"},"content":{"rendered":"<p><span style=\"font-size: 14pt;\">Den 24:e mars \u00e4r det dags f\u00f6r Adrenalin International Cup i Swansea, Wales. Fem svenskar g\u00e5r upp i buren mot toppfighters fr\u00e5n Wales, en av de svenskar som g\u00e5r match \u00e4r Tobias Harila.<\/span><\/p>\n<p><strong>24-\u00e5ringen fr\u00e5n V\u00e4ster\u00e5s har vunnit flera SM-guld nu senast i h\u00f6stas och har \u00e4ven vunnit EM-silver och tog guldet under de asiatiska m\u00e4sterskapen.<\/strong><br \/>\n&#8211; Formen var inte p\u00e5 topp p\u00e5 SM men den \u00e4r p\u00e5 v\u00e4g \u00e5t r\u00e4tt h\u00e5ll nu. Jag har haft slutet av april som de datum jag t\u00e4nkt vara i min formtopp eftersom det egentligen \u00e4r d\u00e5 jag ska g\u00f6ra min proffsdebut, s\u00e4ger Tobias till budokampsport.se<\/p>\n<p><strong>Tobias m\u00f6ter Scott Pedersen fr\u00e5n Wales och v\u00e4ster\u00e5saren g\u00e5r in med stort sj\u00e4lvf\u00f6rtroende.<\/strong><br \/>\n&#8211; Han \u00e4r duktig, bra p\u00e5 det mesta och har vunnit stora matcher. Men han har inte vad som kr\u00e4vs f\u00f6r att besegra mig. Det kommer bli en tuff match men jag siktar p\u00e5 ett avslut sj\u00e4lvklart, s\u00e4ger Tobias.<\/p>\n<p><strong>Matchkort<\/strong><br \/>\nTobias Harila vs Scott Pederson<br \/>\nRobin Roos vs Elliott Thomas<br \/>\nAndreas Gustafson vs Will Davies<br \/>\nYulkan Tadzieva vs Ben Miles<br \/>\nZoran Milic vs Tom Tovey<\/p>\n<p>Text: Annie Bondefelt<br \/>\nFoto: Christer Ringblom<\/p>\n","protected":false},"excerpt":{"rendered":"<p>Den 24:e mars \u00e4r det dags f\u00f6r Adrenalin International Cup [&#8230;]<\/p><br>","protected":false},"author":120,"featured_media":42576,"comment_status":"open","ping_status":"open","sticky":false,"template":"","format":"standard","meta":{"_acf_changed":false,"footnotes":""},"categories":[1],"tags":[],"class_list":["post-67736","post","type-post","status-publish","format-standard","has-post-thumbnail","hentry","category-okategoriserade"],"acf":[],"yoast_head":"<!-- This site is optimized with the Yoast SEO plugin v26.8 - https:\/\/yoast.com\/product\/yoast-seo-wordpress\/ -->\n<title>Tobias Harila klar f\u00f6r Adrenalin International Cup - Svenska Budo &amp; Kampsportsf\u00f6rbundet<\/title>\n<meta name=\"description\" content=\"Den 24:e mars \u00e4r det dags f\u00f6r Adrenalin International Cup i Swansea, Wales. Fem svenskar g\u00e5r upp i buren mot toppfighters fr\u00e5n Wales, en av de svenskar\" \/>\n<meta name=\"robots\" content=\"index, follow, max-snippet:-1, max-image-preview:large, max-video-preview:-1\" \/>\n<link rel=\"canonical\" href=\"https:\/\/www.budokampsport.se\/2018\/03\/08\/tobias-harila-klar-adrenalin-national-cup\/\" \/>\n<meta property=\"og:locale\" content=\"sv_SE\" \/>\n<meta property=\"og:type\" content=\"article\" \/>\n<meta property=\"og:title\" content=\"Tobias Harila klar f\u00f6r Adrenalin International Cup - Svenska Budo &amp; Kampsportsf\u00f6rbundet\" \/>\n<meta property=\"og:description\" content=\"Den 24:e mars \u00e4r det dags f\u00f6r Adrenalin International Cup i Swansea, Wales. Fem svenskar g\u00e5r upp i buren mot toppfighters fr\u00e5n Wales, en av de svenskar\" \/>\n<meta property=\"og:url\" content=\"https:\/\/www.budokampsport.se\/2018\/03\/08\/tobias-harila-klar-adrenalin-national-cup\/\" \/>\n<meta property=\"og:site_name\" content=\"Svenska Budo &amp; Kampsportsf\u00f6rbundet\" \/>\n<meta property=\"article:published_time\" content=\"2018-03-08T09:29:34+00:00\" \/>\n<meta property=\"article:modified_time\" content=\"2018-03-08T09:32:34+00:00\" \/>\n<meta property=\"og:image\" content=\"https:\/\/www.budokampsport.se\/wp-content\/uploads\/2017\/03\/Tobias-Harila.jpg\" \/>\n\t<meta property=\"og:image:width\" content=\"843\" \/>\n\t<meta property=\"og:image:height\" content=\"527\" \/>\n\t<meta property=\"og:image:type\" content=\"image\/jpeg\" \/>\n<meta name=\"author\" content=\"Annie Carriage\" \/>\n<meta name=\"twitter:card\" content=\"summary_large_image\" \/>\n<meta name=\"twitter:label1\" content=\"Skriven av\" \/>\n\t<meta name=\"twitter:data1\" content=\"Annie Carriage\" \/>\n\t<meta name=\"twitter:label2\" content=\"Ber\u00e4knad l\u00e4stid\" \/>\n\t<meta name=\"twitter:data2\" content=\"1 minut\" \/>\n<script type=\"application\/ld+json\" class=\"yoast-schema-graph\">{\"@context\":\"https:\/\/schema.org\",\"@graph\":[{\"@type\":\"Article\",\"@id\":\"https:\/\/www.budokampsport.se\/2018\/03\/08\/tobias-harila-klar-adrenalin-national-cup\/#article\",\"isPartOf\":{\"@id\":\"https:\/\/www.budokampsport.se\/2018\/03\/08\/tobias-harila-klar-adrenalin-national-cup\/\"},\"author\":{\"name\":\"Annie Carriage\",\"@id\":\"https:\/\/www.budokampsport.se\/#\/schema\/person\/c838cace8171f692e363fde3f38f208b\"},\"headline\":\"Tobias Harila klar f\u00f6r Adrenalin International Cup\",\"datePublished\":\"2018-03-08T09:29:34+00:00\",\"dateModified\":\"2018-03-08T09:32:34+00:00\",\"mainEntityOfPage\":{\"@id\":\"https:\/\/www.budokampsport.se\/2018\/03\/08\/tobias-harila-klar-adrenalin-national-cup\/\"},\"wordCount\":222,\"commentCount\":0,\"image\":{\"@id\":\"https:\/\/www.budokampsport.se\/2018\/03\/08\/tobias-harila-klar-adrenalin-national-cup\/#primaryimage\"},\"thumbnailUrl\":\"https:\/\/www.budokampsport.se\/wp-content\/uploads\/2017\/03\/Tobias-Harila.jpg\",\"inLanguage\":\"sv-SE\",\"potentialAction\":[{\"@type\":\"CommentAction\",\"name\":\"Comment\",\"target\":[\"https:\/\/www.budokampsport.se\/2018\/03\/08\/tobias-harila-klar-adrenalin-national-cup\/#respond\"]}]},{\"@type\":\"WebPage\",\"@id\":\"https:\/\/www.budokampsport.se\/2018\/03\/08\/tobias-harila-klar-adrenalin-national-cup\/\",\"url\":\"https:\/\/www.budokampsport.se\/2018\/03\/08\/tobias-harila-klar-adrenalin-national-cup\/\",\"name\":\"Tobias Harila klar f\u00f6r Adrenalin International Cup - Svenska Budo &amp; Kampsportsf\u00f6rbundet\",\"isPartOf\":{\"@id\":\"https:\/\/www.budokampsport.se\/#website\"},\"primaryImageOfPage\":{\"@id\":\"https:\/\/www.budokampsport.se\/2018\/03\/08\/tobias-harila-klar-adrenalin-national-cup\/#primaryimage\"},\"image\":{\"@id\":\"https:\/\/www.budokampsport.se\/2018\/03\/08\/tobias-harila-klar-adrenalin-national-cup\/#primaryimage\"},\"thumbnailUrl\":\"https:\/\/www.budokampsport.se\/wp-content\/uploads\/2017\/03\/Tobias-Harila.jpg\",\"datePublished\":\"2018-03-08T09:29:34+00:00\",\"dateModified\":\"2018-03-08T09:32:34+00:00\",\"author\":{\"@id\":\"https:\/\/www.budokampsport.se\/#\/schema\/person\/c838cace8171f692e363fde3f38f208b\"},\"description\":\"Den 24:e mars \u00e4r det dags f\u00f6r Adrenalin International Cup i Swansea, Wales. Fem svenskar g\u00e5r upp i buren mot toppfighters fr\u00e5n Wales, en av de svenskar\",\"breadcrumb\":{\"@id\":\"https:\/\/www.budokampsport.se\/2018\/03\/08\/tobias-harila-klar-adrenalin-national-cup\/#breadcrumb\"},\"inLanguage\":\"sv-SE\",\"potentialAction\":[{\"@type\":\"ReadAction\",\"target\":[\"https:\/\/www.budokampsport.se\/2018\/03\/08\/tobias-harila-klar-adrenalin-national-cup\/\"]}]},{\"@type\":\"ImageObject\",\"inLanguage\":\"sv-SE\",\"@id\":\"https:\/\/www.budokampsport.se\/2018\/03\/08\/tobias-harila-klar-adrenalin-national-cup\/#primaryimage\",\"url\":\"https:\/\/www.budokampsport.se\/wp-content\/uploads\/2017\/03\/Tobias-Harila.jpg\",\"contentUrl\":\"https:\/\/www.budokampsport.se\/wp-content\/uploads\/2017\/03\/Tobias-Harila.jpg\",\"width\":843,\"height\":527,\"caption\":\"Foto: Christer Ringblom\"},{\"@type\":\"BreadcrumbList\",\"@id\":\"https:\/\/www.budokampsport.se\/2018\/03\/08\/tobias-harila-klar-adrenalin-national-cup\/#breadcrumb\",\"itemListElement\":[{\"@type\":\"ListItem\",\"position\":1,\"name\":\"Hem\",\"item\":\"https:\/\/www.budokampsport.se\/\"},{\"@type\":\"ListItem\",\"position\":2,\"name\":\"Tobias Harila klar f\u00f6r Adrenalin International Cup\"}]},{\"@type\":\"WebSite\",\"@id\":\"https:\/\/www.budokampsport.se\/#website\",\"url\":\"https:\/\/www.budokampsport.se\/\",\"name\":\"Svenska Budo &amp; Kampsportsf\u00f6rbundet\",\"description\":\"T\u00e4vling, Tr\u00e4ning, Tradition\",\"potentialAction\":[{\"@type\":\"SearchAction\",\"target\":{\"@type\":\"EntryPoint\",\"urlTemplate\":\"https:\/\/www.budokampsport.se\/?s={search_term_string}\"},\"query-input\":{\"@type\":\"PropertyValueSpecification\",\"valueRequired\":true,\"valueName\":\"search_term_string\"}}],\"inLanguage\":\"sv-SE\"},{\"@type\":\"Person\",\"@id\":\"https:\/\/www.budokampsport.se\/#\/schema\/person\/c838cace8171f692e363fde3f38f208b\",\"name\":\"Annie Carriage\",\"image\":{\"@type\":\"ImageObject\",\"inLanguage\":\"sv-SE\",\"@id\":\"https:\/\/www.budokampsport.se\/#\/schema\/person\/image\/\",\"url\":\"https:\/\/secure.gravatar.com\/avatar\/9311295560bdfbdf78365a26f7df1876?s=96&d=blank&r=g\",\"contentUrl\":\"https:\/\/secure.gravatar.com\/avatar\/9311295560bdfbdf78365a26f7df1876?s=96&d=blank&r=g\",\"caption\":\"Annie Carriage\"},\"url\":\"https:\/\/www.budokampsport.se\/author\/annie-bondefelt\/\"}]}<\/script>\n<!-- \/ Yoast SEO plugin. -->","yoast_head_json":{"title":"Tobias Harila klar f\u00f6r Adrenalin International Cup - Svenska Budo &amp; Kampsportsf\u00f6rbundet","description":"Den 24:e mars \u00e4r det dags f\u00f6r Adrenalin International Cup i Swansea, Wales. Fem svenskar g\u00e5r upp i buren mot toppfighters fr\u00e5n Wales, en av de svenskar","robots":{"index":"index","follow":"follow","max-snippet":"max-snippet:-1","max-image-preview":"max-image-preview:large","max-video-preview":"max-video-preview:-1"},"canonical":"https:\/\/www.budokampsport.se\/2018\/03\/08\/tobias-harila-klar-adrenalin-national-cup\/","og_locale":"sv_SE","og_type":"article","og_title":"Tobias Harila klar f\u00f6r Adrenalin International Cup - Svenska Budo &amp; Kampsportsf\u00f6rbundet","og_description":"Den 24:e mars \u00e4r det dags f\u00f6r Adrenalin International Cup i Swansea, Wales. Fem svenskar g\u00e5r upp i buren mot toppfighters fr\u00e5n Wales, en av de svenskar","og_url":"https:\/\/www.budokampsport.se\/2018\/03\/08\/tobias-harila-klar-adrenalin-national-cup\/","og_site_name":"Svenska Budo &amp; Kampsportsf\u00f6rbundet","article_published_time":"2018-03-08T09:29:34+00:00","article_modified_time":"2018-03-08T09:32:34+00:00","og_image":[{"width":843,"height":527,"url":"https:\/\/www.budokampsport.se\/wp-content\/uploads\/2017\/03\/Tobias-Harila.jpg","type":"image\/jpeg"}],"author":"Annie Carriage","twitter_card":"summary_large_image","twitter_misc":{"Skriven av":"Annie Carriage","Ber\u00e4knad l\u00e4stid":"1 minut"},"schema":{"@context":"https:\/\/schema.org","@graph":[{"@type":"Article","@id":"https:\/\/www.budokampsport.se\/2018\/03\/08\/tobias-harila-klar-adrenalin-national-cup\/#article","isPartOf":{"@id":"https:\/\/www.budokampsport.se\/2018\/03\/08\/tobias-harila-klar-adrenalin-national-cup\/"},"author":{"name":"Annie Carriage","@id":"https:\/\/www.budokampsport.se\/#\/schema\/person\/c838cace8171f692e363fde3f38f208b"},"headline":"Tobias Harila klar f\u00f6r Adrenalin International Cup","datePublished":"2018-03-08T09:29:34+00:00","dateModified":"2018-03-08T09:32:34+00:00","mainEntityOfPage":{"@id":"https:\/\/www.budokampsport.se\/2018\/03\/08\/tobias-harila-klar-adrenalin-national-cup\/"},"wordCount":222,"commentCount":0,"image":{"@id":"https:\/\/www.budokampsport.se\/2018\/03\/08\/tobias-harila-klar-adrenalin-national-cup\/#primaryimage"},"thumbnailUrl":"https:\/\/www.budokampsport.se\/wp-content\/uploads\/2017\/03\/Tobias-Harila.jpg","inLanguage":"sv-SE","potentialAction":[{"@type":"CommentAction","name":"Comment","target":["https:\/\/www.budokampsport.se\/2018\/03\/08\/tobias-harila-klar-adrenalin-national-cup\/#respond"]}]},{"@type":"WebPage","@id":"https:\/\/www.budokampsport.se\/2018\/03\/08\/tobias-harila-klar-adrenalin-national-cup\/","url":"https:\/\/www.budokampsport.se\/2018\/03\/08\/tobias-harila-klar-adrenalin-national-cup\/","name":"Tobias Harila klar f\u00f6r Adrenalin International Cup - Svenska Budo &amp; Kampsportsf\u00f6rbundet","isPartOf":{"@id":"https:\/\/www.budokampsport.se\/#website"},"primaryImageOfPage":{"@id":"https:\/\/www.budokampsport.se\/2018\/03\/08\/tobias-harila-klar-adrenalin-national-cup\/#primaryimage"},"image":{"@id":"https:\/\/www.budokampsport.se\/2018\/03\/08\/tobias-harila-klar-adrenalin-national-cup\/#primaryimage"},"thumbnailUrl":"https:\/\/www.budokampsport.se\/wp-content\/uploads\/2017\/03\/Tobias-Harila.jpg","datePublished":"2018-03-08T09:29:34+00:00","dateModified":"2018-03-08T09:32:34+00:00","author":{"@id":"https:\/\/www.budokampsport.se\/#\/schema\/person\/c838cace8171f692e363fde3f38f208b"},"description":"Den 24:e mars \u00e4r det dags f\u00f6r Adrenalin International Cup i Swansea, Wales. Fem svenskar g\u00e5r upp i buren mot toppfighters fr\u00e5n Wales, en av de svenskar","breadcrumb":{"@id":"https:\/\/www.budokampsport.se\/2018\/03\/08\/tobias-harila-klar-adrenalin-national-cup\/#breadcrumb"},"inLanguage":"sv-SE","potentialAction":[{"@type":"ReadAction","target":["https:\/\/www.budokampsport.se\/2018\/03\/08\/tobias-harila-klar-adrenalin-national-cup\/"]}]},{"@type":"ImageObject","inLanguage":"sv-SE","@id":"https:\/\/www.budokampsport.se\/2018\/03\/08\/tobias-harila-klar-adrenalin-national-cup\/#primaryimage","url":"https:\/\/www.budokampsport.se\/wp-content\/uploads\/2017\/03\/Tobias-Harila.jpg","contentUrl":"https:\/\/www.budokampsport.se\/wp-content\/uploads\/2017\/03\/Tobias-Harila.jpg","width":843,"height":527,"caption":"Foto: Christer Ringblom"},{"@type":"BreadcrumbList","@id":"https:\/\/www.budokampsport.se\/2018\/03\/08\/tobias-harila-klar-adrenalin-national-cup\/#breadcrumb","itemListElement":[{"@type":"ListItem","position":1,"name":"Hem","item":"https:\/\/www.budokampsport.se\/"},{"@type":"ListItem","position":2,"name":"Tobias Harila klar f\u00f6r Adrenalin International Cup"}]},{"@type":"WebSite","@id":"https:\/\/www.budokampsport.se\/#website","url":"https:\/\/www.budokampsport.se\/","name":"Svenska Budo &amp; Kampsportsf\u00f6rbundet","description":"T\u00e4vling, Tr\u00e4ning, Tradition","potentialAction":[{"@type":"SearchAction","target":{"@type":"EntryPoint","urlTemplate":"https:\/\/www.budokampsport.se\/?s={search_term_string}"},"query-input":{"@type":"PropertyValueSpecification","valueRequired":true,"valueName":"search_term_string"}}],"inLanguage":"sv-SE"},{"@type":"Person","@id":"https:\/\/www.budokampsport.se\/#\/schema\/person\/c838cace8171f692e363fde3f38f208b","name":"Annie Carriage","image":{"@type":"ImageObject","inLanguage":"sv-SE","@id":"https:\/\/www.budokampsport.se\/#\/schema\/person\/image\/","url":"https:\/\/secure.gravatar.com\/avatar\/9311295560bdfbdf78365a26f7df1876?s=96&d=blank&r=g","contentUrl":"https:\/\/secure.gravatar.com\/avatar\/9311295560bdfbdf78365a26f7df1876?s=96&d=blank&r=g","caption":"Annie Carriage"},"url":"https:\/\/www.budokampsport.se\/author\/annie-bondefelt\/"}]}},"_links":{"self":[{"href":"https:\/\/www.budokampsport.se\/api\/wp\/v2\/posts\/67736","targetHints":{"allow":["GET"]}}],"collection":[{"href":"https:\/\/www.budokampsport.se\/api\/wp\/v2\/posts"}],"about":[{"href":"https:\/\/www.budokampsport.se\/api\/wp\/v2\/types\/post"}],"author":[{"embeddable":true,"href":"https:\/\/www.budokampsport.se\/api\/wp\/v2\/users\/120"}],"replies":[{"embeddable":true,"href":"https:\/\/www.budokampsport.se\/api\/wp\/v2\/comments?post=67736"}],"version-history":[{"count":0,"href":"https:\/\/www.budokampsport.se\/api\/wp\/v2\/posts\/67736\/revisions"}],"wp:featuredmedia":[{"embeddable":true,"href":"https:\/\/www.budokampsport.se\/api\/wp\/v2\/media\/42576"}],"wp:attachment":[{"href":"https:\/\/www.budokampsport.se\/api\/wp\/v2\/media?parent=67736"}],"wp:term":[{"taxonomy":"category","embeddable":true,"href":"https:\/\/www.budokampsport.se\/api\/wp\/v2\/categories?post=67736"},{"taxonomy":"post_tag","embeddable":true,"href":"https:\/\/www.budokampsport.se\/api\/wp\/v2\/tags?post=67736"}],"curies":[{"name":"wp","href":"https:\/\/api.w.org\/{rel}","templated":true}]}}