{"id":68308,"date":"2018-03-15T11:28:12","date_gmt":"2018-03-15T10:28:12","guid":{"rendered":"http:\/\/www.budokampsport.se\/?p=68308"},"modified":"2018-03-17T17:20:58","modified_gmt":"2018-03-17T16:20:58","slug":"sbks-arsmote-livesands-pa-lordag","status":"publish","type":"post","link":"https:\/\/www.budokampsport.se\/2018\/03\/15\/sbks-arsmote-livesands-pa-lordag\/","title":{"rendered":"SB&#038;K:s \u00e5rsm\u00f6te lives\u00e4nds p\u00e5 l\u00f6rdag"},"content":{"rendered":"<p><a href=\"https:\/\/budokampsport.solidtango.com\/live\/sb-k-s-arsmote--2\">L\u00e4nken till s\u00e4ndningen finns h\u00e4r.\u00a0<\/a><\/p>\n<p><iframe loading=\"lazy\" src=\"https:\/\/budokampsport.solidtango.com\/widgets\/embed\/e68093aq\" width=\"320\" height=\"180\" frameborder=\"0\" scrolling=\"0\" allowfullscreen=\"allowfullscreen\"><\/iframe><\/p>\n","protected":false},"excerpt":{"rendered":"<p>Nu \u00e4r det klart att SB&#038;K:s \u00e5rsm\u00f6te p\u00e5 l\u00f6rdag kommer att direkts\u00e4ndas i f\u00f6rbundets webb-tv-kanal. SB&#038;K:s st\u00e4mma inleds 14.00, och s\u00e4ndningen, som \u00e4r gratis, d\u00e4rifr\u00e5n startar 13.58.<br \/><br>&#8211; Det \u00e4r ett led i att f\u00f6rs\u00f6ka g\u00f6ra \u00e5rsm\u00f6tet mer tillg\u00e4ngligt och \u00f6ppet, s\u00e5 att fler medlemsf\u00f6reningar kan ta del av det som h\u00e4nder p\u00e5 m\u00f6tet. Vi \u00e4r glada att vi kan erbjuda den h\u00e4r s\u00e4ndningen, s\u00e4ger informat\u00f6r Jonathan Broberg till budokampsport.se.<\/p><br>","protected":false},"author":7,"featured_media":68311,"comment_status":"open","ping_status":"open","sticky":false,"template":"","format":"standard","meta":{"_acf_changed":false,"footnotes":""},"categories":[1],"tags":[],"class_list":["post-68308","post","type-post","status-publish","format-standard","has-post-thumbnail","hentry","category-okategoriserade"],"acf":[],"yoast_head":"<!-- This site is optimized with the Yoast SEO plugin v26.8 - https:\/\/yoast.com\/product\/yoast-seo-wordpress\/ -->\n<title>SB&amp;K:s \u00e5rsm\u00f6te lives\u00e4nds p\u00e5 l\u00f6rdag - Svenska Budo &amp; Kampsportsf\u00f6rbundet<\/title>\n<meta name=\"description\" content=\"Nu \u00e4r det klart att SB&amp;K:s \u00e5rsm\u00f6te p\u00e5 l\u00f6rdag kommer att direkts\u00e4ndas i f\u00f6rbundets webb-tv-kanal. SB&amp;K:s st\u00e4mma inleds 14.00, och s\u00e4ndningen, som \u00e4r gratis, d\u00e4rifr\u00e5n startar 13.58. - Det \u00e4r ett led i att f\u00f6rs\u00f6ka g\u00f6ra \u00e5rsm\u00f6tet mer tillg\u00e4ngligt och \u00f6ppet, s\u00e5 att fler medlemsf\u00f6reningar kan ta del av det som h\u00e4nder p\u00e5 m\u00f6tet. Vi \u00e4r glada att vi kan erbjuda den h\u00e4r s\u00e4ndningen, s\u00e4ger informat\u00f6r Jonathan Broberg till budokampsport.se.\" \/>\n<meta name=\"robots\" content=\"index, follow, max-snippet:-1, max-image-preview:large, max-video-preview:-1\" \/>\n<link rel=\"canonical\" href=\"https:\/\/www.budokampsport.se\/2018\/03\/15\/sbks-arsmote-livesands-pa-lordag\/\" \/>\n<meta property=\"og:locale\" content=\"sv_SE\" \/>\n<meta property=\"og:type\" content=\"article\" \/>\n<meta property=\"og:title\" content=\"SB&amp;K:s \u00e5rsm\u00f6te lives\u00e4nds p\u00e5 l\u00f6rdag - Svenska Budo &amp; Kampsportsf\u00f6rbundet\" \/>\n<meta property=\"og:description\" content=\"Nu \u00e4r det klart att SB&amp;K:s \u00e5rsm\u00f6te p\u00e5 l\u00f6rdag kommer att direkts\u00e4ndas i f\u00f6rbundets webb-tv-kanal. SB&amp;K:s st\u00e4mma inleds 14.00, och s\u00e4ndningen, som \u00e4r gratis, d\u00e4rifr\u00e5n startar 13.58. - Det \u00e4r ett led i att f\u00f6rs\u00f6ka g\u00f6ra \u00e5rsm\u00f6tet mer tillg\u00e4ngligt och \u00f6ppet, s\u00e5 att fler medlemsf\u00f6reningar kan ta del av det som h\u00e4nder p\u00e5 m\u00f6tet. Vi \u00e4r glada att vi kan erbjuda den h\u00e4r s\u00e4ndningen, s\u00e4ger informat\u00f6r Jonathan Broberg till budokampsport.se.\" \/>\n<meta property=\"og:url\" content=\"https:\/\/www.budokampsport.se\/2018\/03\/15\/sbks-arsmote-livesands-pa-lordag\/\" \/>\n<meta property=\"og:site_name\" content=\"Svenska Budo &amp; Kampsportsf\u00f6rbundet\" \/>\n<meta property=\"article:author\" content=\"https:\/\/www.facebook.com\/jonathan.broberg.7\" \/>\n<meta property=\"article:published_time\" content=\"2018-03-15T10:28:12+00:00\" \/>\n<meta property=\"article:modified_time\" content=\"2018-03-17T16:20:58+00:00\" \/>\n<meta property=\"og:image\" content=\"https:\/\/www.budokampsport.se\/wp-content\/uploads\/2018\/03\/arsmote.jpg\" \/>\n\t<meta property=\"og:image:width\" content=\"622\" \/>\n\t<meta property=\"og:image:height\" content=\"335\" \/>\n\t<meta property=\"og:image:type\" content=\"image\/jpeg\" \/>\n<meta name=\"author\" content=\"Jonathan Broberg\" \/>\n<meta name=\"twitter:card\" content=\"summary_large_image\" \/>\n<meta name=\"twitter:label1\" content=\"Skriven av\" \/>\n\t<meta name=\"twitter:data1\" content=\"Jonathan Broberg\" \/>\n<script type=\"application\/ld+json\" class=\"yoast-schema-graph\">{\"@context\":\"https:\/\/schema.org\",\"@graph\":[{\"@type\":\"Article\",\"@id\":\"https:\/\/www.budokampsport.se\/2018\/03\/15\/sbks-arsmote-livesands-pa-lordag\/#article\",\"isPartOf\":{\"@id\":\"https:\/\/www.budokampsport.se\/2018\/03\/15\/sbks-arsmote-livesands-pa-lordag\/\"},\"author\":{\"name\":\"Jonathan Broberg\",\"@id\":\"https:\/\/www.budokampsport.se\/#\/schema\/person\/5c06d81d14850e2a8ce5493386560145\"},\"headline\":\"SB&#038;K:s \u00e5rsm\u00f6te lives\u00e4nds p\u00e5 l\u00f6rdag\",\"datePublished\":\"2018-03-15T10:28:12+00:00\",\"dateModified\":\"2018-03-17T16:20:58+00:00\",\"mainEntityOfPage\":{\"@id\":\"https:\/\/www.budokampsport.se\/2018\/03\/15\/sbks-arsmote-livesands-pa-lordag\/\"},\"wordCount\":18,\"commentCount\":0,\"image\":{\"@id\":\"https:\/\/www.budokampsport.se\/2018\/03\/15\/sbks-arsmote-livesands-pa-lordag\/#primaryimage\"},\"thumbnailUrl\":\"https:\/\/www.budokampsport.se\/wp-content\/uploads\/2018\/03\/arsmote.jpg\",\"inLanguage\":\"sv-SE\",\"potentialAction\":[{\"@type\":\"CommentAction\",\"name\":\"Comment\",\"target\":[\"https:\/\/www.budokampsport.se\/2018\/03\/15\/sbks-arsmote-livesands-pa-lordag\/#respond\"]}]},{\"@type\":\"WebPage\",\"@id\":\"https:\/\/www.budokampsport.se\/2018\/03\/15\/sbks-arsmote-livesands-pa-lordag\/\",\"url\":\"https:\/\/www.budokampsport.se\/2018\/03\/15\/sbks-arsmote-livesands-pa-lordag\/\",\"name\":\"SB&K:s \u00e5rsm\u00f6te lives\u00e4nds p\u00e5 l\u00f6rdag - Svenska Budo &amp; Kampsportsf\u00f6rbundet\",\"isPartOf\":{\"@id\":\"https:\/\/www.budokampsport.se\/#website\"},\"primaryImageOfPage\":{\"@id\":\"https:\/\/www.budokampsport.se\/2018\/03\/15\/sbks-arsmote-livesands-pa-lordag\/#primaryimage\"},\"image\":{\"@id\":\"https:\/\/www.budokampsport.se\/2018\/03\/15\/sbks-arsmote-livesands-pa-lordag\/#primaryimage\"},\"thumbnailUrl\":\"https:\/\/www.budokampsport.se\/wp-content\/uploads\/2018\/03\/arsmote.jpg\",\"datePublished\":\"2018-03-15T10:28:12+00:00\",\"dateModified\":\"2018-03-17T16:20:58+00:00\",\"author\":{\"@id\":\"https:\/\/www.budokampsport.se\/#\/schema\/person\/5c06d81d14850e2a8ce5493386560145\"},\"description\":\"Nu \u00e4r det klart att SB&K:s \u00e5rsm\u00f6te p\u00e5 l\u00f6rdag kommer att direkts\u00e4ndas i f\u00f6rbundets webb-tv-kanal. SB&K:s st\u00e4mma inleds 14.00, och s\u00e4ndningen, som \u00e4r gratis, d\u00e4rifr\u00e5n startar 13.58. - Det \u00e4r ett led i att f\u00f6rs\u00f6ka g\u00f6ra \u00e5rsm\u00f6tet mer tillg\u00e4ngligt och \u00f6ppet, s\u00e5 att fler medlemsf\u00f6reningar kan ta del av det som h\u00e4nder p\u00e5 m\u00f6tet. Vi \u00e4r glada att vi kan erbjuda den h\u00e4r s\u00e4ndningen, s\u00e4ger informat\u00f6r Jonathan Broberg till budokampsport.se.\",\"breadcrumb\":{\"@id\":\"https:\/\/www.budokampsport.se\/2018\/03\/15\/sbks-arsmote-livesands-pa-lordag\/#breadcrumb\"},\"inLanguage\":\"sv-SE\",\"potentialAction\":[{\"@type\":\"ReadAction\",\"target\":[\"https:\/\/www.budokampsport.se\/2018\/03\/15\/sbks-arsmote-livesands-pa-lordag\/\"]}]},{\"@type\":\"ImageObject\",\"inLanguage\":\"sv-SE\",\"@id\":\"https:\/\/www.budokampsport.se\/2018\/03\/15\/sbks-arsmote-livesands-pa-lordag\/#primaryimage\",\"url\":\"https:\/\/www.budokampsport.se\/wp-content\/uploads\/2018\/03\/arsmote.jpg\",\"contentUrl\":\"https:\/\/www.budokampsport.se\/wp-content\/uploads\/2018\/03\/arsmote.jpg\",\"width\":622,\"height\":335},{\"@type\":\"BreadcrumbList\",\"@id\":\"https:\/\/www.budokampsport.se\/2018\/03\/15\/sbks-arsmote-livesands-pa-lordag\/#breadcrumb\",\"itemListElement\":[{\"@type\":\"ListItem\",\"position\":1,\"name\":\"Hem\",\"item\":\"https:\/\/www.budokampsport.se\/\"},{\"@type\":\"ListItem\",\"position\":2,\"name\":\"SB&#038;K:s \u00e5rsm\u00f6te lives\u00e4nds p\u00e5 l\u00f6rdag\"}]},{\"@type\":\"WebSite\",\"@id\":\"https:\/\/www.budokampsport.se\/#website\",\"url\":\"https:\/\/www.budokampsport.se\/\",\"name\":\"Svenska Budo &amp; Kampsportsf\u00f6rbundet\",\"description\":\"T\u00e4vling, Tr\u00e4ning, Tradition\",\"potentialAction\":[{\"@type\":\"SearchAction\",\"target\":{\"@type\":\"EntryPoint\",\"urlTemplate\":\"https:\/\/www.budokampsport.se\/?s={search_term_string}\"},\"query-input\":{\"@type\":\"PropertyValueSpecification\",\"valueRequired\":true,\"valueName\":\"search_term_string\"}}],\"inLanguage\":\"sv-SE\"},{\"@type\":\"Person\",\"@id\":\"https:\/\/www.budokampsport.se\/#\/schema\/person\/5c06d81d14850e2a8ce5493386560145\",\"name\":\"Jonathan Broberg\",\"image\":{\"@type\":\"ImageObject\",\"inLanguage\":\"sv-SE\",\"@id\":\"https:\/\/www.budokampsport.se\/#\/schema\/person\/image\/\",\"url\":\"https:\/\/secure.gravatar.com\/avatar\/a58041c6cea9128bd9c40ee2f26d4136?s=96&d=blank&r=g\",\"contentUrl\":\"https:\/\/secure.gravatar.com\/avatar\/a58041c6cea9128bd9c40ee2f26d4136?s=96&d=blank&r=g\",\"caption\":\"Jonathan Broberg\"},\"sameAs\":[\"https:\/\/www.facebook.com\/jonathan.broberg.7\"],\"url\":\"https:\/\/www.budokampsport.se\/author\/jonathan\/\"}]}<\/script>\n<!-- \/ Yoast SEO plugin. -->","yoast_head_json":{"title":"SB&K:s \u00e5rsm\u00f6te lives\u00e4nds p\u00e5 l\u00f6rdag - Svenska Budo &amp; Kampsportsf\u00f6rbundet","description":"Nu \u00e4r det klart att SB&K:s \u00e5rsm\u00f6te p\u00e5 l\u00f6rdag kommer att direkts\u00e4ndas i f\u00f6rbundets webb-tv-kanal. SB&K:s st\u00e4mma inleds 14.00, och s\u00e4ndningen, som \u00e4r gratis, d\u00e4rifr\u00e5n startar 13.58. - Det \u00e4r ett led i att f\u00f6rs\u00f6ka g\u00f6ra \u00e5rsm\u00f6tet mer tillg\u00e4ngligt och \u00f6ppet, s\u00e5 att fler medlemsf\u00f6reningar kan ta del av det som h\u00e4nder p\u00e5 m\u00f6tet. Vi \u00e4r glada att vi kan erbjuda den h\u00e4r s\u00e4ndningen, s\u00e4ger informat\u00f6r Jonathan Broberg till budokampsport.se.","robots":{"index":"index","follow":"follow","max-snippet":"max-snippet:-1","max-image-preview":"max-image-preview:large","max-video-preview":"max-video-preview:-1"},"canonical":"https:\/\/www.budokampsport.se\/2018\/03\/15\/sbks-arsmote-livesands-pa-lordag\/","og_locale":"sv_SE","og_type":"article","og_title":"SB&K:s \u00e5rsm\u00f6te lives\u00e4nds p\u00e5 l\u00f6rdag - Svenska Budo &amp; Kampsportsf\u00f6rbundet","og_description":"Nu \u00e4r det klart att SB&K:s \u00e5rsm\u00f6te p\u00e5 l\u00f6rdag kommer att direkts\u00e4ndas i f\u00f6rbundets webb-tv-kanal. SB&K:s st\u00e4mma inleds 14.00, och s\u00e4ndningen, som \u00e4r gratis, d\u00e4rifr\u00e5n startar 13.58. - Det \u00e4r ett led i att f\u00f6rs\u00f6ka g\u00f6ra \u00e5rsm\u00f6tet mer tillg\u00e4ngligt och \u00f6ppet, s\u00e5 att fler medlemsf\u00f6reningar kan ta del av det som h\u00e4nder p\u00e5 m\u00f6tet. Vi \u00e4r glada att vi kan erbjuda den h\u00e4r s\u00e4ndningen, s\u00e4ger informat\u00f6r Jonathan Broberg till budokampsport.se.","og_url":"https:\/\/www.budokampsport.se\/2018\/03\/15\/sbks-arsmote-livesands-pa-lordag\/","og_site_name":"Svenska Budo &amp; Kampsportsf\u00f6rbundet","article_author":"https:\/\/www.facebook.com\/jonathan.broberg.7","article_published_time":"2018-03-15T10:28:12+00:00","article_modified_time":"2018-03-17T16:20:58+00:00","og_image":[{"width":622,"height":335,"url":"https:\/\/www.budokampsport.se\/wp-content\/uploads\/2018\/03\/arsmote.jpg","type":"image\/jpeg"}],"author":"Jonathan Broberg","twitter_card":"summary_large_image","twitter_misc":{"Skriven av":"Jonathan Broberg"},"schema":{"@context":"https:\/\/schema.org","@graph":[{"@type":"Article","@id":"https:\/\/www.budokampsport.se\/2018\/03\/15\/sbks-arsmote-livesands-pa-lordag\/#article","isPartOf":{"@id":"https:\/\/www.budokampsport.se\/2018\/03\/15\/sbks-arsmote-livesands-pa-lordag\/"},"author":{"name":"Jonathan Broberg","@id":"https:\/\/www.budokampsport.se\/#\/schema\/person\/5c06d81d14850e2a8ce5493386560145"},"headline":"SB&#038;K:s \u00e5rsm\u00f6te lives\u00e4nds p\u00e5 l\u00f6rdag","datePublished":"2018-03-15T10:28:12+00:00","dateModified":"2018-03-17T16:20:58+00:00","mainEntityOfPage":{"@id":"https:\/\/www.budokampsport.se\/2018\/03\/15\/sbks-arsmote-livesands-pa-lordag\/"},"wordCount":18,"commentCount":0,"image":{"@id":"https:\/\/www.budokampsport.se\/2018\/03\/15\/sbks-arsmote-livesands-pa-lordag\/#primaryimage"},"thumbnailUrl":"https:\/\/www.budokampsport.se\/wp-content\/uploads\/2018\/03\/arsmote.jpg","inLanguage":"sv-SE","potentialAction":[{"@type":"CommentAction","name":"Comment","target":["https:\/\/www.budokampsport.se\/2018\/03\/15\/sbks-arsmote-livesands-pa-lordag\/#respond"]}]},{"@type":"WebPage","@id":"https:\/\/www.budokampsport.se\/2018\/03\/15\/sbks-arsmote-livesands-pa-lordag\/","url":"https:\/\/www.budokampsport.se\/2018\/03\/15\/sbks-arsmote-livesands-pa-lordag\/","name":"SB&K:s \u00e5rsm\u00f6te lives\u00e4nds p\u00e5 l\u00f6rdag - Svenska Budo &amp; Kampsportsf\u00f6rbundet","isPartOf":{"@id":"https:\/\/www.budokampsport.se\/#website"},"primaryImageOfPage":{"@id":"https:\/\/www.budokampsport.se\/2018\/03\/15\/sbks-arsmote-livesands-pa-lordag\/#primaryimage"},"image":{"@id":"https:\/\/www.budokampsport.se\/2018\/03\/15\/sbks-arsmote-livesands-pa-lordag\/#primaryimage"},"thumbnailUrl":"https:\/\/www.budokampsport.se\/wp-content\/uploads\/2018\/03\/arsmote.jpg","datePublished":"2018-03-15T10:28:12+00:00","dateModified":"2018-03-17T16:20:58+00:00","author":{"@id":"https:\/\/www.budokampsport.se\/#\/schema\/person\/5c06d81d14850e2a8ce5493386560145"},"description":"Nu \u00e4r det klart att SB&K:s \u00e5rsm\u00f6te p\u00e5 l\u00f6rdag kommer att direkts\u00e4ndas i f\u00f6rbundets webb-tv-kanal. SB&K:s st\u00e4mma inleds 14.00, och s\u00e4ndningen, som \u00e4r gratis, d\u00e4rifr\u00e5n startar 13.58. - Det \u00e4r ett led i att f\u00f6rs\u00f6ka g\u00f6ra \u00e5rsm\u00f6tet mer tillg\u00e4ngligt och \u00f6ppet, s\u00e5 att fler medlemsf\u00f6reningar kan ta del av det som h\u00e4nder p\u00e5 m\u00f6tet. Vi \u00e4r glada att vi kan erbjuda den h\u00e4r s\u00e4ndningen, s\u00e4ger informat\u00f6r Jonathan Broberg till budokampsport.se.","breadcrumb":{"@id":"https:\/\/www.budokampsport.se\/2018\/03\/15\/sbks-arsmote-livesands-pa-lordag\/#breadcrumb"},"inLanguage":"sv-SE","potentialAction":[{"@type":"ReadAction","target":["https:\/\/www.budokampsport.se\/2018\/03\/15\/sbks-arsmote-livesands-pa-lordag\/"]}]},{"@type":"ImageObject","inLanguage":"sv-SE","@id":"https:\/\/www.budokampsport.se\/2018\/03\/15\/sbks-arsmote-livesands-pa-lordag\/#primaryimage","url":"https:\/\/www.budokampsport.se\/wp-content\/uploads\/2018\/03\/arsmote.jpg","contentUrl":"https:\/\/www.budokampsport.se\/wp-content\/uploads\/2018\/03\/arsmote.jpg","width":622,"height":335},{"@type":"BreadcrumbList","@id":"https:\/\/www.budokampsport.se\/2018\/03\/15\/sbks-arsmote-livesands-pa-lordag\/#breadcrumb","itemListElement":[{"@type":"ListItem","position":1,"name":"Hem","item":"https:\/\/www.budokampsport.se\/"},{"@type":"ListItem","position":2,"name":"SB&#038;K:s \u00e5rsm\u00f6te lives\u00e4nds p\u00e5 l\u00f6rdag"}]},{"@type":"WebSite","@id":"https:\/\/www.budokampsport.se\/#website","url":"https:\/\/www.budokampsport.se\/","name":"Svenska Budo &amp; Kampsportsf\u00f6rbundet","description":"T\u00e4vling, Tr\u00e4ning, Tradition","potentialAction":[{"@type":"SearchAction","target":{"@type":"EntryPoint","urlTemplate":"https:\/\/www.budokampsport.se\/?s={search_term_string}"},"query-input":{"@type":"PropertyValueSpecification","valueRequired":true,"valueName":"search_term_string"}}],"inLanguage":"sv-SE"},{"@type":"Person","@id":"https:\/\/www.budokampsport.se\/#\/schema\/person\/5c06d81d14850e2a8ce5493386560145","name":"Jonathan Broberg","image":{"@type":"ImageObject","inLanguage":"sv-SE","@id":"https:\/\/www.budokampsport.se\/#\/schema\/person\/image\/","url":"https:\/\/secure.gravatar.com\/avatar\/a58041c6cea9128bd9c40ee2f26d4136?s=96&d=blank&r=g","contentUrl":"https:\/\/secure.gravatar.com\/avatar\/a58041c6cea9128bd9c40ee2f26d4136?s=96&d=blank&r=g","caption":"Jonathan Broberg"},"sameAs":["https:\/\/www.facebook.com\/jonathan.broberg.7"],"url":"https:\/\/www.budokampsport.se\/author\/jonathan\/"}]}},"_links":{"self":[{"href":"https:\/\/www.budokampsport.se\/api\/wp\/v2\/posts\/68308","targetHints":{"allow":["GET"]}}],"collection":[{"href":"https:\/\/www.budokampsport.se\/api\/wp\/v2\/posts"}],"about":[{"href":"https:\/\/www.budokampsport.se\/api\/wp\/v2\/types\/post"}],"author":[{"embeddable":true,"href":"https:\/\/www.budokampsport.se\/api\/wp\/v2\/users\/7"}],"replies":[{"embeddable":true,"href":"https:\/\/www.budokampsport.se\/api\/wp\/v2\/comments?post=68308"}],"version-history":[{"count":0,"href":"https:\/\/www.budokampsport.se\/api\/wp\/v2\/posts\/68308\/revisions"}],"wp:featuredmedia":[{"embeddable":true,"href":"https:\/\/www.budokampsport.se\/api\/wp\/v2\/media\/68311"}],"wp:attachment":[{"href":"https:\/\/www.budokampsport.se\/api\/wp\/v2\/media?parent=68308"}],"wp:term":[{"taxonomy":"category","embeddable":true,"href":"https:\/\/www.budokampsport.se\/api\/wp\/v2\/categories?post=68308"},{"taxonomy":"post_tag","embeddable":true,"href":"https:\/\/www.budokampsport.se\/api\/wp\/v2\/tags?post=68308"}],"curies":[{"name":"wp","href":"https:\/\/api.w.org\/{rel}","templated":true}]}}