{"id":68790,"date":"2018-03-22T13:31:19","date_gmt":"2018-03-22T12:31:19","guid":{"rendered":"http:\/\/www.budokampsport.se\/?p=68790"},"modified":"2018-03-22T13:31:19","modified_gmt":"2018-03-22T12:31:19","slug":"sa-lottades-helgens-sm-semifinaler-jujutsu","status":"publish","type":"post","link":"https:\/\/www.budokampsport.se\/2018\/03\/22\/sa-lottades-helgens-sm-semifinaler-jujutsu\/","title":{"rendered":"S\u00e5 lottades helgens SM-semifinaler i jujutsu"},"content":{"rendered":"<p><strong>Dam -55\u00a0\u00a0<\/strong><br \/>\nJohanna Hamberg mot Nora \u00c4ngebrant<\/p>\n<p><strong>Herr -62\u00a0<\/strong><br \/>\nNisse Lindberg mot Karl Dahlgren<\/p>\n<p><strong>Dam -70\u00a0<\/strong><br \/>\nLatanya Sj\u00f6str\u00f6m mot Isabelle Vistam<\/p>\n<p><strong>Herr -69\u00a0\u00a0\u00a0<\/strong><br \/>\nKarl Dahlgren\u00a0 mot Adam Billger<\/p>\n<p><strong>Herr -77\u00a0<\/strong><br \/>\nArvid Alm mot Fredrik Widgren<\/p>\n<p><strong>Dam -55\u00a0\u00a0\u00a0\u00a0<\/strong><br \/>\nNora \u00c4ngebrant mot Lovisa Schmidt<\/p>\n<p><strong>Herr -62\u00a0\u00a0<\/strong><br \/>\nAdam Schmidt mot Dario Tosi<\/p>\n<p><strong>Dam -70\u00a0\u00a0\u00a0\u00a0\u00a0<\/strong><br \/>\nEmma Lette mot Sofie Bj\u00f6rklund<\/p>\n<p><strong>Herr -69\u00a0\u00a0<\/strong><br \/>\nEmil Lindkvist\u00a0 mot Henrik Larsson Sevon<\/p>\n<p><strong>Herr -77\u00a0\u00a0\u00a0\u00a0<\/strong><br \/>\nJonatan Dagn\u00e5 mot Jonas Lund<\/p>\n<p><strong>Dam -55<\/strong><br \/>\nJohanna Hamberg mot Lovisa Schmidt<\/p>\n<p>Text och foto: Jonathan Broberg<\/p>\n","protected":false},"excerpt":{"rendered":"<p>I helgen, n\u00e4rmare best\u00e4mt p\u00e5 s\u00f6ndag, avg\u00f6rs SM i jujutsu under SM-veckan i Skellefte\u00e5. Lottningarna till semifinalerna \u00e4r redan gjorda och det blir m\u00e5nga sp\u00e4nnande matcher.<\/p><br>","protected":false},"author":7,"featured_media":38339,"comment_status":"open","ping_status":"open","sticky":false,"template":"","format":"standard","meta":{"_acf_changed":false,"footnotes":""},"categories":[1],"tags":[],"class_list":["post-68790","post","type-post","status-publish","format-standard","has-post-thumbnail","hentry","category-okategoriserade"],"acf":[],"yoast_head":"<!-- This site is optimized with the Yoast SEO plugin v26.8 - https:\/\/yoast.com\/product\/yoast-seo-wordpress\/ -->\n<title>S\u00e5 lottades helgens SM-semifinaler i jujutsu - Svenska Budo &amp; Kampsportsf\u00f6rbundet<\/title>\n<meta name=\"description\" content=\"I helgen, n\u00e4rmare best\u00e4mt p\u00e5 s\u00f6ndag, avg\u00f6rs SM i jujutsu under SM-veckan i Skellefte\u00e5. Lottningarna till semifinalerna \u00e4r redan gjorda och det blir m\u00e5nga sp\u00e4nnande matcher.\" \/>\n<meta name=\"robots\" content=\"index, follow, max-snippet:-1, max-image-preview:large, max-video-preview:-1\" \/>\n<link rel=\"canonical\" href=\"https:\/\/www.budokampsport.se\/2018\/03\/22\/sa-lottades-helgens-sm-semifinaler-jujutsu\/\" \/>\n<meta property=\"og:locale\" content=\"sv_SE\" \/>\n<meta property=\"og:type\" content=\"article\" \/>\n<meta property=\"og:title\" content=\"S\u00e5 lottades helgens SM-semifinaler i jujutsu - Svenska Budo &amp; Kampsportsf\u00f6rbundet\" \/>\n<meta property=\"og:description\" content=\"I helgen, n\u00e4rmare best\u00e4mt p\u00e5 s\u00f6ndag, avg\u00f6rs SM i jujutsu under SM-veckan i Skellefte\u00e5. Lottningarna till semifinalerna \u00e4r redan gjorda och det blir m\u00e5nga sp\u00e4nnande matcher.\" \/>\n<meta property=\"og:url\" content=\"https:\/\/www.budokampsport.se\/2018\/03\/22\/sa-lottades-helgens-sm-semifinaler-jujutsu\/\" \/>\n<meta property=\"og:site_name\" content=\"Svenska Budo &amp; Kampsportsf\u00f6rbundet\" \/>\n<meta property=\"article:author\" content=\"https:\/\/www.facebook.com\/jonathan.broberg.7\" \/>\n<meta property=\"article:published_time\" content=\"2018-03-22T12:31:19+00:00\" \/>\n<meta property=\"og:image\" content=\"https:\/\/www.budokampsport.se\/wp-content\/uploads\/2017\/02\/sm_jujutsu.jpg\" \/>\n\t<meta property=\"og:image:width\" content=\"850\" \/>\n\t<meta property=\"og:image:height\" content=\"583\" \/>\n\t<meta property=\"og:image:type\" content=\"image\/jpeg\" \/>\n<meta name=\"author\" content=\"Jonathan Broberg\" \/>\n<meta name=\"twitter:card\" content=\"summary_large_image\" \/>\n<meta name=\"twitter:label1\" content=\"Skriven av\" \/>\n\t<meta name=\"twitter:data1\" content=\"Jonathan Broberg\" \/>\n<script type=\"application\/ld+json\" class=\"yoast-schema-graph\">{\"@context\":\"https:\/\/schema.org\",\"@graph\":[{\"@type\":\"Article\",\"@id\":\"https:\/\/www.budokampsport.se\/2018\/03\/22\/sa-lottades-helgens-sm-semifinaler-jujutsu\/#article\",\"isPartOf\":{\"@id\":\"https:\/\/www.budokampsport.se\/2018\/03\/22\/sa-lottades-helgens-sm-semifinaler-jujutsu\/\"},\"author\":{\"name\":\"Jonathan Broberg\",\"@id\":\"https:\/\/www.budokampsport.se\/#\/schema\/person\/5c06d81d14850e2a8ce5493386560145\"},\"headline\":\"S\u00e5 lottades helgens SM-semifinaler i jujutsu\",\"datePublished\":\"2018-03-22T12:31:19+00:00\",\"mainEntityOfPage\":{\"@id\":\"https:\/\/www.budokampsport.se\/2018\/03\/22\/sa-lottades-helgens-sm-semifinaler-jujutsu\/\"},\"wordCount\":92,\"commentCount\":0,\"image\":{\"@id\":\"https:\/\/www.budokampsport.se\/2018\/03\/22\/sa-lottades-helgens-sm-semifinaler-jujutsu\/#primaryimage\"},\"thumbnailUrl\":\"https:\/\/www.budokampsport.se\/wp-content\/uploads\/2017\/02\/sm_jujutsu.jpg\",\"inLanguage\":\"sv-SE\",\"potentialAction\":[{\"@type\":\"CommentAction\",\"name\":\"Comment\",\"target\":[\"https:\/\/www.budokampsport.se\/2018\/03\/22\/sa-lottades-helgens-sm-semifinaler-jujutsu\/#respond\"]}]},{\"@type\":\"WebPage\",\"@id\":\"https:\/\/www.budokampsport.se\/2018\/03\/22\/sa-lottades-helgens-sm-semifinaler-jujutsu\/\",\"url\":\"https:\/\/www.budokampsport.se\/2018\/03\/22\/sa-lottades-helgens-sm-semifinaler-jujutsu\/\",\"name\":\"S\u00e5 lottades helgens SM-semifinaler i jujutsu - Svenska Budo &amp; Kampsportsf\u00f6rbundet\",\"isPartOf\":{\"@id\":\"https:\/\/www.budokampsport.se\/#website\"},\"primaryImageOfPage\":{\"@id\":\"https:\/\/www.budokampsport.se\/2018\/03\/22\/sa-lottades-helgens-sm-semifinaler-jujutsu\/#primaryimage\"},\"image\":{\"@id\":\"https:\/\/www.budokampsport.se\/2018\/03\/22\/sa-lottades-helgens-sm-semifinaler-jujutsu\/#primaryimage\"},\"thumbnailUrl\":\"https:\/\/www.budokampsport.se\/wp-content\/uploads\/2017\/02\/sm_jujutsu.jpg\",\"datePublished\":\"2018-03-22T12:31:19+00:00\",\"author\":{\"@id\":\"https:\/\/www.budokampsport.se\/#\/schema\/person\/5c06d81d14850e2a8ce5493386560145\"},\"description\":\"I helgen, n\u00e4rmare best\u00e4mt p\u00e5 s\u00f6ndag, avg\u00f6rs SM i jujutsu under SM-veckan i Skellefte\u00e5. Lottningarna till semifinalerna \u00e4r redan gjorda och det blir m\u00e5nga sp\u00e4nnande matcher.\",\"breadcrumb\":{\"@id\":\"https:\/\/www.budokampsport.se\/2018\/03\/22\/sa-lottades-helgens-sm-semifinaler-jujutsu\/#breadcrumb\"},\"inLanguage\":\"sv-SE\",\"potentialAction\":[{\"@type\":\"ReadAction\",\"target\":[\"https:\/\/www.budokampsport.se\/2018\/03\/22\/sa-lottades-helgens-sm-semifinaler-jujutsu\/\"]}]},{\"@type\":\"ImageObject\",\"inLanguage\":\"sv-SE\",\"@id\":\"https:\/\/www.budokampsport.se\/2018\/03\/22\/sa-lottades-helgens-sm-semifinaler-jujutsu\/#primaryimage\",\"url\":\"https:\/\/www.budokampsport.se\/wp-content\/uploads\/2017\/02\/sm_jujutsu.jpg\",\"contentUrl\":\"https:\/\/www.budokampsport.se\/wp-content\/uploads\/2017\/02\/sm_jujutsu.jpg\",\"width\":850,\"height\":583,\"caption\":\"Foto: Jonathan Broberg\"},{\"@type\":\"BreadcrumbList\",\"@id\":\"https:\/\/www.budokampsport.se\/2018\/03\/22\/sa-lottades-helgens-sm-semifinaler-jujutsu\/#breadcrumb\",\"itemListElement\":[{\"@type\":\"ListItem\",\"position\":1,\"name\":\"Hem\",\"item\":\"https:\/\/www.budokampsport.se\/\"},{\"@type\":\"ListItem\",\"position\":2,\"name\":\"S\u00e5 lottades helgens SM-semifinaler i jujutsu\"}]},{\"@type\":\"WebSite\",\"@id\":\"https:\/\/www.budokampsport.se\/#website\",\"url\":\"https:\/\/www.budokampsport.se\/\",\"name\":\"Svenska Budo &amp; Kampsportsf\u00f6rbundet\",\"description\":\"T\u00e4vling, Tr\u00e4ning, Tradition\",\"potentialAction\":[{\"@type\":\"SearchAction\",\"target\":{\"@type\":\"EntryPoint\",\"urlTemplate\":\"https:\/\/www.budokampsport.se\/?s={search_term_string}\"},\"query-input\":{\"@type\":\"PropertyValueSpecification\",\"valueRequired\":true,\"valueName\":\"search_term_string\"}}],\"inLanguage\":\"sv-SE\"},{\"@type\":\"Person\",\"@id\":\"https:\/\/www.budokampsport.se\/#\/schema\/person\/5c06d81d14850e2a8ce5493386560145\",\"name\":\"Jonathan Broberg\",\"image\":{\"@type\":\"ImageObject\",\"inLanguage\":\"sv-SE\",\"@id\":\"https:\/\/www.budokampsport.se\/#\/schema\/person\/image\/\",\"url\":\"https:\/\/secure.gravatar.com\/avatar\/a58041c6cea9128bd9c40ee2f26d4136?s=96&d=blank&r=g\",\"contentUrl\":\"https:\/\/secure.gravatar.com\/avatar\/a58041c6cea9128bd9c40ee2f26d4136?s=96&d=blank&r=g\",\"caption\":\"Jonathan Broberg\"},\"sameAs\":[\"https:\/\/www.facebook.com\/jonathan.broberg.7\"],\"url\":\"https:\/\/www.budokampsport.se\/author\/jonathan\/\"}]}<\/script>\n<!-- \/ Yoast SEO plugin. -->","yoast_head_json":{"title":"S\u00e5 lottades helgens SM-semifinaler i jujutsu - Svenska Budo &amp; Kampsportsf\u00f6rbundet","description":"I helgen, n\u00e4rmare best\u00e4mt p\u00e5 s\u00f6ndag, avg\u00f6rs SM i jujutsu under SM-veckan i Skellefte\u00e5. Lottningarna till semifinalerna \u00e4r redan gjorda och det blir m\u00e5nga sp\u00e4nnande matcher.","robots":{"index":"index","follow":"follow","max-snippet":"max-snippet:-1","max-image-preview":"max-image-preview:large","max-video-preview":"max-video-preview:-1"},"canonical":"https:\/\/www.budokampsport.se\/2018\/03\/22\/sa-lottades-helgens-sm-semifinaler-jujutsu\/","og_locale":"sv_SE","og_type":"article","og_title":"S\u00e5 lottades helgens SM-semifinaler i jujutsu - Svenska Budo &amp; Kampsportsf\u00f6rbundet","og_description":"I helgen, n\u00e4rmare best\u00e4mt p\u00e5 s\u00f6ndag, avg\u00f6rs SM i jujutsu under SM-veckan i Skellefte\u00e5. Lottningarna till semifinalerna \u00e4r redan gjorda och det blir m\u00e5nga sp\u00e4nnande matcher.","og_url":"https:\/\/www.budokampsport.se\/2018\/03\/22\/sa-lottades-helgens-sm-semifinaler-jujutsu\/","og_site_name":"Svenska Budo &amp; Kampsportsf\u00f6rbundet","article_author":"https:\/\/www.facebook.com\/jonathan.broberg.7","article_published_time":"2018-03-22T12:31:19+00:00","og_image":[{"width":850,"height":583,"url":"https:\/\/www.budokampsport.se\/wp-content\/uploads\/2017\/02\/sm_jujutsu.jpg","type":"image\/jpeg"}],"author":"Jonathan Broberg","twitter_card":"summary_large_image","twitter_misc":{"Skriven av":"Jonathan Broberg"},"schema":{"@context":"https:\/\/schema.org","@graph":[{"@type":"Article","@id":"https:\/\/www.budokampsport.se\/2018\/03\/22\/sa-lottades-helgens-sm-semifinaler-jujutsu\/#article","isPartOf":{"@id":"https:\/\/www.budokampsport.se\/2018\/03\/22\/sa-lottades-helgens-sm-semifinaler-jujutsu\/"},"author":{"name":"Jonathan Broberg","@id":"https:\/\/www.budokampsport.se\/#\/schema\/person\/5c06d81d14850e2a8ce5493386560145"},"headline":"S\u00e5 lottades helgens SM-semifinaler i jujutsu","datePublished":"2018-03-22T12:31:19+00:00","mainEntityOfPage":{"@id":"https:\/\/www.budokampsport.se\/2018\/03\/22\/sa-lottades-helgens-sm-semifinaler-jujutsu\/"},"wordCount":92,"commentCount":0,"image":{"@id":"https:\/\/www.budokampsport.se\/2018\/03\/22\/sa-lottades-helgens-sm-semifinaler-jujutsu\/#primaryimage"},"thumbnailUrl":"https:\/\/www.budokampsport.se\/wp-content\/uploads\/2017\/02\/sm_jujutsu.jpg","inLanguage":"sv-SE","potentialAction":[{"@type":"CommentAction","name":"Comment","target":["https:\/\/www.budokampsport.se\/2018\/03\/22\/sa-lottades-helgens-sm-semifinaler-jujutsu\/#respond"]}]},{"@type":"WebPage","@id":"https:\/\/www.budokampsport.se\/2018\/03\/22\/sa-lottades-helgens-sm-semifinaler-jujutsu\/","url":"https:\/\/www.budokampsport.se\/2018\/03\/22\/sa-lottades-helgens-sm-semifinaler-jujutsu\/","name":"S\u00e5 lottades helgens SM-semifinaler i jujutsu - Svenska Budo &amp; Kampsportsf\u00f6rbundet","isPartOf":{"@id":"https:\/\/www.budokampsport.se\/#website"},"primaryImageOfPage":{"@id":"https:\/\/www.budokampsport.se\/2018\/03\/22\/sa-lottades-helgens-sm-semifinaler-jujutsu\/#primaryimage"},"image":{"@id":"https:\/\/www.budokampsport.se\/2018\/03\/22\/sa-lottades-helgens-sm-semifinaler-jujutsu\/#primaryimage"},"thumbnailUrl":"https:\/\/www.budokampsport.se\/wp-content\/uploads\/2017\/02\/sm_jujutsu.jpg","datePublished":"2018-03-22T12:31:19+00:00","author":{"@id":"https:\/\/www.budokampsport.se\/#\/schema\/person\/5c06d81d14850e2a8ce5493386560145"},"description":"I helgen, n\u00e4rmare best\u00e4mt p\u00e5 s\u00f6ndag, avg\u00f6rs SM i jujutsu under SM-veckan i Skellefte\u00e5. Lottningarna till semifinalerna \u00e4r redan gjorda och det blir m\u00e5nga sp\u00e4nnande matcher.","breadcrumb":{"@id":"https:\/\/www.budokampsport.se\/2018\/03\/22\/sa-lottades-helgens-sm-semifinaler-jujutsu\/#breadcrumb"},"inLanguage":"sv-SE","potentialAction":[{"@type":"ReadAction","target":["https:\/\/www.budokampsport.se\/2018\/03\/22\/sa-lottades-helgens-sm-semifinaler-jujutsu\/"]}]},{"@type":"ImageObject","inLanguage":"sv-SE","@id":"https:\/\/www.budokampsport.se\/2018\/03\/22\/sa-lottades-helgens-sm-semifinaler-jujutsu\/#primaryimage","url":"https:\/\/www.budokampsport.se\/wp-content\/uploads\/2017\/02\/sm_jujutsu.jpg","contentUrl":"https:\/\/www.budokampsport.se\/wp-content\/uploads\/2017\/02\/sm_jujutsu.jpg","width":850,"height":583,"caption":"Foto: Jonathan Broberg"},{"@type":"BreadcrumbList","@id":"https:\/\/www.budokampsport.se\/2018\/03\/22\/sa-lottades-helgens-sm-semifinaler-jujutsu\/#breadcrumb","itemListElement":[{"@type":"ListItem","position":1,"name":"Hem","item":"https:\/\/www.budokampsport.se\/"},{"@type":"ListItem","position":2,"name":"S\u00e5 lottades helgens SM-semifinaler i jujutsu"}]},{"@type":"WebSite","@id":"https:\/\/www.budokampsport.se\/#website","url":"https:\/\/www.budokampsport.se\/","name":"Svenska Budo &amp; Kampsportsf\u00f6rbundet","description":"T\u00e4vling, Tr\u00e4ning, Tradition","potentialAction":[{"@type":"SearchAction","target":{"@type":"EntryPoint","urlTemplate":"https:\/\/www.budokampsport.se\/?s={search_term_string}"},"query-input":{"@type":"PropertyValueSpecification","valueRequired":true,"valueName":"search_term_string"}}],"inLanguage":"sv-SE"},{"@type":"Person","@id":"https:\/\/www.budokampsport.se\/#\/schema\/person\/5c06d81d14850e2a8ce5493386560145","name":"Jonathan Broberg","image":{"@type":"ImageObject","inLanguage":"sv-SE","@id":"https:\/\/www.budokampsport.se\/#\/schema\/person\/image\/","url":"https:\/\/secure.gravatar.com\/avatar\/a58041c6cea9128bd9c40ee2f26d4136?s=96&d=blank&r=g","contentUrl":"https:\/\/secure.gravatar.com\/avatar\/a58041c6cea9128bd9c40ee2f26d4136?s=96&d=blank&r=g","caption":"Jonathan Broberg"},"sameAs":["https:\/\/www.facebook.com\/jonathan.broberg.7"],"url":"https:\/\/www.budokampsport.se\/author\/jonathan\/"}]}},"_links":{"self":[{"href":"https:\/\/www.budokampsport.se\/api\/wp\/v2\/posts\/68790","targetHints":{"allow":["GET"]}}],"collection":[{"href":"https:\/\/www.budokampsport.se\/api\/wp\/v2\/posts"}],"about":[{"href":"https:\/\/www.budokampsport.se\/api\/wp\/v2\/types\/post"}],"author":[{"embeddable":true,"href":"https:\/\/www.budokampsport.se\/api\/wp\/v2\/users\/7"}],"replies":[{"embeddable":true,"href":"https:\/\/www.budokampsport.se\/api\/wp\/v2\/comments?post=68790"}],"version-history":[{"count":0,"href":"https:\/\/www.budokampsport.se\/api\/wp\/v2\/posts\/68790\/revisions"}],"wp:featuredmedia":[{"embeddable":true,"href":"https:\/\/www.budokampsport.se\/api\/wp\/v2\/media\/38339"}],"wp:attachment":[{"href":"https:\/\/www.budokampsport.se\/api\/wp\/v2\/media?parent=68790"}],"wp:term":[{"taxonomy":"category","embeddable":true,"href":"https:\/\/www.budokampsport.se\/api\/wp\/v2\/categories?post=68790"},{"taxonomy":"post_tag","embeddable":true,"href":"https:\/\/www.budokampsport.se\/api\/wp\/v2\/tags?post=68790"}],"curies":[{"name":"wp","href":"https:\/\/api.w.org\/{rel}","templated":true}]}}