{"id":69403,"date":"2018-04-03T14:08:21","date_gmt":"2018-04-03T12:08:21","guid":{"rendered":"http:\/\/www.budokampsport.se\/?p=69403"},"modified":"2018-04-03T14:11:22","modified_gmt":"2018-04-03T12:11:22","slug":"svenska-truppen-till-vm-kyudo","status":"publish","type":"post","link":"https:\/\/www.budokampsport.se\/2018\/04\/03\/svenska-truppen-till-vm-kyudo\/","title":{"rendered":"Svenska truppen till VM i kyudo"},"content":{"rendered":"<p>Den svenska truppen \u00e4r uttagen och fyra personer kommer att t\u00e4vla.<\/p>\n<p>Omae<br \/>\nKnut H\u00f6gvall (Issha Kyudo Kai)<\/p>\n<p>Niban<br \/>\nArne H\u00f6gberg (Seikyukai Kyudof\u00f6rening)<\/p>\n<p>Ochi<br \/>\nJan Graaf (Kenshou Kyudo Kai)<\/p>\n<p>Reserv: Uwe Klosa (Hokushinkan)<br \/>\nManager: Uwe Klosa (Hokushinkan)<\/p>\n<p>De uttagna \u00e4r de skyttar som presterat b\u00e4st under 2017.<br \/>\n&#8211;\u00a0\u00a0Vi \u00e4r glada och stolta \u00f6ver v\u00e5rt landslag och \u00f6nskar de s\u00e5 klart stort lycka till, s\u00e4ger Linda Wohlin, kyudoansvarig till budoakampsport.se.<\/p>\n<p>Text: Jonathan Broberg<br \/>\nFoto: Knut H\u00f6gvall<\/p>\n","protected":false},"excerpt":{"rendered":"<p>Det b\u00f6rjar n\u00e4rma sig m\u00e4sterskapsdags inom svensk budo och kampsport. Ett av de snart kommande m\u00e4sterskapen att se fram emot \u00e4r VM i kyudo, som avg\u00f6rs i Tokyo 23-25 april.<\/p><br>","protected":false},"author":7,"featured_media":69406,"comment_status":"open","ping_status":"open","sticky":false,"template":"","format":"standard","meta":{"_acf_changed":false,"footnotes":""},"categories":[1],"tags":[],"class_list":["post-69403","post","type-post","status-publish","format-standard","has-post-thumbnail","hentry","category-okategoriserade"],"acf":[],"yoast_head":"<!-- This site is optimized with the Yoast SEO plugin v26.8 - https:\/\/yoast.com\/product\/yoast-seo-wordpress\/ -->\n<title>Svenska truppen till VM i kyudo - Svenska Budo &amp; Kampsportsf\u00f6rbundet<\/title>\n<meta name=\"description\" content=\"Det b\u00f6rjar n\u00e4rma sig m\u00e4sterskapsdags inom svensk budo och kampsport. Ett av de snart kommande m\u00e4sterskapen att se fram emot \u00e4r VM i kyudo, som avg\u00f6rs i Tokyo 23-25 april.\" \/>\n<meta name=\"robots\" content=\"index, follow, max-snippet:-1, max-image-preview:large, max-video-preview:-1\" \/>\n<link rel=\"canonical\" href=\"https:\/\/www.budokampsport.se\/2018\/04\/03\/svenska-truppen-till-vm-kyudo\/\" \/>\n<meta property=\"og:locale\" content=\"sv_SE\" \/>\n<meta property=\"og:type\" content=\"article\" \/>\n<meta property=\"og:title\" content=\"Svenska truppen till VM i kyudo - Svenska Budo &amp; Kampsportsf\u00f6rbundet\" \/>\n<meta property=\"og:description\" content=\"Det b\u00f6rjar n\u00e4rma sig m\u00e4sterskapsdags inom svensk budo och kampsport. Ett av de snart kommande m\u00e4sterskapen att se fram emot \u00e4r VM i kyudo, som avg\u00f6rs i Tokyo 23-25 april.\" \/>\n<meta property=\"og:url\" content=\"https:\/\/www.budokampsport.se\/2018\/04\/03\/svenska-truppen-till-vm-kyudo\/\" \/>\n<meta property=\"og:site_name\" content=\"Svenska Budo &amp; Kampsportsf\u00f6rbundet\" \/>\n<meta property=\"article:author\" content=\"https:\/\/www.facebook.com\/jonathan.broberg.7\" \/>\n<meta property=\"article:published_time\" content=\"2018-04-03T12:08:21+00:00\" \/>\n<meta property=\"article:modified_time\" content=\"2018-04-03T12:11:22+00:00\" \/>\n<meta property=\"og:image\" content=\"https:\/\/www.budokampsport.se\/wp-content\/uploads\/2018\/04\/kyudolaget-e1624887212113.jpeg\" \/>\n\t<meta property=\"og:image:width\" content=\"850\" \/>\n\t<meta property=\"og:image:height\" content=\"583\" \/>\n\t<meta property=\"og:image:type\" content=\"image\/jpeg\" \/>\n<meta name=\"author\" content=\"Jonathan Broberg\" \/>\n<meta name=\"twitter:card\" content=\"summary_large_image\" \/>\n<meta name=\"twitter:label1\" content=\"Skriven av\" \/>\n\t<meta name=\"twitter:data1\" content=\"Jonathan Broberg\" \/>\n<script type=\"application\/ld+json\" class=\"yoast-schema-graph\">{\"@context\":\"https:\/\/schema.org\",\"@graph\":[{\"@type\":\"Article\",\"@id\":\"https:\/\/www.budokampsport.se\/2018\/04\/03\/svenska-truppen-till-vm-kyudo\/#article\",\"isPartOf\":{\"@id\":\"https:\/\/www.budokampsport.se\/2018\/04\/03\/svenska-truppen-till-vm-kyudo\/\"},\"author\":{\"name\":\"Jonathan Broberg\",\"@id\":\"https:\/\/www.budokampsport.se\/#\/schema\/person\/5c06d81d14850e2a8ce5493386560145\"},\"headline\":\"Svenska truppen till VM i kyudo\",\"datePublished\":\"2018-04-03T12:08:21+00:00\",\"dateModified\":\"2018-04-03T12:11:22+00:00\",\"mainEntityOfPage\":{\"@id\":\"https:\/\/www.budokampsport.se\/2018\/04\/03\/svenska-truppen-till-vm-kyudo\/\"},\"wordCount\":89,\"commentCount\":0,\"image\":{\"@id\":\"https:\/\/www.budokampsport.se\/2018\/04\/03\/svenska-truppen-till-vm-kyudo\/#primaryimage\"},\"thumbnailUrl\":\"https:\/\/www.budokampsport.se\/wp-content\/uploads\/2018\/04\/kyudolaget-e1624887212113.jpeg\",\"inLanguage\":\"sv-SE\",\"potentialAction\":[{\"@type\":\"CommentAction\",\"name\":\"Comment\",\"target\":[\"https:\/\/www.budokampsport.se\/2018\/04\/03\/svenska-truppen-till-vm-kyudo\/#respond\"]}]},{\"@type\":\"WebPage\",\"@id\":\"https:\/\/www.budokampsport.se\/2018\/04\/03\/svenska-truppen-till-vm-kyudo\/\",\"url\":\"https:\/\/www.budokampsport.se\/2018\/04\/03\/svenska-truppen-till-vm-kyudo\/\",\"name\":\"Svenska truppen till VM i kyudo - Svenska Budo &amp; Kampsportsf\u00f6rbundet\",\"isPartOf\":{\"@id\":\"https:\/\/www.budokampsport.se\/#website\"},\"primaryImageOfPage\":{\"@id\":\"https:\/\/www.budokampsport.se\/2018\/04\/03\/svenska-truppen-till-vm-kyudo\/#primaryimage\"},\"image\":{\"@id\":\"https:\/\/www.budokampsport.se\/2018\/04\/03\/svenska-truppen-till-vm-kyudo\/#primaryimage\"},\"thumbnailUrl\":\"https:\/\/www.budokampsport.se\/wp-content\/uploads\/2018\/04\/kyudolaget-e1624887212113.jpeg\",\"datePublished\":\"2018-04-03T12:08:21+00:00\",\"dateModified\":\"2018-04-03T12:11:22+00:00\",\"author\":{\"@id\":\"https:\/\/www.budokampsport.se\/#\/schema\/person\/5c06d81d14850e2a8ce5493386560145\"},\"description\":\"Det b\u00f6rjar n\u00e4rma sig m\u00e4sterskapsdags inom svensk budo och kampsport. Ett av de snart kommande m\u00e4sterskapen att se fram emot \u00e4r VM i kyudo, som avg\u00f6rs i Tokyo 23-25 april.\",\"breadcrumb\":{\"@id\":\"https:\/\/www.budokampsport.se\/2018\/04\/03\/svenska-truppen-till-vm-kyudo\/#breadcrumb\"},\"inLanguage\":\"sv-SE\",\"potentialAction\":[{\"@type\":\"ReadAction\",\"target\":[\"https:\/\/www.budokampsport.se\/2018\/04\/03\/svenska-truppen-till-vm-kyudo\/\"]}]},{\"@type\":\"ImageObject\",\"inLanguage\":\"sv-SE\",\"@id\":\"https:\/\/www.budokampsport.se\/2018\/04\/03\/svenska-truppen-till-vm-kyudo\/#primaryimage\",\"url\":\"https:\/\/www.budokampsport.se\/wp-content\/uploads\/2018\/04\/kyudolaget-e1624887212113.jpeg\",\"contentUrl\":\"https:\/\/www.budokampsport.se\/wp-content\/uploads\/2018\/04\/kyudolaget-e1624887212113.jpeg\",\"width\":850,\"height\":583,\"caption\":\"Foto: Knut H\u00f6gvall\"},{\"@type\":\"BreadcrumbList\",\"@id\":\"https:\/\/www.budokampsport.se\/2018\/04\/03\/svenska-truppen-till-vm-kyudo\/#breadcrumb\",\"itemListElement\":[{\"@type\":\"ListItem\",\"position\":1,\"name\":\"Hem\",\"item\":\"https:\/\/www.budokampsport.se\/\"},{\"@type\":\"ListItem\",\"position\":2,\"name\":\"Svenska truppen till VM i kyudo\"}]},{\"@type\":\"WebSite\",\"@id\":\"https:\/\/www.budokampsport.se\/#website\",\"url\":\"https:\/\/www.budokampsport.se\/\",\"name\":\"Svenska Budo &amp; Kampsportsf\u00f6rbundet\",\"description\":\"T\u00e4vling, Tr\u00e4ning, Tradition\",\"potentialAction\":[{\"@type\":\"SearchAction\",\"target\":{\"@type\":\"EntryPoint\",\"urlTemplate\":\"https:\/\/www.budokampsport.se\/?s={search_term_string}\"},\"query-input\":{\"@type\":\"PropertyValueSpecification\",\"valueRequired\":true,\"valueName\":\"search_term_string\"}}],\"inLanguage\":\"sv-SE\"},{\"@type\":\"Person\",\"@id\":\"https:\/\/www.budokampsport.se\/#\/schema\/person\/5c06d81d14850e2a8ce5493386560145\",\"name\":\"Jonathan Broberg\",\"image\":{\"@type\":\"ImageObject\",\"inLanguage\":\"sv-SE\",\"@id\":\"https:\/\/www.budokampsport.se\/#\/schema\/person\/image\/\",\"url\":\"https:\/\/secure.gravatar.com\/avatar\/a58041c6cea9128bd9c40ee2f26d4136?s=96&d=blank&r=g\",\"contentUrl\":\"https:\/\/secure.gravatar.com\/avatar\/a58041c6cea9128bd9c40ee2f26d4136?s=96&d=blank&r=g\",\"caption\":\"Jonathan Broberg\"},\"sameAs\":[\"https:\/\/www.facebook.com\/jonathan.broberg.7\"],\"url\":\"https:\/\/www.budokampsport.se\/author\/jonathan\/\"}]}<\/script>\n<!-- \/ Yoast SEO plugin. -->","yoast_head_json":{"title":"Svenska truppen till VM i kyudo - Svenska Budo &amp; Kampsportsf\u00f6rbundet","description":"Det b\u00f6rjar n\u00e4rma sig m\u00e4sterskapsdags inom svensk budo och kampsport. Ett av de snart kommande m\u00e4sterskapen att se fram emot \u00e4r VM i kyudo, som avg\u00f6rs i Tokyo 23-25 april.","robots":{"index":"index","follow":"follow","max-snippet":"max-snippet:-1","max-image-preview":"max-image-preview:large","max-video-preview":"max-video-preview:-1"},"canonical":"https:\/\/www.budokampsport.se\/2018\/04\/03\/svenska-truppen-till-vm-kyudo\/","og_locale":"sv_SE","og_type":"article","og_title":"Svenska truppen till VM i kyudo - Svenska Budo &amp; Kampsportsf\u00f6rbundet","og_description":"Det b\u00f6rjar n\u00e4rma sig m\u00e4sterskapsdags inom svensk budo och kampsport. Ett av de snart kommande m\u00e4sterskapen att se fram emot \u00e4r VM i kyudo, som avg\u00f6rs i Tokyo 23-25 april.","og_url":"https:\/\/www.budokampsport.se\/2018\/04\/03\/svenska-truppen-till-vm-kyudo\/","og_site_name":"Svenska Budo &amp; Kampsportsf\u00f6rbundet","article_author":"https:\/\/www.facebook.com\/jonathan.broberg.7","article_published_time":"2018-04-03T12:08:21+00:00","article_modified_time":"2018-04-03T12:11:22+00:00","og_image":[{"width":850,"height":583,"url":"https:\/\/www.budokampsport.se\/wp-content\/uploads\/2018\/04\/kyudolaget-e1624887212113.jpeg","type":"image\/jpeg"}],"author":"Jonathan Broberg","twitter_card":"summary_large_image","twitter_misc":{"Skriven av":"Jonathan Broberg"},"schema":{"@context":"https:\/\/schema.org","@graph":[{"@type":"Article","@id":"https:\/\/www.budokampsport.se\/2018\/04\/03\/svenska-truppen-till-vm-kyudo\/#article","isPartOf":{"@id":"https:\/\/www.budokampsport.se\/2018\/04\/03\/svenska-truppen-till-vm-kyudo\/"},"author":{"name":"Jonathan Broberg","@id":"https:\/\/www.budokampsport.se\/#\/schema\/person\/5c06d81d14850e2a8ce5493386560145"},"headline":"Svenska truppen till VM i kyudo","datePublished":"2018-04-03T12:08:21+00:00","dateModified":"2018-04-03T12:11:22+00:00","mainEntityOfPage":{"@id":"https:\/\/www.budokampsport.se\/2018\/04\/03\/svenska-truppen-till-vm-kyudo\/"},"wordCount":89,"commentCount":0,"image":{"@id":"https:\/\/www.budokampsport.se\/2018\/04\/03\/svenska-truppen-till-vm-kyudo\/#primaryimage"},"thumbnailUrl":"https:\/\/www.budokampsport.se\/wp-content\/uploads\/2018\/04\/kyudolaget-e1624887212113.jpeg","inLanguage":"sv-SE","potentialAction":[{"@type":"CommentAction","name":"Comment","target":["https:\/\/www.budokampsport.se\/2018\/04\/03\/svenska-truppen-till-vm-kyudo\/#respond"]}]},{"@type":"WebPage","@id":"https:\/\/www.budokampsport.se\/2018\/04\/03\/svenska-truppen-till-vm-kyudo\/","url":"https:\/\/www.budokampsport.se\/2018\/04\/03\/svenska-truppen-till-vm-kyudo\/","name":"Svenska truppen till VM i kyudo - Svenska Budo &amp; Kampsportsf\u00f6rbundet","isPartOf":{"@id":"https:\/\/www.budokampsport.se\/#website"},"primaryImageOfPage":{"@id":"https:\/\/www.budokampsport.se\/2018\/04\/03\/svenska-truppen-till-vm-kyudo\/#primaryimage"},"image":{"@id":"https:\/\/www.budokampsport.se\/2018\/04\/03\/svenska-truppen-till-vm-kyudo\/#primaryimage"},"thumbnailUrl":"https:\/\/www.budokampsport.se\/wp-content\/uploads\/2018\/04\/kyudolaget-e1624887212113.jpeg","datePublished":"2018-04-03T12:08:21+00:00","dateModified":"2018-04-03T12:11:22+00:00","author":{"@id":"https:\/\/www.budokampsport.se\/#\/schema\/person\/5c06d81d14850e2a8ce5493386560145"},"description":"Det b\u00f6rjar n\u00e4rma sig m\u00e4sterskapsdags inom svensk budo och kampsport. Ett av de snart kommande m\u00e4sterskapen att se fram emot \u00e4r VM i kyudo, som avg\u00f6rs i Tokyo 23-25 april.","breadcrumb":{"@id":"https:\/\/www.budokampsport.se\/2018\/04\/03\/svenska-truppen-till-vm-kyudo\/#breadcrumb"},"inLanguage":"sv-SE","potentialAction":[{"@type":"ReadAction","target":["https:\/\/www.budokampsport.se\/2018\/04\/03\/svenska-truppen-till-vm-kyudo\/"]}]},{"@type":"ImageObject","inLanguage":"sv-SE","@id":"https:\/\/www.budokampsport.se\/2018\/04\/03\/svenska-truppen-till-vm-kyudo\/#primaryimage","url":"https:\/\/www.budokampsport.se\/wp-content\/uploads\/2018\/04\/kyudolaget-e1624887212113.jpeg","contentUrl":"https:\/\/www.budokampsport.se\/wp-content\/uploads\/2018\/04\/kyudolaget-e1624887212113.jpeg","width":850,"height":583,"caption":"Foto: Knut H\u00f6gvall"},{"@type":"BreadcrumbList","@id":"https:\/\/www.budokampsport.se\/2018\/04\/03\/svenska-truppen-till-vm-kyudo\/#breadcrumb","itemListElement":[{"@type":"ListItem","position":1,"name":"Hem","item":"https:\/\/www.budokampsport.se\/"},{"@type":"ListItem","position":2,"name":"Svenska truppen till VM i kyudo"}]},{"@type":"WebSite","@id":"https:\/\/www.budokampsport.se\/#website","url":"https:\/\/www.budokampsport.se\/","name":"Svenska Budo &amp; Kampsportsf\u00f6rbundet","description":"T\u00e4vling, Tr\u00e4ning, Tradition","potentialAction":[{"@type":"SearchAction","target":{"@type":"EntryPoint","urlTemplate":"https:\/\/www.budokampsport.se\/?s={search_term_string}"},"query-input":{"@type":"PropertyValueSpecification","valueRequired":true,"valueName":"search_term_string"}}],"inLanguage":"sv-SE"},{"@type":"Person","@id":"https:\/\/www.budokampsport.se\/#\/schema\/person\/5c06d81d14850e2a8ce5493386560145","name":"Jonathan Broberg","image":{"@type":"ImageObject","inLanguage":"sv-SE","@id":"https:\/\/www.budokampsport.se\/#\/schema\/person\/image\/","url":"https:\/\/secure.gravatar.com\/avatar\/a58041c6cea9128bd9c40ee2f26d4136?s=96&d=blank&r=g","contentUrl":"https:\/\/secure.gravatar.com\/avatar\/a58041c6cea9128bd9c40ee2f26d4136?s=96&d=blank&r=g","caption":"Jonathan Broberg"},"sameAs":["https:\/\/www.facebook.com\/jonathan.broberg.7"],"url":"https:\/\/www.budokampsport.se\/author\/jonathan\/"}]}},"_links":{"self":[{"href":"https:\/\/www.budokampsport.se\/api\/wp\/v2\/posts\/69403","targetHints":{"allow":["GET"]}}],"collection":[{"href":"https:\/\/www.budokampsport.se\/api\/wp\/v2\/posts"}],"about":[{"href":"https:\/\/www.budokampsport.se\/api\/wp\/v2\/types\/post"}],"author":[{"embeddable":true,"href":"https:\/\/www.budokampsport.se\/api\/wp\/v2\/users\/7"}],"replies":[{"embeddable":true,"href":"https:\/\/www.budokampsport.se\/api\/wp\/v2\/comments?post=69403"}],"version-history":[{"count":0,"href":"https:\/\/www.budokampsport.se\/api\/wp\/v2\/posts\/69403\/revisions"}],"wp:featuredmedia":[{"embeddable":true,"href":"https:\/\/www.budokampsport.se\/api\/wp\/v2\/media\/69406"}],"wp:attachment":[{"href":"https:\/\/www.budokampsport.se\/api\/wp\/v2\/media?parent=69403"}],"wp:term":[{"taxonomy":"category","embeddable":true,"href":"https:\/\/www.budokampsport.se\/api\/wp\/v2\/categories?post=69403"},{"taxonomy":"post_tag","embeddable":true,"href":"https:\/\/www.budokampsport.se\/api\/wp\/v2\/tags?post=69403"}],"curies":[{"name":"wp","href":"https:\/\/api.w.org\/{rel}","templated":true}]}}