{"id":69467,"date":"2018-04-04T11:03:44","date_gmt":"2018-04-04T09:03:44","guid":{"rendered":"http:\/\/www.budokampsport.se\/?p=69467"},"modified":"2018-04-04T11:03:44","modified_gmt":"2018-04-04T09:03:44","slug":"mma-landslaget-presenterar-amir-malekpour-2","status":"publish","type":"post","link":"https:\/\/www.budokampsport.se\/2018\/04\/04\/mma-landslaget-presenterar-amir-malekpour-2\/","title":{"rendered":"MMA-landslaget presenterar Amir Malekpour"},"content":{"rendered":"<p><span style=\"font-size: 14pt;\">I det andra avsnittet av MMA-f\u00f6rbundets presentation av landslaget 2018 f\u00e5r vi m\u00f6ta Amir Malekpour. Amir har en bakgrund som brottare och har tidigare \u00e4ven tr\u00e4nat boxning men har de senaste sex \u00e5ren gjort en helhj\u00e4rtad satsning p\u00e5 MMA.<\/span><\/p>\n<p>&#8211; Mitt m\u00e5l \u00e4r att ta VM-guld, s\u00e4ger Amir Malekpour.<br \/>\nSe den andra filmen <a href=\"https:\/\/budokampsport.solidtango.com\/video\/mma-landslaget-amir-malekpour\">h\u00e4r.<\/a><\/p>\n<p>Text: Annie Bondefelt<br \/>\nFoto &amp; redigering: Ostrogonac Production<\/p>\n","protected":false},"excerpt":{"rendered":"<p>I det andra avsnittet av MMA-f\u00f6rbundets presentation av landslaget 2018 [&#8230;]<\/p><br>","protected":false},"author":120,"featured_media":69468,"comment_status":"open","ping_status":"open","sticky":false,"template":"","format":"standard","meta":{"_acf_changed":false,"footnotes":""},"categories":[1],"tags":[],"class_list":["post-69467","post","type-post","status-publish","format-standard","has-post-thumbnail","hentry","category-okategoriserade"],"acf":[],"yoast_head":"<!-- This site is optimized with the Yoast SEO plugin v26.8 - https:\/\/yoast.com\/product\/yoast-seo-wordpress\/ -->\n<title>MMA-landslaget presenterar Amir Malekpour - Svenska Budo &amp; Kampsportsf\u00f6rbundet<\/title>\n<meta name=\"description\" content=\"I det andra avsnittet av MMA-f\u00f6rbundets presentation av landslaget 2018 f\u00e5r vi m\u00f6ta Amir Malekpour. Amir har en bakgrund som brottare och har tidigare\" \/>\n<meta name=\"robots\" content=\"index, follow, max-snippet:-1, max-image-preview:large, max-video-preview:-1\" \/>\n<link rel=\"canonical\" href=\"https:\/\/www.budokampsport.se\/2018\/04\/04\/mma-landslaget-presenterar-amir-malekpour-2\/\" \/>\n<meta property=\"og:locale\" content=\"sv_SE\" \/>\n<meta property=\"og:type\" content=\"article\" \/>\n<meta property=\"og:title\" content=\"MMA-landslaget presenterar Amir Malekpour - Svenska Budo &amp; Kampsportsf\u00f6rbundet\" \/>\n<meta property=\"og:description\" content=\"I det andra avsnittet av MMA-f\u00f6rbundets presentation av landslaget 2018 f\u00e5r vi m\u00f6ta Amir Malekpour. Amir har en bakgrund som brottare och har tidigare\" \/>\n<meta property=\"og:url\" content=\"https:\/\/www.budokampsport.se\/2018\/04\/04\/mma-landslaget-presenterar-amir-malekpour-2\/\" \/>\n<meta property=\"og:site_name\" content=\"Svenska Budo &amp; Kampsportsf\u00f6rbundet\" \/>\n<meta property=\"article:published_time\" content=\"2018-04-04T09:03:44+00:00\" \/>\n<meta property=\"og:image\" content=\"https:\/\/www.budokampsport.se\/wp-content\/uploads\/2018\/04\/amir.jpg\" \/>\n\t<meta property=\"og:image:width\" content=\"691\" \/>\n\t<meta property=\"og:image:height\" content=\"391\" \/>\n\t<meta property=\"og:image:type\" content=\"image\/jpeg\" \/>\n<meta name=\"author\" content=\"Annie Carriage\" \/>\n<meta name=\"twitter:card\" content=\"summary_large_image\" \/>\n<meta name=\"twitter:label1\" content=\"Skriven av\" \/>\n\t<meta name=\"twitter:data1\" content=\"Annie Carriage\" \/>\n<script type=\"application\/ld+json\" class=\"yoast-schema-graph\">{\"@context\":\"https:\/\/schema.org\",\"@graph\":[{\"@type\":\"Article\",\"@id\":\"https:\/\/www.budokampsport.se\/2018\/04\/04\/mma-landslaget-presenterar-amir-malekpour-2\/#article\",\"isPartOf\":{\"@id\":\"https:\/\/www.budokampsport.se\/2018\/04\/04\/mma-landslaget-presenterar-amir-malekpour-2\/\"},\"author\":{\"name\":\"Annie Carriage\",\"@id\":\"https:\/\/www.budokampsport.se\/#\/schema\/person\/c838cace8171f692e363fde3f38f208b\"},\"headline\":\"MMA-landslaget presenterar Amir Malekpour\",\"datePublished\":\"2018-04-04T09:03:44+00:00\",\"mainEntityOfPage\":{\"@id\":\"https:\/\/www.budokampsport.se\/2018\/04\/04\/mma-landslaget-presenterar-amir-malekpour-2\/\"},\"wordCount\":73,\"commentCount\":0,\"image\":{\"@id\":\"https:\/\/www.budokampsport.se\/2018\/04\/04\/mma-landslaget-presenterar-amir-malekpour-2\/#primaryimage\"},\"thumbnailUrl\":\"https:\/\/www.budokampsport.se\/wp-content\/uploads\/2018\/04\/amir.jpg\",\"inLanguage\":\"sv-SE\",\"potentialAction\":[{\"@type\":\"CommentAction\",\"name\":\"Comment\",\"target\":[\"https:\/\/www.budokampsport.se\/2018\/04\/04\/mma-landslaget-presenterar-amir-malekpour-2\/#respond\"]}]},{\"@type\":\"WebPage\",\"@id\":\"https:\/\/www.budokampsport.se\/2018\/04\/04\/mma-landslaget-presenterar-amir-malekpour-2\/\",\"url\":\"https:\/\/www.budokampsport.se\/2018\/04\/04\/mma-landslaget-presenterar-amir-malekpour-2\/\",\"name\":\"MMA-landslaget presenterar Amir Malekpour - Svenska Budo &amp; Kampsportsf\u00f6rbundet\",\"isPartOf\":{\"@id\":\"https:\/\/www.budokampsport.se\/#website\"},\"primaryImageOfPage\":{\"@id\":\"https:\/\/www.budokampsport.se\/2018\/04\/04\/mma-landslaget-presenterar-amir-malekpour-2\/#primaryimage\"},\"image\":{\"@id\":\"https:\/\/www.budokampsport.se\/2018\/04\/04\/mma-landslaget-presenterar-amir-malekpour-2\/#primaryimage\"},\"thumbnailUrl\":\"https:\/\/www.budokampsport.se\/wp-content\/uploads\/2018\/04\/amir.jpg\",\"datePublished\":\"2018-04-04T09:03:44+00:00\",\"author\":{\"@id\":\"https:\/\/www.budokampsport.se\/#\/schema\/person\/c838cace8171f692e363fde3f38f208b\"},\"description\":\"I det andra avsnittet av MMA-f\u00f6rbundets presentation av landslaget 2018 f\u00e5r vi m\u00f6ta Amir Malekpour. Amir har en bakgrund som brottare och har tidigare\",\"breadcrumb\":{\"@id\":\"https:\/\/www.budokampsport.se\/2018\/04\/04\/mma-landslaget-presenterar-amir-malekpour-2\/#breadcrumb\"},\"inLanguage\":\"sv-SE\",\"potentialAction\":[{\"@type\":\"ReadAction\",\"target\":[\"https:\/\/www.budokampsport.se\/2018\/04\/04\/mma-landslaget-presenterar-amir-malekpour-2\/\"]}]},{\"@type\":\"ImageObject\",\"inLanguage\":\"sv-SE\",\"@id\":\"https:\/\/www.budokampsport.se\/2018\/04\/04\/mma-landslaget-presenterar-amir-malekpour-2\/#primaryimage\",\"url\":\"https:\/\/www.budokampsport.se\/wp-content\/uploads\/2018\/04\/amir.jpg\",\"contentUrl\":\"https:\/\/www.budokampsport.se\/wp-content\/uploads\/2018\/04\/amir.jpg\",\"width\":691,\"height\":391,\"caption\":\"Foto: Ostrogonac Production\"},{\"@type\":\"BreadcrumbList\",\"@id\":\"https:\/\/www.budokampsport.se\/2018\/04\/04\/mma-landslaget-presenterar-amir-malekpour-2\/#breadcrumb\",\"itemListElement\":[{\"@type\":\"ListItem\",\"position\":1,\"name\":\"Hem\",\"item\":\"https:\/\/www.budokampsport.se\/\"},{\"@type\":\"ListItem\",\"position\":2,\"name\":\"MMA-landslaget presenterar Amir Malekpour\"}]},{\"@type\":\"WebSite\",\"@id\":\"https:\/\/www.budokampsport.se\/#website\",\"url\":\"https:\/\/www.budokampsport.se\/\",\"name\":\"Svenska Budo &amp; Kampsportsf\u00f6rbundet\",\"description\":\"T\u00e4vling, Tr\u00e4ning, Tradition\",\"potentialAction\":[{\"@type\":\"SearchAction\",\"target\":{\"@type\":\"EntryPoint\",\"urlTemplate\":\"https:\/\/www.budokampsport.se\/?s={search_term_string}\"},\"query-input\":{\"@type\":\"PropertyValueSpecification\",\"valueRequired\":true,\"valueName\":\"search_term_string\"}}],\"inLanguage\":\"sv-SE\"},{\"@type\":\"Person\",\"@id\":\"https:\/\/www.budokampsport.se\/#\/schema\/person\/c838cace8171f692e363fde3f38f208b\",\"name\":\"Annie Carriage\",\"image\":{\"@type\":\"ImageObject\",\"inLanguage\":\"sv-SE\",\"@id\":\"https:\/\/www.budokampsport.se\/#\/schema\/person\/image\/\",\"url\":\"https:\/\/secure.gravatar.com\/avatar\/9311295560bdfbdf78365a26f7df1876?s=96&d=blank&r=g\",\"contentUrl\":\"https:\/\/secure.gravatar.com\/avatar\/9311295560bdfbdf78365a26f7df1876?s=96&d=blank&r=g\",\"caption\":\"Annie Carriage\"},\"url\":\"https:\/\/www.budokampsport.se\/author\/annie-bondefelt\/\"}]}<\/script>\n<!-- \/ Yoast SEO plugin. -->","yoast_head_json":{"title":"MMA-landslaget presenterar Amir Malekpour - Svenska Budo &amp; Kampsportsf\u00f6rbundet","description":"I det andra avsnittet av MMA-f\u00f6rbundets presentation av landslaget 2018 f\u00e5r vi m\u00f6ta Amir Malekpour. Amir har en bakgrund som brottare och har tidigare","robots":{"index":"index","follow":"follow","max-snippet":"max-snippet:-1","max-image-preview":"max-image-preview:large","max-video-preview":"max-video-preview:-1"},"canonical":"https:\/\/www.budokampsport.se\/2018\/04\/04\/mma-landslaget-presenterar-amir-malekpour-2\/","og_locale":"sv_SE","og_type":"article","og_title":"MMA-landslaget presenterar Amir Malekpour - Svenska Budo &amp; Kampsportsf\u00f6rbundet","og_description":"I det andra avsnittet av MMA-f\u00f6rbundets presentation av landslaget 2018 f\u00e5r vi m\u00f6ta Amir Malekpour. Amir har en bakgrund som brottare och har tidigare","og_url":"https:\/\/www.budokampsport.se\/2018\/04\/04\/mma-landslaget-presenterar-amir-malekpour-2\/","og_site_name":"Svenska Budo &amp; Kampsportsf\u00f6rbundet","article_published_time":"2018-04-04T09:03:44+00:00","og_image":[{"width":691,"height":391,"url":"https:\/\/www.budokampsport.se\/wp-content\/uploads\/2018\/04\/amir.jpg","type":"image\/jpeg"}],"author":"Annie Carriage","twitter_card":"summary_large_image","twitter_misc":{"Skriven av":"Annie Carriage"},"schema":{"@context":"https:\/\/schema.org","@graph":[{"@type":"Article","@id":"https:\/\/www.budokampsport.se\/2018\/04\/04\/mma-landslaget-presenterar-amir-malekpour-2\/#article","isPartOf":{"@id":"https:\/\/www.budokampsport.se\/2018\/04\/04\/mma-landslaget-presenterar-amir-malekpour-2\/"},"author":{"name":"Annie Carriage","@id":"https:\/\/www.budokampsport.se\/#\/schema\/person\/c838cace8171f692e363fde3f38f208b"},"headline":"MMA-landslaget presenterar Amir Malekpour","datePublished":"2018-04-04T09:03:44+00:00","mainEntityOfPage":{"@id":"https:\/\/www.budokampsport.se\/2018\/04\/04\/mma-landslaget-presenterar-amir-malekpour-2\/"},"wordCount":73,"commentCount":0,"image":{"@id":"https:\/\/www.budokampsport.se\/2018\/04\/04\/mma-landslaget-presenterar-amir-malekpour-2\/#primaryimage"},"thumbnailUrl":"https:\/\/www.budokampsport.se\/wp-content\/uploads\/2018\/04\/amir.jpg","inLanguage":"sv-SE","potentialAction":[{"@type":"CommentAction","name":"Comment","target":["https:\/\/www.budokampsport.se\/2018\/04\/04\/mma-landslaget-presenterar-amir-malekpour-2\/#respond"]}]},{"@type":"WebPage","@id":"https:\/\/www.budokampsport.se\/2018\/04\/04\/mma-landslaget-presenterar-amir-malekpour-2\/","url":"https:\/\/www.budokampsport.se\/2018\/04\/04\/mma-landslaget-presenterar-amir-malekpour-2\/","name":"MMA-landslaget presenterar Amir Malekpour - Svenska Budo &amp; Kampsportsf\u00f6rbundet","isPartOf":{"@id":"https:\/\/www.budokampsport.se\/#website"},"primaryImageOfPage":{"@id":"https:\/\/www.budokampsport.se\/2018\/04\/04\/mma-landslaget-presenterar-amir-malekpour-2\/#primaryimage"},"image":{"@id":"https:\/\/www.budokampsport.se\/2018\/04\/04\/mma-landslaget-presenterar-amir-malekpour-2\/#primaryimage"},"thumbnailUrl":"https:\/\/www.budokampsport.se\/wp-content\/uploads\/2018\/04\/amir.jpg","datePublished":"2018-04-04T09:03:44+00:00","author":{"@id":"https:\/\/www.budokampsport.se\/#\/schema\/person\/c838cace8171f692e363fde3f38f208b"},"description":"I det andra avsnittet av MMA-f\u00f6rbundets presentation av landslaget 2018 f\u00e5r vi m\u00f6ta Amir Malekpour. Amir har en bakgrund som brottare och har tidigare","breadcrumb":{"@id":"https:\/\/www.budokampsport.se\/2018\/04\/04\/mma-landslaget-presenterar-amir-malekpour-2\/#breadcrumb"},"inLanguage":"sv-SE","potentialAction":[{"@type":"ReadAction","target":["https:\/\/www.budokampsport.se\/2018\/04\/04\/mma-landslaget-presenterar-amir-malekpour-2\/"]}]},{"@type":"ImageObject","inLanguage":"sv-SE","@id":"https:\/\/www.budokampsport.se\/2018\/04\/04\/mma-landslaget-presenterar-amir-malekpour-2\/#primaryimage","url":"https:\/\/www.budokampsport.se\/wp-content\/uploads\/2018\/04\/amir.jpg","contentUrl":"https:\/\/www.budokampsport.se\/wp-content\/uploads\/2018\/04\/amir.jpg","width":691,"height":391,"caption":"Foto: Ostrogonac Production"},{"@type":"BreadcrumbList","@id":"https:\/\/www.budokampsport.se\/2018\/04\/04\/mma-landslaget-presenterar-amir-malekpour-2\/#breadcrumb","itemListElement":[{"@type":"ListItem","position":1,"name":"Hem","item":"https:\/\/www.budokampsport.se\/"},{"@type":"ListItem","position":2,"name":"MMA-landslaget presenterar Amir Malekpour"}]},{"@type":"WebSite","@id":"https:\/\/www.budokampsport.se\/#website","url":"https:\/\/www.budokampsport.se\/","name":"Svenska Budo &amp; Kampsportsf\u00f6rbundet","description":"T\u00e4vling, Tr\u00e4ning, Tradition","potentialAction":[{"@type":"SearchAction","target":{"@type":"EntryPoint","urlTemplate":"https:\/\/www.budokampsport.se\/?s={search_term_string}"},"query-input":{"@type":"PropertyValueSpecification","valueRequired":true,"valueName":"search_term_string"}}],"inLanguage":"sv-SE"},{"@type":"Person","@id":"https:\/\/www.budokampsport.se\/#\/schema\/person\/c838cace8171f692e363fde3f38f208b","name":"Annie Carriage","image":{"@type":"ImageObject","inLanguage":"sv-SE","@id":"https:\/\/www.budokampsport.se\/#\/schema\/person\/image\/","url":"https:\/\/secure.gravatar.com\/avatar\/9311295560bdfbdf78365a26f7df1876?s=96&d=blank&r=g","contentUrl":"https:\/\/secure.gravatar.com\/avatar\/9311295560bdfbdf78365a26f7df1876?s=96&d=blank&r=g","caption":"Annie Carriage"},"url":"https:\/\/www.budokampsport.se\/author\/annie-bondefelt\/"}]}},"_links":{"self":[{"href":"https:\/\/www.budokampsport.se\/api\/wp\/v2\/posts\/69467","targetHints":{"allow":["GET"]}}],"collection":[{"href":"https:\/\/www.budokampsport.se\/api\/wp\/v2\/posts"}],"about":[{"href":"https:\/\/www.budokampsport.se\/api\/wp\/v2\/types\/post"}],"author":[{"embeddable":true,"href":"https:\/\/www.budokampsport.se\/api\/wp\/v2\/users\/120"}],"replies":[{"embeddable":true,"href":"https:\/\/www.budokampsport.se\/api\/wp\/v2\/comments?post=69467"}],"version-history":[{"count":0,"href":"https:\/\/www.budokampsport.se\/api\/wp\/v2\/posts\/69467\/revisions"}],"wp:featuredmedia":[{"embeddable":true,"href":"https:\/\/www.budokampsport.se\/api\/wp\/v2\/media\/69468"}],"wp:attachment":[{"href":"https:\/\/www.budokampsport.se\/api\/wp\/v2\/media?parent=69467"}],"wp:term":[{"taxonomy":"category","embeddable":true,"href":"https:\/\/www.budokampsport.se\/api\/wp\/v2\/categories?post=69467"},{"taxonomy":"post_tag","embeddable":true,"href":"https:\/\/www.budokampsport.se\/api\/wp\/v2\/tags?post=69467"}],"curies":[{"name":"wp","href":"https:\/\/api.w.org\/{rel}","templated":true}]}}