{"id":71234,"date":"2018-04-27T11:42:01","date_gmt":"2018-04-27T09:42:01","guid":{"rendered":"http:\/\/www.budokampsport.se\/?p=71234"},"modified":"2018-04-27T11:42:01","modified_gmt":"2018-04-27T09:42:01","slug":"sverigelagret-aikido-narmar-sig","status":"publish","type":"post","link":"https:\/\/www.budokampsport.se\/2018\/04\/27\/sverigelagret-aikido-narmar-sig\/","title":{"rendered":"Sverigel\u00e4gret i aikido n\u00e4rmar sig"},"content":{"rendered":"<p>\u00d6ver 30 instrukt\u00f6rer kommer att h\u00e5lla pass under dagarna, h\u00e4r \u00e4r samtliga dessa.<\/p>\n<p><strong>Anna Spangfort<\/strong><strong><br \/>\n<\/strong><em>5 dan, J\u00e4rf\u00e4lla Aikidoklubb<\/em><em><br \/>\n<\/em><strong>Anna Wilder Hjerppe<\/strong><strong><br \/>\n<\/strong><em>4 dan, Isshinkai Aikidoklubb<\/em><em><br \/>\n<\/em><strong>Cecilia Ralfe-Stelander<\/strong><strong><br \/>\n<\/strong><em>6 dan, KFUM Uppsala Aikido<\/em><em><br \/>\n<\/em><strong>Cenneth Sparby<\/strong><strong><br \/>\n<\/strong><em>6 dan, KFUM Uppsala Aikido<\/em><em><br \/>\n<\/em><strong>Christian Jacobsson<\/strong><strong><br \/>\n<\/strong><em>5 dan, Gubb\u00e4ngens Aikidoklubb<br \/>\n<\/em><strong>Daniella Wiener<\/strong><strong><br \/>\n<\/strong><em>4 dan, Iyasaka Aikidoklubb<\/em><em><br \/>\n<\/em><strong>Eleonore Bjerlemo<\/strong><strong><br \/>\n<\/strong><em>5 dan, Vanadis Aikidoklubb<\/em><em><br \/>\n<\/em><strong>Helena Wikstr\u00f6m<\/strong><strong><br \/>\n<\/strong><em>4 dan, Vanadis Aikidoklubb<\/em><em><br \/>\n<\/em><strong>Henrik Hult\u00e9n<\/strong><strong><br \/>\n<\/strong><em>4 dan, Sundsvalls Budoklubb<\/em><em><br \/>\n<\/em><strong>Jakob Blomquist<\/strong><strong><br \/>\n<\/strong><em>4 dan, Lunds Aikidoklubb<\/em><em><br \/>\n<\/em><strong>Jan Eriksson<\/strong><strong><br \/>\n<\/strong><em>6 dan, Enk\u00f6ping Ki-Aikidof\u00f6rening<\/em><em><br \/>\n<\/em><strong>Jan Gr\u00f6nholm<\/strong><strong><br \/>\n<\/strong><em>4 dan<br \/>\n<\/em><strong>Jenny Lagerqvist<\/strong><strong><br \/>\n<\/strong><em>5 dan, Iyasaka Aikidoklubb<\/em><em><br \/>\n<\/em><strong>Jimmy Larsson<\/strong><strong><br \/>\n<\/strong><em>6 dan, Aikido Sundsvall Meiseikai<\/em><em><br \/>\n<\/em><strong>John M\u00e5rtensson<\/strong><strong><br \/>\n<\/strong><em>4 dan, Aikido Malm\u00f6 Meiseikai<\/em><em><br \/>\n<\/em><strong>Josef Pallas<\/strong><strong><br \/>\n<\/strong><em>4 dan, KFUM Uppsala Aikido<\/em><em><br \/>\n<\/em><strong>Katarina Gullberg<\/strong><strong><br \/>\n<\/strong><em>2 dan, Aikidoyo Nyk\u00f6ping<\/em><em><br \/>\n<\/em><strong>Laila Fladberg<\/strong><strong><br \/>\n<\/strong><em>4 dan, G\u00f6teborgs Aikidoklubb<\/em><em><br \/>\n<strong>Lars Niklasson<\/strong><strong><br \/>\n<\/strong>4 dan Ki-Aikido &amp; 4 dan Aikikai, Solna Aikidoklubb<br \/>\n<\/em><strong>Lars Stjernstedt<\/strong><strong><br \/>\n<\/strong><em>6 dan, Visby Aikido<\/em><em><br \/>\n<\/em><strong>Lars-G\u00f6ran Andersson<\/strong><strong><br \/>\n<\/strong><em>6 dan, Torsby Aikidoklubb<\/em><em><br \/>\n<\/em><strong>Leif Brand<\/strong><strong><br \/>\n<\/strong><em>4 dan, Aikido Sundsvall Meiseikai<\/em><em><br \/>\n<\/em><strong>Leif Sunje<\/strong><strong><br \/>\n<\/strong><em>6 dan, Hikari Aikidoklubb<\/em><em><br \/>\n<\/em><strong>Linda Wennersten-Sporre<\/strong><strong><br \/>\n<\/strong><em>4 dan, Bor\u00e5s Aikidoklubb<\/em><em><br \/>\n<\/em><strong>Maria Mossberg Ahlstr\u00f6m<\/strong><strong><br \/>\n<\/strong><em>6 dan, Iyasaka Aikidoklubb<\/em><em><br \/>\n<\/em><strong>Mats Alexandersson<\/strong><strong><br \/>\n<\/strong><em>6 dan,\u00a0Stockholms Aikidoklubb<br \/>\n<\/em><strong>Mats Str\u00f6mgren<\/strong><strong><br \/>\n<\/strong><em>4 dan, Takemusu Aikido G\u00f6teborg<\/em><em><br \/>\n<\/em><strong>Mona Bergman<\/strong><strong><br \/>\n<\/strong><em>3 dan<\/em><em><br \/>\n<\/em><strong>Peter Spangfort<\/strong><strong><br \/>\n<\/strong><em>6 dan, J\u00e4rf\u00e4lla Aikidoklubb<\/em><em><br \/>\n<\/em><strong>Pia Moberg<\/strong><strong><br \/>\n<\/strong><em>6 dan, Riai Aikido Dojo<\/em><em><br \/>\n<\/em><strong>Stefan Jansson<\/strong><strong><br \/>\n<\/strong><em>5 dan, Brandbergens Aikidoklubb<\/em><em><br \/>\n<\/em><strong>Sten Fr\u00f6din<\/strong><strong><br \/>\n<\/strong><em>4 dan, Iyasaka Aikidoklubb<\/em><em><br \/>\n<\/em><strong>Sven Lundqvist<\/strong><strong><br \/>\n<\/strong><em>5 dan, KFUM Uppsala Aikido<\/em><em><br \/>\n<\/em><strong>Thomas Von Gegerfelt<\/strong><strong><br \/>\n<\/strong><em>6 dan, Stockholm Aikikai<\/em><em><br \/>\n<\/em><strong>\u00c5ke Pekkarinen<\/strong><strong><br \/>\n<\/strong><em>4 dan, GAK Enighet<\/em><em><br \/>\n<\/em><strong>\u00c5sa Bergstr\u00f6m<\/strong><strong><br \/>\n<\/strong><em>5 dan, F\u00f6reningen Aikido Dojo Liljeholmen<\/em><\/p>\n<p>(K\u00e4lla: sverigelager.se)<\/p>\n<p>Text: Jonathan Broberg<br \/>\nFoto: Hamid Ershad Sarabi<\/p>\n","protected":false},"excerpt":{"rendered":"<p>Svensk aikidos st\u00f6rsta sammankomst \u00e4r tvekl\u00f6st det popul\u00e4ra Sverigel\u00e4gret. Ett tre dagar l\u00e5ngt tr\u00e4ningsl\u00e4ger d\u00e4r m\u00e5nga av de allra fr\u00e4msta instrukt\u00f6rerna kommer att finnas p\u00e5 plats och h\u00e5lla pass. Sverigel\u00e4gret h\u00e5lls i Uppsala mellan 10-13 maj.<\/p><br>","protected":false},"author":7,"featured_media":37246,"comment_status":"open","ping_status":"open","sticky":false,"template":"","format":"standard","meta":{"_acf_changed":false,"footnotes":""},"categories":[1],"tags":[],"class_list":["post-71234","post","type-post","status-publish","format-standard","has-post-thumbnail","hentry","category-okategoriserade"],"acf":[],"yoast_head":"<!-- This site is optimized with the Yoast SEO plugin v26.8 - https:\/\/yoast.com\/product\/yoast-seo-wordpress\/ -->\n<title>Sverigel\u00e4gret i aikido n\u00e4rmar sig - Svenska Budo &amp; Kampsportsf\u00f6rbundet<\/title>\n<meta name=\"description\" content=\"Svensk aikidos st\u00f6rsta sammankomst \u00e4r tvekl\u00f6st det popul\u00e4ra Sverigel\u00e4gret. Ett tre dagar l\u00e5ngt tr\u00e4ningsl\u00e4ger d\u00e4r m\u00e5nga av de allra fr\u00e4msta instrukt\u00f6rerna kommer att finnas p\u00e5 plats och h\u00e5lla pass. Sverigel\u00e4gret h\u00e5lls i Uppsala mellan 10-13 maj.\" \/>\n<meta name=\"robots\" content=\"index, follow, max-snippet:-1, max-image-preview:large, max-video-preview:-1\" \/>\n<link rel=\"canonical\" href=\"https:\/\/www.budokampsport.se\/2018\/04\/27\/sverigelagret-aikido-narmar-sig\/\" \/>\n<meta property=\"og:locale\" content=\"sv_SE\" \/>\n<meta property=\"og:type\" content=\"article\" \/>\n<meta property=\"og:title\" content=\"Sverigel\u00e4gret i aikido n\u00e4rmar sig - Svenska Budo &amp; Kampsportsf\u00f6rbundet\" \/>\n<meta property=\"og:description\" content=\"Svensk aikidos st\u00f6rsta sammankomst \u00e4r tvekl\u00f6st det popul\u00e4ra Sverigel\u00e4gret. Ett tre dagar l\u00e5ngt tr\u00e4ningsl\u00e4ger d\u00e4r m\u00e5nga av de allra fr\u00e4msta instrukt\u00f6rerna kommer att finnas p\u00e5 plats och h\u00e5lla pass. Sverigel\u00e4gret h\u00e5lls i Uppsala mellan 10-13 maj.\" \/>\n<meta property=\"og:url\" content=\"https:\/\/www.budokampsport.se\/2018\/04\/27\/sverigelagret-aikido-narmar-sig\/\" \/>\n<meta property=\"og:site_name\" content=\"Svenska Budo &amp; Kampsportsf\u00f6rbundet\" \/>\n<meta property=\"article:author\" content=\"https:\/\/www.facebook.com\/jonathan.broberg.7\" \/>\n<meta property=\"article:published_time\" content=\"2018-04-27T09:42:01+00:00\" \/>\n<meta property=\"og:image\" content=\"https:\/\/www.budokampsport.se\/wp-content\/uploads\/2017\/01\/tjejkampen_aikido.gif\" \/>\n\t<meta property=\"og:image:width\" content=\"435\" \/>\n\t<meta property=\"og:image:height\" content=\"290\" \/>\n\t<meta property=\"og:image:type\" content=\"image\/gif\" \/>\n<meta name=\"author\" content=\"Jonathan Broberg\" \/>\n<meta name=\"twitter:card\" content=\"summary_large_image\" \/>\n<meta name=\"twitter:label1\" content=\"Skriven av\" \/>\n\t<meta name=\"twitter:data1\" content=\"Jonathan Broberg\" \/>\n\t<meta name=\"twitter:label2\" content=\"Ber\u00e4knad l\u00e4stid\" \/>\n\t<meta name=\"twitter:data2\" content=\"1 minut\" \/>\n<script type=\"application\/ld+json\" class=\"yoast-schema-graph\">{\"@context\":\"https:\/\/schema.org\",\"@graph\":[{\"@type\":\"Article\",\"@id\":\"https:\/\/www.budokampsport.se\/2018\/04\/27\/sverigelagret-aikido-narmar-sig\/#article\",\"isPartOf\":{\"@id\":\"https:\/\/www.budokampsport.se\/2018\/04\/27\/sverigelagret-aikido-narmar-sig\/\"},\"author\":{\"name\":\"Jonathan Broberg\",\"@id\":\"https:\/\/www.budokampsport.se\/#\/schema\/person\/5c06d81d14850e2a8ce5493386560145\"},\"headline\":\"Sverigel\u00e4gret i aikido n\u00e4rmar sig\",\"datePublished\":\"2018-04-27T09:42:01+00:00\",\"mainEntityOfPage\":{\"@id\":\"https:\/\/www.budokampsport.se\/2018\/04\/27\/sverigelagret-aikido-narmar-sig\/\"},\"wordCount\":248,\"commentCount\":0,\"image\":{\"@id\":\"https:\/\/www.budokampsport.se\/2018\/04\/27\/sverigelagret-aikido-narmar-sig\/#primaryimage\"},\"thumbnailUrl\":\"https:\/\/www.budokampsport.se\/wp-content\/uploads\/2017\/01\/tjejkampen_aikido.gif\",\"inLanguage\":\"sv-SE\",\"potentialAction\":[{\"@type\":\"CommentAction\",\"name\":\"Comment\",\"target\":[\"https:\/\/www.budokampsport.se\/2018\/04\/27\/sverigelagret-aikido-narmar-sig\/#respond\"]}]},{\"@type\":\"WebPage\",\"@id\":\"https:\/\/www.budokampsport.se\/2018\/04\/27\/sverigelagret-aikido-narmar-sig\/\",\"url\":\"https:\/\/www.budokampsport.se\/2018\/04\/27\/sverigelagret-aikido-narmar-sig\/\",\"name\":\"Sverigel\u00e4gret i aikido n\u00e4rmar sig - Svenska Budo &amp; Kampsportsf\u00f6rbundet\",\"isPartOf\":{\"@id\":\"https:\/\/www.budokampsport.se\/#website\"},\"primaryImageOfPage\":{\"@id\":\"https:\/\/www.budokampsport.se\/2018\/04\/27\/sverigelagret-aikido-narmar-sig\/#primaryimage\"},\"image\":{\"@id\":\"https:\/\/www.budokampsport.se\/2018\/04\/27\/sverigelagret-aikido-narmar-sig\/#primaryimage\"},\"thumbnailUrl\":\"https:\/\/www.budokampsport.se\/wp-content\/uploads\/2017\/01\/tjejkampen_aikido.gif\",\"datePublished\":\"2018-04-27T09:42:01+00:00\",\"author\":{\"@id\":\"https:\/\/www.budokampsport.se\/#\/schema\/person\/5c06d81d14850e2a8ce5493386560145\"},\"description\":\"Svensk aikidos st\u00f6rsta sammankomst \u00e4r tvekl\u00f6st det popul\u00e4ra Sverigel\u00e4gret. Ett tre dagar l\u00e5ngt tr\u00e4ningsl\u00e4ger d\u00e4r m\u00e5nga av de allra fr\u00e4msta instrukt\u00f6rerna kommer att finnas p\u00e5 plats och h\u00e5lla pass. Sverigel\u00e4gret h\u00e5lls i Uppsala mellan 10-13 maj.\",\"breadcrumb\":{\"@id\":\"https:\/\/www.budokampsport.se\/2018\/04\/27\/sverigelagret-aikido-narmar-sig\/#breadcrumb\"},\"inLanguage\":\"sv-SE\",\"potentialAction\":[{\"@type\":\"ReadAction\",\"target\":[\"https:\/\/www.budokampsport.se\/2018\/04\/27\/sverigelagret-aikido-narmar-sig\/\"]}]},{\"@type\":\"ImageObject\",\"inLanguage\":\"sv-SE\",\"@id\":\"https:\/\/www.budokampsport.se\/2018\/04\/27\/sverigelagret-aikido-narmar-sig\/#primaryimage\",\"url\":\"https:\/\/www.budokampsport.se\/wp-content\/uploads\/2017\/01\/tjejkampen_aikido.gif\",\"contentUrl\":\"https:\/\/www.budokampsport.se\/wp-content\/uploads\/2017\/01\/tjejkampen_aikido.gif\",\"width\":435,\"height\":290,\"caption\":\"Foto: Hamid Ershad Sarabi\"},{\"@type\":\"BreadcrumbList\",\"@id\":\"https:\/\/www.budokampsport.se\/2018\/04\/27\/sverigelagret-aikido-narmar-sig\/#breadcrumb\",\"itemListElement\":[{\"@type\":\"ListItem\",\"position\":1,\"name\":\"Hem\",\"item\":\"https:\/\/www.budokampsport.se\/\"},{\"@type\":\"ListItem\",\"position\":2,\"name\":\"Sverigel\u00e4gret i aikido n\u00e4rmar sig\"}]},{\"@type\":\"WebSite\",\"@id\":\"https:\/\/www.budokampsport.se\/#website\",\"url\":\"https:\/\/www.budokampsport.se\/\",\"name\":\"Svenska Budo &amp; Kampsportsf\u00f6rbundet\",\"description\":\"T\u00e4vling, Tr\u00e4ning, Tradition\",\"potentialAction\":[{\"@type\":\"SearchAction\",\"target\":{\"@type\":\"EntryPoint\",\"urlTemplate\":\"https:\/\/www.budokampsport.se\/?s={search_term_string}\"},\"query-input\":{\"@type\":\"PropertyValueSpecification\",\"valueRequired\":true,\"valueName\":\"search_term_string\"}}],\"inLanguage\":\"sv-SE\"},{\"@type\":\"Person\",\"@id\":\"https:\/\/www.budokampsport.se\/#\/schema\/person\/5c06d81d14850e2a8ce5493386560145\",\"name\":\"Jonathan Broberg\",\"image\":{\"@type\":\"ImageObject\",\"inLanguage\":\"sv-SE\",\"@id\":\"https:\/\/www.budokampsport.se\/#\/schema\/person\/image\/\",\"url\":\"https:\/\/secure.gravatar.com\/avatar\/a58041c6cea9128bd9c40ee2f26d4136?s=96&d=blank&r=g\",\"contentUrl\":\"https:\/\/secure.gravatar.com\/avatar\/a58041c6cea9128bd9c40ee2f26d4136?s=96&d=blank&r=g\",\"caption\":\"Jonathan Broberg\"},\"sameAs\":[\"https:\/\/www.facebook.com\/jonathan.broberg.7\"],\"url\":\"https:\/\/www.budokampsport.se\/author\/jonathan\/\"}]}<\/script>\n<!-- \/ Yoast SEO plugin. -->","yoast_head_json":{"title":"Sverigel\u00e4gret i aikido n\u00e4rmar sig - Svenska Budo &amp; Kampsportsf\u00f6rbundet","description":"Svensk aikidos st\u00f6rsta sammankomst \u00e4r tvekl\u00f6st det popul\u00e4ra Sverigel\u00e4gret. Ett tre dagar l\u00e5ngt tr\u00e4ningsl\u00e4ger d\u00e4r m\u00e5nga av de allra fr\u00e4msta instrukt\u00f6rerna kommer att finnas p\u00e5 plats och h\u00e5lla pass. Sverigel\u00e4gret h\u00e5lls i Uppsala mellan 10-13 maj.","robots":{"index":"index","follow":"follow","max-snippet":"max-snippet:-1","max-image-preview":"max-image-preview:large","max-video-preview":"max-video-preview:-1"},"canonical":"https:\/\/www.budokampsport.se\/2018\/04\/27\/sverigelagret-aikido-narmar-sig\/","og_locale":"sv_SE","og_type":"article","og_title":"Sverigel\u00e4gret i aikido n\u00e4rmar sig - Svenska Budo &amp; Kampsportsf\u00f6rbundet","og_description":"Svensk aikidos st\u00f6rsta sammankomst \u00e4r tvekl\u00f6st det popul\u00e4ra Sverigel\u00e4gret. Ett tre dagar l\u00e5ngt tr\u00e4ningsl\u00e4ger d\u00e4r m\u00e5nga av de allra fr\u00e4msta instrukt\u00f6rerna kommer att finnas p\u00e5 plats och h\u00e5lla pass. Sverigel\u00e4gret h\u00e5lls i Uppsala mellan 10-13 maj.","og_url":"https:\/\/www.budokampsport.se\/2018\/04\/27\/sverigelagret-aikido-narmar-sig\/","og_site_name":"Svenska Budo &amp; Kampsportsf\u00f6rbundet","article_author":"https:\/\/www.facebook.com\/jonathan.broberg.7","article_published_time":"2018-04-27T09:42:01+00:00","og_image":[{"width":435,"height":290,"url":"https:\/\/www.budokampsport.se\/wp-content\/uploads\/2017\/01\/tjejkampen_aikido.gif","type":"image\/gif"}],"author":"Jonathan Broberg","twitter_card":"summary_large_image","twitter_misc":{"Skriven av":"Jonathan Broberg","Ber\u00e4knad l\u00e4stid":"1 minut"},"schema":{"@context":"https:\/\/schema.org","@graph":[{"@type":"Article","@id":"https:\/\/www.budokampsport.se\/2018\/04\/27\/sverigelagret-aikido-narmar-sig\/#article","isPartOf":{"@id":"https:\/\/www.budokampsport.se\/2018\/04\/27\/sverigelagret-aikido-narmar-sig\/"},"author":{"name":"Jonathan Broberg","@id":"https:\/\/www.budokampsport.se\/#\/schema\/person\/5c06d81d14850e2a8ce5493386560145"},"headline":"Sverigel\u00e4gret i aikido n\u00e4rmar sig","datePublished":"2018-04-27T09:42:01+00:00","mainEntityOfPage":{"@id":"https:\/\/www.budokampsport.se\/2018\/04\/27\/sverigelagret-aikido-narmar-sig\/"},"wordCount":248,"commentCount":0,"image":{"@id":"https:\/\/www.budokampsport.se\/2018\/04\/27\/sverigelagret-aikido-narmar-sig\/#primaryimage"},"thumbnailUrl":"https:\/\/www.budokampsport.se\/wp-content\/uploads\/2017\/01\/tjejkampen_aikido.gif","inLanguage":"sv-SE","potentialAction":[{"@type":"CommentAction","name":"Comment","target":["https:\/\/www.budokampsport.se\/2018\/04\/27\/sverigelagret-aikido-narmar-sig\/#respond"]}]},{"@type":"WebPage","@id":"https:\/\/www.budokampsport.se\/2018\/04\/27\/sverigelagret-aikido-narmar-sig\/","url":"https:\/\/www.budokampsport.se\/2018\/04\/27\/sverigelagret-aikido-narmar-sig\/","name":"Sverigel\u00e4gret i aikido n\u00e4rmar sig - Svenska Budo &amp; Kampsportsf\u00f6rbundet","isPartOf":{"@id":"https:\/\/www.budokampsport.se\/#website"},"primaryImageOfPage":{"@id":"https:\/\/www.budokampsport.se\/2018\/04\/27\/sverigelagret-aikido-narmar-sig\/#primaryimage"},"image":{"@id":"https:\/\/www.budokampsport.se\/2018\/04\/27\/sverigelagret-aikido-narmar-sig\/#primaryimage"},"thumbnailUrl":"https:\/\/www.budokampsport.se\/wp-content\/uploads\/2017\/01\/tjejkampen_aikido.gif","datePublished":"2018-04-27T09:42:01+00:00","author":{"@id":"https:\/\/www.budokampsport.se\/#\/schema\/person\/5c06d81d14850e2a8ce5493386560145"},"description":"Svensk aikidos st\u00f6rsta sammankomst \u00e4r tvekl\u00f6st det popul\u00e4ra Sverigel\u00e4gret. Ett tre dagar l\u00e5ngt tr\u00e4ningsl\u00e4ger d\u00e4r m\u00e5nga av de allra fr\u00e4msta instrukt\u00f6rerna kommer att finnas p\u00e5 plats och h\u00e5lla pass. Sverigel\u00e4gret h\u00e5lls i Uppsala mellan 10-13 maj.","breadcrumb":{"@id":"https:\/\/www.budokampsport.se\/2018\/04\/27\/sverigelagret-aikido-narmar-sig\/#breadcrumb"},"inLanguage":"sv-SE","potentialAction":[{"@type":"ReadAction","target":["https:\/\/www.budokampsport.se\/2018\/04\/27\/sverigelagret-aikido-narmar-sig\/"]}]},{"@type":"ImageObject","inLanguage":"sv-SE","@id":"https:\/\/www.budokampsport.se\/2018\/04\/27\/sverigelagret-aikido-narmar-sig\/#primaryimage","url":"https:\/\/www.budokampsport.se\/wp-content\/uploads\/2017\/01\/tjejkampen_aikido.gif","contentUrl":"https:\/\/www.budokampsport.se\/wp-content\/uploads\/2017\/01\/tjejkampen_aikido.gif","width":435,"height":290,"caption":"Foto: Hamid Ershad Sarabi"},{"@type":"BreadcrumbList","@id":"https:\/\/www.budokampsport.se\/2018\/04\/27\/sverigelagret-aikido-narmar-sig\/#breadcrumb","itemListElement":[{"@type":"ListItem","position":1,"name":"Hem","item":"https:\/\/www.budokampsport.se\/"},{"@type":"ListItem","position":2,"name":"Sverigel\u00e4gret i aikido n\u00e4rmar sig"}]},{"@type":"WebSite","@id":"https:\/\/www.budokampsport.se\/#website","url":"https:\/\/www.budokampsport.se\/","name":"Svenska Budo &amp; Kampsportsf\u00f6rbundet","description":"T\u00e4vling, Tr\u00e4ning, Tradition","potentialAction":[{"@type":"SearchAction","target":{"@type":"EntryPoint","urlTemplate":"https:\/\/www.budokampsport.se\/?s={search_term_string}"},"query-input":{"@type":"PropertyValueSpecification","valueRequired":true,"valueName":"search_term_string"}}],"inLanguage":"sv-SE"},{"@type":"Person","@id":"https:\/\/www.budokampsport.se\/#\/schema\/person\/5c06d81d14850e2a8ce5493386560145","name":"Jonathan Broberg","image":{"@type":"ImageObject","inLanguage":"sv-SE","@id":"https:\/\/www.budokampsport.se\/#\/schema\/person\/image\/","url":"https:\/\/secure.gravatar.com\/avatar\/a58041c6cea9128bd9c40ee2f26d4136?s=96&d=blank&r=g","contentUrl":"https:\/\/secure.gravatar.com\/avatar\/a58041c6cea9128bd9c40ee2f26d4136?s=96&d=blank&r=g","caption":"Jonathan Broberg"},"sameAs":["https:\/\/www.facebook.com\/jonathan.broberg.7"],"url":"https:\/\/www.budokampsport.se\/author\/jonathan\/"}]}},"_links":{"self":[{"href":"https:\/\/www.budokampsport.se\/api\/wp\/v2\/posts\/71234","targetHints":{"allow":["GET"]}}],"collection":[{"href":"https:\/\/www.budokampsport.se\/api\/wp\/v2\/posts"}],"about":[{"href":"https:\/\/www.budokampsport.se\/api\/wp\/v2\/types\/post"}],"author":[{"embeddable":true,"href":"https:\/\/www.budokampsport.se\/api\/wp\/v2\/users\/7"}],"replies":[{"embeddable":true,"href":"https:\/\/www.budokampsport.se\/api\/wp\/v2\/comments?post=71234"}],"version-history":[{"count":0,"href":"https:\/\/www.budokampsport.se\/api\/wp\/v2\/posts\/71234\/revisions"}],"wp:featuredmedia":[{"embeddable":true,"href":"https:\/\/www.budokampsport.se\/api\/wp\/v2\/media\/37246"}],"wp:attachment":[{"href":"https:\/\/www.budokampsport.se\/api\/wp\/v2\/media?parent=71234"}],"wp:term":[{"taxonomy":"category","embeddable":true,"href":"https:\/\/www.budokampsport.se\/api\/wp\/v2\/categories?post=71234"},{"taxonomy":"post_tag","embeddable":true,"href":"https:\/\/www.budokampsport.se\/api\/wp\/v2\/tags?post=71234"}],"curies":[{"name":"wp","href":"https:\/\/api.w.org\/{rel}","templated":true}]}}