{"id":72242,"date":"2018-05-15T16:50:50","date_gmt":"2018-05-15T14:50:50","guid":{"rendered":"http:\/\/www.budokampsport.se\/?p=72242"},"modified":"2018-05-15T16:50:50","modified_gmt":"2018-05-15T14:50:50","slug":"vill-fortsatta-vinnarvagen","status":"publish","type":"post","link":"https:\/\/www.budokampsport.se\/2018\/05\/15\/vill-fortsatta-vinnarvagen\/","title":{"rendered":"Vill forts\u00e4tta vinnarv\u00e5gen"},"content":{"rendered":"<p>I v\u00e5rens famn nalkas de stora stunderna, stunder som f\u00e5r oss att hoppas.<\/p>\n<p>P\u00e5 l\u00f6rdag \u00e4r det dags f\u00f6r Superior Challenge 10-\u00e5rsgala p\u00e5 Cirkus i Stockholm, och f\u00f6r Simon Sk\u00f6ld \u00e4r det bara n\u00e5gra f\u00e5 dagar kvar till match.<br \/>\n&#8211; Det \u00e4r ett av de b\u00e4sta campen jag har haft inf\u00f6r en match, rent strategiskt. Jag har kanske inte tr\u00e4nat mest, men definitivt smartast. Jag har haft en eftertanke med allt jag har gjort.<br \/>\n&#8211; Att hinna med ett camp och livet i stort \u00e4r ett pussel och det \u00e4r m\u00e5nga runt mig som hj\u00e4lpt mig att f\u00e5 ihop delarna, vilket jag \u00e4r v\u00e4ldigt tacksam f\u00f6r.<\/p>\n<p><strong>Vad konkret har du gjort d\u00e5 som \u00e4r nytt.<\/strong><br \/>\n&#8211; Jag har tagit hj\u00e4lp av en kostr\u00e5dgivare, Anders Lundgren, och det har varit till stor hj\u00e4lp med att ha n\u00e5gon att rapportera till, och n\u00e5gon som r\u00e4knar p\u00e5 kosten och s\u00e5. G\u00f6r jag det sj\u00e4lv \u00e4r det l\u00e4tt att fuska lite och skjuta p\u00e5 gr\u00e4nsen, s\u00e5 jag har varit superstrikt och det k\u00e4nns. Det var l\u00e4nge sedan jag fightades i -66kg, men jag k\u00e4nner mig otroligt bra fysiskt.<\/p>\n<p><strong>&#8220;Mitt game har utvecklats&#8221;<\/strong><br \/>\nF\u00f6r n\u00e5gra \u00e5r sedan var Simon inne i en negativ spiral d\u00e4r matchresultaten gick emot honom, men trenden har v\u00e4nts och det med r\u00e5ge. Inf\u00f6r l\u00f6rdagens match har Sk\u00f6ld sex raka proffssegrar och \u00e4r inne p\u00e5 ett redigt segert\u00e5g.<br \/>\n&#8211; MMA-livet leker bra just nu. Sedan har man ju en vinstrad nu och den vill man inte f\u00f6rlora. Men om du inte riskerar att f\u00f6rlora kommer du aldrig vinna heller. Jag fokuserar hela tiden p\u00e5 att bli b\u00e4ttre och jag k\u00e4nner att mitt game har utvecklats, min strategi och mitt lugn i buren har utvecklats. Jag vet att det kan vara jobbigt att m\u00f6ta n\u00e5gon med m\u00e5nga vinster i ryggen. Och jag k\u00e4nner att jag har blivit b\u00e4ttre av varje vinst, de har kommit p\u00e5 m\u00e5nga olika s\u00e4tt ocks\u00e5.<\/p>\n<p><strong>Hur mycket har du g\u00e5tt fram\u00e5t i utvecklingen tack vare vinsterna?<\/strong><br \/>\n&#8211; J\u00e4ttemycket. Fr\u00e5n att ha haft tv\u00e5 vinster och fem f\u00f6rluster till att i dag ha \u00e5tta vinster och fem f\u00f6rluster, de senaste vinsterna har kommit p\u00e5 avslut ocks\u00e5 \u2013 det \u00e4r klart att det har gjort mig starkare och b\u00e4ttre.<\/p>\n<p>F\u00f6r motst\u00e5ndet p\u00e5 l\u00f6rdag st\u00e5r finl\u00e4ndaren Jerry Kvarnstr\u00f6m.<br \/>\n&#8211; Han har g\u00e5tt mycket matcher och \u00e4r en erfaren fajter. Det finns inga enkla matcher i den h\u00e4r branschen. Jag hoppas n\u00e4stan att han drar upp tempot och gasar innan jag g\u00f6r det, f\u00f6r d\u00e5 kommer jag plocka is\u00e4r honom. Jag vet att om jag k\u00f6r min gameplan s\u00e5 kommer jag att vinna.<\/p>\n<p>Matchen kommer att g\u00e5 i catch weight -67kg, de senaste matcherna har Sk\u00f6ld g\u00e5tt i -70. Men han k\u00e4nner sig bekv\u00e4m i den nya vikten.<br \/>\n&#8211; S\u00e5 h\u00e4r stark har jag inte varit f\u00f6rr i -66. Det k\u00e4nns verkligen bra och jag ligger n\u00e4ra min matchvikt.<\/p>\n<p><strong>&#8220;Kommer bli grymt&#8221;<\/strong><br \/>\nDet \u00e4r ocks\u00e5 10-\u00e5rsjubileum f\u00f6r Superior Challenge, som firar lite extra med en gala p\u00e5 Cirkus p\u00e5 Kungliga Djurg\u00e5rden i Stockholm.<br \/>\n&#8211; Det ska bli sjukt kul. Jag tycker det \u00e4r bra att vi tar en arena som \u00e4r s\u00e5 bred. Jag var p\u00e5 Cirkus i annat sammanhang f\u00f6r tv\u00e5 veckor sedan och t\u00e4nkte d\u00e5 att det h\u00e4r kommer bli grymt. Och det kommer bli j\u00e4ttekul f\u00f6r publiken ocks\u00e5.<\/p>\n<p>Vad ser du mest fram emot p\u00e5 l\u00f6rdag?<br \/>\n&#8211; Egentligen allt, f\u00f6rutom de h\u00e4r fem-tio minuterna innan det \u00e4r dags. N\u00e4r min musik g\u00e5r p\u00e5 och jag f\u00e5r g\u00e5 in, d\u00e5 \u00e4r det lugnt, men den h\u00e4r v\u00e4ntan just innan det tycker jag inte speciellt mycket om. Men det ska som sagt bli j\u00e4tteroligt att g\u00e5 match och j\u00e4tteroligt med galan.<\/p>\n<p>Text och foto: Jonathan Broberg<\/p>\n","protected":false},"excerpt":{"rendered":"<p>Det \u00e4r \u00e4nnu en s\u00e5dan d\u00e4r tidig h\u00f6gsommardag i huvudstaden. 25 grader varmt och solen har \u00e5nyo plockat fram sitt allra varmaste leende. Vid receptionen i Nacka Dojo sitter Simon Sk\u00f6ld efter ett h\u00e5llet pass, och han ler ocks\u00e5.<br \/><br>&#8211; Allt k\u00e4nns perfekt just nu, det blir en kul kv\u00e4ll p\u00e5 l\u00f6rdag, s\u00e4ger han till budokampsport.se.<\/p><br>","protected":false},"author":7,"featured_media":72243,"comment_status":"open","ping_status":"open","sticky":false,"template":"","format":"standard","meta":{"_acf_changed":false,"footnotes":""},"categories":[1],"tags":[],"class_list":["post-72242","post","type-post","status-publish","format-standard","has-post-thumbnail","hentry","category-okategoriserade"],"acf":[],"yoast_head":"<!-- This site is optimized with the Yoast SEO plugin v26.8 - https:\/\/yoast.com\/product\/yoast-seo-wordpress\/ -->\n<title>Vill forts\u00e4tta vinnarv\u00e5gen - Svenska Budo &amp; Kampsportsf\u00f6rbundet<\/title>\n<meta name=\"description\" content=\"Det \u00e4r \u00e4nnu en s\u00e5dan d\u00e4r tidig h\u00f6gsommardag i huvudstaden. 25 grader varmt och solen har \u00e5nyo plockat fram sitt allra varmaste leende. Vid receptionen i Nacka Dojo sitter Simon Sk\u00f6ld efter ett h\u00e5llet pass, och han ler ocks\u00e5. - Allt k\u00e4nns perfekt just nu, det blir en kul kv\u00e4ll p\u00e5 l\u00f6rdag, s\u00e4ger han till budokampsport.se.\" \/>\n<meta name=\"robots\" content=\"index, follow, max-snippet:-1, max-image-preview:large, max-video-preview:-1\" \/>\n<link rel=\"canonical\" href=\"https:\/\/www.budokampsport.se\/2018\/05\/15\/vill-fortsatta-vinnarvagen\/\" \/>\n<meta property=\"og:locale\" content=\"sv_SE\" \/>\n<meta property=\"og:type\" content=\"article\" \/>\n<meta property=\"og:title\" content=\"Vill forts\u00e4tta vinnarv\u00e5gen - Svenska Budo &amp; Kampsportsf\u00f6rbundet\" \/>\n<meta property=\"og:description\" content=\"Det \u00e4r \u00e4nnu en s\u00e5dan d\u00e4r tidig h\u00f6gsommardag i huvudstaden. 25 grader varmt och solen har \u00e5nyo plockat fram sitt allra varmaste leende. Vid receptionen i Nacka Dojo sitter Simon Sk\u00f6ld efter ett h\u00e5llet pass, och han ler ocks\u00e5. - Allt k\u00e4nns perfekt just nu, det blir en kul kv\u00e4ll p\u00e5 l\u00f6rdag, s\u00e4ger han till budokampsport.se.\" \/>\n<meta property=\"og:url\" content=\"https:\/\/www.budokampsport.se\/2018\/05\/15\/vill-fortsatta-vinnarvagen\/\" \/>\n<meta property=\"og:site_name\" content=\"Svenska Budo &amp; Kampsportsf\u00f6rbundet\" \/>\n<meta property=\"article:author\" content=\"https:\/\/www.facebook.com\/jonathan.broberg.7\" \/>\n<meta property=\"article:published_time\" content=\"2018-05-15T14:50:50+00:00\" \/>\n<meta property=\"og:image\" content=\"https:\/\/www.budokampsport.se\/wp-content\/uploads\/2018\/05\/simon_skold.jpg\" \/>\n\t<meta property=\"og:image:width\" content=\"717\" \/>\n\t<meta property=\"og:image:height\" content=\"573\" \/>\n\t<meta property=\"og:image:type\" content=\"image\/jpeg\" \/>\n<meta name=\"author\" content=\"Jonathan Broberg\" \/>\n<meta name=\"twitter:card\" content=\"summary_large_image\" \/>\n<meta name=\"twitter:label1\" content=\"Skriven av\" \/>\n\t<meta name=\"twitter:data1\" content=\"Jonathan Broberg\" \/>\n\t<meta name=\"twitter:label2\" content=\"Ber\u00e4knad l\u00e4stid\" \/>\n\t<meta name=\"twitter:data2\" content=\"4 minuter\" \/>\n<script type=\"application\/ld+json\" class=\"yoast-schema-graph\">{\"@context\":\"https:\/\/schema.org\",\"@graph\":[{\"@type\":\"Article\",\"@id\":\"https:\/\/www.budokampsport.se\/2018\/05\/15\/vill-fortsatta-vinnarvagen\/#article\",\"isPartOf\":{\"@id\":\"https:\/\/www.budokampsport.se\/2018\/05\/15\/vill-fortsatta-vinnarvagen\/\"},\"author\":{\"name\":\"Jonathan Broberg\",\"@id\":\"https:\/\/www.budokampsport.se\/#\/schema\/person\/5c06d81d14850e2a8ce5493386560145\"},\"headline\":\"Vill forts\u00e4tta vinnarv\u00e5gen\",\"datePublished\":\"2018-05-15T14:50:50+00:00\",\"mainEntityOfPage\":{\"@id\":\"https:\/\/www.budokampsport.se\/2018\/05\/15\/vill-fortsatta-vinnarvagen\/\"},\"wordCount\":715,\"commentCount\":0,\"image\":{\"@id\":\"https:\/\/www.budokampsport.se\/2018\/05\/15\/vill-fortsatta-vinnarvagen\/#primaryimage\"},\"thumbnailUrl\":\"https:\/\/www.budokampsport.se\/wp-content\/uploads\/2018\/05\/simon_skold.jpg\",\"inLanguage\":\"sv-SE\",\"potentialAction\":[{\"@type\":\"CommentAction\",\"name\":\"Comment\",\"target\":[\"https:\/\/www.budokampsport.se\/2018\/05\/15\/vill-fortsatta-vinnarvagen\/#respond\"]}]},{\"@type\":\"WebPage\",\"@id\":\"https:\/\/www.budokampsport.se\/2018\/05\/15\/vill-fortsatta-vinnarvagen\/\",\"url\":\"https:\/\/www.budokampsport.se\/2018\/05\/15\/vill-fortsatta-vinnarvagen\/\",\"name\":\"Vill forts\u00e4tta vinnarv\u00e5gen - Svenska Budo &amp; Kampsportsf\u00f6rbundet\",\"isPartOf\":{\"@id\":\"https:\/\/www.budokampsport.se\/#website\"},\"primaryImageOfPage\":{\"@id\":\"https:\/\/www.budokampsport.se\/2018\/05\/15\/vill-fortsatta-vinnarvagen\/#primaryimage\"},\"image\":{\"@id\":\"https:\/\/www.budokampsport.se\/2018\/05\/15\/vill-fortsatta-vinnarvagen\/#primaryimage\"},\"thumbnailUrl\":\"https:\/\/www.budokampsport.se\/wp-content\/uploads\/2018\/05\/simon_skold.jpg\",\"datePublished\":\"2018-05-15T14:50:50+00:00\",\"author\":{\"@id\":\"https:\/\/www.budokampsport.se\/#\/schema\/person\/5c06d81d14850e2a8ce5493386560145\"},\"description\":\"Det \u00e4r \u00e4nnu en s\u00e5dan d\u00e4r tidig h\u00f6gsommardag i huvudstaden. 25 grader varmt och solen har \u00e5nyo plockat fram sitt allra varmaste leende. Vid receptionen i Nacka Dojo sitter Simon Sk\u00f6ld efter ett h\u00e5llet pass, och han ler ocks\u00e5. - Allt k\u00e4nns perfekt just nu, det blir en kul kv\u00e4ll p\u00e5 l\u00f6rdag, s\u00e4ger han till budokampsport.se.\",\"breadcrumb\":{\"@id\":\"https:\/\/www.budokampsport.se\/2018\/05\/15\/vill-fortsatta-vinnarvagen\/#breadcrumb\"},\"inLanguage\":\"sv-SE\",\"potentialAction\":[{\"@type\":\"ReadAction\",\"target\":[\"https:\/\/www.budokampsport.se\/2018\/05\/15\/vill-fortsatta-vinnarvagen\/\"]}]},{\"@type\":\"ImageObject\",\"inLanguage\":\"sv-SE\",\"@id\":\"https:\/\/www.budokampsport.se\/2018\/05\/15\/vill-fortsatta-vinnarvagen\/#primaryimage\",\"url\":\"https:\/\/www.budokampsport.se\/wp-content\/uploads\/2018\/05\/simon_skold.jpg\",\"contentUrl\":\"https:\/\/www.budokampsport.se\/wp-content\/uploads\/2018\/05\/simon_skold.jpg\",\"width\":717,\"height\":573,\"caption\":\"Foto: Jonathan Broberg\"},{\"@type\":\"BreadcrumbList\",\"@id\":\"https:\/\/www.budokampsport.se\/2018\/05\/15\/vill-fortsatta-vinnarvagen\/#breadcrumb\",\"itemListElement\":[{\"@type\":\"ListItem\",\"position\":1,\"name\":\"Hem\",\"item\":\"https:\/\/www.budokampsport.se\/\"},{\"@type\":\"ListItem\",\"position\":2,\"name\":\"Vill forts\u00e4tta vinnarv\u00e5gen\"}]},{\"@type\":\"WebSite\",\"@id\":\"https:\/\/www.budokampsport.se\/#website\",\"url\":\"https:\/\/www.budokampsport.se\/\",\"name\":\"Svenska Budo &amp; Kampsportsf\u00f6rbundet\",\"description\":\"T\u00e4vling, Tr\u00e4ning, Tradition\",\"potentialAction\":[{\"@type\":\"SearchAction\",\"target\":{\"@type\":\"EntryPoint\",\"urlTemplate\":\"https:\/\/www.budokampsport.se\/?s={search_term_string}\"},\"query-input\":{\"@type\":\"PropertyValueSpecification\",\"valueRequired\":true,\"valueName\":\"search_term_string\"}}],\"inLanguage\":\"sv-SE\"},{\"@type\":\"Person\",\"@id\":\"https:\/\/www.budokampsport.se\/#\/schema\/person\/5c06d81d14850e2a8ce5493386560145\",\"name\":\"Jonathan Broberg\",\"image\":{\"@type\":\"ImageObject\",\"inLanguage\":\"sv-SE\",\"@id\":\"https:\/\/www.budokampsport.se\/#\/schema\/person\/image\/\",\"url\":\"https:\/\/secure.gravatar.com\/avatar\/a58041c6cea9128bd9c40ee2f26d4136?s=96&d=blank&r=g\",\"contentUrl\":\"https:\/\/secure.gravatar.com\/avatar\/a58041c6cea9128bd9c40ee2f26d4136?s=96&d=blank&r=g\",\"caption\":\"Jonathan Broberg\"},\"sameAs\":[\"https:\/\/www.facebook.com\/jonathan.broberg.7\"],\"url\":\"https:\/\/www.budokampsport.se\/author\/jonathan\/\"}]}<\/script>\n<!-- \/ Yoast SEO plugin. -->","yoast_head_json":{"title":"Vill forts\u00e4tta vinnarv\u00e5gen - Svenska Budo &amp; Kampsportsf\u00f6rbundet","description":"Det \u00e4r \u00e4nnu en s\u00e5dan d\u00e4r tidig h\u00f6gsommardag i huvudstaden. 25 grader varmt och solen har \u00e5nyo plockat fram sitt allra varmaste leende. Vid receptionen i Nacka Dojo sitter Simon Sk\u00f6ld efter ett h\u00e5llet pass, och han ler ocks\u00e5. - Allt k\u00e4nns perfekt just nu, det blir en kul kv\u00e4ll p\u00e5 l\u00f6rdag, s\u00e4ger han till budokampsport.se.","robots":{"index":"index","follow":"follow","max-snippet":"max-snippet:-1","max-image-preview":"max-image-preview:large","max-video-preview":"max-video-preview:-1"},"canonical":"https:\/\/www.budokampsport.se\/2018\/05\/15\/vill-fortsatta-vinnarvagen\/","og_locale":"sv_SE","og_type":"article","og_title":"Vill forts\u00e4tta vinnarv\u00e5gen - Svenska Budo &amp; Kampsportsf\u00f6rbundet","og_description":"Det \u00e4r \u00e4nnu en s\u00e5dan d\u00e4r tidig h\u00f6gsommardag i huvudstaden. 25 grader varmt och solen har \u00e5nyo plockat fram sitt allra varmaste leende. Vid receptionen i Nacka Dojo sitter Simon Sk\u00f6ld efter ett h\u00e5llet pass, och han ler ocks\u00e5. - Allt k\u00e4nns perfekt just nu, det blir en kul kv\u00e4ll p\u00e5 l\u00f6rdag, s\u00e4ger han till budokampsport.se.","og_url":"https:\/\/www.budokampsport.se\/2018\/05\/15\/vill-fortsatta-vinnarvagen\/","og_site_name":"Svenska Budo &amp; Kampsportsf\u00f6rbundet","article_author":"https:\/\/www.facebook.com\/jonathan.broberg.7","article_published_time":"2018-05-15T14:50:50+00:00","og_image":[{"width":717,"height":573,"url":"https:\/\/www.budokampsport.se\/wp-content\/uploads\/2018\/05\/simon_skold.jpg","type":"image\/jpeg"}],"author":"Jonathan Broberg","twitter_card":"summary_large_image","twitter_misc":{"Skriven av":"Jonathan Broberg","Ber\u00e4knad l\u00e4stid":"4 minuter"},"schema":{"@context":"https:\/\/schema.org","@graph":[{"@type":"Article","@id":"https:\/\/www.budokampsport.se\/2018\/05\/15\/vill-fortsatta-vinnarvagen\/#article","isPartOf":{"@id":"https:\/\/www.budokampsport.se\/2018\/05\/15\/vill-fortsatta-vinnarvagen\/"},"author":{"name":"Jonathan Broberg","@id":"https:\/\/www.budokampsport.se\/#\/schema\/person\/5c06d81d14850e2a8ce5493386560145"},"headline":"Vill forts\u00e4tta vinnarv\u00e5gen","datePublished":"2018-05-15T14:50:50+00:00","mainEntityOfPage":{"@id":"https:\/\/www.budokampsport.se\/2018\/05\/15\/vill-fortsatta-vinnarvagen\/"},"wordCount":715,"commentCount":0,"image":{"@id":"https:\/\/www.budokampsport.se\/2018\/05\/15\/vill-fortsatta-vinnarvagen\/#primaryimage"},"thumbnailUrl":"https:\/\/www.budokampsport.se\/wp-content\/uploads\/2018\/05\/simon_skold.jpg","inLanguage":"sv-SE","potentialAction":[{"@type":"CommentAction","name":"Comment","target":["https:\/\/www.budokampsport.se\/2018\/05\/15\/vill-fortsatta-vinnarvagen\/#respond"]}]},{"@type":"WebPage","@id":"https:\/\/www.budokampsport.se\/2018\/05\/15\/vill-fortsatta-vinnarvagen\/","url":"https:\/\/www.budokampsport.se\/2018\/05\/15\/vill-fortsatta-vinnarvagen\/","name":"Vill forts\u00e4tta vinnarv\u00e5gen - Svenska Budo &amp; Kampsportsf\u00f6rbundet","isPartOf":{"@id":"https:\/\/www.budokampsport.se\/#website"},"primaryImageOfPage":{"@id":"https:\/\/www.budokampsport.se\/2018\/05\/15\/vill-fortsatta-vinnarvagen\/#primaryimage"},"image":{"@id":"https:\/\/www.budokampsport.se\/2018\/05\/15\/vill-fortsatta-vinnarvagen\/#primaryimage"},"thumbnailUrl":"https:\/\/www.budokampsport.se\/wp-content\/uploads\/2018\/05\/simon_skold.jpg","datePublished":"2018-05-15T14:50:50+00:00","author":{"@id":"https:\/\/www.budokampsport.se\/#\/schema\/person\/5c06d81d14850e2a8ce5493386560145"},"description":"Det \u00e4r \u00e4nnu en s\u00e5dan d\u00e4r tidig h\u00f6gsommardag i huvudstaden. 25 grader varmt och solen har \u00e5nyo plockat fram sitt allra varmaste leende. Vid receptionen i Nacka Dojo sitter Simon Sk\u00f6ld efter ett h\u00e5llet pass, och han ler ocks\u00e5. - Allt k\u00e4nns perfekt just nu, det blir en kul kv\u00e4ll p\u00e5 l\u00f6rdag, s\u00e4ger han till budokampsport.se.","breadcrumb":{"@id":"https:\/\/www.budokampsport.se\/2018\/05\/15\/vill-fortsatta-vinnarvagen\/#breadcrumb"},"inLanguage":"sv-SE","potentialAction":[{"@type":"ReadAction","target":["https:\/\/www.budokampsport.se\/2018\/05\/15\/vill-fortsatta-vinnarvagen\/"]}]},{"@type":"ImageObject","inLanguage":"sv-SE","@id":"https:\/\/www.budokampsport.se\/2018\/05\/15\/vill-fortsatta-vinnarvagen\/#primaryimage","url":"https:\/\/www.budokampsport.se\/wp-content\/uploads\/2018\/05\/simon_skold.jpg","contentUrl":"https:\/\/www.budokampsport.se\/wp-content\/uploads\/2018\/05\/simon_skold.jpg","width":717,"height":573,"caption":"Foto: Jonathan Broberg"},{"@type":"BreadcrumbList","@id":"https:\/\/www.budokampsport.se\/2018\/05\/15\/vill-fortsatta-vinnarvagen\/#breadcrumb","itemListElement":[{"@type":"ListItem","position":1,"name":"Hem","item":"https:\/\/www.budokampsport.se\/"},{"@type":"ListItem","position":2,"name":"Vill forts\u00e4tta vinnarv\u00e5gen"}]},{"@type":"WebSite","@id":"https:\/\/www.budokampsport.se\/#website","url":"https:\/\/www.budokampsport.se\/","name":"Svenska Budo &amp; Kampsportsf\u00f6rbundet","description":"T\u00e4vling, Tr\u00e4ning, Tradition","potentialAction":[{"@type":"SearchAction","target":{"@type":"EntryPoint","urlTemplate":"https:\/\/www.budokampsport.se\/?s={search_term_string}"},"query-input":{"@type":"PropertyValueSpecification","valueRequired":true,"valueName":"search_term_string"}}],"inLanguage":"sv-SE"},{"@type":"Person","@id":"https:\/\/www.budokampsport.se\/#\/schema\/person\/5c06d81d14850e2a8ce5493386560145","name":"Jonathan Broberg","image":{"@type":"ImageObject","inLanguage":"sv-SE","@id":"https:\/\/www.budokampsport.se\/#\/schema\/person\/image\/","url":"https:\/\/secure.gravatar.com\/avatar\/a58041c6cea9128bd9c40ee2f26d4136?s=96&d=blank&r=g","contentUrl":"https:\/\/secure.gravatar.com\/avatar\/a58041c6cea9128bd9c40ee2f26d4136?s=96&d=blank&r=g","caption":"Jonathan Broberg"},"sameAs":["https:\/\/www.facebook.com\/jonathan.broberg.7"],"url":"https:\/\/www.budokampsport.se\/author\/jonathan\/"}]}},"_links":{"self":[{"href":"https:\/\/www.budokampsport.se\/api\/wp\/v2\/posts\/72242","targetHints":{"allow":["GET"]}}],"collection":[{"href":"https:\/\/www.budokampsport.se\/api\/wp\/v2\/posts"}],"about":[{"href":"https:\/\/www.budokampsport.se\/api\/wp\/v2\/types\/post"}],"author":[{"embeddable":true,"href":"https:\/\/www.budokampsport.se\/api\/wp\/v2\/users\/7"}],"replies":[{"embeddable":true,"href":"https:\/\/www.budokampsport.se\/api\/wp\/v2\/comments?post=72242"}],"version-history":[{"count":0,"href":"https:\/\/www.budokampsport.se\/api\/wp\/v2\/posts\/72242\/revisions"}],"wp:featuredmedia":[{"embeddable":true,"href":"https:\/\/www.budokampsport.se\/api\/wp\/v2\/media\/72243"}],"wp:attachment":[{"href":"https:\/\/www.budokampsport.se\/api\/wp\/v2\/media?parent=72242"}],"wp:term":[{"taxonomy":"category","embeddable":true,"href":"https:\/\/www.budokampsport.se\/api\/wp\/v2\/categories?post=72242"},{"taxonomy":"post_tag","embeddable":true,"href":"https:\/\/www.budokampsport.se\/api\/wp\/v2\/tags?post=72242"}],"curies":[{"name":"wp","href":"https:\/\/api.w.org\/{rel}","templated":true}]}}