{"id":72605,"date":"2018-05-17T10:55:53","date_gmt":"2018-05-17T08:55:53","guid":{"rendered":"http:\/\/www.budokampsport.se\/?p=72605"},"modified":"2018-05-17T16:56:52","modified_gmt":"2018-05-17T14:56:52","slug":"en-epok-tog-slut-cancun-gar-kvall","status":"publish","type":"post","link":"https:\/\/www.budokampsport.se\/2018\/05\/17\/en-epok-tog-slut-cancun-gar-kvall\/","title":{"rendered":"En epok tog slut i Cancun i g\u00e5r kv\u00e4ll"},"content":{"rendered":"<p>F\u00f6r det hela b\u00f6rjade ju s\u00e5 bra, i semifinalen mot italienskan Michieletto. F\u00f6rsta ronden dominerades av Axling totalt, och hon vann den med 10-9.<\/p>\n<p>Den andra ronden s\u00e5g till en b\u00f6rjan likadan ut. Axling pressade italienskan h\u00e5rt, och jag satt framf\u00f6r IFMA:s youtubestream och bara v\u00e4ntade p\u00e5 en italiensk r\u00e4kning.<\/p>\n<p><em><strong>Men som ett laxnapp i en vattenp\u00f6l kom, som jag tyckte det, i n\u00e4stan desperation en italiensk snurrarmb\u00e5ge. Axling f\u00f6ll till marken. Det var ot\u00e4cka bilder att se, och som Thomas Andersson Wij sj\u00f6ng blev \u201dhuden kring hj\u00e4rtat tunn\u201d.<\/strong><\/em><\/p>\n<p>Patricia Axling har vunnit fyra raka m\u00e4sterskap, sedan hon sadlade om till thaiboxning fr\u00e5n boxning. Inte en match har hon f\u00f6rlorat. Det m\u00e5ste vara n\u00e5got slags rekord. Men i g\u00e5r kv\u00e4ll v\u00e4nde sorgsamt nog tidvattnet. En av de mest imponerande svenska kampsportsepoker jag har haft f\u00f6rm\u00e5nen att uppleva tog d\u00e4rmed slut.<\/p>\n<p>Jag hoppas verkligen att Axling dels \u00e4r okej och m\u00e5r bra, och jag hoppas innerligt att hon kommer forts\u00e4tta att charma oss med sin framfusiga thaiboxning ett bra tag till. Ty hennes karri\u00e4r \u00e4r lika lysande som hennes personlighet, och jag hoppas att Patricia kommer skriva nya fantastiska thaiboxningsmanus ocks\u00e5 framgent.<\/p>\n<p>I \u00f6vrigt f\u00f6ll \u00e4ven Filiph Waldt och Mattias Jonsson i semifinalerna i g\u00e5r. Jonsson har under VM visat att han h\u00f6r hemma p\u00e5 den h\u00e4r niv\u00e5n, och att det kommer finnas mycket mer att h\u00e4mta ut de kommande \u00e5ren ocks\u00e5. Att Waldt tar medalj i andra raka VM-turneringen, att han h\u00e5ller den klassen, det visste vi sedan tidigare. I B-klass f\u00f6ll ocks\u00e5 talangen Kenny Hong i sin semifinal, och f\u00e5r, efter ett fint m\u00e4sterskap n\u00f6ja sig med en bronspeng.<\/p>\n<p>Till final gick Angela Mamic, hon som tuffade ig\u00e5ng rej\u00e4lt i h\u00f6stas med ett EM-guld, och Mamic har alla m\u00f6jligheter att ta hem det d\u00e4r. Hon s\u00e5g of\u00f6rsk\u00e4mt bra ut igen och hennes utveckling p\u00e5 bara tv\u00e5 s\u00e4songer \u00e4r remarkabel.<\/p>\n<p>Constatino Nanga \u00e4r ocks\u00e5 klar f\u00f6r VM-final. Det flytande steget, den tr\u00e4ffs\u00e4kra stilen och de l\u00e5nga teknikernas kung visade med eftertryck att han har kommit till VM f\u00f6r att ta guld. Det vore i s\u00e5 fall Sveriges f\u00f6rsta guld i VM i A-klass p\u00e5 herrsidan sedan Rickard Nordstrand vann 2004.<\/p>\n<p><em><strong>Det finns ytterligare tre finalm\u00f6jligheter i Mexiko-VM f\u00f6r svensk del. Jag tror vi kan r\u00e4kna in \u00e5tminstone tv\u00e5 till, men det \u00e4r inte alls om\u00f6jligt att det blir fem bl\u00e5gula finalister till helgen. Josefin Lindgren Knutsson har imponerat stort under VM, likas\u00e5 Erica Bj\u00f6rnestrand \u2013 och s\u00e5 har vi ju kvar den magnifika Sofia Olofsson.<\/strong><\/em><\/p>\n<p>F\u00f6r att parafrasera en kommentator-legend i svenska sammanhang: \u201dDe som biter p\u00e5 naglarna \u00e4r v\u00e4l nere vid nagelbanden nu\u201d.<\/p>\n<p>Foto: Hamid Ershad Sarabi<\/p>\n","protected":false},"excerpt":{"rendered":"<p>Det finns f\u00f6rluster. Och s\u00e5 finns det f\u00f6rluster. Som det brukar heta. Patricia Axling, som fram till i g\u00e5r inte f\u00f6rlorat en enda m\u00e4sterskapsmatch i hela sin thaiboxningskarri\u00e4r, \u00e5kte p\u00e5 en ot\u00e4ck snurrarmb\u00e5ge och f\u00f6ll i golvet. Det var ett grymt s\u00e4tt att f\u00f6rlora p\u00e5. Och jag lider med henne.<\/p><br>","protected":false},"author":7,"featured_media":36105,"comment_status":"open","ping_status":"open","sticky":false,"template":"","format":"standard","meta":{"_acf_changed":false,"footnotes":""},"categories":[179],"tags":[],"class_list":["post-72605","post","type-post","status-publish","format-standard","has-post-thumbnail","hentry","category-kronika"],"acf":[],"yoast_head":"<!-- This site is optimized with the Yoast SEO plugin v26.8 - https:\/\/yoast.com\/product\/yoast-seo-wordpress\/ -->\n<title>En epok tog slut i Cancun i g\u00e5r kv\u00e4ll - Svenska Budo &amp; Kampsportsf\u00f6rbundet<\/title>\n<meta name=\"description\" content=\"Det finns f\u00f6rluster. Och s\u00e5 finns det f\u00f6rluster. Som det brukar heta. Patricia Axling, som fram till i g\u00e5r inte f\u00f6rlorat en enda m\u00e4sterskapsmatch i hela sin thaiboxningskarri\u00e4r, \u00e5kte p\u00e5 en ot\u00e4ck snurrarmb\u00e5ge och f\u00f6ll i golvet. Det var ett grymt s\u00e4tt att f\u00f6rlora p\u00e5. Och jag lider med henne.\" \/>\n<meta name=\"robots\" content=\"index, follow, max-snippet:-1, max-image-preview:large, max-video-preview:-1\" \/>\n<link rel=\"canonical\" href=\"https:\/\/www.budokampsport.se\/2018\/05\/17\/en-epok-tog-slut-cancun-gar-kvall\/\" \/>\n<meta property=\"og:locale\" content=\"sv_SE\" \/>\n<meta property=\"og:type\" content=\"article\" \/>\n<meta property=\"og:title\" content=\"En epok tog slut i Cancun i g\u00e5r kv\u00e4ll - Svenska Budo &amp; Kampsportsf\u00f6rbundet\" \/>\n<meta property=\"og:description\" content=\"Det finns f\u00f6rluster. Och s\u00e5 finns det f\u00f6rluster. Som det brukar heta. Patricia Axling, som fram till i g\u00e5r inte f\u00f6rlorat en enda m\u00e4sterskapsmatch i hela sin thaiboxningskarri\u00e4r, \u00e5kte p\u00e5 en ot\u00e4ck snurrarmb\u00e5ge och f\u00f6ll i golvet. Det var ett grymt s\u00e4tt att f\u00f6rlora p\u00e5. Och jag lider med henne.\" \/>\n<meta property=\"og:url\" content=\"https:\/\/www.budokampsport.se\/2018\/05\/17\/en-epok-tog-slut-cancun-gar-kvall\/\" \/>\n<meta property=\"og:site_name\" content=\"Svenska Budo &amp; Kampsportsf\u00f6rbundet\" \/>\n<meta property=\"article:author\" content=\"https:\/\/www.facebook.com\/jonathan.broberg.7\" \/>\n<meta property=\"article:published_time\" content=\"2018-05-17T08:55:53+00:00\" \/>\n<meta property=\"article:modified_time\" content=\"2018-05-17T14:56:52+00:00\" \/>\n<meta property=\"og:image\" content=\"https:\/\/www.budokampsport.se\/wp-content\/uploads\/2016\/12\/jonathan.broberg-1.jpg\" \/>\n\t<meta property=\"og:image:width\" content=\"850\" \/>\n\t<meta property=\"og:image:height\" content=\"500\" \/>\n\t<meta property=\"og:image:type\" content=\"image\/jpeg\" \/>\n<meta name=\"author\" content=\"Jonathan Broberg\" \/>\n<meta name=\"twitter:card\" content=\"summary_large_image\" \/>\n<meta name=\"twitter:label1\" content=\"Skriven av\" \/>\n\t<meta name=\"twitter:data1\" content=\"Jonathan Broberg\" \/>\n\t<meta name=\"twitter:label2\" content=\"Ber\u00e4knad l\u00e4stid\" \/>\n\t<meta name=\"twitter:data2\" content=\"3 minuter\" \/>\n<script type=\"application\/ld+json\" class=\"yoast-schema-graph\">{\"@context\":\"https:\/\/schema.org\",\"@graph\":[{\"@type\":\"Article\",\"@id\":\"https:\/\/www.budokampsport.se\/2018\/05\/17\/en-epok-tog-slut-cancun-gar-kvall\/#article\",\"isPartOf\":{\"@id\":\"https:\/\/www.budokampsport.se\/2018\/05\/17\/en-epok-tog-slut-cancun-gar-kvall\/\"},\"author\":{\"name\":\"Jonathan Broberg\",\"@id\":\"https:\/\/www.budokampsport.se\/#\/schema\/person\/5c06d81d14850e2a8ce5493386560145\"},\"headline\":\"En epok tog slut i Cancun i g\u00e5r kv\u00e4ll\",\"datePublished\":\"2018-05-17T08:55:53+00:00\",\"dateModified\":\"2018-05-17T14:56:52+00:00\",\"mainEntityOfPage\":{\"@id\":\"https:\/\/www.budokampsport.se\/2018\/05\/17\/en-epok-tog-slut-cancun-gar-kvall\/\"},\"wordCount\":512,\"commentCount\":2,\"image\":{\"@id\":\"https:\/\/www.budokampsport.se\/2018\/05\/17\/en-epok-tog-slut-cancun-gar-kvall\/#primaryimage\"},\"thumbnailUrl\":\"https:\/\/www.budokampsport.se\/wp-content\/uploads\/2016\/12\/jonathan.broberg-1.jpg\",\"articleSection\":[\"Kr\u00f6nika\"],\"inLanguage\":\"sv-SE\",\"potentialAction\":[{\"@type\":\"CommentAction\",\"name\":\"Comment\",\"target\":[\"https:\/\/www.budokampsport.se\/2018\/05\/17\/en-epok-tog-slut-cancun-gar-kvall\/#respond\"]}]},{\"@type\":\"WebPage\",\"@id\":\"https:\/\/www.budokampsport.se\/2018\/05\/17\/en-epok-tog-slut-cancun-gar-kvall\/\",\"url\":\"https:\/\/www.budokampsport.se\/2018\/05\/17\/en-epok-tog-slut-cancun-gar-kvall\/\",\"name\":\"En epok tog slut i Cancun i g\u00e5r kv\u00e4ll - Svenska Budo &amp; Kampsportsf\u00f6rbundet\",\"isPartOf\":{\"@id\":\"https:\/\/www.budokampsport.se\/#website\"},\"primaryImageOfPage\":{\"@id\":\"https:\/\/www.budokampsport.se\/2018\/05\/17\/en-epok-tog-slut-cancun-gar-kvall\/#primaryimage\"},\"image\":{\"@id\":\"https:\/\/www.budokampsport.se\/2018\/05\/17\/en-epok-tog-slut-cancun-gar-kvall\/#primaryimage\"},\"thumbnailUrl\":\"https:\/\/www.budokampsport.se\/wp-content\/uploads\/2016\/12\/jonathan.broberg-1.jpg\",\"datePublished\":\"2018-05-17T08:55:53+00:00\",\"dateModified\":\"2018-05-17T14:56:52+00:00\",\"author\":{\"@id\":\"https:\/\/www.budokampsport.se\/#\/schema\/person\/5c06d81d14850e2a8ce5493386560145\"},\"description\":\"Det finns f\u00f6rluster. Och s\u00e5 finns det f\u00f6rluster. Som det brukar heta. Patricia Axling, som fram till i g\u00e5r inte f\u00f6rlorat en enda m\u00e4sterskapsmatch i hela sin thaiboxningskarri\u00e4r, \u00e5kte p\u00e5 en ot\u00e4ck snurrarmb\u00e5ge och f\u00f6ll i golvet. Det var ett grymt s\u00e4tt att f\u00f6rlora p\u00e5. Och jag lider med henne.\",\"breadcrumb\":{\"@id\":\"https:\/\/www.budokampsport.se\/2018\/05\/17\/en-epok-tog-slut-cancun-gar-kvall\/#breadcrumb\"},\"inLanguage\":\"sv-SE\",\"potentialAction\":[{\"@type\":\"ReadAction\",\"target\":[\"https:\/\/www.budokampsport.se\/2018\/05\/17\/en-epok-tog-slut-cancun-gar-kvall\/\"]}]},{\"@type\":\"ImageObject\",\"inLanguage\":\"sv-SE\",\"@id\":\"https:\/\/www.budokampsport.se\/2018\/05\/17\/en-epok-tog-slut-cancun-gar-kvall\/#primaryimage\",\"url\":\"https:\/\/www.budokampsport.se\/wp-content\/uploads\/2016\/12\/jonathan.broberg-1.jpg\",\"contentUrl\":\"https:\/\/www.budokampsport.se\/wp-content\/uploads\/2016\/12\/jonathan.broberg-1.jpg\",\"width\":850,\"height\":500,\"caption\":\"Foto: Hamid Ershad Sarabi\"},{\"@type\":\"BreadcrumbList\",\"@id\":\"https:\/\/www.budokampsport.se\/2018\/05\/17\/en-epok-tog-slut-cancun-gar-kvall\/#breadcrumb\",\"itemListElement\":[{\"@type\":\"ListItem\",\"position\":1,\"name\":\"Hem\",\"item\":\"https:\/\/www.budokampsport.se\/\"},{\"@type\":\"ListItem\",\"position\":2,\"name\":\"En epok tog slut i Cancun i g\u00e5r kv\u00e4ll\"}]},{\"@type\":\"WebSite\",\"@id\":\"https:\/\/www.budokampsport.se\/#website\",\"url\":\"https:\/\/www.budokampsport.se\/\",\"name\":\"Svenska Budo &amp; Kampsportsf\u00f6rbundet\",\"description\":\"T\u00e4vling, Tr\u00e4ning, Tradition\",\"potentialAction\":[{\"@type\":\"SearchAction\",\"target\":{\"@type\":\"EntryPoint\",\"urlTemplate\":\"https:\/\/www.budokampsport.se\/?s={search_term_string}\"},\"query-input\":{\"@type\":\"PropertyValueSpecification\",\"valueRequired\":true,\"valueName\":\"search_term_string\"}}],\"inLanguage\":\"sv-SE\"},{\"@type\":\"Person\",\"@id\":\"https:\/\/www.budokampsport.se\/#\/schema\/person\/5c06d81d14850e2a8ce5493386560145\",\"name\":\"Jonathan Broberg\",\"image\":{\"@type\":\"ImageObject\",\"inLanguage\":\"sv-SE\",\"@id\":\"https:\/\/www.budokampsport.se\/#\/schema\/person\/image\/\",\"url\":\"https:\/\/secure.gravatar.com\/avatar\/a58041c6cea9128bd9c40ee2f26d4136?s=96&d=blank&r=g\",\"contentUrl\":\"https:\/\/secure.gravatar.com\/avatar\/a58041c6cea9128bd9c40ee2f26d4136?s=96&d=blank&r=g\",\"caption\":\"Jonathan Broberg\"},\"sameAs\":[\"https:\/\/www.facebook.com\/jonathan.broberg.7\"],\"url\":\"https:\/\/www.budokampsport.se\/author\/jonathan\/\"}]}<\/script>\n<!-- \/ Yoast SEO plugin. -->","yoast_head_json":{"title":"En epok tog slut i Cancun i g\u00e5r kv\u00e4ll - Svenska Budo &amp; Kampsportsf\u00f6rbundet","description":"Det finns f\u00f6rluster. Och s\u00e5 finns det f\u00f6rluster. Som det brukar heta. Patricia Axling, som fram till i g\u00e5r inte f\u00f6rlorat en enda m\u00e4sterskapsmatch i hela sin thaiboxningskarri\u00e4r, \u00e5kte p\u00e5 en ot\u00e4ck snurrarmb\u00e5ge och f\u00f6ll i golvet. Det var ett grymt s\u00e4tt att f\u00f6rlora p\u00e5. Och jag lider med henne.","robots":{"index":"index","follow":"follow","max-snippet":"max-snippet:-1","max-image-preview":"max-image-preview:large","max-video-preview":"max-video-preview:-1"},"canonical":"https:\/\/www.budokampsport.se\/2018\/05\/17\/en-epok-tog-slut-cancun-gar-kvall\/","og_locale":"sv_SE","og_type":"article","og_title":"En epok tog slut i Cancun i g\u00e5r kv\u00e4ll - Svenska Budo &amp; Kampsportsf\u00f6rbundet","og_description":"Det finns f\u00f6rluster. Och s\u00e5 finns det f\u00f6rluster. Som det brukar heta. Patricia Axling, som fram till i g\u00e5r inte f\u00f6rlorat en enda m\u00e4sterskapsmatch i hela sin thaiboxningskarri\u00e4r, \u00e5kte p\u00e5 en ot\u00e4ck snurrarmb\u00e5ge och f\u00f6ll i golvet. Det var ett grymt s\u00e4tt att f\u00f6rlora p\u00e5. Och jag lider med henne.","og_url":"https:\/\/www.budokampsport.se\/2018\/05\/17\/en-epok-tog-slut-cancun-gar-kvall\/","og_site_name":"Svenska Budo &amp; Kampsportsf\u00f6rbundet","article_author":"https:\/\/www.facebook.com\/jonathan.broberg.7","article_published_time":"2018-05-17T08:55:53+00:00","article_modified_time":"2018-05-17T14:56:52+00:00","og_image":[{"width":850,"height":500,"url":"https:\/\/www.budokampsport.se\/wp-content\/uploads\/2016\/12\/jonathan.broberg-1.jpg","type":"image\/jpeg"}],"author":"Jonathan Broberg","twitter_card":"summary_large_image","twitter_misc":{"Skriven av":"Jonathan Broberg","Ber\u00e4knad l\u00e4stid":"3 minuter"},"schema":{"@context":"https:\/\/schema.org","@graph":[{"@type":"Article","@id":"https:\/\/www.budokampsport.se\/2018\/05\/17\/en-epok-tog-slut-cancun-gar-kvall\/#article","isPartOf":{"@id":"https:\/\/www.budokampsport.se\/2018\/05\/17\/en-epok-tog-slut-cancun-gar-kvall\/"},"author":{"name":"Jonathan Broberg","@id":"https:\/\/www.budokampsport.se\/#\/schema\/person\/5c06d81d14850e2a8ce5493386560145"},"headline":"En epok tog slut i Cancun i g\u00e5r kv\u00e4ll","datePublished":"2018-05-17T08:55:53+00:00","dateModified":"2018-05-17T14:56:52+00:00","mainEntityOfPage":{"@id":"https:\/\/www.budokampsport.se\/2018\/05\/17\/en-epok-tog-slut-cancun-gar-kvall\/"},"wordCount":512,"commentCount":2,"image":{"@id":"https:\/\/www.budokampsport.se\/2018\/05\/17\/en-epok-tog-slut-cancun-gar-kvall\/#primaryimage"},"thumbnailUrl":"https:\/\/www.budokampsport.se\/wp-content\/uploads\/2016\/12\/jonathan.broberg-1.jpg","articleSection":["Kr\u00f6nika"],"inLanguage":"sv-SE","potentialAction":[{"@type":"CommentAction","name":"Comment","target":["https:\/\/www.budokampsport.se\/2018\/05\/17\/en-epok-tog-slut-cancun-gar-kvall\/#respond"]}]},{"@type":"WebPage","@id":"https:\/\/www.budokampsport.se\/2018\/05\/17\/en-epok-tog-slut-cancun-gar-kvall\/","url":"https:\/\/www.budokampsport.se\/2018\/05\/17\/en-epok-tog-slut-cancun-gar-kvall\/","name":"En epok tog slut i Cancun i g\u00e5r kv\u00e4ll - Svenska Budo &amp; Kampsportsf\u00f6rbundet","isPartOf":{"@id":"https:\/\/www.budokampsport.se\/#website"},"primaryImageOfPage":{"@id":"https:\/\/www.budokampsport.se\/2018\/05\/17\/en-epok-tog-slut-cancun-gar-kvall\/#primaryimage"},"image":{"@id":"https:\/\/www.budokampsport.se\/2018\/05\/17\/en-epok-tog-slut-cancun-gar-kvall\/#primaryimage"},"thumbnailUrl":"https:\/\/www.budokampsport.se\/wp-content\/uploads\/2016\/12\/jonathan.broberg-1.jpg","datePublished":"2018-05-17T08:55:53+00:00","dateModified":"2018-05-17T14:56:52+00:00","author":{"@id":"https:\/\/www.budokampsport.se\/#\/schema\/person\/5c06d81d14850e2a8ce5493386560145"},"description":"Det finns f\u00f6rluster. Och s\u00e5 finns det f\u00f6rluster. Som det brukar heta. Patricia Axling, som fram till i g\u00e5r inte f\u00f6rlorat en enda m\u00e4sterskapsmatch i hela sin thaiboxningskarri\u00e4r, \u00e5kte p\u00e5 en ot\u00e4ck snurrarmb\u00e5ge och f\u00f6ll i golvet. Det var ett grymt s\u00e4tt att f\u00f6rlora p\u00e5. Och jag lider med henne.","breadcrumb":{"@id":"https:\/\/www.budokampsport.se\/2018\/05\/17\/en-epok-tog-slut-cancun-gar-kvall\/#breadcrumb"},"inLanguage":"sv-SE","potentialAction":[{"@type":"ReadAction","target":["https:\/\/www.budokampsport.se\/2018\/05\/17\/en-epok-tog-slut-cancun-gar-kvall\/"]}]},{"@type":"ImageObject","inLanguage":"sv-SE","@id":"https:\/\/www.budokampsport.se\/2018\/05\/17\/en-epok-tog-slut-cancun-gar-kvall\/#primaryimage","url":"https:\/\/www.budokampsport.se\/wp-content\/uploads\/2016\/12\/jonathan.broberg-1.jpg","contentUrl":"https:\/\/www.budokampsport.se\/wp-content\/uploads\/2016\/12\/jonathan.broberg-1.jpg","width":850,"height":500,"caption":"Foto: Hamid Ershad Sarabi"},{"@type":"BreadcrumbList","@id":"https:\/\/www.budokampsport.se\/2018\/05\/17\/en-epok-tog-slut-cancun-gar-kvall\/#breadcrumb","itemListElement":[{"@type":"ListItem","position":1,"name":"Hem","item":"https:\/\/www.budokampsport.se\/"},{"@type":"ListItem","position":2,"name":"En epok tog slut i Cancun i g\u00e5r kv\u00e4ll"}]},{"@type":"WebSite","@id":"https:\/\/www.budokampsport.se\/#website","url":"https:\/\/www.budokampsport.se\/","name":"Svenska Budo &amp; Kampsportsf\u00f6rbundet","description":"T\u00e4vling, Tr\u00e4ning, Tradition","potentialAction":[{"@type":"SearchAction","target":{"@type":"EntryPoint","urlTemplate":"https:\/\/www.budokampsport.se\/?s={search_term_string}"},"query-input":{"@type":"PropertyValueSpecification","valueRequired":true,"valueName":"search_term_string"}}],"inLanguage":"sv-SE"},{"@type":"Person","@id":"https:\/\/www.budokampsport.se\/#\/schema\/person\/5c06d81d14850e2a8ce5493386560145","name":"Jonathan Broberg","image":{"@type":"ImageObject","inLanguage":"sv-SE","@id":"https:\/\/www.budokampsport.se\/#\/schema\/person\/image\/","url":"https:\/\/secure.gravatar.com\/avatar\/a58041c6cea9128bd9c40ee2f26d4136?s=96&d=blank&r=g","contentUrl":"https:\/\/secure.gravatar.com\/avatar\/a58041c6cea9128bd9c40ee2f26d4136?s=96&d=blank&r=g","caption":"Jonathan Broberg"},"sameAs":["https:\/\/www.facebook.com\/jonathan.broberg.7"],"url":"https:\/\/www.budokampsport.se\/author\/jonathan\/"}]}},"_links":{"self":[{"href":"https:\/\/www.budokampsport.se\/api\/wp\/v2\/posts\/72605","targetHints":{"allow":["GET"]}}],"collection":[{"href":"https:\/\/www.budokampsport.se\/api\/wp\/v2\/posts"}],"about":[{"href":"https:\/\/www.budokampsport.se\/api\/wp\/v2\/types\/post"}],"author":[{"embeddable":true,"href":"https:\/\/www.budokampsport.se\/api\/wp\/v2\/users\/7"}],"replies":[{"embeddable":true,"href":"https:\/\/www.budokampsport.se\/api\/wp\/v2\/comments?post=72605"}],"version-history":[{"count":0,"href":"https:\/\/www.budokampsport.se\/api\/wp\/v2\/posts\/72605\/revisions"}],"wp:featuredmedia":[{"embeddable":true,"href":"https:\/\/www.budokampsport.se\/api\/wp\/v2\/media\/36105"}],"wp:attachment":[{"href":"https:\/\/www.budokampsport.se\/api\/wp\/v2\/media?parent=72605"}],"wp:term":[{"taxonomy":"category","embeddable":true,"href":"https:\/\/www.budokampsport.se\/api\/wp\/v2\/categories?post=72605"},{"taxonomy":"post_tag","embeddable":true,"href":"https:\/\/www.budokampsport.se\/api\/wp\/v2\/tags?post=72605"}],"curies":[{"name":"wp","href":"https:\/\/api.w.org\/{rel}","templated":true}]}}