{"id":72668,"date":"2018-05-19T01:45:19","date_gmt":"2018-05-18T23:45:19","guid":{"rendered":"http:\/\/www.budokampsport.se\/?p=72668"},"modified":"2018-05-19T01:45:19","modified_gmt":"2018-05-18T23:45:19","slug":"angela-mamic-tog-vm-silver","status":"publish","type":"post","link":"https:\/\/www.budokampsport.se\/2018\/05\/19\/angela-mamic-tog-vm-silver\/","title":{"rendered":"Angela Mamic tog VM-silver"},"content":{"rendered":"<p style=\"text-align: left;\"><strong>Angela Mamic blev stoppad av kroatiska \u00a0Helena Jurisic i jakten p\u00e5 ett efterl\u00e4ngtat VM-guld.<\/strong><\/p>\n<p><span style=\"font-size: large;\">Angela Mamic har sedan tidigare tv\u00e5 VM-silver och klev in i dagens final med f\u00f6rhoppningar om ett guld.<\/span><br \/>\n<span style=\"font-size: 14pt;\"> &#8211; Det \u00e4r klart att jag \u00e4r besviken men min motst\u00e5ndare har g\u00e5tt \u00f6ver 200 matcher och jag f\u00e5r se det som en erfarenhet. Det \u00e4r mitt tredje VM-silver och det \u00e4r bara att komma tillbaka starkare, det ska inte vara l\u00e4tt att vinna VM, s\u00e4ger Angela Mamic till budokampsport.se<\/span><\/p>\n<p>Angela Mamic imponerade p\u00e5 resan mot VM-finalplatsen, i semifinalen besegrade hon turkiskan Tugce Akkus efter tre ronder av m\u00e5lmedveten boxning.<br \/>\nI VM-finalen m\u00f6tte svenskan Helena Jurisic fr\u00e5n Kroatien. Angela klev in i matchen med beslutsamhet, hon levererade tunga raka slag mot kroatiskan som uppfattade Angelas kraft och backade n\u00e5gra steg mot ringrepen. Med respekt f\u00f6r Angelas farliga jabb v\u00e4ljer Jurisic att utnyttja sitt l\u00e4ngd\u00f6vertag och l\u00e5ter svenskan jobba p\u00e5 distans genom att stoppa Angela med frontsparkar mot b\u00e5de kropp och huvud. Angela hade sv\u00e5rt att komma n\u00e4ra inp\u00e5 kroatiskan och f\u00e5 utdelning av sina skarpa slagkombinationer och vassa kn\u00e4n. I den tredje ronden beh\u00f6vde Angela, som l\u00e5g under med siffrorna 20-18, f\u00f6rs\u00f6ka knocka Jurisic och fick in ett bra f\u00f6rs\u00f6k som skakade kroatiskan som dock kontrade och f\u00f6ljde upp med att \u00e4nnu en g\u00e5ng ta ut distansen. Jurisic vann slutligen finalen och Angela tog d\u00e4rmed sitt tredje VM-silver.<\/p>\n<p><strong>Ytterligare tre svenskor vidare till VM-final<br \/>\n<\/strong>Sverige tog \u00e4ven ytterligare tre finalplatser efter dagens semifinalpass,\u00a0Josefine Lindgren Knutsson vann \u00f6ver fransyskan Juliette Lacroix, Erica Bj\u00f6rnestrand utklassade colombianska Sabina Mazo, en match som fick brytas i b\u00f6rjan p\u00e5 tredje ronden. \u00c4ven regerande v\u00e4rldsm\u00e4starinnan Sofia Olofsson kliver in i VM-final under morgondagen.<\/p>\n<p>Sedan tidigare \u00e4r \u00e4ven\u00a022-\u00e5rige Constantino Nanga finalklar, vinner han blir han den f\u00f6rsta svensk p\u00e5 herrsidan att ta ett VM-guld sen 2005.<br \/>\n<em>Matcherna streamas live via det Internationella Muay Thai F\u00f6rbundets Youtube-kanal <strong><a href=\"https:\/\/www.youtube.com\/channel\/UCJfoE7xvY5TSee7WOh2sMbw\">h\u00e4r:<\/a><\/strong><\/em><\/p>\n<p><strong>L\u00f6rdagens VM-finalister<\/strong><br \/>\nSofia Olofsson, Odenplan Fightgym IF, -54 kg<br \/>\nConstantino Nanga, Allstars Kampsportsf\u00f6rening, -81 kg<br \/>\nJosefine Lindgren Knutsson, Allstars Kampsportsf\u00f6rening, -51 kg<br \/>\nErica Bj\u00f6rnestrand, \u00d6resunds Muay Thai Camp IF, -63,5 kg<\/p>\n<p>Text &amp; foto: Annie Bondefelt<\/p>\n","protected":false},"excerpt":{"rendered":"<p>Angela Mamic blev stoppad av kroatiska \u00a0Helena Jurisic i jakten [&#8230;]<\/p><br>","protected":false},"author":120,"featured_media":72765,"comment_status":"open","ping_status":"open","sticky":false,"template":"","format":"standard","meta":{"_acf_changed":false,"footnotes":""},"categories":[1],"tags":[],"class_list":["post-72668","post","type-post","status-publish","format-standard","has-post-thumbnail","hentry","category-okategoriserade"],"acf":[],"yoast_head":"<!-- This site is optimized with the Yoast SEO plugin v26.8 - https:\/\/yoast.com\/product\/yoast-seo-wordpress\/ -->\n<title>Angela Mamic tog VM-silver - Svenska Budo &amp; Kampsportsf\u00f6rbundet<\/title>\n<meta name=\"description\" content=\"Angela Mamic blev stoppad av kroatiska \u00a0Helena Jurisic i jakten p\u00e5 ett efterl\u00e4ngtat VM-guld. Angela Mamic har sedan tidigare tv\u00e5 VM-silver och klev in i\" \/>\n<meta name=\"robots\" content=\"index, follow, max-snippet:-1, max-image-preview:large, max-video-preview:-1\" \/>\n<link rel=\"canonical\" href=\"https:\/\/www.budokampsport.se\/2018\/05\/19\/angela-mamic-tog-vm-silver\/\" \/>\n<meta property=\"og:locale\" content=\"sv_SE\" \/>\n<meta property=\"og:type\" content=\"article\" \/>\n<meta property=\"og:title\" content=\"Angela Mamic tog VM-silver - Svenska Budo &amp; Kampsportsf\u00f6rbundet\" \/>\n<meta property=\"og:description\" content=\"Angela Mamic blev stoppad av kroatiska \u00a0Helena Jurisic i jakten p\u00e5 ett efterl\u00e4ngtat VM-guld. Angela Mamic har sedan tidigare tv\u00e5 VM-silver och klev in i\" \/>\n<meta property=\"og:url\" content=\"https:\/\/www.budokampsport.se\/2018\/05\/19\/angela-mamic-tog-vm-silver\/\" \/>\n<meta property=\"og:site_name\" content=\"Svenska Budo &amp; Kampsportsf\u00f6rbundet\" \/>\n<meta property=\"article:published_time\" content=\"2018-05-18T23:45:19+00:00\" \/>\n<meta property=\"og:image\" content=\"https:\/\/www.budokampsport.se\/wp-content\/uploads\/2018\/05\/VM-silver-Angela-Mamic-2-e1624887633782.jpg\" \/>\n\t<meta property=\"og:image:width\" content=\"850\" \/>\n\t<meta property=\"og:image:height\" content=\"563\" \/>\n\t<meta property=\"og:image:type\" content=\"image\/jpeg\" \/>\n<meta name=\"author\" content=\"Annie Carriage\" \/>\n<meta name=\"twitter:card\" content=\"summary_large_image\" \/>\n<meta name=\"twitter:label1\" content=\"Skriven av\" \/>\n\t<meta name=\"twitter:data1\" content=\"Annie Carriage\" \/>\n\t<meta name=\"twitter:label2\" content=\"Ber\u00e4knad l\u00e4stid\" \/>\n\t<meta name=\"twitter:data2\" content=\"2 minuter\" \/>\n<script type=\"application\/ld+json\" class=\"yoast-schema-graph\">{\"@context\":\"https:\/\/schema.org\",\"@graph\":[{\"@type\":\"Article\",\"@id\":\"https:\/\/www.budokampsport.se\/2018\/05\/19\/angela-mamic-tog-vm-silver\/#article\",\"isPartOf\":{\"@id\":\"https:\/\/www.budokampsport.se\/2018\/05\/19\/angela-mamic-tog-vm-silver\/\"},\"author\":{\"name\":\"Annie Carriage\",\"@id\":\"https:\/\/www.budokampsport.se\/#\/schema\/person\/c838cace8171f692e363fde3f38f208b\"},\"headline\":\"Angela Mamic tog VM-silver\",\"datePublished\":\"2018-05-18T23:45:19+00:00\",\"mainEntityOfPage\":{\"@id\":\"https:\/\/www.budokampsport.se\/2018\/05\/19\/angela-mamic-tog-vm-silver\/\"},\"wordCount\":394,\"commentCount\":0,\"image\":{\"@id\":\"https:\/\/www.budokampsport.se\/2018\/05\/19\/angela-mamic-tog-vm-silver\/#primaryimage\"},\"thumbnailUrl\":\"https:\/\/www.budokampsport.se\/wp-content\/uploads\/2018\/05\/VM-silver-Angela-Mamic-2-e1624887633782.jpg\",\"inLanguage\":\"sv-SE\",\"potentialAction\":[{\"@type\":\"CommentAction\",\"name\":\"Comment\",\"target\":[\"https:\/\/www.budokampsport.se\/2018\/05\/19\/angela-mamic-tog-vm-silver\/#respond\"]}]},{\"@type\":\"WebPage\",\"@id\":\"https:\/\/www.budokampsport.se\/2018\/05\/19\/angela-mamic-tog-vm-silver\/\",\"url\":\"https:\/\/www.budokampsport.se\/2018\/05\/19\/angela-mamic-tog-vm-silver\/\",\"name\":\"Angela Mamic tog VM-silver - Svenska Budo &amp; Kampsportsf\u00f6rbundet\",\"isPartOf\":{\"@id\":\"https:\/\/www.budokampsport.se\/#website\"},\"primaryImageOfPage\":{\"@id\":\"https:\/\/www.budokampsport.se\/2018\/05\/19\/angela-mamic-tog-vm-silver\/#primaryimage\"},\"image\":{\"@id\":\"https:\/\/www.budokampsport.se\/2018\/05\/19\/angela-mamic-tog-vm-silver\/#primaryimage\"},\"thumbnailUrl\":\"https:\/\/www.budokampsport.se\/wp-content\/uploads\/2018\/05\/VM-silver-Angela-Mamic-2-e1624887633782.jpg\",\"datePublished\":\"2018-05-18T23:45:19+00:00\",\"author\":{\"@id\":\"https:\/\/www.budokampsport.se\/#\/schema\/person\/c838cace8171f692e363fde3f38f208b\"},\"description\":\"Angela Mamic blev stoppad av kroatiska \u00a0Helena Jurisic i jakten p\u00e5 ett efterl\u00e4ngtat VM-guld. Angela Mamic har sedan tidigare tv\u00e5 VM-silver och klev in i\",\"breadcrumb\":{\"@id\":\"https:\/\/www.budokampsport.se\/2018\/05\/19\/angela-mamic-tog-vm-silver\/#breadcrumb\"},\"inLanguage\":\"sv-SE\",\"potentialAction\":[{\"@type\":\"ReadAction\",\"target\":[\"https:\/\/www.budokampsport.se\/2018\/05\/19\/angela-mamic-tog-vm-silver\/\"]}]},{\"@type\":\"ImageObject\",\"inLanguage\":\"sv-SE\",\"@id\":\"https:\/\/www.budokampsport.se\/2018\/05\/19\/angela-mamic-tog-vm-silver\/#primaryimage\",\"url\":\"https:\/\/www.budokampsport.se\/wp-content\/uploads\/2018\/05\/VM-silver-Angela-Mamic-2-e1624887633782.jpg\",\"contentUrl\":\"https:\/\/www.budokampsport.se\/wp-content\/uploads\/2018\/05\/VM-silver-Angela-Mamic-2-e1624887633782.jpg\",\"width\":850,\"height\":563},{\"@type\":\"BreadcrumbList\",\"@id\":\"https:\/\/www.budokampsport.se\/2018\/05\/19\/angela-mamic-tog-vm-silver\/#breadcrumb\",\"itemListElement\":[{\"@type\":\"ListItem\",\"position\":1,\"name\":\"Hem\",\"item\":\"https:\/\/www.budokampsport.se\/\"},{\"@type\":\"ListItem\",\"position\":2,\"name\":\"Angela Mamic tog VM-silver\"}]},{\"@type\":\"WebSite\",\"@id\":\"https:\/\/www.budokampsport.se\/#website\",\"url\":\"https:\/\/www.budokampsport.se\/\",\"name\":\"Svenska Budo &amp; Kampsportsf\u00f6rbundet\",\"description\":\"T\u00e4vling, Tr\u00e4ning, Tradition\",\"potentialAction\":[{\"@type\":\"SearchAction\",\"target\":{\"@type\":\"EntryPoint\",\"urlTemplate\":\"https:\/\/www.budokampsport.se\/?s={search_term_string}\"},\"query-input\":{\"@type\":\"PropertyValueSpecification\",\"valueRequired\":true,\"valueName\":\"search_term_string\"}}],\"inLanguage\":\"sv-SE\"},{\"@type\":\"Person\",\"@id\":\"https:\/\/www.budokampsport.se\/#\/schema\/person\/c838cace8171f692e363fde3f38f208b\",\"name\":\"Annie Carriage\",\"image\":{\"@type\":\"ImageObject\",\"inLanguage\":\"sv-SE\",\"@id\":\"https:\/\/www.budokampsport.se\/#\/schema\/person\/image\/\",\"url\":\"https:\/\/secure.gravatar.com\/avatar\/9311295560bdfbdf78365a26f7df1876?s=96&d=blank&r=g\",\"contentUrl\":\"https:\/\/secure.gravatar.com\/avatar\/9311295560bdfbdf78365a26f7df1876?s=96&d=blank&r=g\",\"caption\":\"Annie Carriage\"},\"url\":\"https:\/\/www.budokampsport.se\/author\/annie-bondefelt\/\"}]}<\/script>\n<!-- \/ Yoast SEO plugin. -->","yoast_head_json":{"title":"Angela Mamic tog VM-silver - Svenska Budo &amp; Kampsportsf\u00f6rbundet","description":"Angela Mamic blev stoppad av kroatiska \u00a0Helena Jurisic i jakten p\u00e5 ett efterl\u00e4ngtat VM-guld. Angela Mamic har sedan tidigare tv\u00e5 VM-silver och klev in i","robots":{"index":"index","follow":"follow","max-snippet":"max-snippet:-1","max-image-preview":"max-image-preview:large","max-video-preview":"max-video-preview:-1"},"canonical":"https:\/\/www.budokampsport.se\/2018\/05\/19\/angela-mamic-tog-vm-silver\/","og_locale":"sv_SE","og_type":"article","og_title":"Angela Mamic tog VM-silver - Svenska Budo &amp; Kampsportsf\u00f6rbundet","og_description":"Angela Mamic blev stoppad av kroatiska \u00a0Helena Jurisic i jakten p\u00e5 ett efterl\u00e4ngtat VM-guld. Angela Mamic har sedan tidigare tv\u00e5 VM-silver och klev in i","og_url":"https:\/\/www.budokampsport.se\/2018\/05\/19\/angela-mamic-tog-vm-silver\/","og_site_name":"Svenska Budo &amp; Kampsportsf\u00f6rbundet","article_published_time":"2018-05-18T23:45:19+00:00","og_image":[{"width":850,"height":563,"url":"https:\/\/www.budokampsport.se\/wp-content\/uploads\/2018\/05\/VM-silver-Angela-Mamic-2-e1624887633782.jpg","type":"image\/jpeg"}],"author":"Annie Carriage","twitter_card":"summary_large_image","twitter_misc":{"Skriven av":"Annie Carriage","Ber\u00e4knad l\u00e4stid":"2 minuter"},"schema":{"@context":"https:\/\/schema.org","@graph":[{"@type":"Article","@id":"https:\/\/www.budokampsport.se\/2018\/05\/19\/angela-mamic-tog-vm-silver\/#article","isPartOf":{"@id":"https:\/\/www.budokampsport.se\/2018\/05\/19\/angela-mamic-tog-vm-silver\/"},"author":{"name":"Annie Carriage","@id":"https:\/\/www.budokampsport.se\/#\/schema\/person\/c838cace8171f692e363fde3f38f208b"},"headline":"Angela Mamic tog VM-silver","datePublished":"2018-05-18T23:45:19+00:00","mainEntityOfPage":{"@id":"https:\/\/www.budokampsport.se\/2018\/05\/19\/angela-mamic-tog-vm-silver\/"},"wordCount":394,"commentCount":0,"image":{"@id":"https:\/\/www.budokampsport.se\/2018\/05\/19\/angela-mamic-tog-vm-silver\/#primaryimage"},"thumbnailUrl":"https:\/\/www.budokampsport.se\/wp-content\/uploads\/2018\/05\/VM-silver-Angela-Mamic-2-e1624887633782.jpg","inLanguage":"sv-SE","potentialAction":[{"@type":"CommentAction","name":"Comment","target":["https:\/\/www.budokampsport.se\/2018\/05\/19\/angela-mamic-tog-vm-silver\/#respond"]}]},{"@type":"WebPage","@id":"https:\/\/www.budokampsport.se\/2018\/05\/19\/angela-mamic-tog-vm-silver\/","url":"https:\/\/www.budokampsport.se\/2018\/05\/19\/angela-mamic-tog-vm-silver\/","name":"Angela Mamic tog VM-silver - Svenska Budo &amp; Kampsportsf\u00f6rbundet","isPartOf":{"@id":"https:\/\/www.budokampsport.se\/#website"},"primaryImageOfPage":{"@id":"https:\/\/www.budokampsport.se\/2018\/05\/19\/angela-mamic-tog-vm-silver\/#primaryimage"},"image":{"@id":"https:\/\/www.budokampsport.se\/2018\/05\/19\/angela-mamic-tog-vm-silver\/#primaryimage"},"thumbnailUrl":"https:\/\/www.budokampsport.se\/wp-content\/uploads\/2018\/05\/VM-silver-Angela-Mamic-2-e1624887633782.jpg","datePublished":"2018-05-18T23:45:19+00:00","author":{"@id":"https:\/\/www.budokampsport.se\/#\/schema\/person\/c838cace8171f692e363fde3f38f208b"},"description":"Angela Mamic blev stoppad av kroatiska \u00a0Helena Jurisic i jakten p\u00e5 ett efterl\u00e4ngtat VM-guld. Angela Mamic har sedan tidigare tv\u00e5 VM-silver och klev in i","breadcrumb":{"@id":"https:\/\/www.budokampsport.se\/2018\/05\/19\/angela-mamic-tog-vm-silver\/#breadcrumb"},"inLanguage":"sv-SE","potentialAction":[{"@type":"ReadAction","target":["https:\/\/www.budokampsport.se\/2018\/05\/19\/angela-mamic-tog-vm-silver\/"]}]},{"@type":"ImageObject","inLanguage":"sv-SE","@id":"https:\/\/www.budokampsport.se\/2018\/05\/19\/angela-mamic-tog-vm-silver\/#primaryimage","url":"https:\/\/www.budokampsport.se\/wp-content\/uploads\/2018\/05\/VM-silver-Angela-Mamic-2-e1624887633782.jpg","contentUrl":"https:\/\/www.budokampsport.se\/wp-content\/uploads\/2018\/05\/VM-silver-Angela-Mamic-2-e1624887633782.jpg","width":850,"height":563},{"@type":"BreadcrumbList","@id":"https:\/\/www.budokampsport.se\/2018\/05\/19\/angela-mamic-tog-vm-silver\/#breadcrumb","itemListElement":[{"@type":"ListItem","position":1,"name":"Hem","item":"https:\/\/www.budokampsport.se\/"},{"@type":"ListItem","position":2,"name":"Angela Mamic tog VM-silver"}]},{"@type":"WebSite","@id":"https:\/\/www.budokampsport.se\/#website","url":"https:\/\/www.budokampsport.se\/","name":"Svenska Budo &amp; Kampsportsf\u00f6rbundet","description":"T\u00e4vling, Tr\u00e4ning, Tradition","potentialAction":[{"@type":"SearchAction","target":{"@type":"EntryPoint","urlTemplate":"https:\/\/www.budokampsport.se\/?s={search_term_string}"},"query-input":{"@type":"PropertyValueSpecification","valueRequired":true,"valueName":"search_term_string"}}],"inLanguage":"sv-SE"},{"@type":"Person","@id":"https:\/\/www.budokampsport.se\/#\/schema\/person\/c838cace8171f692e363fde3f38f208b","name":"Annie Carriage","image":{"@type":"ImageObject","inLanguage":"sv-SE","@id":"https:\/\/www.budokampsport.se\/#\/schema\/person\/image\/","url":"https:\/\/secure.gravatar.com\/avatar\/9311295560bdfbdf78365a26f7df1876?s=96&d=blank&r=g","contentUrl":"https:\/\/secure.gravatar.com\/avatar\/9311295560bdfbdf78365a26f7df1876?s=96&d=blank&r=g","caption":"Annie Carriage"},"url":"https:\/\/www.budokampsport.se\/author\/annie-bondefelt\/"}]}},"_links":{"self":[{"href":"https:\/\/www.budokampsport.se\/api\/wp\/v2\/posts\/72668","targetHints":{"allow":["GET"]}}],"collection":[{"href":"https:\/\/www.budokampsport.se\/api\/wp\/v2\/posts"}],"about":[{"href":"https:\/\/www.budokampsport.se\/api\/wp\/v2\/types\/post"}],"author":[{"embeddable":true,"href":"https:\/\/www.budokampsport.se\/api\/wp\/v2\/users\/120"}],"replies":[{"embeddable":true,"href":"https:\/\/www.budokampsport.se\/api\/wp\/v2\/comments?post=72668"}],"version-history":[{"count":0,"href":"https:\/\/www.budokampsport.se\/api\/wp\/v2\/posts\/72668\/revisions"}],"wp:featuredmedia":[{"embeddable":true,"href":"https:\/\/www.budokampsport.se\/api\/wp\/v2\/media\/72765"}],"wp:attachment":[{"href":"https:\/\/www.budokampsport.se\/api\/wp\/v2\/media?parent=72668"}],"wp:term":[{"taxonomy":"category","embeddable":true,"href":"https:\/\/www.budokampsport.se\/api\/wp\/v2\/categories?post=72668"},{"taxonomy":"post_tag","embeddable":true,"href":"https:\/\/www.budokampsport.se\/api\/wp\/v2\/tags?post=72668"}],"curies":[{"name":"wp","href":"https:\/\/api.w.org\/{rel}","templated":true}]}}