{"id":72777,"date":"2018-05-19T11:39:02","date_gmt":"2018-05-19T09:39:02","guid":{"rendered":"http:\/\/www.budokampsport.se\/?p=72777"},"modified":"2018-05-19T11:42:25","modified_gmt":"2018-05-19T09:42:25","slug":"helt-fantastiskt-2","status":"publish","type":"post","link":"https:\/\/www.budokampsport.se\/2018\/05\/19\/helt-fantastiskt-2\/","title":{"rendered":"\u201dHelt fantastiskt\u201d"},"content":{"rendered":"<p>Det \u00e4r en stor, i dubbel bem\u00e4rkelse, kampsportsprofil som Superior knutit till sig.<\/p>\n<p>Albrektsson har vunnit EM-guld i wushu och har under de senaste \u00e5ren t\u00e4vlat en del i Japan, med framg\u00e5ng. Ikv\u00e4ll kliver han efterl\u00e4ngtat in i en svensk MMA-bur igen.<br \/>\n&#8211; Det \u00e4r j\u00e4ttekul, f\u00f6rst\u00e5s. Jag har t\u00e4vlat i Japan, t\u00e4vlat en del i andra kampsporter ocks\u00e5 f\u00f6r att samla erfarenhet.<\/p>\n<p>Albrektsson \u00e4r fast besluten om att charma den svenska publiken.<br \/>\n&#8211; Senast jag t\u00e4vlade i Sverige var jag 20, en liten pojke. Nu har jag betydligt mer k\u00f6tt p\u00e5 benen och \u00e4r hemma igen som en man och ska visa vad jag kan p\u00e5 hemmaplan.<\/p>\n<p>Han m\u00f6ter Dmitry Tebekin.<br \/>\n&#8211; Jag har haft ett mycket bra camp och jag har varit p\u00e5 Pancrase och mina lagkamrater har st\u00f6ttat och hj\u00e4lpt mig igenom det h\u00e4r och jag k\u00e4nner mig i v\u00e4ldigt form. Det k\u00e4ndes verkligen under staredown att Dmitry \u00e4r h\u00e4r f\u00f6r att plocka min skalp och jag ska g\u00f6ra vad jag kan f\u00f6r att ta hans. Det blir en kul match.<\/p>\n<p>Text och foto: Jonathan Broberg<\/p>\n","protected":false},"excerpt":{"rendered":"<p>Det var n\u00e5gra \u00e5r sedan Karl Albrektsson t\u00e4vlade p\u00e5 svensk mark senast. Lagom till Superior Challenges tio\u00e5rsjubileum i kv\u00e4ll \u00e4r Albrektsson dock tillbaka.<br \/><br>&#8211; Det k\u00e4nns helt fantastiskt och lite pirrigt, s\u00e4ger han till budokampsport.se.<\/p><br>","protected":false},"author":7,"featured_media":72778,"comment_status":"open","ping_status":"open","sticky":false,"template":"","format":"standard","meta":{"_acf_changed":false,"footnotes":""},"categories":[1],"tags":[],"class_list":["post-72777","post","type-post","status-publish","format-standard","has-post-thumbnail","hentry","category-okategoriserade"],"acf":[],"yoast_head":"<!-- This site is optimized with the Yoast SEO plugin v26.8 - https:\/\/yoast.com\/product\/yoast-seo-wordpress\/ -->\n<title>\u201dHelt fantastiskt\u201d - Svenska Budo &amp; Kampsportsf\u00f6rbundet<\/title>\n<meta name=\"description\" content=\"Det var n\u00e5gra \u00e5r sedan Karl Albrektsson t\u00e4vlade p\u00e5 svensk mark senast. Lagom till Superior Challenges tio\u00e5rsjubileum i kv\u00e4ll \u00e4r Albrektsson dock tillbaka. - Det k\u00e4nns helt fantastiskt och lite pirrigt, s\u00e4ger han till budokampsport.se.\" \/>\n<meta name=\"robots\" content=\"index, follow, max-snippet:-1, max-image-preview:large, max-video-preview:-1\" \/>\n<link rel=\"canonical\" href=\"https:\/\/www.budokampsport.se\/2018\/05\/19\/helt-fantastiskt-2\/\" \/>\n<meta property=\"og:locale\" content=\"sv_SE\" \/>\n<meta property=\"og:type\" content=\"article\" \/>\n<meta property=\"og:title\" content=\"\u201dHelt fantastiskt\u201d - Svenska Budo &amp; Kampsportsf\u00f6rbundet\" \/>\n<meta property=\"og:description\" content=\"Det var n\u00e5gra \u00e5r sedan Karl Albrektsson t\u00e4vlade p\u00e5 svensk mark senast. Lagom till Superior Challenges tio\u00e5rsjubileum i kv\u00e4ll \u00e4r Albrektsson dock tillbaka. - Det k\u00e4nns helt fantastiskt och lite pirrigt, s\u00e4ger han till budokampsport.se.\" \/>\n<meta property=\"og:url\" content=\"https:\/\/www.budokampsport.se\/2018\/05\/19\/helt-fantastiskt-2\/\" \/>\n<meta property=\"og:site_name\" content=\"Svenska Budo &amp; Kampsportsf\u00f6rbundet\" \/>\n<meta property=\"article:author\" content=\"https:\/\/www.facebook.com\/jonathan.broberg.7\" \/>\n<meta property=\"article:published_time\" content=\"2018-05-19T09:39:02+00:00\" \/>\n<meta property=\"article:modified_time\" content=\"2018-05-19T09:42:25+00:00\" \/>\n<meta property=\"og:image\" content=\"https:\/\/www.budokampsport.se\/wp-content\/uploads\/2018\/05\/Karl-Albrektsson.jpg\" \/>\n\t<meta property=\"og:image:width\" content=\"719\" \/>\n\t<meta property=\"og:image:height\" content=\"482\" \/>\n\t<meta property=\"og:image:type\" content=\"image\/jpeg\" \/>\n<meta name=\"author\" content=\"Jonathan Broberg\" \/>\n<meta name=\"twitter:card\" content=\"summary_large_image\" \/>\n<meta name=\"twitter:label1\" content=\"Skriven av\" \/>\n\t<meta name=\"twitter:data1\" content=\"Jonathan Broberg\" \/>\n\t<meta name=\"twitter:label2\" content=\"Ber\u00e4knad l\u00e4stid\" \/>\n\t<meta name=\"twitter:data2\" content=\"1 minut\" \/>\n<script type=\"application\/ld+json\" class=\"yoast-schema-graph\">{\"@context\":\"https:\/\/schema.org\",\"@graph\":[{\"@type\":\"Article\",\"@id\":\"https:\/\/www.budokampsport.se\/2018\/05\/19\/helt-fantastiskt-2\/#article\",\"isPartOf\":{\"@id\":\"https:\/\/www.budokampsport.se\/2018\/05\/19\/helt-fantastiskt-2\/\"},\"author\":{\"name\":\"Jonathan Broberg\",\"@id\":\"https:\/\/www.budokampsport.se\/#\/schema\/person\/5c06d81d14850e2a8ce5493386560145\"},\"headline\":\"\u201dHelt fantastiskt\u201d\",\"datePublished\":\"2018-05-19T09:39:02+00:00\",\"dateModified\":\"2018-05-19T09:42:25+00:00\",\"mainEntityOfPage\":{\"@id\":\"https:\/\/www.budokampsport.se\/2018\/05\/19\/helt-fantastiskt-2\/\"},\"wordCount\":204,\"commentCount\":0,\"image\":{\"@id\":\"https:\/\/www.budokampsport.se\/2018\/05\/19\/helt-fantastiskt-2\/#primaryimage\"},\"thumbnailUrl\":\"https:\/\/www.budokampsport.se\/wp-content\/uploads\/2018\/05\/Karl-Albrektsson.jpg\",\"inLanguage\":\"sv-SE\",\"potentialAction\":[{\"@type\":\"CommentAction\",\"name\":\"Comment\",\"target\":[\"https:\/\/www.budokampsport.se\/2018\/05\/19\/helt-fantastiskt-2\/#respond\"]}]},{\"@type\":\"WebPage\",\"@id\":\"https:\/\/www.budokampsport.se\/2018\/05\/19\/helt-fantastiskt-2\/\",\"url\":\"https:\/\/www.budokampsport.se\/2018\/05\/19\/helt-fantastiskt-2\/\",\"name\":\"\u201dHelt fantastiskt\u201d - Svenska Budo &amp; Kampsportsf\u00f6rbundet\",\"isPartOf\":{\"@id\":\"https:\/\/www.budokampsport.se\/#website\"},\"primaryImageOfPage\":{\"@id\":\"https:\/\/www.budokampsport.se\/2018\/05\/19\/helt-fantastiskt-2\/#primaryimage\"},\"image\":{\"@id\":\"https:\/\/www.budokampsport.se\/2018\/05\/19\/helt-fantastiskt-2\/#primaryimage\"},\"thumbnailUrl\":\"https:\/\/www.budokampsport.se\/wp-content\/uploads\/2018\/05\/Karl-Albrektsson.jpg\",\"datePublished\":\"2018-05-19T09:39:02+00:00\",\"dateModified\":\"2018-05-19T09:42:25+00:00\",\"author\":{\"@id\":\"https:\/\/www.budokampsport.se\/#\/schema\/person\/5c06d81d14850e2a8ce5493386560145\"},\"description\":\"Det var n\u00e5gra \u00e5r sedan Karl Albrektsson t\u00e4vlade p\u00e5 svensk mark senast. Lagom till Superior Challenges tio\u00e5rsjubileum i kv\u00e4ll \u00e4r Albrektsson dock tillbaka. - Det k\u00e4nns helt fantastiskt och lite pirrigt, s\u00e4ger han till budokampsport.se.\",\"breadcrumb\":{\"@id\":\"https:\/\/www.budokampsport.se\/2018\/05\/19\/helt-fantastiskt-2\/#breadcrumb\"},\"inLanguage\":\"sv-SE\",\"potentialAction\":[{\"@type\":\"ReadAction\",\"target\":[\"https:\/\/www.budokampsport.se\/2018\/05\/19\/helt-fantastiskt-2\/\"]}]},{\"@type\":\"ImageObject\",\"inLanguage\":\"sv-SE\",\"@id\":\"https:\/\/www.budokampsport.se\/2018\/05\/19\/helt-fantastiskt-2\/#primaryimage\",\"url\":\"https:\/\/www.budokampsport.se\/wp-content\/uploads\/2018\/05\/Karl-Albrektsson.jpg\",\"contentUrl\":\"https:\/\/www.budokampsport.se\/wp-content\/uploads\/2018\/05\/Karl-Albrektsson.jpg\",\"width\":719,\"height\":482,\"caption\":\"Foto: Jonathan Broberg\"},{\"@type\":\"BreadcrumbList\",\"@id\":\"https:\/\/www.budokampsport.se\/2018\/05\/19\/helt-fantastiskt-2\/#breadcrumb\",\"itemListElement\":[{\"@type\":\"ListItem\",\"position\":1,\"name\":\"Hem\",\"item\":\"https:\/\/www.budokampsport.se\/\"},{\"@type\":\"ListItem\",\"position\":2,\"name\":\"\u201dHelt fantastiskt\u201d\"}]},{\"@type\":\"WebSite\",\"@id\":\"https:\/\/www.budokampsport.se\/#website\",\"url\":\"https:\/\/www.budokampsport.se\/\",\"name\":\"Svenska Budo &amp; Kampsportsf\u00f6rbundet\",\"description\":\"T\u00e4vling, Tr\u00e4ning, Tradition\",\"potentialAction\":[{\"@type\":\"SearchAction\",\"target\":{\"@type\":\"EntryPoint\",\"urlTemplate\":\"https:\/\/www.budokampsport.se\/?s={search_term_string}\"},\"query-input\":{\"@type\":\"PropertyValueSpecification\",\"valueRequired\":true,\"valueName\":\"search_term_string\"}}],\"inLanguage\":\"sv-SE\"},{\"@type\":\"Person\",\"@id\":\"https:\/\/www.budokampsport.se\/#\/schema\/person\/5c06d81d14850e2a8ce5493386560145\",\"name\":\"Jonathan Broberg\",\"image\":{\"@type\":\"ImageObject\",\"inLanguage\":\"sv-SE\",\"@id\":\"https:\/\/www.budokampsport.se\/#\/schema\/person\/image\/\",\"url\":\"https:\/\/secure.gravatar.com\/avatar\/a58041c6cea9128bd9c40ee2f26d4136?s=96&d=blank&r=g\",\"contentUrl\":\"https:\/\/secure.gravatar.com\/avatar\/a58041c6cea9128bd9c40ee2f26d4136?s=96&d=blank&r=g\",\"caption\":\"Jonathan Broberg\"},\"sameAs\":[\"https:\/\/www.facebook.com\/jonathan.broberg.7\"],\"url\":\"https:\/\/www.budokampsport.se\/author\/jonathan\/\"}]}<\/script>\n<!-- \/ Yoast SEO plugin. -->","yoast_head_json":{"title":"\u201dHelt fantastiskt\u201d - Svenska Budo &amp; Kampsportsf\u00f6rbundet","description":"Det var n\u00e5gra \u00e5r sedan Karl Albrektsson t\u00e4vlade p\u00e5 svensk mark senast. Lagom till Superior Challenges tio\u00e5rsjubileum i kv\u00e4ll \u00e4r Albrektsson dock tillbaka. - Det k\u00e4nns helt fantastiskt och lite pirrigt, s\u00e4ger han till budokampsport.se.","robots":{"index":"index","follow":"follow","max-snippet":"max-snippet:-1","max-image-preview":"max-image-preview:large","max-video-preview":"max-video-preview:-1"},"canonical":"https:\/\/www.budokampsport.se\/2018\/05\/19\/helt-fantastiskt-2\/","og_locale":"sv_SE","og_type":"article","og_title":"\u201dHelt fantastiskt\u201d - Svenska Budo &amp; Kampsportsf\u00f6rbundet","og_description":"Det var n\u00e5gra \u00e5r sedan Karl Albrektsson t\u00e4vlade p\u00e5 svensk mark senast. Lagom till Superior Challenges tio\u00e5rsjubileum i kv\u00e4ll \u00e4r Albrektsson dock tillbaka. - Det k\u00e4nns helt fantastiskt och lite pirrigt, s\u00e4ger han till budokampsport.se.","og_url":"https:\/\/www.budokampsport.se\/2018\/05\/19\/helt-fantastiskt-2\/","og_site_name":"Svenska Budo &amp; Kampsportsf\u00f6rbundet","article_author":"https:\/\/www.facebook.com\/jonathan.broberg.7","article_published_time":"2018-05-19T09:39:02+00:00","article_modified_time":"2018-05-19T09:42:25+00:00","og_image":[{"width":719,"height":482,"url":"https:\/\/www.budokampsport.se\/wp-content\/uploads\/2018\/05\/Karl-Albrektsson.jpg","type":"image\/jpeg"}],"author":"Jonathan Broberg","twitter_card":"summary_large_image","twitter_misc":{"Skriven av":"Jonathan Broberg","Ber\u00e4knad l\u00e4stid":"1 minut"},"schema":{"@context":"https:\/\/schema.org","@graph":[{"@type":"Article","@id":"https:\/\/www.budokampsport.se\/2018\/05\/19\/helt-fantastiskt-2\/#article","isPartOf":{"@id":"https:\/\/www.budokampsport.se\/2018\/05\/19\/helt-fantastiskt-2\/"},"author":{"name":"Jonathan Broberg","@id":"https:\/\/www.budokampsport.se\/#\/schema\/person\/5c06d81d14850e2a8ce5493386560145"},"headline":"\u201dHelt fantastiskt\u201d","datePublished":"2018-05-19T09:39:02+00:00","dateModified":"2018-05-19T09:42:25+00:00","mainEntityOfPage":{"@id":"https:\/\/www.budokampsport.se\/2018\/05\/19\/helt-fantastiskt-2\/"},"wordCount":204,"commentCount":0,"image":{"@id":"https:\/\/www.budokampsport.se\/2018\/05\/19\/helt-fantastiskt-2\/#primaryimage"},"thumbnailUrl":"https:\/\/www.budokampsport.se\/wp-content\/uploads\/2018\/05\/Karl-Albrektsson.jpg","inLanguage":"sv-SE","potentialAction":[{"@type":"CommentAction","name":"Comment","target":["https:\/\/www.budokampsport.se\/2018\/05\/19\/helt-fantastiskt-2\/#respond"]}]},{"@type":"WebPage","@id":"https:\/\/www.budokampsport.se\/2018\/05\/19\/helt-fantastiskt-2\/","url":"https:\/\/www.budokampsport.se\/2018\/05\/19\/helt-fantastiskt-2\/","name":"\u201dHelt fantastiskt\u201d - Svenska Budo &amp; Kampsportsf\u00f6rbundet","isPartOf":{"@id":"https:\/\/www.budokampsport.se\/#website"},"primaryImageOfPage":{"@id":"https:\/\/www.budokampsport.se\/2018\/05\/19\/helt-fantastiskt-2\/#primaryimage"},"image":{"@id":"https:\/\/www.budokampsport.se\/2018\/05\/19\/helt-fantastiskt-2\/#primaryimage"},"thumbnailUrl":"https:\/\/www.budokampsport.se\/wp-content\/uploads\/2018\/05\/Karl-Albrektsson.jpg","datePublished":"2018-05-19T09:39:02+00:00","dateModified":"2018-05-19T09:42:25+00:00","author":{"@id":"https:\/\/www.budokampsport.se\/#\/schema\/person\/5c06d81d14850e2a8ce5493386560145"},"description":"Det var n\u00e5gra \u00e5r sedan Karl Albrektsson t\u00e4vlade p\u00e5 svensk mark senast. Lagom till Superior Challenges tio\u00e5rsjubileum i kv\u00e4ll \u00e4r Albrektsson dock tillbaka. - Det k\u00e4nns helt fantastiskt och lite pirrigt, s\u00e4ger han till budokampsport.se.","breadcrumb":{"@id":"https:\/\/www.budokampsport.se\/2018\/05\/19\/helt-fantastiskt-2\/#breadcrumb"},"inLanguage":"sv-SE","potentialAction":[{"@type":"ReadAction","target":["https:\/\/www.budokampsport.se\/2018\/05\/19\/helt-fantastiskt-2\/"]}]},{"@type":"ImageObject","inLanguage":"sv-SE","@id":"https:\/\/www.budokampsport.se\/2018\/05\/19\/helt-fantastiskt-2\/#primaryimage","url":"https:\/\/www.budokampsport.se\/wp-content\/uploads\/2018\/05\/Karl-Albrektsson.jpg","contentUrl":"https:\/\/www.budokampsport.se\/wp-content\/uploads\/2018\/05\/Karl-Albrektsson.jpg","width":719,"height":482,"caption":"Foto: Jonathan Broberg"},{"@type":"BreadcrumbList","@id":"https:\/\/www.budokampsport.se\/2018\/05\/19\/helt-fantastiskt-2\/#breadcrumb","itemListElement":[{"@type":"ListItem","position":1,"name":"Hem","item":"https:\/\/www.budokampsport.se\/"},{"@type":"ListItem","position":2,"name":"\u201dHelt fantastiskt\u201d"}]},{"@type":"WebSite","@id":"https:\/\/www.budokampsport.se\/#website","url":"https:\/\/www.budokampsport.se\/","name":"Svenska Budo &amp; Kampsportsf\u00f6rbundet","description":"T\u00e4vling, Tr\u00e4ning, Tradition","potentialAction":[{"@type":"SearchAction","target":{"@type":"EntryPoint","urlTemplate":"https:\/\/www.budokampsport.se\/?s={search_term_string}"},"query-input":{"@type":"PropertyValueSpecification","valueRequired":true,"valueName":"search_term_string"}}],"inLanguage":"sv-SE"},{"@type":"Person","@id":"https:\/\/www.budokampsport.se\/#\/schema\/person\/5c06d81d14850e2a8ce5493386560145","name":"Jonathan Broberg","image":{"@type":"ImageObject","inLanguage":"sv-SE","@id":"https:\/\/www.budokampsport.se\/#\/schema\/person\/image\/","url":"https:\/\/secure.gravatar.com\/avatar\/a58041c6cea9128bd9c40ee2f26d4136?s=96&d=blank&r=g","contentUrl":"https:\/\/secure.gravatar.com\/avatar\/a58041c6cea9128bd9c40ee2f26d4136?s=96&d=blank&r=g","caption":"Jonathan Broberg"},"sameAs":["https:\/\/www.facebook.com\/jonathan.broberg.7"],"url":"https:\/\/www.budokampsport.se\/author\/jonathan\/"}]}},"_links":{"self":[{"href":"https:\/\/www.budokampsport.se\/api\/wp\/v2\/posts\/72777","targetHints":{"allow":["GET"]}}],"collection":[{"href":"https:\/\/www.budokampsport.se\/api\/wp\/v2\/posts"}],"about":[{"href":"https:\/\/www.budokampsport.se\/api\/wp\/v2\/types\/post"}],"author":[{"embeddable":true,"href":"https:\/\/www.budokampsport.se\/api\/wp\/v2\/users\/7"}],"replies":[{"embeddable":true,"href":"https:\/\/www.budokampsport.se\/api\/wp\/v2\/comments?post=72777"}],"version-history":[{"count":0,"href":"https:\/\/www.budokampsport.se\/api\/wp\/v2\/posts\/72777\/revisions"}],"wp:featuredmedia":[{"embeddable":true,"href":"https:\/\/www.budokampsport.se\/api\/wp\/v2\/media\/72778"}],"wp:attachment":[{"href":"https:\/\/www.budokampsport.se\/api\/wp\/v2\/media?parent=72777"}],"wp:term":[{"taxonomy":"category","embeddable":true,"href":"https:\/\/www.budokampsport.se\/api\/wp\/v2\/categories?post=72777"},{"taxonomy":"post_tag","embeddable":true,"href":"https:\/\/www.budokampsport.se\/api\/wp\/v2\/tags?post=72777"}],"curies":[{"name":"wp","href":"https:\/\/api.w.org\/{rel}","templated":true}]}}