{"id":72979,"date":"2018-05-23T11:05:06","date_gmt":"2018-05-23T09:05:06","guid":{"rendered":"http:\/\/www.budokampsport.se\/?p=72979"},"modified":"2018-05-23T11:07:01","modified_gmt":"2018-05-23T09:07:01","slug":"truppen-till-mma-em","status":"publish","type":"post","link":"https:\/\/www.budokampsport.se\/2018\/05\/23\/truppen-till-mma-em\/","title":{"rendered":"Truppen uttagen till EM i MMA"},"content":{"rendered":"<p><span style=\"font-size: 14pt;\">I mitten p\u00e5 juni \u00e4r det dags f\u00f6r MMA-landslaget att \u00e5ka till EM i Bukarest, nedan f\u00f6ljer truppen som reser ner till Rum\u00e4nien.<\/span><\/p>\n<p>DAMER<\/p>\n<p><strong>Str\u00e5vikt -52,2 kg<br \/>\n<\/strong>1. Nina Back, S\u00f6ders Fight Gym<br \/>\n2. Anna Astvik, Pancrase Shootfighting<\/p>\n<p><strong>Flugvikt -56,7 kg<br \/>\n<\/strong>1. Elin \u00d6berg, Combat Academy<\/p>\n<p><strong>Bantamvikt -61,2 kg<br \/>\n<\/strong>1. Frida Vastam\u00e4ki, Djurg\u00e5rdens IF<\/p>\n<p><strong>Fj\u00e4dervikt -65,8 kg<br \/>\n<\/strong>1. Jessica Forslund Reis, KC Link\u00f6ping<\/p>\n<p>HERRAR<\/p>\n<p><strong>Flugvikt -56,7 kg<br \/>\n<\/strong>\u00a01. Sebastian Gonzalez, Redline<br \/>\n2. Zoran Milic, V\u00e4ster\u00e5s FightClub<\/p>\n<p><strong>Bantamvikt -61,2 kg<br \/>\n<\/strong>1. Renato Vidovic, Gladius MMA<br \/>\n2. Jonny Touma, Combat Academy<\/p>\n<p><strong>Fj\u00e4dervikt -65,8 kg<br \/>\n<\/strong>1. Amir Malekpour, Pancrase Shootfighting<br \/>\n2. Jimmie Nilsson, Coloseum Sk\u00f6vde<\/p>\n<p><strong>L\u00e4ttvikt -70,3 kg<\/strong><br \/>\n1. Navid Badi, Gladius MMA<\/p>\n<p><strong>Weltervikt -77,1 kg<\/strong><br \/>\n1. Robin Roos, V\u00e4ster\u00e5s FightClub<br \/>\n2. Axel Karlsson, Gladius MMA<\/p>\n<p><strong>Mellanvikt -83,9 kg<\/strong><br \/>\n1. Alexander Lindgren, Samurang<br \/>\n2. Heytham Rabhi, Gladius MMA<strong><br \/>\n<\/strong><br \/>\n<strong>L\u00e4tt tungvikt -93,0 kg<\/strong><br \/>\n1. Anton Turkalj, GBGMMA<br \/>\n2. Robin Larsson, Nova MMA<\/p>\n<p><em>Landslagsledning:<\/em><br \/>\nChrister Ringblom, f\u00f6rbundskapten<br \/>\nAnders Ohlsson, landslagstr\u00e4nare<\/p>\n<p><em>Coacher:<\/em><br \/>\nAnders Jonsson, Coloseum Sk\u00f6vde<br \/>\nAxel Gruvaeus, KC Link\u00f6ping<br \/>\nBesam Yosef, Gladius MMA<br \/>\nFredrik Eliasson, Nova MMA<br \/>\nJ\u00f6rgen Hamberg, V\u00e4ster\u00e5s FightClub<br \/>\nSerdar Atlas, Djurg\u00e5rdens IF<\/p>\n<p>Text: Annie Bondefelt<br \/>\nFoto: Wahab Akman<\/p>\n","protected":false},"excerpt":{"rendered":"<p>I mitten p\u00e5 juni \u00e4r det dags f\u00f6r MMA-landslaget att [&#8230;]<\/p><br>","protected":false},"author":120,"featured_media":53993,"comment_status":"open","ping_status":"open","sticky":false,"template":"","format":"standard","meta":{"_acf_changed":false,"footnotes":""},"categories":[1],"tags":[],"class_list":["post-72979","post","type-post","status-publish","format-standard","has-post-thumbnail","hentry","category-okategoriserade"],"acf":[],"yoast_head":"<!-- This site is optimized with the Yoast SEO plugin v26.8 - https:\/\/yoast.com\/product\/yoast-seo-wordpress\/ -->\n<title>Truppen uttagen till EM i MMA - Svenska Budo &amp; Kampsportsf\u00f6rbundet<\/title>\n<meta name=\"description\" content=\"I mitten p\u00e5 juni \u00e4r det dags f\u00f6r MMA-landslaget att \u00e5ka till EM i Bukarest, nedan f\u00f6ljer truppen som reser ner till Rum\u00e4nien. DAMER Str\u00e5vikt -52,2 kg 1.\" \/>\n<meta name=\"robots\" content=\"index, follow, max-snippet:-1, max-image-preview:large, max-video-preview:-1\" \/>\n<link rel=\"canonical\" href=\"https:\/\/www.budokampsport.se\/2018\/05\/23\/truppen-till-mma-em\/\" \/>\n<meta property=\"og:locale\" content=\"sv_SE\" \/>\n<meta property=\"og:type\" content=\"article\" \/>\n<meta property=\"og:title\" content=\"Truppen uttagen till EM i MMA - Svenska Budo &amp; Kampsportsf\u00f6rbundet\" \/>\n<meta property=\"og:description\" content=\"I mitten p\u00e5 juni \u00e4r det dags f\u00f6r MMA-landslaget att \u00e5ka till EM i Bukarest, nedan f\u00f6ljer truppen som reser ner till Rum\u00e4nien. DAMER Str\u00e5vikt -52,2 kg 1.\" \/>\n<meta property=\"og:url\" content=\"https:\/\/www.budokampsport.se\/2018\/05\/23\/truppen-till-mma-em\/\" \/>\n<meta property=\"og:site_name\" content=\"Svenska Budo &amp; Kampsportsf\u00f6rbundet\" \/>\n<meta property=\"article:published_time\" content=\"2018-05-23T09:05:06+00:00\" \/>\n<meta property=\"article:modified_time\" content=\"2018-05-23T09:07:01+00:00\" \/>\n<meta property=\"og:image\" content=\"https:\/\/www.budokampsport.se\/wp-content\/uploads\/2017\/11\/anna_astvik.jpg\" \/>\n\t<meta property=\"og:image:width\" content=\"850\" \/>\n\t<meta property=\"og:image:height\" content=\"558\" \/>\n\t<meta property=\"og:image:type\" content=\"image\/jpeg\" \/>\n<meta name=\"author\" content=\"Annie Carriage\" \/>\n<meta name=\"twitter:card\" content=\"summary_large_image\" \/>\n<meta name=\"twitter:label1\" content=\"Skriven av\" \/>\n\t<meta name=\"twitter:data1\" content=\"Annie Carriage\" \/>\n\t<meta name=\"twitter:label2\" content=\"Ber\u00e4knad l\u00e4stid\" \/>\n\t<meta name=\"twitter:data2\" content=\"1 minut\" \/>\n<script type=\"application\/ld+json\" class=\"yoast-schema-graph\">{\"@context\":\"https:\/\/schema.org\",\"@graph\":[{\"@type\":\"Article\",\"@id\":\"https:\/\/www.budokampsport.se\/2018\/05\/23\/truppen-till-mma-em\/#article\",\"isPartOf\":{\"@id\":\"https:\/\/www.budokampsport.se\/2018\/05\/23\/truppen-till-mma-em\/\"},\"author\":{\"name\":\"Annie Carriage\",\"@id\":\"https:\/\/www.budokampsport.se\/#\/schema\/person\/c838cace8171f692e363fde3f38f208b\"},\"headline\":\"Truppen uttagen till EM i MMA\",\"datePublished\":\"2018-05-23T09:05:06+00:00\",\"dateModified\":\"2018-05-23T09:07:01+00:00\",\"mainEntityOfPage\":{\"@id\":\"https:\/\/www.budokampsport.se\/2018\/05\/23\/truppen-till-mma-em\/\"},\"wordCount\":199,\"commentCount\":0,\"image\":{\"@id\":\"https:\/\/www.budokampsport.se\/2018\/05\/23\/truppen-till-mma-em\/#primaryimage\"},\"thumbnailUrl\":\"https:\/\/www.budokampsport.se\/wp-content\/uploads\/2017\/11\/anna_astvik.jpg\",\"inLanguage\":\"sv-SE\",\"potentialAction\":[{\"@type\":\"CommentAction\",\"name\":\"Comment\",\"target\":[\"https:\/\/www.budokampsport.se\/2018\/05\/23\/truppen-till-mma-em\/#respond\"]}]},{\"@type\":\"WebPage\",\"@id\":\"https:\/\/www.budokampsport.se\/2018\/05\/23\/truppen-till-mma-em\/\",\"url\":\"https:\/\/www.budokampsport.se\/2018\/05\/23\/truppen-till-mma-em\/\",\"name\":\"Truppen uttagen till EM i MMA - Svenska Budo &amp; Kampsportsf\u00f6rbundet\",\"isPartOf\":{\"@id\":\"https:\/\/www.budokampsport.se\/#website\"},\"primaryImageOfPage\":{\"@id\":\"https:\/\/www.budokampsport.se\/2018\/05\/23\/truppen-till-mma-em\/#primaryimage\"},\"image\":{\"@id\":\"https:\/\/www.budokampsport.se\/2018\/05\/23\/truppen-till-mma-em\/#primaryimage\"},\"thumbnailUrl\":\"https:\/\/www.budokampsport.se\/wp-content\/uploads\/2017\/11\/anna_astvik.jpg\",\"datePublished\":\"2018-05-23T09:05:06+00:00\",\"dateModified\":\"2018-05-23T09:07:01+00:00\",\"author\":{\"@id\":\"https:\/\/www.budokampsport.se\/#\/schema\/person\/c838cace8171f692e363fde3f38f208b\"},\"description\":\"I mitten p\u00e5 juni \u00e4r det dags f\u00f6r MMA-landslaget att \u00e5ka till EM i Bukarest, nedan f\u00f6ljer truppen som reser ner till Rum\u00e4nien. DAMER Str\u00e5vikt -52,2 kg 1.\",\"breadcrumb\":{\"@id\":\"https:\/\/www.budokampsport.se\/2018\/05\/23\/truppen-till-mma-em\/#breadcrumb\"},\"inLanguage\":\"sv-SE\",\"potentialAction\":[{\"@type\":\"ReadAction\",\"target\":[\"https:\/\/www.budokampsport.se\/2018\/05\/23\/truppen-till-mma-em\/\"]}]},{\"@type\":\"ImageObject\",\"inLanguage\":\"sv-SE\",\"@id\":\"https:\/\/www.budokampsport.se\/2018\/05\/23\/truppen-till-mma-em\/#primaryimage\",\"url\":\"https:\/\/www.budokampsport.se\/wp-content\/uploads\/2017\/11\/anna_astvik.jpg\",\"contentUrl\":\"https:\/\/www.budokampsport.se\/wp-content\/uploads\/2017\/11\/anna_astvik.jpg\",\"width\":850,\"height\":558,\"caption\":\"Foto: Wahab Akman\"},{\"@type\":\"BreadcrumbList\",\"@id\":\"https:\/\/www.budokampsport.se\/2018\/05\/23\/truppen-till-mma-em\/#breadcrumb\",\"itemListElement\":[{\"@type\":\"ListItem\",\"position\":1,\"name\":\"Hem\",\"item\":\"https:\/\/www.budokampsport.se\/\"},{\"@type\":\"ListItem\",\"position\":2,\"name\":\"Truppen uttagen till EM i MMA\"}]},{\"@type\":\"WebSite\",\"@id\":\"https:\/\/www.budokampsport.se\/#website\",\"url\":\"https:\/\/www.budokampsport.se\/\",\"name\":\"Svenska Budo &amp; Kampsportsf\u00f6rbundet\",\"description\":\"T\u00e4vling, Tr\u00e4ning, Tradition\",\"potentialAction\":[{\"@type\":\"SearchAction\",\"target\":{\"@type\":\"EntryPoint\",\"urlTemplate\":\"https:\/\/www.budokampsport.se\/?s={search_term_string}\"},\"query-input\":{\"@type\":\"PropertyValueSpecification\",\"valueRequired\":true,\"valueName\":\"search_term_string\"}}],\"inLanguage\":\"sv-SE\"},{\"@type\":\"Person\",\"@id\":\"https:\/\/www.budokampsport.se\/#\/schema\/person\/c838cace8171f692e363fde3f38f208b\",\"name\":\"Annie Carriage\",\"image\":{\"@type\":\"ImageObject\",\"inLanguage\":\"sv-SE\",\"@id\":\"https:\/\/www.budokampsport.se\/#\/schema\/person\/image\/\",\"url\":\"https:\/\/secure.gravatar.com\/avatar\/9311295560bdfbdf78365a26f7df1876?s=96&d=blank&r=g\",\"contentUrl\":\"https:\/\/secure.gravatar.com\/avatar\/9311295560bdfbdf78365a26f7df1876?s=96&d=blank&r=g\",\"caption\":\"Annie Carriage\"},\"url\":\"https:\/\/www.budokampsport.se\/author\/annie-bondefelt\/\"}]}<\/script>\n<!-- \/ Yoast SEO plugin. -->","yoast_head_json":{"title":"Truppen uttagen till EM i MMA - Svenska Budo &amp; Kampsportsf\u00f6rbundet","description":"I mitten p\u00e5 juni \u00e4r det dags f\u00f6r MMA-landslaget att \u00e5ka till EM i Bukarest, nedan f\u00f6ljer truppen som reser ner till Rum\u00e4nien. DAMER Str\u00e5vikt -52,2 kg 1.","robots":{"index":"index","follow":"follow","max-snippet":"max-snippet:-1","max-image-preview":"max-image-preview:large","max-video-preview":"max-video-preview:-1"},"canonical":"https:\/\/www.budokampsport.se\/2018\/05\/23\/truppen-till-mma-em\/","og_locale":"sv_SE","og_type":"article","og_title":"Truppen uttagen till EM i MMA - Svenska Budo &amp; Kampsportsf\u00f6rbundet","og_description":"I mitten p\u00e5 juni \u00e4r det dags f\u00f6r MMA-landslaget att \u00e5ka till EM i Bukarest, nedan f\u00f6ljer truppen som reser ner till Rum\u00e4nien. DAMER Str\u00e5vikt -52,2 kg 1.","og_url":"https:\/\/www.budokampsport.se\/2018\/05\/23\/truppen-till-mma-em\/","og_site_name":"Svenska Budo &amp; Kampsportsf\u00f6rbundet","article_published_time":"2018-05-23T09:05:06+00:00","article_modified_time":"2018-05-23T09:07:01+00:00","og_image":[{"width":850,"height":558,"url":"https:\/\/www.budokampsport.se\/wp-content\/uploads\/2017\/11\/anna_astvik.jpg","type":"image\/jpeg"}],"author":"Annie Carriage","twitter_card":"summary_large_image","twitter_misc":{"Skriven av":"Annie Carriage","Ber\u00e4knad l\u00e4stid":"1 minut"},"schema":{"@context":"https:\/\/schema.org","@graph":[{"@type":"Article","@id":"https:\/\/www.budokampsport.se\/2018\/05\/23\/truppen-till-mma-em\/#article","isPartOf":{"@id":"https:\/\/www.budokampsport.se\/2018\/05\/23\/truppen-till-mma-em\/"},"author":{"name":"Annie Carriage","@id":"https:\/\/www.budokampsport.se\/#\/schema\/person\/c838cace8171f692e363fde3f38f208b"},"headline":"Truppen uttagen till EM i MMA","datePublished":"2018-05-23T09:05:06+00:00","dateModified":"2018-05-23T09:07:01+00:00","mainEntityOfPage":{"@id":"https:\/\/www.budokampsport.se\/2018\/05\/23\/truppen-till-mma-em\/"},"wordCount":199,"commentCount":0,"image":{"@id":"https:\/\/www.budokampsport.se\/2018\/05\/23\/truppen-till-mma-em\/#primaryimage"},"thumbnailUrl":"https:\/\/www.budokampsport.se\/wp-content\/uploads\/2017\/11\/anna_astvik.jpg","inLanguage":"sv-SE","potentialAction":[{"@type":"CommentAction","name":"Comment","target":["https:\/\/www.budokampsport.se\/2018\/05\/23\/truppen-till-mma-em\/#respond"]}]},{"@type":"WebPage","@id":"https:\/\/www.budokampsport.se\/2018\/05\/23\/truppen-till-mma-em\/","url":"https:\/\/www.budokampsport.se\/2018\/05\/23\/truppen-till-mma-em\/","name":"Truppen uttagen till EM i MMA - Svenska Budo &amp; Kampsportsf\u00f6rbundet","isPartOf":{"@id":"https:\/\/www.budokampsport.se\/#website"},"primaryImageOfPage":{"@id":"https:\/\/www.budokampsport.se\/2018\/05\/23\/truppen-till-mma-em\/#primaryimage"},"image":{"@id":"https:\/\/www.budokampsport.se\/2018\/05\/23\/truppen-till-mma-em\/#primaryimage"},"thumbnailUrl":"https:\/\/www.budokampsport.se\/wp-content\/uploads\/2017\/11\/anna_astvik.jpg","datePublished":"2018-05-23T09:05:06+00:00","dateModified":"2018-05-23T09:07:01+00:00","author":{"@id":"https:\/\/www.budokampsport.se\/#\/schema\/person\/c838cace8171f692e363fde3f38f208b"},"description":"I mitten p\u00e5 juni \u00e4r det dags f\u00f6r MMA-landslaget att \u00e5ka till EM i Bukarest, nedan f\u00f6ljer truppen som reser ner till Rum\u00e4nien. DAMER Str\u00e5vikt -52,2 kg 1.","breadcrumb":{"@id":"https:\/\/www.budokampsport.se\/2018\/05\/23\/truppen-till-mma-em\/#breadcrumb"},"inLanguage":"sv-SE","potentialAction":[{"@type":"ReadAction","target":["https:\/\/www.budokampsport.se\/2018\/05\/23\/truppen-till-mma-em\/"]}]},{"@type":"ImageObject","inLanguage":"sv-SE","@id":"https:\/\/www.budokampsport.se\/2018\/05\/23\/truppen-till-mma-em\/#primaryimage","url":"https:\/\/www.budokampsport.se\/wp-content\/uploads\/2017\/11\/anna_astvik.jpg","contentUrl":"https:\/\/www.budokampsport.se\/wp-content\/uploads\/2017\/11\/anna_astvik.jpg","width":850,"height":558,"caption":"Foto: Wahab Akman"},{"@type":"BreadcrumbList","@id":"https:\/\/www.budokampsport.se\/2018\/05\/23\/truppen-till-mma-em\/#breadcrumb","itemListElement":[{"@type":"ListItem","position":1,"name":"Hem","item":"https:\/\/www.budokampsport.se\/"},{"@type":"ListItem","position":2,"name":"Truppen uttagen till EM i MMA"}]},{"@type":"WebSite","@id":"https:\/\/www.budokampsport.se\/#website","url":"https:\/\/www.budokampsport.se\/","name":"Svenska Budo &amp; Kampsportsf\u00f6rbundet","description":"T\u00e4vling, Tr\u00e4ning, Tradition","potentialAction":[{"@type":"SearchAction","target":{"@type":"EntryPoint","urlTemplate":"https:\/\/www.budokampsport.se\/?s={search_term_string}"},"query-input":{"@type":"PropertyValueSpecification","valueRequired":true,"valueName":"search_term_string"}}],"inLanguage":"sv-SE"},{"@type":"Person","@id":"https:\/\/www.budokampsport.se\/#\/schema\/person\/c838cace8171f692e363fde3f38f208b","name":"Annie Carriage","image":{"@type":"ImageObject","inLanguage":"sv-SE","@id":"https:\/\/www.budokampsport.se\/#\/schema\/person\/image\/","url":"https:\/\/secure.gravatar.com\/avatar\/9311295560bdfbdf78365a26f7df1876?s=96&d=blank&r=g","contentUrl":"https:\/\/secure.gravatar.com\/avatar\/9311295560bdfbdf78365a26f7df1876?s=96&d=blank&r=g","caption":"Annie Carriage"},"url":"https:\/\/www.budokampsport.se\/author\/annie-bondefelt\/"}]}},"_links":{"self":[{"href":"https:\/\/www.budokampsport.se\/api\/wp\/v2\/posts\/72979","targetHints":{"allow":["GET"]}}],"collection":[{"href":"https:\/\/www.budokampsport.se\/api\/wp\/v2\/posts"}],"about":[{"href":"https:\/\/www.budokampsport.se\/api\/wp\/v2\/types\/post"}],"author":[{"embeddable":true,"href":"https:\/\/www.budokampsport.se\/api\/wp\/v2\/users\/120"}],"replies":[{"embeddable":true,"href":"https:\/\/www.budokampsport.se\/api\/wp\/v2\/comments?post=72979"}],"version-history":[{"count":0,"href":"https:\/\/www.budokampsport.se\/api\/wp\/v2\/posts\/72979\/revisions"}],"wp:featuredmedia":[{"embeddable":true,"href":"https:\/\/www.budokampsport.se\/api\/wp\/v2\/media\/53993"}],"wp:attachment":[{"href":"https:\/\/www.budokampsport.se\/api\/wp\/v2\/media?parent=72979"}],"wp:term":[{"taxonomy":"category","embeddable":true,"href":"https:\/\/www.budokampsport.se\/api\/wp\/v2\/categories?post=72979"},{"taxonomy":"post_tag","embeddable":true,"href":"https:\/\/www.budokampsport.se\/api\/wp\/v2\/tags?post=72979"}],"curies":[{"name":"wp","href":"https:\/\/api.w.org\/{rel}","templated":true}]}}