{"id":73082,"date":"2018-05-24T14:50:08","date_gmt":"2018-05-24T12:50:08","guid":{"rendered":"http:\/\/www.budokampsport.se\/?p=73082"},"modified":"2018-05-24T14:50:08","modified_gmt":"2018-05-24T12:50:08","slug":"ny-dataskyddsforordning","status":"publish","type":"post","link":"https:\/\/www.budokampsport.se\/2018\/05\/24\/ny-dataskyddsforordning\/","title":{"rendered":"Ny dataskyddsf\u00f6rordning"},"content":{"rendered":"<p>Den 25 maj tr\u00e4der en ny dataskyddsf\u00f6rordning (GDPR eller General Data Protection Regulation) i kraft. Den reglerar hur personuppgifter f\u00e5r hanteras och ers\u00e4tter personuppgiftslagen (PUL).<\/p>\n<p>P\u00e5 fliken <a href=\"http:\/\/www.budokampsport.se\/forbund\/forbund-gdpr\/\">GDPR<\/a> h\u00e4r p\u00e5 hemsidan kan ni l\u00e4sa om hur Svenska Budo &amp; Kampsportsf\u00f6rbundet hanterar personuppgifter samt hitta annan viktig och matnyttig information f\u00f6r dig och din f\u00f6rening.<\/p>\n<p>Nedan finner ni en kort och informativ video om vad GDPR inneb\u00e4r f\u00f6r er som f\u00f6rening.<\/p>\n<p><iframe loading=\"lazy\" src=\"\/\/www.youtube.com\/embed\/pvAeijuUlKo\" width=\"560\" height=\"314\" allowfullscreen=\"allowfullscreen\"><\/iframe><\/p>\n","protected":false},"excerpt":{"rendered":"<p>Den 25 maj tr\u00e4der en ny dataskyddsf\u00f6rordning (GDPR eller General [&#8230;]<\/p><br>","protected":false},"author":47,"featured_media":73088,"comment_status":"open","ping_status":"open","sticky":false,"template":"","format":"standard","meta":{"_acf_changed":false,"footnotes":""},"categories":[1],"tags":[],"class_list":["post-73082","post","type-post","status-publish","format-standard","has-post-thumbnail","hentry","category-okategoriserade"],"acf":[],"yoast_head":"<!-- This site is optimized with the Yoast SEO plugin v26.8 - https:\/\/yoast.com\/product\/yoast-seo-wordpress\/ -->\n<title>Ny dataskyddsf\u00f6rordning - Svenska Budo &amp; Kampsportsf\u00f6rbundet<\/title>\n<meta name=\"description\" content=\"Den 25 maj tr\u00e4der en ny dataskyddsf\u00f6rordning (GDPR eller General Data Protection Regulation) i kraft. Den reglerar hur personuppgifter f\u00e5r hanteras och\" \/>\n<meta name=\"robots\" content=\"index, follow, max-snippet:-1, max-image-preview:large, max-video-preview:-1\" \/>\n<link rel=\"canonical\" href=\"https:\/\/www.budokampsport.se\/2018\/05\/24\/ny-dataskyddsforordning\/\" \/>\n<meta property=\"og:locale\" content=\"sv_SE\" \/>\n<meta property=\"og:type\" content=\"article\" \/>\n<meta property=\"og:title\" content=\"Ny dataskyddsf\u00f6rordning - Svenska Budo &amp; Kampsportsf\u00f6rbundet\" \/>\n<meta property=\"og:description\" content=\"Den 25 maj tr\u00e4der en ny dataskyddsf\u00f6rordning (GDPR eller General Data Protection Regulation) i kraft. Den reglerar hur personuppgifter f\u00e5r hanteras och\" \/>\n<meta property=\"og:url\" content=\"https:\/\/www.budokampsport.se\/2018\/05\/24\/ny-dataskyddsforordning\/\" \/>\n<meta property=\"og:site_name\" content=\"Svenska Budo &amp; Kampsportsf\u00f6rbundet\" \/>\n<meta property=\"article:published_time\" content=\"2018-05-24T12:50:08+00:00\" \/>\n<meta property=\"og:image\" content=\"https:\/\/www.budokampsport.se\/wp-content\/uploads\/2018\/05\/180522-gdpr.jpg\" \/>\n\t<meta property=\"og:image:width\" content=\"576\" \/>\n\t<meta property=\"og:image:height\" content=\"385\" \/>\n\t<meta property=\"og:image:type\" content=\"image\/jpeg\" \/>\n<meta name=\"author\" content=\"Sofia Arnbom\" \/>\n<meta name=\"twitter:card\" content=\"summary_large_image\" \/>\n<meta name=\"twitter:label1\" content=\"Skriven av\" \/>\n\t<meta name=\"twitter:data1\" content=\"Sofia Arnbom\" \/>\n<script type=\"application\/ld+json\" class=\"yoast-schema-graph\">{\"@context\":\"https:\/\/schema.org\",\"@graph\":[{\"@type\":\"Article\",\"@id\":\"https:\/\/www.budokampsport.se\/2018\/05\/24\/ny-dataskyddsforordning\/#article\",\"isPartOf\":{\"@id\":\"https:\/\/www.budokampsport.se\/2018\/05\/24\/ny-dataskyddsforordning\/\"},\"author\":{\"name\":\"Sofia Arnbom\",\"@id\":\"https:\/\/www.budokampsport.se\/#\/schema\/person\/666f754cfbc6f9a83a8c253cd24ad660\"},\"headline\":\"Ny dataskyddsf\u00f6rordning\",\"datePublished\":\"2018-05-24T12:50:08+00:00\",\"mainEntityOfPage\":{\"@id\":\"https:\/\/www.budokampsport.se\/2018\/05\/24\/ny-dataskyddsforordning\/\"},\"wordCount\":84,\"commentCount\":0,\"image\":{\"@id\":\"https:\/\/www.budokampsport.se\/2018\/05\/24\/ny-dataskyddsforordning\/#primaryimage\"},\"thumbnailUrl\":\"https:\/\/www.budokampsport.se\/wp-content\/uploads\/2018\/05\/180522-gdpr.jpg\",\"inLanguage\":\"sv-SE\",\"potentialAction\":[{\"@type\":\"CommentAction\",\"name\":\"Comment\",\"target\":[\"https:\/\/www.budokampsport.se\/2018\/05\/24\/ny-dataskyddsforordning\/#respond\"]}]},{\"@type\":\"WebPage\",\"@id\":\"https:\/\/www.budokampsport.se\/2018\/05\/24\/ny-dataskyddsforordning\/\",\"url\":\"https:\/\/www.budokampsport.se\/2018\/05\/24\/ny-dataskyddsforordning\/\",\"name\":\"Ny dataskyddsf\u00f6rordning - Svenska Budo &amp; Kampsportsf\u00f6rbundet\",\"isPartOf\":{\"@id\":\"https:\/\/www.budokampsport.se\/#website\"},\"primaryImageOfPage\":{\"@id\":\"https:\/\/www.budokampsport.se\/2018\/05\/24\/ny-dataskyddsforordning\/#primaryimage\"},\"image\":{\"@id\":\"https:\/\/www.budokampsport.se\/2018\/05\/24\/ny-dataskyddsforordning\/#primaryimage\"},\"thumbnailUrl\":\"https:\/\/www.budokampsport.se\/wp-content\/uploads\/2018\/05\/180522-gdpr.jpg\",\"datePublished\":\"2018-05-24T12:50:08+00:00\",\"author\":{\"@id\":\"https:\/\/www.budokampsport.se\/#\/schema\/person\/666f754cfbc6f9a83a8c253cd24ad660\"},\"description\":\"Den 25 maj tr\u00e4der en ny dataskyddsf\u00f6rordning (GDPR eller General Data Protection Regulation) i kraft. Den reglerar hur personuppgifter f\u00e5r hanteras och\",\"breadcrumb\":{\"@id\":\"https:\/\/www.budokampsport.se\/2018\/05\/24\/ny-dataskyddsforordning\/#breadcrumb\"},\"inLanguage\":\"sv-SE\",\"potentialAction\":[{\"@type\":\"ReadAction\",\"target\":[\"https:\/\/www.budokampsport.se\/2018\/05\/24\/ny-dataskyddsforordning\/\"]}]},{\"@type\":\"ImageObject\",\"inLanguage\":\"sv-SE\",\"@id\":\"https:\/\/www.budokampsport.se\/2018\/05\/24\/ny-dataskyddsforordning\/#primaryimage\",\"url\":\"https:\/\/www.budokampsport.se\/wp-content\/uploads\/2018\/05\/180522-gdpr.jpg\",\"contentUrl\":\"https:\/\/www.budokampsport.se\/wp-content\/uploads\/2018\/05\/180522-gdpr.jpg\",\"width\":576,\"height\":385},{\"@type\":\"BreadcrumbList\",\"@id\":\"https:\/\/www.budokampsport.se\/2018\/05\/24\/ny-dataskyddsforordning\/#breadcrumb\",\"itemListElement\":[{\"@type\":\"ListItem\",\"position\":1,\"name\":\"Hem\",\"item\":\"https:\/\/www.budokampsport.se\/\"},{\"@type\":\"ListItem\",\"position\":2,\"name\":\"Ny dataskyddsf\u00f6rordning\"}]},{\"@type\":\"WebSite\",\"@id\":\"https:\/\/www.budokampsport.se\/#website\",\"url\":\"https:\/\/www.budokampsport.se\/\",\"name\":\"Svenska Budo &amp; Kampsportsf\u00f6rbundet\",\"description\":\"T\u00e4vling, Tr\u00e4ning, Tradition\",\"potentialAction\":[{\"@type\":\"SearchAction\",\"target\":{\"@type\":\"EntryPoint\",\"urlTemplate\":\"https:\/\/www.budokampsport.se\/?s={search_term_string}\"},\"query-input\":{\"@type\":\"PropertyValueSpecification\",\"valueRequired\":true,\"valueName\":\"search_term_string\"}}],\"inLanguage\":\"sv-SE\"},{\"@type\":\"Person\",\"@id\":\"https:\/\/www.budokampsport.se\/#\/schema\/person\/666f754cfbc6f9a83a8c253cd24ad660\",\"name\":\"Sofia Arnbom\",\"image\":{\"@type\":\"ImageObject\",\"inLanguage\":\"sv-SE\",\"@id\":\"https:\/\/www.budokampsport.se\/#\/schema\/person\/image\/\",\"url\":\"https:\/\/secure.gravatar.com\/avatar\/a69f673c99635f06ea6cb1eb10ca7e92?s=96&d=blank&r=g\",\"contentUrl\":\"https:\/\/secure.gravatar.com\/avatar\/a69f673c99635f06ea6cb1eb10ca7e92?s=96&d=blank&r=g\",\"caption\":\"Sofia Arnbom\"},\"url\":\"https:\/\/www.budokampsport.se\/author\/sofia-arnbom\/\"}]}<\/script>\n<!-- \/ Yoast SEO plugin. -->","yoast_head_json":{"title":"Ny dataskyddsf\u00f6rordning - Svenska Budo &amp; Kampsportsf\u00f6rbundet","description":"Den 25 maj tr\u00e4der en ny dataskyddsf\u00f6rordning (GDPR eller General Data Protection Regulation) i kraft. Den reglerar hur personuppgifter f\u00e5r hanteras och","robots":{"index":"index","follow":"follow","max-snippet":"max-snippet:-1","max-image-preview":"max-image-preview:large","max-video-preview":"max-video-preview:-1"},"canonical":"https:\/\/www.budokampsport.se\/2018\/05\/24\/ny-dataskyddsforordning\/","og_locale":"sv_SE","og_type":"article","og_title":"Ny dataskyddsf\u00f6rordning - Svenska Budo &amp; Kampsportsf\u00f6rbundet","og_description":"Den 25 maj tr\u00e4der en ny dataskyddsf\u00f6rordning (GDPR eller General Data Protection Regulation) i kraft. Den reglerar hur personuppgifter f\u00e5r hanteras och","og_url":"https:\/\/www.budokampsport.se\/2018\/05\/24\/ny-dataskyddsforordning\/","og_site_name":"Svenska Budo &amp; Kampsportsf\u00f6rbundet","article_published_time":"2018-05-24T12:50:08+00:00","og_image":[{"width":576,"height":385,"url":"https:\/\/www.budokampsport.se\/wp-content\/uploads\/2018\/05\/180522-gdpr.jpg","type":"image\/jpeg"}],"author":"Sofia Arnbom","twitter_card":"summary_large_image","twitter_misc":{"Skriven av":"Sofia Arnbom"},"schema":{"@context":"https:\/\/schema.org","@graph":[{"@type":"Article","@id":"https:\/\/www.budokampsport.se\/2018\/05\/24\/ny-dataskyddsforordning\/#article","isPartOf":{"@id":"https:\/\/www.budokampsport.se\/2018\/05\/24\/ny-dataskyddsforordning\/"},"author":{"name":"Sofia Arnbom","@id":"https:\/\/www.budokampsport.se\/#\/schema\/person\/666f754cfbc6f9a83a8c253cd24ad660"},"headline":"Ny dataskyddsf\u00f6rordning","datePublished":"2018-05-24T12:50:08+00:00","mainEntityOfPage":{"@id":"https:\/\/www.budokampsport.se\/2018\/05\/24\/ny-dataskyddsforordning\/"},"wordCount":84,"commentCount":0,"image":{"@id":"https:\/\/www.budokampsport.se\/2018\/05\/24\/ny-dataskyddsforordning\/#primaryimage"},"thumbnailUrl":"https:\/\/www.budokampsport.se\/wp-content\/uploads\/2018\/05\/180522-gdpr.jpg","inLanguage":"sv-SE","potentialAction":[{"@type":"CommentAction","name":"Comment","target":["https:\/\/www.budokampsport.se\/2018\/05\/24\/ny-dataskyddsforordning\/#respond"]}]},{"@type":"WebPage","@id":"https:\/\/www.budokampsport.se\/2018\/05\/24\/ny-dataskyddsforordning\/","url":"https:\/\/www.budokampsport.se\/2018\/05\/24\/ny-dataskyddsforordning\/","name":"Ny dataskyddsf\u00f6rordning - Svenska Budo &amp; Kampsportsf\u00f6rbundet","isPartOf":{"@id":"https:\/\/www.budokampsport.se\/#website"},"primaryImageOfPage":{"@id":"https:\/\/www.budokampsport.se\/2018\/05\/24\/ny-dataskyddsforordning\/#primaryimage"},"image":{"@id":"https:\/\/www.budokampsport.se\/2018\/05\/24\/ny-dataskyddsforordning\/#primaryimage"},"thumbnailUrl":"https:\/\/www.budokampsport.se\/wp-content\/uploads\/2018\/05\/180522-gdpr.jpg","datePublished":"2018-05-24T12:50:08+00:00","author":{"@id":"https:\/\/www.budokampsport.se\/#\/schema\/person\/666f754cfbc6f9a83a8c253cd24ad660"},"description":"Den 25 maj tr\u00e4der en ny dataskyddsf\u00f6rordning (GDPR eller General Data Protection Regulation) i kraft. Den reglerar hur personuppgifter f\u00e5r hanteras och","breadcrumb":{"@id":"https:\/\/www.budokampsport.se\/2018\/05\/24\/ny-dataskyddsforordning\/#breadcrumb"},"inLanguage":"sv-SE","potentialAction":[{"@type":"ReadAction","target":["https:\/\/www.budokampsport.se\/2018\/05\/24\/ny-dataskyddsforordning\/"]}]},{"@type":"ImageObject","inLanguage":"sv-SE","@id":"https:\/\/www.budokampsport.se\/2018\/05\/24\/ny-dataskyddsforordning\/#primaryimage","url":"https:\/\/www.budokampsport.se\/wp-content\/uploads\/2018\/05\/180522-gdpr.jpg","contentUrl":"https:\/\/www.budokampsport.se\/wp-content\/uploads\/2018\/05\/180522-gdpr.jpg","width":576,"height":385},{"@type":"BreadcrumbList","@id":"https:\/\/www.budokampsport.se\/2018\/05\/24\/ny-dataskyddsforordning\/#breadcrumb","itemListElement":[{"@type":"ListItem","position":1,"name":"Hem","item":"https:\/\/www.budokampsport.se\/"},{"@type":"ListItem","position":2,"name":"Ny dataskyddsf\u00f6rordning"}]},{"@type":"WebSite","@id":"https:\/\/www.budokampsport.se\/#website","url":"https:\/\/www.budokampsport.se\/","name":"Svenska Budo &amp; Kampsportsf\u00f6rbundet","description":"T\u00e4vling, Tr\u00e4ning, Tradition","potentialAction":[{"@type":"SearchAction","target":{"@type":"EntryPoint","urlTemplate":"https:\/\/www.budokampsport.se\/?s={search_term_string}"},"query-input":{"@type":"PropertyValueSpecification","valueRequired":true,"valueName":"search_term_string"}}],"inLanguage":"sv-SE"},{"@type":"Person","@id":"https:\/\/www.budokampsport.se\/#\/schema\/person\/666f754cfbc6f9a83a8c253cd24ad660","name":"Sofia Arnbom","image":{"@type":"ImageObject","inLanguage":"sv-SE","@id":"https:\/\/www.budokampsport.se\/#\/schema\/person\/image\/","url":"https:\/\/secure.gravatar.com\/avatar\/a69f673c99635f06ea6cb1eb10ca7e92?s=96&d=blank&r=g","contentUrl":"https:\/\/secure.gravatar.com\/avatar\/a69f673c99635f06ea6cb1eb10ca7e92?s=96&d=blank&r=g","caption":"Sofia Arnbom"},"url":"https:\/\/www.budokampsport.se\/author\/sofia-arnbom\/"}]}},"_links":{"self":[{"href":"https:\/\/www.budokampsport.se\/api\/wp\/v2\/posts\/73082","targetHints":{"allow":["GET"]}}],"collection":[{"href":"https:\/\/www.budokampsport.se\/api\/wp\/v2\/posts"}],"about":[{"href":"https:\/\/www.budokampsport.se\/api\/wp\/v2\/types\/post"}],"author":[{"embeddable":true,"href":"https:\/\/www.budokampsport.se\/api\/wp\/v2\/users\/47"}],"replies":[{"embeddable":true,"href":"https:\/\/www.budokampsport.se\/api\/wp\/v2\/comments?post=73082"}],"version-history":[{"count":0,"href":"https:\/\/www.budokampsport.se\/api\/wp\/v2\/posts\/73082\/revisions"}],"wp:featuredmedia":[{"embeddable":true,"href":"https:\/\/www.budokampsport.se\/api\/wp\/v2\/media\/73088"}],"wp:attachment":[{"href":"https:\/\/www.budokampsport.se\/api\/wp\/v2\/media?parent=73082"}],"wp:term":[{"taxonomy":"category","embeddable":true,"href":"https:\/\/www.budokampsport.se\/api\/wp\/v2\/categories?post=73082"},{"taxonomy":"post_tag","embeddable":true,"href":"https:\/\/www.budokampsport.se\/api\/wp\/v2\/tags?post=73082"}],"curies":[{"name":"wp","href":"https:\/\/api.w.org\/{rel}","templated":true}]}}