{"id":73145,"date":"2018-05-25T13:06:46","date_gmt":"2018-05-25T11:06:46","guid":{"rendered":"http:\/\/www.budokampsport.se\/?p=73145"},"modified":"2018-05-25T13:06:46","modified_gmt":"2018-05-25T11:06:46","slug":"nytt-avsnitt-av-kampsportspodden-2","status":"publish","type":"post","link":"https:\/\/www.budokampsport.se\/2018\/05\/25\/nytt-avsnitt-av-kampsportspodden-2\/","title":{"rendered":"Nytt avsnitt av Kampsportspodden"},"content":{"rendered":"<div class=\"truncatedAudioInfo__wrapper\">\n<div class=\"truncatedAudioInfo__content\">\n<div class=\"sc-type-small\">\n<div>\n<p>Vi g\u00e5r ocks\u00e5 igenom medaljerna p\u00e5 EM i kyokushin och VM i thaiboxning, samt kikar p\u00e5 VM-truppen i BJJ.<\/p>\n<p>Programledare: Jonathan Broberg<br \/>\nG\u00e4st: Peder Finnsi\u00f6<br \/>\nRedigering: Jonathan Broberg<\/p>\n<\/div>\n<\/div>\n<div class=\"soundTags\">\n<div class=\"sc-tag-group\"><a href=\"https:\/\/soundcloud.com\/user-827638656\/podden-avsnitt-19\">H\u00e4r h\u00f6r du det nya avsnittet.<\/a><\/div>\n<\/div>\n<div class=\"truncatedAudioInfo__metadata\">\n<div class=\"listenInfo\">\n<div><\/div>\n<\/div>\n<\/div>\n<div class=\"truncatedAudioInfo__license\">\n<div class=\"license sc-type-light\"><\/div>\n<\/div>\n<\/div>\n<\/div>\n","protected":false},"excerpt":{"rendered":"<p>I avsnitt 19 tr\u00e4ffar Kampsportspodden Peder Finnsi\u00f6, ordf\u00f6rande f\u00f6r Svenska Kung Fu och Wushuf\u00f6rbundet och ordf\u00f6rande f\u00f6r distriktet Stockholm\/Gotlands Budo &#038; Kampsportsf\u00f6rbund.<\/p><br>","protected":false},"author":7,"featured_media":73144,"comment_status":"open","ping_status":"open","sticky":false,"template":"","format":"standard","meta":{"_acf_changed":false,"footnotes":""},"categories":[1],"tags":[],"class_list":["post-73145","post","type-post","status-publish","format-standard","has-post-thumbnail","hentry","category-okategoriserade"],"acf":[],"yoast_head":"<!-- This site is optimized with the Yoast SEO plugin v26.8 - https:\/\/yoast.com\/product\/yoast-seo-wordpress\/ -->\n<title>Nytt avsnitt av Kampsportspodden - Svenska Budo &amp; Kampsportsf\u00f6rbundet<\/title>\n<meta name=\"description\" content=\"I avsnitt 19 tr\u00e4ffar Kampsportspodden Peder Finnsi\u00f6, ordf\u00f6rande f\u00f6r Svenska Kung Fu och Wushuf\u00f6rbundet och ordf\u00f6rande f\u00f6r distriktet Stockholm\/Gotlands Budo &amp; Kampsportsf\u00f6rbund.\" \/>\n<meta name=\"robots\" content=\"index, follow, max-snippet:-1, max-image-preview:large, max-video-preview:-1\" \/>\n<link rel=\"canonical\" href=\"https:\/\/www.budokampsport.se\/2018\/05\/25\/nytt-avsnitt-av-kampsportspodden-2\/\" \/>\n<meta property=\"og:locale\" content=\"sv_SE\" \/>\n<meta property=\"og:type\" content=\"article\" \/>\n<meta property=\"og:title\" content=\"Nytt avsnitt av Kampsportspodden - Svenska Budo &amp; Kampsportsf\u00f6rbundet\" \/>\n<meta property=\"og:description\" content=\"I avsnitt 19 tr\u00e4ffar Kampsportspodden Peder Finnsi\u00f6, ordf\u00f6rande f\u00f6r Svenska Kung Fu och Wushuf\u00f6rbundet och ordf\u00f6rande f\u00f6r distriktet Stockholm\/Gotlands Budo &amp; Kampsportsf\u00f6rbund.\" \/>\n<meta property=\"og:url\" content=\"https:\/\/www.budokampsport.se\/2018\/05\/25\/nytt-avsnitt-av-kampsportspodden-2\/\" \/>\n<meta property=\"og:site_name\" content=\"Svenska Budo &amp; Kampsportsf\u00f6rbundet\" \/>\n<meta property=\"article:author\" content=\"https:\/\/www.facebook.com\/jonathan.broberg.7\" \/>\n<meta property=\"article:published_time\" content=\"2018-05-25T11:06:46+00:00\" \/>\n<meta property=\"og:image\" content=\"https:\/\/www.budokampsport.se\/wp-content\/uploads\/2018\/05\/Peder-Finnsio-e1624887692397.jpg\" \/>\n\t<meta property=\"og:image:width\" content=\"850\" \/>\n\t<meta property=\"og:image:height\" content=\"850\" \/>\n\t<meta property=\"og:image:type\" content=\"image\/jpeg\" \/>\n<meta name=\"author\" content=\"Jonathan Broberg\" \/>\n<meta name=\"twitter:card\" content=\"summary_large_image\" \/>\n<meta name=\"twitter:label1\" content=\"Skriven av\" \/>\n\t<meta name=\"twitter:data1\" content=\"Jonathan Broberg\" \/>\n<script type=\"application\/ld+json\" class=\"yoast-schema-graph\">{\"@context\":\"https:\/\/schema.org\",\"@graph\":[{\"@type\":\"Article\",\"@id\":\"https:\/\/www.budokampsport.se\/2018\/05\/25\/nytt-avsnitt-av-kampsportspodden-2\/#article\",\"isPartOf\":{\"@id\":\"https:\/\/www.budokampsport.se\/2018\/05\/25\/nytt-avsnitt-av-kampsportspodden-2\/\"},\"author\":{\"name\":\"Jonathan Broberg\",\"@id\":\"https:\/\/www.budokampsport.se\/#\/schema\/person\/5c06d81d14850e2a8ce5493386560145\"},\"headline\":\"Nytt avsnitt av Kampsportspodden\",\"datePublished\":\"2018-05-25T11:06:46+00:00\",\"mainEntityOfPage\":{\"@id\":\"https:\/\/www.budokampsport.se\/2018\/05\/25\/nytt-avsnitt-av-kampsportspodden-2\/\"},\"wordCount\":42,\"commentCount\":0,\"image\":{\"@id\":\"https:\/\/www.budokampsport.se\/2018\/05\/25\/nytt-avsnitt-av-kampsportspodden-2\/#primaryimage\"},\"thumbnailUrl\":\"https:\/\/www.budokampsport.se\/wp-content\/uploads\/2018\/05\/Peder-Finnsio-e1624887692397.jpg\",\"inLanguage\":\"sv-SE\",\"potentialAction\":[{\"@type\":\"CommentAction\",\"name\":\"Comment\",\"target\":[\"https:\/\/www.budokampsport.se\/2018\/05\/25\/nytt-avsnitt-av-kampsportspodden-2\/#respond\"]}]},{\"@type\":\"WebPage\",\"@id\":\"https:\/\/www.budokampsport.se\/2018\/05\/25\/nytt-avsnitt-av-kampsportspodden-2\/\",\"url\":\"https:\/\/www.budokampsport.se\/2018\/05\/25\/nytt-avsnitt-av-kampsportspodden-2\/\",\"name\":\"Nytt avsnitt av Kampsportspodden - Svenska Budo &amp; Kampsportsf\u00f6rbundet\",\"isPartOf\":{\"@id\":\"https:\/\/www.budokampsport.se\/#website\"},\"primaryImageOfPage\":{\"@id\":\"https:\/\/www.budokampsport.se\/2018\/05\/25\/nytt-avsnitt-av-kampsportspodden-2\/#primaryimage\"},\"image\":{\"@id\":\"https:\/\/www.budokampsport.se\/2018\/05\/25\/nytt-avsnitt-av-kampsportspodden-2\/#primaryimage\"},\"thumbnailUrl\":\"https:\/\/www.budokampsport.se\/wp-content\/uploads\/2018\/05\/Peder-Finnsio-e1624887692397.jpg\",\"datePublished\":\"2018-05-25T11:06:46+00:00\",\"author\":{\"@id\":\"https:\/\/www.budokampsport.se\/#\/schema\/person\/5c06d81d14850e2a8ce5493386560145\"},\"description\":\"I avsnitt 19 tr\u00e4ffar Kampsportspodden Peder Finnsi\u00f6, ordf\u00f6rande f\u00f6r Svenska Kung Fu och Wushuf\u00f6rbundet och ordf\u00f6rande f\u00f6r distriktet Stockholm\/Gotlands Budo & Kampsportsf\u00f6rbund.\",\"breadcrumb\":{\"@id\":\"https:\/\/www.budokampsport.se\/2018\/05\/25\/nytt-avsnitt-av-kampsportspodden-2\/#breadcrumb\"},\"inLanguage\":\"sv-SE\",\"potentialAction\":[{\"@type\":\"ReadAction\",\"target\":[\"https:\/\/www.budokampsport.se\/2018\/05\/25\/nytt-avsnitt-av-kampsportspodden-2\/\"]}]},{\"@type\":\"ImageObject\",\"inLanguage\":\"sv-SE\",\"@id\":\"https:\/\/www.budokampsport.se\/2018\/05\/25\/nytt-avsnitt-av-kampsportspodden-2\/#primaryimage\",\"url\":\"https:\/\/www.budokampsport.se\/wp-content\/uploads\/2018\/05\/Peder-Finnsio-e1624887692397.jpg\",\"contentUrl\":\"https:\/\/www.budokampsport.se\/wp-content\/uploads\/2018\/05\/Peder-Finnsio-e1624887692397.jpg\",\"width\":850,\"height\":850,\"caption\":\"Foto: Jonathan Broberg\"},{\"@type\":\"BreadcrumbList\",\"@id\":\"https:\/\/www.budokampsport.se\/2018\/05\/25\/nytt-avsnitt-av-kampsportspodden-2\/#breadcrumb\",\"itemListElement\":[{\"@type\":\"ListItem\",\"position\":1,\"name\":\"Hem\",\"item\":\"https:\/\/www.budokampsport.se\/\"},{\"@type\":\"ListItem\",\"position\":2,\"name\":\"Nytt avsnitt av Kampsportspodden\"}]},{\"@type\":\"WebSite\",\"@id\":\"https:\/\/www.budokampsport.se\/#website\",\"url\":\"https:\/\/www.budokampsport.se\/\",\"name\":\"Svenska Budo &amp; Kampsportsf\u00f6rbundet\",\"description\":\"T\u00e4vling, Tr\u00e4ning, Tradition\",\"potentialAction\":[{\"@type\":\"SearchAction\",\"target\":{\"@type\":\"EntryPoint\",\"urlTemplate\":\"https:\/\/www.budokampsport.se\/?s={search_term_string}\"},\"query-input\":{\"@type\":\"PropertyValueSpecification\",\"valueRequired\":true,\"valueName\":\"search_term_string\"}}],\"inLanguage\":\"sv-SE\"},{\"@type\":\"Person\",\"@id\":\"https:\/\/www.budokampsport.se\/#\/schema\/person\/5c06d81d14850e2a8ce5493386560145\",\"name\":\"Jonathan Broberg\",\"image\":{\"@type\":\"ImageObject\",\"inLanguage\":\"sv-SE\",\"@id\":\"https:\/\/www.budokampsport.se\/#\/schema\/person\/image\/\",\"url\":\"https:\/\/secure.gravatar.com\/avatar\/a58041c6cea9128bd9c40ee2f26d4136?s=96&d=blank&r=g\",\"contentUrl\":\"https:\/\/secure.gravatar.com\/avatar\/a58041c6cea9128bd9c40ee2f26d4136?s=96&d=blank&r=g\",\"caption\":\"Jonathan Broberg\"},\"sameAs\":[\"https:\/\/www.facebook.com\/jonathan.broberg.7\"],\"url\":\"https:\/\/www.budokampsport.se\/author\/jonathan\/\"}]}<\/script>\n<!-- \/ Yoast SEO plugin. -->","yoast_head_json":{"title":"Nytt avsnitt av Kampsportspodden - Svenska Budo &amp; Kampsportsf\u00f6rbundet","description":"I avsnitt 19 tr\u00e4ffar Kampsportspodden Peder Finnsi\u00f6, ordf\u00f6rande f\u00f6r Svenska Kung Fu och Wushuf\u00f6rbundet och ordf\u00f6rande f\u00f6r distriktet Stockholm\/Gotlands Budo & Kampsportsf\u00f6rbund.","robots":{"index":"index","follow":"follow","max-snippet":"max-snippet:-1","max-image-preview":"max-image-preview:large","max-video-preview":"max-video-preview:-1"},"canonical":"https:\/\/www.budokampsport.se\/2018\/05\/25\/nytt-avsnitt-av-kampsportspodden-2\/","og_locale":"sv_SE","og_type":"article","og_title":"Nytt avsnitt av Kampsportspodden - Svenska Budo &amp; Kampsportsf\u00f6rbundet","og_description":"I avsnitt 19 tr\u00e4ffar Kampsportspodden Peder Finnsi\u00f6, ordf\u00f6rande f\u00f6r Svenska Kung Fu och Wushuf\u00f6rbundet och ordf\u00f6rande f\u00f6r distriktet Stockholm\/Gotlands Budo & Kampsportsf\u00f6rbund.","og_url":"https:\/\/www.budokampsport.se\/2018\/05\/25\/nytt-avsnitt-av-kampsportspodden-2\/","og_site_name":"Svenska Budo &amp; Kampsportsf\u00f6rbundet","article_author":"https:\/\/www.facebook.com\/jonathan.broberg.7","article_published_time":"2018-05-25T11:06:46+00:00","og_image":[{"width":850,"height":850,"url":"https:\/\/www.budokampsport.se\/wp-content\/uploads\/2018\/05\/Peder-Finnsio-e1624887692397.jpg","type":"image\/jpeg"}],"author":"Jonathan Broberg","twitter_card":"summary_large_image","twitter_misc":{"Skriven av":"Jonathan Broberg"},"schema":{"@context":"https:\/\/schema.org","@graph":[{"@type":"Article","@id":"https:\/\/www.budokampsport.se\/2018\/05\/25\/nytt-avsnitt-av-kampsportspodden-2\/#article","isPartOf":{"@id":"https:\/\/www.budokampsport.se\/2018\/05\/25\/nytt-avsnitt-av-kampsportspodden-2\/"},"author":{"name":"Jonathan Broberg","@id":"https:\/\/www.budokampsport.se\/#\/schema\/person\/5c06d81d14850e2a8ce5493386560145"},"headline":"Nytt avsnitt av Kampsportspodden","datePublished":"2018-05-25T11:06:46+00:00","mainEntityOfPage":{"@id":"https:\/\/www.budokampsport.se\/2018\/05\/25\/nytt-avsnitt-av-kampsportspodden-2\/"},"wordCount":42,"commentCount":0,"image":{"@id":"https:\/\/www.budokampsport.se\/2018\/05\/25\/nytt-avsnitt-av-kampsportspodden-2\/#primaryimage"},"thumbnailUrl":"https:\/\/www.budokampsport.se\/wp-content\/uploads\/2018\/05\/Peder-Finnsio-e1624887692397.jpg","inLanguage":"sv-SE","potentialAction":[{"@type":"CommentAction","name":"Comment","target":["https:\/\/www.budokampsport.se\/2018\/05\/25\/nytt-avsnitt-av-kampsportspodden-2\/#respond"]}]},{"@type":"WebPage","@id":"https:\/\/www.budokampsport.se\/2018\/05\/25\/nytt-avsnitt-av-kampsportspodden-2\/","url":"https:\/\/www.budokampsport.se\/2018\/05\/25\/nytt-avsnitt-av-kampsportspodden-2\/","name":"Nytt avsnitt av Kampsportspodden - Svenska Budo &amp; Kampsportsf\u00f6rbundet","isPartOf":{"@id":"https:\/\/www.budokampsport.se\/#website"},"primaryImageOfPage":{"@id":"https:\/\/www.budokampsport.se\/2018\/05\/25\/nytt-avsnitt-av-kampsportspodden-2\/#primaryimage"},"image":{"@id":"https:\/\/www.budokampsport.se\/2018\/05\/25\/nytt-avsnitt-av-kampsportspodden-2\/#primaryimage"},"thumbnailUrl":"https:\/\/www.budokampsport.se\/wp-content\/uploads\/2018\/05\/Peder-Finnsio-e1624887692397.jpg","datePublished":"2018-05-25T11:06:46+00:00","author":{"@id":"https:\/\/www.budokampsport.se\/#\/schema\/person\/5c06d81d14850e2a8ce5493386560145"},"description":"I avsnitt 19 tr\u00e4ffar Kampsportspodden Peder Finnsi\u00f6, ordf\u00f6rande f\u00f6r Svenska Kung Fu och Wushuf\u00f6rbundet och ordf\u00f6rande f\u00f6r distriktet Stockholm\/Gotlands Budo & Kampsportsf\u00f6rbund.","breadcrumb":{"@id":"https:\/\/www.budokampsport.se\/2018\/05\/25\/nytt-avsnitt-av-kampsportspodden-2\/#breadcrumb"},"inLanguage":"sv-SE","potentialAction":[{"@type":"ReadAction","target":["https:\/\/www.budokampsport.se\/2018\/05\/25\/nytt-avsnitt-av-kampsportspodden-2\/"]}]},{"@type":"ImageObject","inLanguage":"sv-SE","@id":"https:\/\/www.budokampsport.se\/2018\/05\/25\/nytt-avsnitt-av-kampsportspodden-2\/#primaryimage","url":"https:\/\/www.budokampsport.se\/wp-content\/uploads\/2018\/05\/Peder-Finnsio-e1624887692397.jpg","contentUrl":"https:\/\/www.budokampsport.se\/wp-content\/uploads\/2018\/05\/Peder-Finnsio-e1624887692397.jpg","width":850,"height":850,"caption":"Foto: Jonathan Broberg"},{"@type":"BreadcrumbList","@id":"https:\/\/www.budokampsport.se\/2018\/05\/25\/nytt-avsnitt-av-kampsportspodden-2\/#breadcrumb","itemListElement":[{"@type":"ListItem","position":1,"name":"Hem","item":"https:\/\/www.budokampsport.se\/"},{"@type":"ListItem","position":2,"name":"Nytt avsnitt av Kampsportspodden"}]},{"@type":"WebSite","@id":"https:\/\/www.budokampsport.se\/#website","url":"https:\/\/www.budokampsport.se\/","name":"Svenska Budo &amp; Kampsportsf\u00f6rbundet","description":"T\u00e4vling, Tr\u00e4ning, Tradition","potentialAction":[{"@type":"SearchAction","target":{"@type":"EntryPoint","urlTemplate":"https:\/\/www.budokampsport.se\/?s={search_term_string}"},"query-input":{"@type":"PropertyValueSpecification","valueRequired":true,"valueName":"search_term_string"}}],"inLanguage":"sv-SE"},{"@type":"Person","@id":"https:\/\/www.budokampsport.se\/#\/schema\/person\/5c06d81d14850e2a8ce5493386560145","name":"Jonathan Broberg","image":{"@type":"ImageObject","inLanguage":"sv-SE","@id":"https:\/\/www.budokampsport.se\/#\/schema\/person\/image\/","url":"https:\/\/secure.gravatar.com\/avatar\/a58041c6cea9128bd9c40ee2f26d4136?s=96&d=blank&r=g","contentUrl":"https:\/\/secure.gravatar.com\/avatar\/a58041c6cea9128bd9c40ee2f26d4136?s=96&d=blank&r=g","caption":"Jonathan Broberg"},"sameAs":["https:\/\/www.facebook.com\/jonathan.broberg.7"],"url":"https:\/\/www.budokampsport.se\/author\/jonathan\/"}]}},"_links":{"self":[{"href":"https:\/\/www.budokampsport.se\/api\/wp\/v2\/posts\/73145","targetHints":{"allow":["GET"]}}],"collection":[{"href":"https:\/\/www.budokampsport.se\/api\/wp\/v2\/posts"}],"about":[{"href":"https:\/\/www.budokampsport.se\/api\/wp\/v2\/types\/post"}],"author":[{"embeddable":true,"href":"https:\/\/www.budokampsport.se\/api\/wp\/v2\/users\/7"}],"replies":[{"embeddable":true,"href":"https:\/\/www.budokampsport.se\/api\/wp\/v2\/comments?post=73145"}],"version-history":[{"count":0,"href":"https:\/\/www.budokampsport.se\/api\/wp\/v2\/posts\/73145\/revisions"}],"wp:featuredmedia":[{"embeddable":true,"href":"https:\/\/www.budokampsport.se\/api\/wp\/v2\/media\/73144"}],"wp:attachment":[{"href":"https:\/\/www.budokampsport.se\/api\/wp\/v2\/media?parent=73145"}],"wp:term":[{"taxonomy":"category","embeddable":true,"href":"https:\/\/www.budokampsport.se\/api\/wp\/v2\/categories?post=73145"},{"taxonomy":"post_tag","embeddable":true,"href":"https:\/\/www.budokampsport.se\/api\/wp\/v2\/tags?post=73145"}],"curies":[{"name":"wp","href":"https:\/\/api.w.org\/{rel}","templated":true}]}}