{"id":73206,"date":"2018-05-28T13:01:35","date_gmt":"2018-05-28T11:01:35","guid":{"rendered":"http:\/\/www.budokampsport.se\/?p=73206"},"modified":"2018-05-30T10:40:22","modified_gmt":"2018-05-30T08:40:22","slug":"mma-landslaget-jonny-touma","status":"publish","type":"post","link":"https:\/\/www.budokampsport.se\/2018\/05\/28\/mma-landslaget-jonny-touma\/","title":{"rendered":"MMA landslaget &#8211; Jonny Touma"},"content":{"rendered":"<p><span style=\"font-size: 14pt;\">I det sj\u00e4tte avsnittet av MMA-f\u00f6rbundets presentation av landslaget 2018 f\u00e5r vi m\u00f6ta Jonny Touma som t\u00e4vlar i\u00a0 bantamvikt -61,2 kg.<\/span><\/p>\n<p>\u2013F\u00f6rhoppningsvis tar jag mig hela v\u00e4gen till UFC, s\u00e4ger Jonny.<\/p>\n<p>Se filmen <a href=\"https:\/\/budokampsport.solidtango.com\/video\/mma-landslaget-jonny-touma\">h\u00e4r.<\/a><\/p>\n<p>Text: Annie Bondefelt<br \/>\nFoto &amp; redigering: Ostrogonac Production<\/p>\n","protected":false},"excerpt":{"rendered":"<p>I det sj\u00e4tte avsnittet av MMA-f\u00f6rbundets presentation av landslaget 2018 [&#8230;]<\/p><br>","protected":false},"author":120,"featured_media":73207,"comment_status":"open","ping_status":"open","sticky":false,"template":"","format":"standard","meta":{"_acf_changed":false,"footnotes":""},"categories":[1],"tags":[],"class_list":["post-73206","post","type-post","status-publish","format-standard","has-post-thumbnail","hentry","category-okategoriserade"],"acf":[],"yoast_head":"<!-- This site is optimized with the Yoast SEO plugin v26.8 - https:\/\/yoast.com\/product\/yoast-seo-wordpress\/ -->\n<title>MMA landslaget - Jonny Touma - Svenska Budo &amp; Kampsportsf\u00f6rbundet<\/title>\n<meta name=\"description\" content=\"I det sj\u00e4tte avsnittet av MMA-f\u00f6rbundets presentation av landslaget 2018 f\u00e5r vi m\u00f6ta Jonny Touma som t\u00e4vlar i\u00a0 bantamvikt -61,2 kg. \u2013F\u00f6rhoppningsvis tar\" \/>\n<meta name=\"robots\" content=\"index, follow, max-snippet:-1, max-image-preview:large, max-video-preview:-1\" \/>\n<link rel=\"canonical\" href=\"https:\/\/www.budokampsport.se\/2018\/05\/28\/mma-landslaget-jonny-touma\/\" \/>\n<meta property=\"og:locale\" content=\"sv_SE\" \/>\n<meta property=\"og:type\" content=\"article\" \/>\n<meta property=\"og:title\" content=\"MMA landslaget - Jonny Touma - Svenska Budo &amp; Kampsportsf\u00f6rbundet\" \/>\n<meta property=\"og:description\" content=\"I det sj\u00e4tte avsnittet av MMA-f\u00f6rbundets presentation av landslaget 2018 f\u00e5r vi m\u00f6ta Jonny Touma som t\u00e4vlar i\u00a0 bantamvikt -61,2 kg. \u2013F\u00f6rhoppningsvis tar\" \/>\n<meta property=\"og:url\" content=\"https:\/\/www.budokampsport.se\/2018\/05\/28\/mma-landslaget-jonny-touma\/\" \/>\n<meta property=\"og:site_name\" content=\"Svenska Budo &amp; Kampsportsf\u00f6rbundet\" \/>\n<meta property=\"article:published_time\" content=\"2018-05-28T11:01:35+00:00\" \/>\n<meta property=\"article:modified_time\" content=\"2018-05-30T08:40:22+00:00\" \/>\n<meta property=\"og:image\" content=\"https:\/\/www.budokampsport.se\/wp-content\/uploads\/2018\/05\/jonny-e1624887701784.jpg\" \/>\n\t<meta property=\"og:image:width\" content=\"850\" \/>\n\t<meta property=\"og:image:height\" content=\"472\" \/>\n\t<meta property=\"og:image:type\" content=\"image\/jpeg\" \/>\n<meta name=\"author\" content=\"Annie Carriage\" \/>\n<meta name=\"twitter:card\" content=\"summary_large_image\" \/>\n<meta name=\"twitter:label1\" content=\"Skriven av\" \/>\n\t<meta name=\"twitter:data1\" content=\"Annie Carriage\" \/>\n<script type=\"application\/ld+json\" class=\"yoast-schema-graph\">{\"@context\":\"https:\/\/schema.org\",\"@graph\":[{\"@type\":\"Article\",\"@id\":\"https:\/\/www.budokampsport.se\/2018\/05\/28\/mma-landslaget-jonny-touma\/#article\",\"isPartOf\":{\"@id\":\"https:\/\/www.budokampsport.se\/2018\/05\/28\/mma-landslaget-jonny-touma\/\"},\"author\":{\"name\":\"Annie Carriage\",\"@id\":\"https:\/\/www.budokampsport.se\/#\/schema\/person\/c838cace8171f692e363fde3f38f208b\"},\"headline\":\"MMA landslaget &#8211; Jonny Touma\",\"datePublished\":\"2018-05-28T11:01:35+00:00\",\"dateModified\":\"2018-05-30T08:40:22+00:00\",\"mainEntityOfPage\":{\"@id\":\"https:\/\/www.budokampsport.se\/2018\/05\/28\/mma-landslaget-jonny-touma\/\"},\"wordCount\":55,\"commentCount\":0,\"image\":{\"@id\":\"https:\/\/www.budokampsport.se\/2018\/05\/28\/mma-landslaget-jonny-touma\/#primaryimage\"},\"thumbnailUrl\":\"https:\/\/www.budokampsport.se\/wp-content\/uploads\/2018\/05\/jonny-e1624887701784.jpg\",\"inLanguage\":\"sv-SE\",\"potentialAction\":[{\"@type\":\"CommentAction\",\"name\":\"Comment\",\"target\":[\"https:\/\/www.budokampsport.se\/2018\/05\/28\/mma-landslaget-jonny-touma\/#respond\"]}]},{\"@type\":\"WebPage\",\"@id\":\"https:\/\/www.budokampsport.se\/2018\/05\/28\/mma-landslaget-jonny-touma\/\",\"url\":\"https:\/\/www.budokampsport.se\/2018\/05\/28\/mma-landslaget-jonny-touma\/\",\"name\":\"MMA landslaget - Jonny Touma - Svenska Budo &amp; Kampsportsf\u00f6rbundet\",\"isPartOf\":{\"@id\":\"https:\/\/www.budokampsport.se\/#website\"},\"primaryImageOfPage\":{\"@id\":\"https:\/\/www.budokampsport.se\/2018\/05\/28\/mma-landslaget-jonny-touma\/#primaryimage\"},\"image\":{\"@id\":\"https:\/\/www.budokampsport.se\/2018\/05\/28\/mma-landslaget-jonny-touma\/#primaryimage\"},\"thumbnailUrl\":\"https:\/\/www.budokampsport.se\/wp-content\/uploads\/2018\/05\/jonny-e1624887701784.jpg\",\"datePublished\":\"2018-05-28T11:01:35+00:00\",\"dateModified\":\"2018-05-30T08:40:22+00:00\",\"author\":{\"@id\":\"https:\/\/www.budokampsport.se\/#\/schema\/person\/c838cace8171f692e363fde3f38f208b\"},\"description\":\"I det sj\u00e4tte avsnittet av MMA-f\u00f6rbundets presentation av landslaget 2018 f\u00e5r vi m\u00f6ta Jonny Touma som t\u00e4vlar i\u00a0 bantamvikt -61,2 kg. \u2013F\u00f6rhoppningsvis tar\",\"breadcrumb\":{\"@id\":\"https:\/\/www.budokampsport.se\/2018\/05\/28\/mma-landslaget-jonny-touma\/#breadcrumb\"},\"inLanguage\":\"sv-SE\",\"potentialAction\":[{\"@type\":\"ReadAction\",\"target\":[\"https:\/\/www.budokampsport.se\/2018\/05\/28\/mma-landslaget-jonny-touma\/\"]}]},{\"@type\":\"ImageObject\",\"inLanguage\":\"sv-SE\",\"@id\":\"https:\/\/www.budokampsport.se\/2018\/05\/28\/mma-landslaget-jonny-touma\/#primaryimage\",\"url\":\"https:\/\/www.budokampsport.se\/wp-content\/uploads\/2018\/05\/jonny-e1624887701784.jpg\",\"contentUrl\":\"https:\/\/www.budokampsport.se\/wp-content\/uploads\/2018\/05\/jonny-e1624887701784.jpg\",\"width\":850,\"height\":472},{\"@type\":\"BreadcrumbList\",\"@id\":\"https:\/\/www.budokampsport.se\/2018\/05\/28\/mma-landslaget-jonny-touma\/#breadcrumb\",\"itemListElement\":[{\"@type\":\"ListItem\",\"position\":1,\"name\":\"Hem\",\"item\":\"https:\/\/www.budokampsport.se\/\"},{\"@type\":\"ListItem\",\"position\":2,\"name\":\"MMA landslaget &#8211; Jonny Touma\"}]},{\"@type\":\"WebSite\",\"@id\":\"https:\/\/www.budokampsport.se\/#website\",\"url\":\"https:\/\/www.budokampsport.se\/\",\"name\":\"Svenska Budo &amp; Kampsportsf\u00f6rbundet\",\"description\":\"T\u00e4vling, Tr\u00e4ning, Tradition\",\"potentialAction\":[{\"@type\":\"SearchAction\",\"target\":{\"@type\":\"EntryPoint\",\"urlTemplate\":\"https:\/\/www.budokampsport.se\/?s={search_term_string}\"},\"query-input\":{\"@type\":\"PropertyValueSpecification\",\"valueRequired\":true,\"valueName\":\"search_term_string\"}}],\"inLanguage\":\"sv-SE\"},{\"@type\":\"Person\",\"@id\":\"https:\/\/www.budokampsport.se\/#\/schema\/person\/c838cace8171f692e363fde3f38f208b\",\"name\":\"Annie Carriage\",\"image\":{\"@type\":\"ImageObject\",\"inLanguage\":\"sv-SE\",\"@id\":\"https:\/\/www.budokampsport.se\/#\/schema\/person\/image\/\",\"url\":\"https:\/\/secure.gravatar.com\/avatar\/9311295560bdfbdf78365a26f7df1876?s=96&d=blank&r=g\",\"contentUrl\":\"https:\/\/secure.gravatar.com\/avatar\/9311295560bdfbdf78365a26f7df1876?s=96&d=blank&r=g\",\"caption\":\"Annie Carriage\"},\"url\":\"https:\/\/www.budokampsport.se\/author\/annie-bondefelt\/\"}]}<\/script>\n<!-- \/ Yoast SEO plugin. -->","yoast_head_json":{"title":"MMA landslaget - Jonny Touma - Svenska Budo &amp; Kampsportsf\u00f6rbundet","description":"I det sj\u00e4tte avsnittet av MMA-f\u00f6rbundets presentation av landslaget 2018 f\u00e5r vi m\u00f6ta Jonny Touma som t\u00e4vlar i\u00a0 bantamvikt -61,2 kg. \u2013F\u00f6rhoppningsvis tar","robots":{"index":"index","follow":"follow","max-snippet":"max-snippet:-1","max-image-preview":"max-image-preview:large","max-video-preview":"max-video-preview:-1"},"canonical":"https:\/\/www.budokampsport.se\/2018\/05\/28\/mma-landslaget-jonny-touma\/","og_locale":"sv_SE","og_type":"article","og_title":"MMA landslaget - Jonny Touma - Svenska Budo &amp; Kampsportsf\u00f6rbundet","og_description":"I det sj\u00e4tte avsnittet av MMA-f\u00f6rbundets presentation av landslaget 2018 f\u00e5r vi m\u00f6ta Jonny Touma som t\u00e4vlar i\u00a0 bantamvikt -61,2 kg. \u2013F\u00f6rhoppningsvis tar","og_url":"https:\/\/www.budokampsport.se\/2018\/05\/28\/mma-landslaget-jonny-touma\/","og_site_name":"Svenska Budo &amp; Kampsportsf\u00f6rbundet","article_published_time":"2018-05-28T11:01:35+00:00","article_modified_time":"2018-05-30T08:40:22+00:00","og_image":[{"width":850,"height":472,"url":"https:\/\/www.budokampsport.se\/wp-content\/uploads\/2018\/05\/jonny-e1624887701784.jpg","type":"image\/jpeg"}],"author":"Annie Carriage","twitter_card":"summary_large_image","twitter_misc":{"Skriven av":"Annie Carriage"},"schema":{"@context":"https:\/\/schema.org","@graph":[{"@type":"Article","@id":"https:\/\/www.budokampsport.se\/2018\/05\/28\/mma-landslaget-jonny-touma\/#article","isPartOf":{"@id":"https:\/\/www.budokampsport.se\/2018\/05\/28\/mma-landslaget-jonny-touma\/"},"author":{"name":"Annie Carriage","@id":"https:\/\/www.budokampsport.se\/#\/schema\/person\/c838cace8171f692e363fde3f38f208b"},"headline":"MMA landslaget &#8211; Jonny Touma","datePublished":"2018-05-28T11:01:35+00:00","dateModified":"2018-05-30T08:40:22+00:00","mainEntityOfPage":{"@id":"https:\/\/www.budokampsport.se\/2018\/05\/28\/mma-landslaget-jonny-touma\/"},"wordCount":55,"commentCount":0,"image":{"@id":"https:\/\/www.budokampsport.se\/2018\/05\/28\/mma-landslaget-jonny-touma\/#primaryimage"},"thumbnailUrl":"https:\/\/www.budokampsport.se\/wp-content\/uploads\/2018\/05\/jonny-e1624887701784.jpg","inLanguage":"sv-SE","potentialAction":[{"@type":"CommentAction","name":"Comment","target":["https:\/\/www.budokampsport.se\/2018\/05\/28\/mma-landslaget-jonny-touma\/#respond"]}]},{"@type":"WebPage","@id":"https:\/\/www.budokampsport.se\/2018\/05\/28\/mma-landslaget-jonny-touma\/","url":"https:\/\/www.budokampsport.se\/2018\/05\/28\/mma-landslaget-jonny-touma\/","name":"MMA landslaget - Jonny Touma - Svenska Budo &amp; Kampsportsf\u00f6rbundet","isPartOf":{"@id":"https:\/\/www.budokampsport.se\/#website"},"primaryImageOfPage":{"@id":"https:\/\/www.budokampsport.se\/2018\/05\/28\/mma-landslaget-jonny-touma\/#primaryimage"},"image":{"@id":"https:\/\/www.budokampsport.se\/2018\/05\/28\/mma-landslaget-jonny-touma\/#primaryimage"},"thumbnailUrl":"https:\/\/www.budokampsport.se\/wp-content\/uploads\/2018\/05\/jonny-e1624887701784.jpg","datePublished":"2018-05-28T11:01:35+00:00","dateModified":"2018-05-30T08:40:22+00:00","author":{"@id":"https:\/\/www.budokampsport.se\/#\/schema\/person\/c838cace8171f692e363fde3f38f208b"},"description":"I det sj\u00e4tte avsnittet av MMA-f\u00f6rbundets presentation av landslaget 2018 f\u00e5r vi m\u00f6ta Jonny Touma som t\u00e4vlar i\u00a0 bantamvikt -61,2 kg. \u2013F\u00f6rhoppningsvis tar","breadcrumb":{"@id":"https:\/\/www.budokampsport.se\/2018\/05\/28\/mma-landslaget-jonny-touma\/#breadcrumb"},"inLanguage":"sv-SE","potentialAction":[{"@type":"ReadAction","target":["https:\/\/www.budokampsport.se\/2018\/05\/28\/mma-landslaget-jonny-touma\/"]}]},{"@type":"ImageObject","inLanguage":"sv-SE","@id":"https:\/\/www.budokampsport.se\/2018\/05\/28\/mma-landslaget-jonny-touma\/#primaryimage","url":"https:\/\/www.budokampsport.se\/wp-content\/uploads\/2018\/05\/jonny-e1624887701784.jpg","contentUrl":"https:\/\/www.budokampsport.se\/wp-content\/uploads\/2018\/05\/jonny-e1624887701784.jpg","width":850,"height":472},{"@type":"BreadcrumbList","@id":"https:\/\/www.budokampsport.se\/2018\/05\/28\/mma-landslaget-jonny-touma\/#breadcrumb","itemListElement":[{"@type":"ListItem","position":1,"name":"Hem","item":"https:\/\/www.budokampsport.se\/"},{"@type":"ListItem","position":2,"name":"MMA landslaget &#8211; Jonny Touma"}]},{"@type":"WebSite","@id":"https:\/\/www.budokampsport.se\/#website","url":"https:\/\/www.budokampsport.se\/","name":"Svenska Budo &amp; Kampsportsf\u00f6rbundet","description":"T\u00e4vling, Tr\u00e4ning, Tradition","potentialAction":[{"@type":"SearchAction","target":{"@type":"EntryPoint","urlTemplate":"https:\/\/www.budokampsport.se\/?s={search_term_string}"},"query-input":{"@type":"PropertyValueSpecification","valueRequired":true,"valueName":"search_term_string"}}],"inLanguage":"sv-SE"},{"@type":"Person","@id":"https:\/\/www.budokampsport.se\/#\/schema\/person\/c838cace8171f692e363fde3f38f208b","name":"Annie Carriage","image":{"@type":"ImageObject","inLanguage":"sv-SE","@id":"https:\/\/www.budokampsport.se\/#\/schema\/person\/image\/","url":"https:\/\/secure.gravatar.com\/avatar\/9311295560bdfbdf78365a26f7df1876?s=96&d=blank&r=g","contentUrl":"https:\/\/secure.gravatar.com\/avatar\/9311295560bdfbdf78365a26f7df1876?s=96&d=blank&r=g","caption":"Annie Carriage"},"url":"https:\/\/www.budokampsport.se\/author\/annie-bondefelt\/"}]}},"_links":{"self":[{"href":"https:\/\/www.budokampsport.se\/api\/wp\/v2\/posts\/73206","targetHints":{"allow":["GET"]}}],"collection":[{"href":"https:\/\/www.budokampsport.se\/api\/wp\/v2\/posts"}],"about":[{"href":"https:\/\/www.budokampsport.se\/api\/wp\/v2\/types\/post"}],"author":[{"embeddable":true,"href":"https:\/\/www.budokampsport.se\/api\/wp\/v2\/users\/120"}],"replies":[{"embeddable":true,"href":"https:\/\/www.budokampsport.se\/api\/wp\/v2\/comments?post=73206"}],"version-history":[{"count":0,"href":"https:\/\/www.budokampsport.se\/api\/wp\/v2\/posts\/73206\/revisions"}],"wp:featuredmedia":[{"embeddable":true,"href":"https:\/\/www.budokampsport.se\/api\/wp\/v2\/media\/73207"}],"wp:attachment":[{"href":"https:\/\/www.budokampsport.se\/api\/wp\/v2\/media?parent=73206"}],"wp:term":[{"taxonomy":"category","embeddable":true,"href":"https:\/\/www.budokampsport.se\/api\/wp\/v2\/categories?post=73206"},{"taxonomy":"post_tag","embeddable":true,"href":"https:\/\/www.budokampsport.se\/api\/wp\/v2\/tags?post=73206"}],"curies":[{"name":"wp","href":"https:\/\/api.w.org\/{rel}","templated":true}]}}