{"id":73289,"date":"2018-05-30T14:34:27","date_gmt":"2018-05-30T12:34:27","guid":{"rendered":"http:\/\/www.budokampsport.se\/?p=73289"},"modified":"2018-05-30T15:06:43","modified_gmt":"2018-05-30T13:06:43","slug":"william-seth-wenzel-redo-em","status":"publish","type":"post","link":"https:\/\/www.budokampsport.se\/2018\/05\/30\/william-seth-wenzel-redo-em\/","title":{"rendered":"William Seth Wenzel redo f\u00f6r EM i ju jutsu"},"content":{"rendered":"<p><span style=\"font-size: 14pt;\">Supertalangen i ju jutsu, William Seth Wenzel, tog en paus efter World Games i fjol men \u00e4r nu tillbaka och kliver in p\u00e5 mattan under helgens EM.\u00a0<\/span><span style=\"font-size: 14pt;\">William har gjort succ\u00e9 i svenska landslaget, 2017 b\u00f6rjade med ett JVM-guld i U21 f\u00f6ljt av ett seniorguld p\u00e5 EM och toppades med ett brons i World Games. M\u00e5ls\u00e4ttningen f\u00f6r helgens m\u00e4sterskap \u00e4r tydlig, att ta hem ytterligare ett guld till Sverige.<\/span><\/p>\n<p><span style=\"font-size: 14pt;\">&#8211; Klart att jag vill \u00e5ka hem p\u00e5 s\u00f6ndag som regerande Europam\u00e4stare, s\u00e4ger William till budokampsport.se<\/span><\/p>\n<p><strong>Helgens EM blir Williams tredje senior-EM och efter en liten paus av studier och resande var han fylld med ny energi n\u00e4r han gick upp p\u00e5 mattan igen under Paris Open f\u00f6r n\u00e5gra veckor sen.<\/strong><\/p>\n<p>&#8211; Paris Open k\u00e4ndes bra och det var otroligt kul att vara tillbaka p\u00e5 t\u00e4vlingsmattan igen. Jag blev \u00f6verraskad av att det k\u00e4ndes och gick s\u00e5 pass bra d\u00e5 jag endast hunnit tr\u00e4na tre veckor inf\u00f6r t\u00e4vlingen. Det \u00e4r klart att jag tappat viss k\u00e4nsla och tajming men det g\u00e5r snabbt att f\u00e5 tillbaka. Jag har ju trots allt t\u00e4vlat och tr\u00e4nat ju-jutsu i 15 \u00e5r nu, s\u00e4ger William till budokampsport.se<\/p>\n<p><strong>Williams resa till internationella medaljer har g\u00e5tt fort det senaste \u00e5ret och han kliver in i Europam\u00e4sterskapet med guld i sikte.<\/strong><\/p>\n<p>&#8211; Jag har s\u00e5klart som m\u00e5l att f\u00f6rsvara mitt EM-guld i helgen. Nu f\u00f6r tiden g\u00e5r jag alltid in p\u00e5 mattan med guld i sikte. Det \u00e4r s\u00e5klart lite speciellt att \u00e5ka p\u00e5 ett m\u00e4sterskap n\u00e4r man har en titel att f\u00f6rsvara, men jag f\u00f6rs\u00f6ker att inte t\u00e4nka p\u00e5 det. Jag brukar vara tillr\u00e4ckligt nerv\u00f6s i vanliga fall, s\u00e5 jag f\u00f6rs\u00f6ker att inte l\u00e4gga n\u00e5gon extra press p\u00e5 mig. Men det \u00e4r klart att jag vill \u00e5ka hem p\u00e5 s\u00f6ndag som regerande Europam\u00e4stare, s\u00e4ger William til budokampsport.se<\/p>\n<p>Text: Annie Bondefelt<br \/>\nFoto: Fanny Seth Wenzel<\/p>\n<p>&nbsp;<\/p>\n","protected":false},"excerpt":{"rendered":"<p>Supertalangen i ju jutsu, William Seth Wenzel, tog en paus [&#8230;]<\/p><br>","protected":false},"author":120,"featured_media":73374,"comment_status":"open","ping_status":"open","sticky":false,"template":"","format":"standard","meta":{"_acf_changed":false,"footnotes":""},"categories":[1],"tags":[],"class_list":["post-73289","post","type-post","status-publish","format-standard","has-post-thumbnail","hentry","category-okategoriserade"],"acf":[],"yoast_head":"<!-- This site is optimized with the Yoast SEO plugin v26.8 - https:\/\/yoast.com\/product\/yoast-seo-wordpress\/ -->\n<title>William Seth Wenzel redo f\u00f6r EM i ju jutsu - Svenska Budo &amp; Kampsportsf\u00f6rbundet<\/title>\n<meta name=\"description\" content=\"Supertalangen i ju jutsu, William Seth Wenzel, tog en paus efter World Games i fjol men \u00e4r nu tillbaka och kliver in p\u00e5 mattan under helgens EM.\u00a0William\" \/>\n<meta name=\"robots\" content=\"index, follow, max-snippet:-1, max-image-preview:large, max-video-preview:-1\" \/>\n<link rel=\"canonical\" href=\"https:\/\/www.budokampsport.se\/2018\/05\/30\/william-seth-wenzel-redo-em\/\" \/>\n<meta property=\"og:locale\" content=\"sv_SE\" \/>\n<meta property=\"og:type\" content=\"article\" \/>\n<meta property=\"og:title\" content=\"William Seth Wenzel redo f\u00f6r EM i ju jutsu - Svenska Budo &amp; Kampsportsf\u00f6rbundet\" \/>\n<meta property=\"og:description\" content=\"Supertalangen i ju jutsu, William Seth Wenzel, tog en paus efter World Games i fjol men \u00e4r nu tillbaka och kliver in p\u00e5 mattan under helgens EM.\u00a0William\" \/>\n<meta property=\"og:url\" content=\"https:\/\/www.budokampsport.se\/2018\/05\/30\/william-seth-wenzel-redo-em\/\" \/>\n<meta property=\"og:site_name\" content=\"Svenska Budo &amp; Kampsportsf\u00f6rbundet\" \/>\n<meta property=\"article:published_time\" content=\"2018-05-30T12:34:27+00:00\" \/>\n<meta property=\"article:modified_time\" content=\"2018-05-30T13:06:43+00:00\" \/>\n<meta property=\"og:image\" content=\"https:\/\/www.budokampsport.se\/wp-content\/uploads\/2018\/05\/william-e1624887742919.jpg\" \/>\n\t<meta property=\"og:image:width\" content=\"850\" \/>\n\t<meta property=\"og:image:height\" content=\"444\" \/>\n\t<meta property=\"og:image:type\" content=\"image\/jpeg\" \/>\n<meta name=\"author\" content=\"Annie Carriage\" \/>\n<meta name=\"twitter:card\" content=\"summary_large_image\" \/>\n<meta name=\"twitter:label1\" content=\"Skriven av\" \/>\n\t<meta name=\"twitter:data1\" content=\"Annie Carriage\" \/>\n\t<meta name=\"twitter:label2\" content=\"Ber\u00e4knad l\u00e4stid\" \/>\n\t<meta name=\"twitter:data2\" content=\"2 minuter\" \/>\n<script type=\"application\/ld+json\" class=\"yoast-schema-graph\">{\"@context\":\"https:\/\/schema.org\",\"@graph\":[{\"@type\":\"Article\",\"@id\":\"https:\/\/www.budokampsport.se\/2018\/05\/30\/william-seth-wenzel-redo-em\/#article\",\"isPartOf\":{\"@id\":\"https:\/\/www.budokampsport.se\/2018\/05\/30\/william-seth-wenzel-redo-em\/\"},\"author\":{\"name\":\"Annie Carriage\",\"@id\":\"https:\/\/www.budokampsport.se\/#\/schema\/person\/c838cace8171f692e363fde3f38f208b\"},\"headline\":\"William Seth Wenzel redo f\u00f6r EM i ju jutsu\",\"datePublished\":\"2018-05-30T12:34:27+00:00\",\"dateModified\":\"2018-05-30T13:06:43+00:00\",\"mainEntityOfPage\":{\"@id\":\"https:\/\/www.budokampsport.se\/2018\/05\/30\/william-seth-wenzel-redo-em\/\"},\"wordCount\":364,\"commentCount\":1,\"image\":{\"@id\":\"https:\/\/www.budokampsport.se\/2018\/05\/30\/william-seth-wenzel-redo-em\/#primaryimage\"},\"thumbnailUrl\":\"https:\/\/www.budokampsport.se\/wp-content\/uploads\/2018\/05\/william-e1624887742919.jpg\",\"inLanguage\":\"sv-SE\",\"potentialAction\":[{\"@type\":\"CommentAction\",\"name\":\"Comment\",\"target\":[\"https:\/\/www.budokampsport.se\/2018\/05\/30\/william-seth-wenzel-redo-em\/#respond\"]}]},{\"@type\":\"WebPage\",\"@id\":\"https:\/\/www.budokampsport.se\/2018\/05\/30\/william-seth-wenzel-redo-em\/\",\"url\":\"https:\/\/www.budokampsport.se\/2018\/05\/30\/william-seth-wenzel-redo-em\/\",\"name\":\"William Seth Wenzel redo f\u00f6r EM i ju jutsu - Svenska Budo &amp; Kampsportsf\u00f6rbundet\",\"isPartOf\":{\"@id\":\"https:\/\/www.budokampsport.se\/#website\"},\"primaryImageOfPage\":{\"@id\":\"https:\/\/www.budokampsport.se\/2018\/05\/30\/william-seth-wenzel-redo-em\/#primaryimage\"},\"image\":{\"@id\":\"https:\/\/www.budokampsport.se\/2018\/05\/30\/william-seth-wenzel-redo-em\/#primaryimage\"},\"thumbnailUrl\":\"https:\/\/www.budokampsport.se\/wp-content\/uploads\/2018\/05\/william-e1624887742919.jpg\",\"datePublished\":\"2018-05-30T12:34:27+00:00\",\"dateModified\":\"2018-05-30T13:06:43+00:00\",\"author\":{\"@id\":\"https:\/\/www.budokampsport.se\/#\/schema\/person\/c838cace8171f692e363fde3f38f208b\"},\"description\":\"Supertalangen i ju jutsu, William Seth Wenzel, tog en paus efter World Games i fjol men \u00e4r nu tillbaka och kliver in p\u00e5 mattan under helgens EM.\u00a0William\",\"breadcrumb\":{\"@id\":\"https:\/\/www.budokampsport.se\/2018\/05\/30\/william-seth-wenzel-redo-em\/#breadcrumb\"},\"inLanguage\":\"sv-SE\",\"potentialAction\":[{\"@type\":\"ReadAction\",\"target\":[\"https:\/\/www.budokampsport.se\/2018\/05\/30\/william-seth-wenzel-redo-em\/\"]}]},{\"@type\":\"ImageObject\",\"inLanguage\":\"sv-SE\",\"@id\":\"https:\/\/www.budokampsport.se\/2018\/05\/30\/william-seth-wenzel-redo-em\/#primaryimage\",\"url\":\"https:\/\/www.budokampsport.se\/wp-content\/uploads\/2018\/05\/william-e1624887742919.jpg\",\"contentUrl\":\"https:\/\/www.budokampsport.se\/wp-content\/uploads\/2018\/05\/william-e1624887742919.jpg\",\"width\":850,\"height\":444,\"caption\":\"Foto: Fanny Seth Wenzel\"},{\"@type\":\"BreadcrumbList\",\"@id\":\"https:\/\/www.budokampsport.se\/2018\/05\/30\/william-seth-wenzel-redo-em\/#breadcrumb\",\"itemListElement\":[{\"@type\":\"ListItem\",\"position\":1,\"name\":\"Hem\",\"item\":\"https:\/\/www.budokampsport.se\/\"},{\"@type\":\"ListItem\",\"position\":2,\"name\":\"William Seth Wenzel redo f\u00f6r EM i ju jutsu\"}]},{\"@type\":\"WebSite\",\"@id\":\"https:\/\/www.budokampsport.se\/#website\",\"url\":\"https:\/\/www.budokampsport.se\/\",\"name\":\"Svenska Budo &amp; Kampsportsf\u00f6rbundet\",\"description\":\"T\u00e4vling, Tr\u00e4ning, Tradition\",\"potentialAction\":[{\"@type\":\"SearchAction\",\"target\":{\"@type\":\"EntryPoint\",\"urlTemplate\":\"https:\/\/www.budokampsport.se\/?s={search_term_string}\"},\"query-input\":{\"@type\":\"PropertyValueSpecification\",\"valueRequired\":true,\"valueName\":\"search_term_string\"}}],\"inLanguage\":\"sv-SE\"},{\"@type\":\"Person\",\"@id\":\"https:\/\/www.budokampsport.se\/#\/schema\/person\/c838cace8171f692e363fde3f38f208b\",\"name\":\"Annie Carriage\",\"image\":{\"@type\":\"ImageObject\",\"inLanguage\":\"sv-SE\",\"@id\":\"https:\/\/www.budokampsport.se\/#\/schema\/person\/image\/\",\"url\":\"https:\/\/secure.gravatar.com\/avatar\/9311295560bdfbdf78365a26f7df1876?s=96&d=blank&r=g\",\"contentUrl\":\"https:\/\/secure.gravatar.com\/avatar\/9311295560bdfbdf78365a26f7df1876?s=96&d=blank&r=g\",\"caption\":\"Annie Carriage\"},\"url\":\"https:\/\/www.budokampsport.se\/author\/annie-bondefelt\/\"}]}<\/script>\n<!-- \/ Yoast SEO plugin. -->","yoast_head_json":{"title":"William Seth Wenzel redo f\u00f6r EM i ju jutsu - Svenska Budo &amp; Kampsportsf\u00f6rbundet","description":"Supertalangen i ju jutsu, William Seth Wenzel, tog en paus efter World Games i fjol men \u00e4r nu tillbaka och kliver in p\u00e5 mattan under helgens EM.\u00a0William","robots":{"index":"index","follow":"follow","max-snippet":"max-snippet:-1","max-image-preview":"max-image-preview:large","max-video-preview":"max-video-preview:-1"},"canonical":"https:\/\/www.budokampsport.se\/2018\/05\/30\/william-seth-wenzel-redo-em\/","og_locale":"sv_SE","og_type":"article","og_title":"William Seth Wenzel redo f\u00f6r EM i ju jutsu - Svenska Budo &amp; Kampsportsf\u00f6rbundet","og_description":"Supertalangen i ju jutsu, William Seth Wenzel, tog en paus efter World Games i fjol men \u00e4r nu tillbaka och kliver in p\u00e5 mattan under helgens EM.\u00a0William","og_url":"https:\/\/www.budokampsport.se\/2018\/05\/30\/william-seth-wenzel-redo-em\/","og_site_name":"Svenska Budo &amp; Kampsportsf\u00f6rbundet","article_published_time":"2018-05-30T12:34:27+00:00","article_modified_time":"2018-05-30T13:06:43+00:00","og_image":[{"width":850,"height":444,"url":"https:\/\/www.budokampsport.se\/wp-content\/uploads\/2018\/05\/william-e1624887742919.jpg","type":"image\/jpeg"}],"author":"Annie Carriage","twitter_card":"summary_large_image","twitter_misc":{"Skriven av":"Annie Carriage","Ber\u00e4knad l\u00e4stid":"2 minuter"},"schema":{"@context":"https:\/\/schema.org","@graph":[{"@type":"Article","@id":"https:\/\/www.budokampsport.se\/2018\/05\/30\/william-seth-wenzel-redo-em\/#article","isPartOf":{"@id":"https:\/\/www.budokampsport.se\/2018\/05\/30\/william-seth-wenzel-redo-em\/"},"author":{"name":"Annie Carriage","@id":"https:\/\/www.budokampsport.se\/#\/schema\/person\/c838cace8171f692e363fde3f38f208b"},"headline":"William Seth Wenzel redo f\u00f6r EM i ju jutsu","datePublished":"2018-05-30T12:34:27+00:00","dateModified":"2018-05-30T13:06:43+00:00","mainEntityOfPage":{"@id":"https:\/\/www.budokampsport.se\/2018\/05\/30\/william-seth-wenzel-redo-em\/"},"wordCount":364,"commentCount":1,"image":{"@id":"https:\/\/www.budokampsport.se\/2018\/05\/30\/william-seth-wenzel-redo-em\/#primaryimage"},"thumbnailUrl":"https:\/\/www.budokampsport.se\/wp-content\/uploads\/2018\/05\/william-e1624887742919.jpg","inLanguage":"sv-SE","potentialAction":[{"@type":"CommentAction","name":"Comment","target":["https:\/\/www.budokampsport.se\/2018\/05\/30\/william-seth-wenzel-redo-em\/#respond"]}]},{"@type":"WebPage","@id":"https:\/\/www.budokampsport.se\/2018\/05\/30\/william-seth-wenzel-redo-em\/","url":"https:\/\/www.budokampsport.se\/2018\/05\/30\/william-seth-wenzel-redo-em\/","name":"William Seth Wenzel redo f\u00f6r EM i ju jutsu - Svenska Budo &amp; Kampsportsf\u00f6rbundet","isPartOf":{"@id":"https:\/\/www.budokampsport.se\/#website"},"primaryImageOfPage":{"@id":"https:\/\/www.budokampsport.se\/2018\/05\/30\/william-seth-wenzel-redo-em\/#primaryimage"},"image":{"@id":"https:\/\/www.budokampsport.se\/2018\/05\/30\/william-seth-wenzel-redo-em\/#primaryimage"},"thumbnailUrl":"https:\/\/www.budokampsport.se\/wp-content\/uploads\/2018\/05\/william-e1624887742919.jpg","datePublished":"2018-05-30T12:34:27+00:00","dateModified":"2018-05-30T13:06:43+00:00","author":{"@id":"https:\/\/www.budokampsport.se\/#\/schema\/person\/c838cace8171f692e363fde3f38f208b"},"description":"Supertalangen i ju jutsu, William Seth Wenzel, tog en paus efter World Games i fjol men \u00e4r nu tillbaka och kliver in p\u00e5 mattan under helgens EM.\u00a0William","breadcrumb":{"@id":"https:\/\/www.budokampsport.se\/2018\/05\/30\/william-seth-wenzel-redo-em\/#breadcrumb"},"inLanguage":"sv-SE","potentialAction":[{"@type":"ReadAction","target":["https:\/\/www.budokampsport.se\/2018\/05\/30\/william-seth-wenzel-redo-em\/"]}]},{"@type":"ImageObject","inLanguage":"sv-SE","@id":"https:\/\/www.budokampsport.se\/2018\/05\/30\/william-seth-wenzel-redo-em\/#primaryimage","url":"https:\/\/www.budokampsport.se\/wp-content\/uploads\/2018\/05\/william-e1624887742919.jpg","contentUrl":"https:\/\/www.budokampsport.se\/wp-content\/uploads\/2018\/05\/william-e1624887742919.jpg","width":850,"height":444,"caption":"Foto: Fanny Seth Wenzel"},{"@type":"BreadcrumbList","@id":"https:\/\/www.budokampsport.se\/2018\/05\/30\/william-seth-wenzel-redo-em\/#breadcrumb","itemListElement":[{"@type":"ListItem","position":1,"name":"Hem","item":"https:\/\/www.budokampsport.se\/"},{"@type":"ListItem","position":2,"name":"William Seth Wenzel redo f\u00f6r EM i ju jutsu"}]},{"@type":"WebSite","@id":"https:\/\/www.budokampsport.se\/#website","url":"https:\/\/www.budokampsport.se\/","name":"Svenska Budo &amp; Kampsportsf\u00f6rbundet","description":"T\u00e4vling, Tr\u00e4ning, Tradition","potentialAction":[{"@type":"SearchAction","target":{"@type":"EntryPoint","urlTemplate":"https:\/\/www.budokampsport.se\/?s={search_term_string}"},"query-input":{"@type":"PropertyValueSpecification","valueRequired":true,"valueName":"search_term_string"}}],"inLanguage":"sv-SE"},{"@type":"Person","@id":"https:\/\/www.budokampsport.se\/#\/schema\/person\/c838cace8171f692e363fde3f38f208b","name":"Annie Carriage","image":{"@type":"ImageObject","inLanguage":"sv-SE","@id":"https:\/\/www.budokampsport.se\/#\/schema\/person\/image\/","url":"https:\/\/secure.gravatar.com\/avatar\/9311295560bdfbdf78365a26f7df1876?s=96&d=blank&r=g","contentUrl":"https:\/\/secure.gravatar.com\/avatar\/9311295560bdfbdf78365a26f7df1876?s=96&d=blank&r=g","caption":"Annie Carriage"},"url":"https:\/\/www.budokampsport.se\/author\/annie-bondefelt\/"}]}},"_links":{"self":[{"href":"https:\/\/www.budokampsport.se\/api\/wp\/v2\/posts\/73289","targetHints":{"allow":["GET"]}}],"collection":[{"href":"https:\/\/www.budokampsport.se\/api\/wp\/v2\/posts"}],"about":[{"href":"https:\/\/www.budokampsport.se\/api\/wp\/v2\/types\/post"}],"author":[{"embeddable":true,"href":"https:\/\/www.budokampsport.se\/api\/wp\/v2\/users\/120"}],"replies":[{"embeddable":true,"href":"https:\/\/www.budokampsport.se\/api\/wp\/v2\/comments?post=73289"}],"version-history":[{"count":0,"href":"https:\/\/www.budokampsport.se\/api\/wp\/v2\/posts\/73289\/revisions"}],"wp:featuredmedia":[{"embeddable":true,"href":"https:\/\/www.budokampsport.se\/api\/wp\/v2\/media\/73374"}],"wp:attachment":[{"href":"https:\/\/www.budokampsport.se\/api\/wp\/v2\/media?parent=73289"}],"wp:term":[{"taxonomy":"category","embeddable":true,"href":"https:\/\/www.budokampsport.se\/api\/wp\/v2\/categories?post=73289"},{"taxonomy":"post_tag","embeddable":true,"href":"https:\/\/www.budokampsport.se\/api\/wp\/v2\/tags?post=73289"}],"curies":[{"name":"wp","href":"https:\/\/api.w.org\/{rel}","templated":true}]}}