{"id":73472,"date":"2018-06-01T13:12:46","date_gmt":"2018-06-01T11:12:46","guid":{"rendered":"http:\/\/www.budokampsport.se\/?p=73472"},"modified":"2018-06-01T13:12:46","modified_gmt":"2018-06-01T11:12:46","slug":"em-ju-jutsu-inleds-idag","status":"publish","type":"post","link":"https:\/\/www.budokampsport.se\/2018\/06\/01\/em-ju-jutsu-inleds-idag\/","title":{"rendered":"EM i ju jutsu inleds idag"},"content":{"rendered":"<p><span style=\"font-size: 14pt;\">Idag inleds EM i ju jutsu i Gliwice, Polen. Sveriges har skickat en trupp med 10 deltagare som g\u00e5r in i t\u00e4vlingarna under dagen.<\/span><\/p>\n<p><span style=\"font-size: 14pt;\">Matcherna streamas direkt <a href=\"http:\/\/stream.jujitsu.pl\/\">h\u00e4r<\/a>.<\/span><\/p>\n<p>Fullst\u00e4ndiga truppen<\/p>\n<p><strong>Fighting<br \/>\n<\/strong>HERRAR<br \/>\nArash Hadiha, -56 kg<br \/>\nFredrik Widgren -77 kg<br \/>\nJonas Lund -77 kg<br \/>\nWilliam Seth Wenzel -85 kg<\/p>\n<p>DAMER<br \/>\nLinda Lindstr\u00f6m, -49 kg<br \/>\nJohanna Hamberg, -55 kg<br \/>\nJennie Brolin, +70 kg<\/p>\n<p>Landslagscoach: Rob Haans<\/p>\n<p><strong>Newasa<br \/>\n<\/strong>James Kyt\u00f6saho, -77 kg<br \/>\nMax Hederstr\u00f6m, -94 kg<br \/>\nMikael Marffy, +94 kg<\/p>\n<p>Landslagscoach: Martin Ingholt<\/p>\n<p>F\u00f6rbundskapten: Michael Kuntz<\/p>\n<p>Text: Annie Bondefelt<br \/>\nFoto: Arkivbild\/ Jonathan Broberg<\/p>\n","protected":false},"excerpt":{"rendered":"<p>Idag inleds EM i ju jutsu i Gliwice, Polen. Sveriges [&#8230;]<\/p><br>","protected":false},"author":120,"featured_media":38339,"comment_status":"open","ping_status":"open","sticky":false,"template":"","format":"standard","meta":{"_acf_changed":false,"footnotes":""},"categories":[1],"tags":[],"class_list":["post-73472","post","type-post","status-publish","format-standard","has-post-thumbnail","hentry","category-okategoriserade"],"acf":[],"yoast_head":"<!-- This site is optimized with the Yoast SEO plugin v26.8 - https:\/\/yoast.com\/product\/yoast-seo-wordpress\/ -->\n<title>EM i ju jutsu inleds idag - Svenska Budo &amp; Kampsportsf\u00f6rbundet<\/title>\n<meta name=\"description\" content=\"Idag inleds EM i ju jutsu i Gliwice, Polen. Sveriges har skickat en trupp med 10 deltagare som g\u00e5r in i t\u00e4vlingarna under dagen. Matcherna streamas direkt\" \/>\n<meta name=\"robots\" content=\"index, follow, max-snippet:-1, max-image-preview:large, max-video-preview:-1\" \/>\n<link rel=\"canonical\" href=\"https:\/\/www.budokampsport.se\/2018\/06\/01\/em-ju-jutsu-inleds-idag\/\" \/>\n<meta property=\"og:locale\" content=\"sv_SE\" \/>\n<meta property=\"og:type\" content=\"article\" \/>\n<meta property=\"og:title\" content=\"EM i ju jutsu inleds idag - Svenska Budo &amp; Kampsportsf\u00f6rbundet\" \/>\n<meta property=\"og:description\" content=\"Idag inleds EM i ju jutsu i Gliwice, Polen. Sveriges har skickat en trupp med 10 deltagare som g\u00e5r in i t\u00e4vlingarna under dagen. Matcherna streamas direkt\" \/>\n<meta property=\"og:url\" content=\"https:\/\/www.budokampsport.se\/2018\/06\/01\/em-ju-jutsu-inleds-idag\/\" \/>\n<meta property=\"og:site_name\" content=\"Svenska Budo &amp; Kampsportsf\u00f6rbundet\" \/>\n<meta property=\"article:published_time\" content=\"2018-06-01T11:12:46+00:00\" \/>\n<meta property=\"og:image\" content=\"https:\/\/www.budokampsport.se\/wp-content\/uploads\/2017\/02\/sm_jujutsu.jpg\" \/>\n\t<meta property=\"og:image:width\" content=\"850\" \/>\n\t<meta property=\"og:image:height\" content=\"583\" \/>\n\t<meta property=\"og:image:type\" content=\"image\/jpeg\" \/>\n<meta name=\"author\" content=\"Annie Carriage\" \/>\n<meta name=\"twitter:card\" content=\"summary_large_image\" \/>\n<meta name=\"twitter:label1\" content=\"Skriven av\" \/>\n\t<meta name=\"twitter:data1\" content=\"Annie Carriage\" \/>\n<script type=\"application\/ld+json\" class=\"yoast-schema-graph\">{\"@context\":\"https:\/\/schema.org\",\"@graph\":[{\"@type\":\"Article\",\"@id\":\"https:\/\/www.budokampsport.se\/2018\/06\/01\/em-ju-jutsu-inleds-idag\/#article\",\"isPartOf\":{\"@id\":\"https:\/\/www.budokampsport.se\/2018\/06\/01\/em-ju-jutsu-inleds-idag\/\"},\"author\":{\"name\":\"Annie Carriage\",\"@id\":\"https:\/\/www.budokampsport.se\/#\/schema\/person\/c838cace8171f692e363fde3f38f208b\"},\"headline\":\"EM i ju jutsu inleds idag\",\"datePublished\":\"2018-06-01T11:12:46+00:00\",\"mainEntityOfPage\":{\"@id\":\"https:\/\/www.budokampsport.se\/2018\/06\/01\/em-ju-jutsu-inleds-idag\/\"},\"wordCount\":102,\"commentCount\":2,\"image\":{\"@id\":\"https:\/\/www.budokampsport.se\/2018\/06\/01\/em-ju-jutsu-inleds-idag\/#primaryimage\"},\"thumbnailUrl\":\"https:\/\/www.budokampsport.se\/wp-content\/uploads\/2017\/02\/sm_jujutsu.jpg\",\"inLanguage\":\"sv-SE\",\"potentialAction\":[{\"@type\":\"CommentAction\",\"name\":\"Comment\",\"target\":[\"https:\/\/www.budokampsport.se\/2018\/06\/01\/em-ju-jutsu-inleds-idag\/#respond\"]}]},{\"@type\":\"WebPage\",\"@id\":\"https:\/\/www.budokampsport.se\/2018\/06\/01\/em-ju-jutsu-inleds-idag\/\",\"url\":\"https:\/\/www.budokampsport.se\/2018\/06\/01\/em-ju-jutsu-inleds-idag\/\",\"name\":\"EM i ju jutsu inleds idag - Svenska Budo &amp; Kampsportsf\u00f6rbundet\",\"isPartOf\":{\"@id\":\"https:\/\/www.budokampsport.se\/#website\"},\"primaryImageOfPage\":{\"@id\":\"https:\/\/www.budokampsport.se\/2018\/06\/01\/em-ju-jutsu-inleds-idag\/#primaryimage\"},\"image\":{\"@id\":\"https:\/\/www.budokampsport.se\/2018\/06\/01\/em-ju-jutsu-inleds-idag\/#primaryimage\"},\"thumbnailUrl\":\"https:\/\/www.budokampsport.se\/wp-content\/uploads\/2017\/02\/sm_jujutsu.jpg\",\"datePublished\":\"2018-06-01T11:12:46+00:00\",\"author\":{\"@id\":\"https:\/\/www.budokampsport.se\/#\/schema\/person\/c838cace8171f692e363fde3f38f208b\"},\"description\":\"Idag inleds EM i ju jutsu i Gliwice, Polen. Sveriges har skickat en trupp med 10 deltagare som g\u00e5r in i t\u00e4vlingarna under dagen. Matcherna streamas direkt\",\"breadcrumb\":{\"@id\":\"https:\/\/www.budokampsport.se\/2018\/06\/01\/em-ju-jutsu-inleds-idag\/#breadcrumb\"},\"inLanguage\":\"sv-SE\",\"potentialAction\":[{\"@type\":\"ReadAction\",\"target\":[\"https:\/\/www.budokampsport.se\/2018\/06\/01\/em-ju-jutsu-inleds-idag\/\"]}]},{\"@type\":\"ImageObject\",\"inLanguage\":\"sv-SE\",\"@id\":\"https:\/\/www.budokampsport.se\/2018\/06\/01\/em-ju-jutsu-inleds-idag\/#primaryimage\",\"url\":\"https:\/\/www.budokampsport.se\/wp-content\/uploads\/2017\/02\/sm_jujutsu.jpg\",\"contentUrl\":\"https:\/\/www.budokampsport.se\/wp-content\/uploads\/2017\/02\/sm_jujutsu.jpg\",\"width\":850,\"height\":583,\"caption\":\"Foto: Jonathan Broberg\"},{\"@type\":\"BreadcrumbList\",\"@id\":\"https:\/\/www.budokampsport.se\/2018\/06\/01\/em-ju-jutsu-inleds-idag\/#breadcrumb\",\"itemListElement\":[{\"@type\":\"ListItem\",\"position\":1,\"name\":\"Hem\",\"item\":\"https:\/\/www.budokampsport.se\/\"},{\"@type\":\"ListItem\",\"position\":2,\"name\":\"EM i ju jutsu inleds idag\"}]},{\"@type\":\"WebSite\",\"@id\":\"https:\/\/www.budokampsport.se\/#website\",\"url\":\"https:\/\/www.budokampsport.se\/\",\"name\":\"Svenska Budo &amp; Kampsportsf\u00f6rbundet\",\"description\":\"T\u00e4vling, Tr\u00e4ning, Tradition\",\"potentialAction\":[{\"@type\":\"SearchAction\",\"target\":{\"@type\":\"EntryPoint\",\"urlTemplate\":\"https:\/\/www.budokampsport.se\/?s={search_term_string}\"},\"query-input\":{\"@type\":\"PropertyValueSpecification\",\"valueRequired\":true,\"valueName\":\"search_term_string\"}}],\"inLanguage\":\"sv-SE\"},{\"@type\":\"Person\",\"@id\":\"https:\/\/www.budokampsport.se\/#\/schema\/person\/c838cace8171f692e363fde3f38f208b\",\"name\":\"Annie Carriage\",\"image\":{\"@type\":\"ImageObject\",\"inLanguage\":\"sv-SE\",\"@id\":\"https:\/\/www.budokampsport.se\/#\/schema\/person\/image\/\",\"url\":\"https:\/\/secure.gravatar.com\/avatar\/9311295560bdfbdf78365a26f7df1876?s=96&d=blank&r=g\",\"contentUrl\":\"https:\/\/secure.gravatar.com\/avatar\/9311295560bdfbdf78365a26f7df1876?s=96&d=blank&r=g\",\"caption\":\"Annie Carriage\"},\"url\":\"https:\/\/www.budokampsport.se\/author\/annie-bondefelt\/\"}]}<\/script>\n<!-- \/ Yoast SEO plugin. -->","yoast_head_json":{"title":"EM i ju jutsu inleds idag - Svenska Budo &amp; Kampsportsf\u00f6rbundet","description":"Idag inleds EM i ju jutsu i Gliwice, Polen. Sveriges har skickat en trupp med 10 deltagare som g\u00e5r in i t\u00e4vlingarna under dagen. Matcherna streamas direkt","robots":{"index":"index","follow":"follow","max-snippet":"max-snippet:-1","max-image-preview":"max-image-preview:large","max-video-preview":"max-video-preview:-1"},"canonical":"https:\/\/www.budokampsport.se\/2018\/06\/01\/em-ju-jutsu-inleds-idag\/","og_locale":"sv_SE","og_type":"article","og_title":"EM i ju jutsu inleds idag - Svenska Budo &amp; Kampsportsf\u00f6rbundet","og_description":"Idag inleds EM i ju jutsu i Gliwice, Polen. Sveriges har skickat en trupp med 10 deltagare som g\u00e5r in i t\u00e4vlingarna under dagen. Matcherna streamas direkt","og_url":"https:\/\/www.budokampsport.se\/2018\/06\/01\/em-ju-jutsu-inleds-idag\/","og_site_name":"Svenska Budo &amp; Kampsportsf\u00f6rbundet","article_published_time":"2018-06-01T11:12:46+00:00","og_image":[{"width":850,"height":583,"url":"https:\/\/www.budokampsport.se\/wp-content\/uploads\/2017\/02\/sm_jujutsu.jpg","type":"image\/jpeg"}],"author":"Annie Carriage","twitter_card":"summary_large_image","twitter_misc":{"Skriven av":"Annie Carriage"},"schema":{"@context":"https:\/\/schema.org","@graph":[{"@type":"Article","@id":"https:\/\/www.budokampsport.se\/2018\/06\/01\/em-ju-jutsu-inleds-idag\/#article","isPartOf":{"@id":"https:\/\/www.budokampsport.se\/2018\/06\/01\/em-ju-jutsu-inleds-idag\/"},"author":{"name":"Annie Carriage","@id":"https:\/\/www.budokampsport.se\/#\/schema\/person\/c838cace8171f692e363fde3f38f208b"},"headline":"EM i ju jutsu inleds idag","datePublished":"2018-06-01T11:12:46+00:00","mainEntityOfPage":{"@id":"https:\/\/www.budokampsport.se\/2018\/06\/01\/em-ju-jutsu-inleds-idag\/"},"wordCount":102,"commentCount":2,"image":{"@id":"https:\/\/www.budokampsport.se\/2018\/06\/01\/em-ju-jutsu-inleds-idag\/#primaryimage"},"thumbnailUrl":"https:\/\/www.budokampsport.se\/wp-content\/uploads\/2017\/02\/sm_jujutsu.jpg","inLanguage":"sv-SE","potentialAction":[{"@type":"CommentAction","name":"Comment","target":["https:\/\/www.budokampsport.se\/2018\/06\/01\/em-ju-jutsu-inleds-idag\/#respond"]}]},{"@type":"WebPage","@id":"https:\/\/www.budokampsport.se\/2018\/06\/01\/em-ju-jutsu-inleds-idag\/","url":"https:\/\/www.budokampsport.se\/2018\/06\/01\/em-ju-jutsu-inleds-idag\/","name":"EM i ju jutsu inleds idag - Svenska Budo &amp; Kampsportsf\u00f6rbundet","isPartOf":{"@id":"https:\/\/www.budokampsport.se\/#website"},"primaryImageOfPage":{"@id":"https:\/\/www.budokampsport.se\/2018\/06\/01\/em-ju-jutsu-inleds-idag\/#primaryimage"},"image":{"@id":"https:\/\/www.budokampsport.se\/2018\/06\/01\/em-ju-jutsu-inleds-idag\/#primaryimage"},"thumbnailUrl":"https:\/\/www.budokampsport.se\/wp-content\/uploads\/2017\/02\/sm_jujutsu.jpg","datePublished":"2018-06-01T11:12:46+00:00","author":{"@id":"https:\/\/www.budokampsport.se\/#\/schema\/person\/c838cace8171f692e363fde3f38f208b"},"description":"Idag inleds EM i ju jutsu i Gliwice, Polen. Sveriges har skickat en trupp med 10 deltagare som g\u00e5r in i t\u00e4vlingarna under dagen. Matcherna streamas direkt","breadcrumb":{"@id":"https:\/\/www.budokampsport.se\/2018\/06\/01\/em-ju-jutsu-inleds-idag\/#breadcrumb"},"inLanguage":"sv-SE","potentialAction":[{"@type":"ReadAction","target":["https:\/\/www.budokampsport.se\/2018\/06\/01\/em-ju-jutsu-inleds-idag\/"]}]},{"@type":"ImageObject","inLanguage":"sv-SE","@id":"https:\/\/www.budokampsport.se\/2018\/06\/01\/em-ju-jutsu-inleds-idag\/#primaryimage","url":"https:\/\/www.budokampsport.se\/wp-content\/uploads\/2017\/02\/sm_jujutsu.jpg","contentUrl":"https:\/\/www.budokampsport.se\/wp-content\/uploads\/2017\/02\/sm_jujutsu.jpg","width":850,"height":583,"caption":"Foto: Jonathan Broberg"},{"@type":"BreadcrumbList","@id":"https:\/\/www.budokampsport.se\/2018\/06\/01\/em-ju-jutsu-inleds-idag\/#breadcrumb","itemListElement":[{"@type":"ListItem","position":1,"name":"Hem","item":"https:\/\/www.budokampsport.se\/"},{"@type":"ListItem","position":2,"name":"EM i ju jutsu inleds idag"}]},{"@type":"WebSite","@id":"https:\/\/www.budokampsport.se\/#website","url":"https:\/\/www.budokampsport.se\/","name":"Svenska Budo &amp; Kampsportsf\u00f6rbundet","description":"T\u00e4vling, Tr\u00e4ning, Tradition","potentialAction":[{"@type":"SearchAction","target":{"@type":"EntryPoint","urlTemplate":"https:\/\/www.budokampsport.se\/?s={search_term_string}"},"query-input":{"@type":"PropertyValueSpecification","valueRequired":true,"valueName":"search_term_string"}}],"inLanguage":"sv-SE"},{"@type":"Person","@id":"https:\/\/www.budokampsport.se\/#\/schema\/person\/c838cace8171f692e363fde3f38f208b","name":"Annie Carriage","image":{"@type":"ImageObject","inLanguage":"sv-SE","@id":"https:\/\/www.budokampsport.se\/#\/schema\/person\/image\/","url":"https:\/\/secure.gravatar.com\/avatar\/9311295560bdfbdf78365a26f7df1876?s=96&d=blank&r=g","contentUrl":"https:\/\/secure.gravatar.com\/avatar\/9311295560bdfbdf78365a26f7df1876?s=96&d=blank&r=g","caption":"Annie Carriage"},"url":"https:\/\/www.budokampsport.se\/author\/annie-bondefelt\/"}]}},"_links":{"self":[{"href":"https:\/\/www.budokampsport.se\/api\/wp\/v2\/posts\/73472","targetHints":{"allow":["GET"]}}],"collection":[{"href":"https:\/\/www.budokampsport.se\/api\/wp\/v2\/posts"}],"about":[{"href":"https:\/\/www.budokampsport.se\/api\/wp\/v2\/types\/post"}],"author":[{"embeddable":true,"href":"https:\/\/www.budokampsport.se\/api\/wp\/v2\/users\/120"}],"replies":[{"embeddable":true,"href":"https:\/\/www.budokampsport.se\/api\/wp\/v2\/comments?post=73472"}],"version-history":[{"count":0,"href":"https:\/\/www.budokampsport.se\/api\/wp\/v2\/posts\/73472\/revisions"}],"wp:featuredmedia":[{"embeddable":true,"href":"https:\/\/www.budokampsport.se\/api\/wp\/v2\/media\/38339"}],"wp:attachment":[{"href":"https:\/\/www.budokampsport.se\/api\/wp\/v2\/media?parent=73472"}],"wp:term":[{"taxonomy":"category","embeddable":true,"href":"https:\/\/www.budokampsport.se\/api\/wp\/v2\/categories?post=73472"},{"taxonomy":"post_tag","embeddable":true,"href":"https:\/\/www.budokampsport.se\/api\/wp\/v2\/tags?post=73472"}],"curies":[{"name":"wp","href":"https:\/\/api.w.org\/{rel}","templated":true}]}}