{"id":73530,"date":"2018-06-02T00:41:22","date_gmt":"2018-06-01T22:41:22","guid":{"rendered":"http:\/\/www.budokampsport.se\/?p=73530"},"modified":"2018-06-02T00:41:22","modified_gmt":"2018-06-01T22:41:22","slug":"immerstrand-forlorade-kvartsfinal","status":"publish","type":"post","link":"https:\/\/www.budokampsport.se\/2018\/06\/02\/immerstrand-forlorade-kvartsfinal\/","title":{"rendered":"Immerstrand f\u00f6rlorade i kvartsfinal"},"content":{"rendered":"<p>Simon Immerstrand hade inlett VM med en imponerade v\u00e4ndning mot Gabriel Machado i den f\u00f6rsta matchen.<\/p>\n<p>I den andra avslutade han Koki Ichikawa efter en knapp minut.<br \/>\n&#8211; Jag visste att jag hade en tuff f\u00f6rsta match, att jag vann den \u00e4r jag mycket n\u00f6jd med. Och den andra gick enkelt. Passering, mount och avslut. Jag k\u00e4nde mig stark.<\/p>\n<p>Men i kvartsfinalen mot Christopher Passerello tog \u00e4ventyret slut. Och precis som ifjol n\u00e5dde Simon fram till kvartsfinal.<br \/>\n&#8211; Jag b\u00f6rjade bra och det k\u00e4ndes som att jag hade kontroll p\u00e5 l\u00e4get. Sedan fastnade jag i ett arml\u00e5s. Det \u00e4r egentligen bara medalj som r\u00e4knas f\u00f6r mig, s\u00e5 jag har sv\u00e5rt att s\u00e4ga n\u00e5got om mitt m\u00e4sterskap just nu. Det var surt att \u00e5ka ur.<\/p>\n<p>Nu v\u00e4ntar lite semester f\u00f6r Immestrand innan tr\u00e4ningen \u00e5terupptas.<br \/>\n&#8211; Ja, jag ska v\u00e4l kanske \u00e4ndra lite p\u00e5 vissa saker, men f\u00f6rst ska jag ta n\u00e5got som liknar semester.<\/p>\n<p>Text: Jonathan Broberg<br \/>\nFoto: Mona Lundkvist<\/p>\n","protected":false},"excerpt":{"rendered":"<p>Tv\u00e5 imponerande segrar och en kvartsfinalplats hade givit f\u00f6rhoppningar om medalj f\u00f6r Simon Immerstrand i heavy-klassen f\u00f6r lilab\u00e4lten. Men ett f\u00f6rsm\u00e4dligt arml\u00e5s fr\u00e5n Christopher Passerello f\u00f6ranledde en f\u00f6rlust.<br \/><br>&#8211; Egentligen \u00e4r det bara medalj som r\u00e4knas, s\u00e5 det var surt att \u00e5ka ur, s\u00e4ger han till budokampsport.se.<\/p><br>","protected":false},"author":7,"featured_media":73531,"comment_status":"open","ping_status":"open","sticky":false,"template":"","format":"standard","meta":{"_acf_changed":false,"footnotes":""},"categories":[1],"tags":[],"class_list":["post-73530","post","type-post","status-publish","format-standard","has-post-thumbnail","hentry","category-okategoriserade"],"acf":[],"yoast_head":"<!-- This site is optimized with the Yoast SEO plugin v26.8 - https:\/\/yoast.com\/product\/yoast-seo-wordpress\/ -->\n<title>Immerstrand f\u00f6rlorade i kvartsfinal - Svenska Budo &amp; Kampsportsf\u00f6rbundet<\/title>\n<meta name=\"description\" content=\"Tv\u00e5 imponerande segrar och en kvartsfinalplats hade givit f\u00f6rhoppningar om medalj f\u00f6r Simon Immerstrand i heavy-klassen f\u00f6r lilab\u00e4lten. Men ett f\u00f6rsm\u00e4dligt arml\u00e5s fr\u00e5n Christopher Passerello f\u00f6ranledde en f\u00f6rlust. - Egentligen \u00e4r det bara medalj som r\u00e4knas, s\u00e5 det var surt att \u00e5ka ur, s\u00e4ger han till budokampsport.se.\" \/>\n<meta name=\"robots\" content=\"index, follow, max-snippet:-1, max-image-preview:large, max-video-preview:-1\" \/>\n<link rel=\"canonical\" href=\"https:\/\/www.budokampsport.se\/2018\/06\/02\/immerstrand-forlorade-kvartsfinal\/\" \/>\n<meta property=\"og:locale\" content=\"sv_SE\" \/>\n<meta property=\"og:type\" content=\"article\" \/>\n<meta property=\"og:title\" content=\"Immerstrand f\u00f6rlorade i kvartsfinal - Svenska Budo &amp; Kampsportsf\u00f6rbundet\" \/>\n<meta property=\"og:description\" content=\"Tv\u00e5 imponerande segrar och en kvartsfinalplats hade givit f\u00f6rhoppningar om medalj f\u00f6r Simon Immerstrand i heavy-klassen f\u00f6r lilab\u00e4lten. Men ett f\u00f6rsm\u00e4dligt arml\u00e5s fr\u00e5n Christopher Passerello f\u00f6ranledde en f\u00f6rlust. - Egentligen \u00e4r det bara medalj som r\u00e4knas, s\u00e5 det var surt att \u00e5ka ur, s\u00e4ger han till budokampsport.se.\" \/>\n<meta property=\"og:url\" content=\"https:\/\/www.budokampsport.se\/2018\/06\/02\/immerstrand-forlorade-kvartsfinal\/\" \/>\n<meta property=\"og:site_name\" content=\"Svenska Budo &amp; Kampsportsf\u00f6rbundet\" \/>\n<meta property=\"article:author\" content=\"https:\/\/www.facebook.com\/jonathan.broberg.7\" \/>\n<meta property=\"article:published_time\" content=\"2018-06-01T22:41:22+00:00\" \/>\n<meta property=\"og:image\" content=\"https:\/\/www.budokampsport.se\/wp-content\/uploads\/2018\/06\/simon_immerstrand_ett-e1624887801168.jpg\" \/>\n\t<meta property=\"og:image:width\" content=\"850\" \/>\n\t<meta property=\"og:image:height\" content=\"668\" \/>\n\t<meta property=\"og:image:type\" content=\"image\/jpeg\" \/>\n<meta name=\"author\" content=\"Jonathan Broberg\" \/>\n<meta name=\"twitter:card\" content=\"summary_large_image\" \/>\n<meta name=\"twitter:label1\" content=\"Skriven av\" \/>\n\t<meta name=\"twitter:data1\" content=\"Jonathan Broberg\" \/>\n\t<meta name=\"twitter:label2\" content=\"Ber\u00e4knad l\u00e4stid\" \/>\n\t<meta name=\"twitter:data2\" content=\"1 minut\" \/>\n<script type=\"application\/ld+json\" class=\"yoast-schema-graph\">{\"@context\":\"https:\/\/schema.org\",\"@graph\":[{\"@type\":\"Article\",\"@id\":\"https:\/\/www.budokampsport.se\/2018\/06\/02\/immerstrand-forlorade-kvartsfinal\/#article\",\"isPartOf\":{\"@id\":\"https:\/\/www.budokampsport.se\/2018\/06\/02\/immerstrand-forlorade-kvartsfinal\/\"},\"author\":{\"name\":\"Jonathan Broberg\",\"@id\":\"https:\/\/www.budokampsport.se\/#\/schema\/person\/5c06d81d14850e2a8ce5493386560145\"},\"headline\":\"Immerstrand f\u00f6rlorade i kvartsfinal\",\"datePublished\":\"2018-06-01T22:41:22+00:00\",\"mainEntityOfPage\":{\"@id\":\"https:\/\/www.budokampsport.se\/2018\/06\/02\/immerstrand-forlorade-kvartsfinal\/\"},\"wordCount\":186,\"commentCount\":0,\"image\":{\"@id\":\"https:\/\/www.budokampsport.se\/2018\/06\/02\/immerstrand-forlorade-kvartsfinal\/#primaryimage\"},\"thumbnailUrl\":\"https:\/\/www.budokampsport.se\/wp-content\/uploads\/2018\/06\/simon_immerstrand_ett-e1624887801168.jpg\",\"inLanguage\":\"sv-SE\",\"potentialAction\":[{\"@type\":\"CommentAction\",\"name\":\"Comment\",\"target\":[\"https:\/\/www.budokampsport.se\/2018\/06\/02\/immerstrand-forlorade-kvartsfinal\/#respond\"]}]},{\"@type\":\"WebPage\",\"@id\":\"https:\/\/www.budokampsport.se\/2018\/06\/02\/immerstrand-forlorade-kvartsfinal\/\",\"url\":\"https:\/\/www.budokampsport.se\/2018\/06\/02\/immerstrand-forlorade-kvartsfinal\/\",\"name\":\"Immerstrand f\u00f6rlorade i kvartsfinal - Svenska Budo &amp; Kampsportsf\u00f6rbundet\",\"isPartOf\":{\"@id\":\"https:\/\/www.budokampsport.se\/#website\"},\"primaryImageOfPage\":{\"@id\":\"https:\/\/www.budokampsport.se\/2018\/06\/02\/immerstrand-forlorade-kvartsfinal\/#primaryimage\"},\"image\":{\"@id\":\"https:\/\/www.budokampsport.se\/2018\/06\/02\/immerstrand-forlorade-kvartsfinal\/#primaryimage\"},\"thumbnailUrl\":\"https:\/\/www.budokampsport.se\/wp-content\/uploads\/2018\/06\/simon_immerstrand_ett-e1624887801168.jpg\",\"datePublished\":\"2018-06-01T22:41:22+00:00\",\"author\":{\"@id\":\"https:\/\/www.budokampsport.se\/#\/schema\/person\/5c06d81d14850e2a8ce5493386560145\"},\"description\":\"Tv\u00e5 imponerande segrar och en kvartsfinalplats hade givit f\u00f6rhoppningar om medalj f\u00f6r Simon Immerstrand i heavy-klassen f\u00f6r lilab\u00e4lten. Men ett f\u00f6rsm\u00e4dligt arml\u00e5s fr\u00e5n Christopher Passerello f\u00f6ranledde en f\u00f6rlust. - Egentligen \u00e4r det bara medalj som r\u00e4knas, s\u00e5 det var surt att \u00e5ka ur, s\u00e4ger han till budokampsport.se.\",\"breadcrumb\":{\"@id\":\"https:\/\/www.budokampsport.se\/2018\/06\/02\/immerstrand-forlorade-kvartsfinal\/#breadcrumb\"},\"inLanguage\":\"sv-SE\",\"potentialAction\":[{\"@type\":\"ReadAction\",\"target\":[\"https:\/\/www.budokampsport.se\/2018\/06\/02\/immerstrand-forlorade-kvartsfinal\/\"]}]},{\"@type\":\"ImageObject\",\"inLanguage\":\"sv-SE\",\"@id\":\"https:\/\/www.budokampsport.se\/2018\/06\/02\/immerstrand-forlorade-kvartsfinal\/#primaryimage\",\"url\":\"https:\/\/www.budokampsport.se\/wp-content\/uploads\/2018\/06\/simon_immerstrand_ett-e1624887801168.jpg\",\"contentUrl\":\"https:\/\/www.budokampsport.se\/wp-content\/uploads\/2018\/06\/simon_immerstrand_ett-e1624887801168.jpg\",\"width\":850,\"height\":668,\"caption\":\"Foto: Mona Lundkvist\"},{\"@type\":\"BreadcrumbList\",\"@id\":\"https:\/\/www.budokampsport.se\/2018\/06\/02\/immerstrand-forlorade-kvartsfinal\/#breadcrumb\",\"itemListElement\":[{\"@type\":\"ListItem\",\"position\":1,\"name\":\"Hem\",\"item\":\"https:\/\/www.budokampsport.se\/\"},{\"@type\":\"ListItem\",\"position\":2,\"name\":\"Immerstrand f\u00f6rlorade i kvartsfinal\"}]},{\"@type\":\"WebSite\",\"@id\":\"https:\/\/www.budokampsport.se\/#website\",\"url\":\"https:\/\/www.budokampsport.se\/\",\"name\":\"Svenska Budo &amp; Kampsportsf\u00f6rbundet\",\"description\":\"T\u00e4vling, Tr\u00e4ning, Tradition\",\"potentialAction\":[{\"@type\":\"SearchAction\",\"target\":{\"@type\":\"EntryPoint\",\"urlTemplate\":\"https:\/\/www.budokampsport.se\/?s={search_term_string}\"},\"query-input\":{\"@type\":\"PropertyValueSpecification\",\"valueRequired\":true,\"valueName\":\"search_term_string\"}}],\"inLanguage\":\"sv-SE\"},{\"@type\":\"Person\",\"@id\":\"https:\/\/www.budokampsport.se\/#\/schema\/person\/5c06d81d14850e2a8ce5493386560145\",\"name\":\"Jonathan Broberg\",\"image\":{\"@type\":\"ImageObject\",\"inLanguage\":\"sv-SE\",\"@id\":\"https:\/\/www.budokampsport.se\/#\/schema\/person\/image\/\",\"url\":\"https:\/\/secure.gravatar.com\/avatar\/a58041c6cea9128bd9c40ee2f26d4136?s=96&d=blank&r=g\",\"contentUrl\":\"https:\/\/secure.gravatar.com\/avatar\/a58041c6cea9128bd9c40ee2f26d4136?s=96&d=blank&r=g\",\"caption\":\"Jonathan Broberg\"},\"sameAs\":[\"https:\/\/www.facebook.com\/jonathan.broberg.7\"],\"url\":\"https:\/\/www.budokampsport.se\/author\/jonathan\/\"}]}<\/script>\n<!-- \/ Yoast SEO plugin. -->","yoast_head_json":{"title":"Immerstrand f\u00f6rlorade i kvartsfinal - Svenska Budo &amp; Kampsportsf\u00f6rbundet","description":"Tv\u00e5 imponerande segrar och en kvartsfinalplats hade givit f\u00f6rhoppningar om medalj f\u00f6r Simon Immerstrand i heavy-klassen f\u00f6r lilab\u00e4lten. Men ett f\u00f6rsm\u00e4dligt arml\u00e5s fr\u00e5n Christopher Passerello f\u00f6ranledde en f\u00f6rlust. - Egentligen \u00e4r det bara medalj som r\u00e4knas, s\u00e5 det var surt att \u00e5ka ur, s\u00e4ger han till budokampsport.se.","robots":{"index":"index","follow":"follow","max-snippet":"max-snippet:-1","max-image-preview":"max-image-preview:large","max-video-preview":"max-video-preview:-1"},"canonical":"https:\/\/www.budokampsport.se\/2018\/06\/02\/immerstrand-forlorade-kvartsfinal\/","og_locale":"sv_SE","og_type":"article","og_title":"Immerstrand f\u00f6rlorade i kvartsfinal - Svenska Budo &amp; Kampsportsf\u00f6rbundet","og_description":"Tv\u00e5 imponerande segrar och en kvartsfinalplats hade givit f\u00f6rhoppningar om medalj f\u00f6r Simon Immerstrand i heavy-klassen f\u00f6r lilab\u00e4lten. Men ett f\u00f6rsm\u00e4dligt arml\u00e5s fr\u00e5n Christopher Passerello f\u00f6ranledde en f\u00f6rlust. - Egentligen \u00e4r det bara medalj som r\u00e4knas, s\u00e5 det var surt att \u00e5ka ur, s\u00e4ger han till budokampsport.se.","og_url":"https:\/\/www.budokampsport.se\/2018\/06\/02\/immerstrand-forlorade-kvartsfinal\/","og_site_name":"Svenska Budo &amp; Kampsportsf\u00f6rbundet","article_author":"https:\/\/www.facebook.com\/jonathan.broberg.7","article_published_time":"2018-06-01T22:41:22+00:00","og_image":[{"width":850,"height":668,"url":"https:\/\/www.budokampsport.se\/wp-content\/uploads\/2018\/06\/simon_immerstrand_ett-e1624887801168.jpg","type":"image\/jpeg"}],"author":"Jonathan Broberg","twitter_card":"summary_large_image","twitter_misc":{"Skriven av":"Jonathan Broberg","Ber\u00e4knad l\u00e4stid":"1 minut"},"schema":{"@context":"https:\/\/schema.org","@graph":[{"@type":"Article","@id":"https:\/\/www.budokampsport.se\/2018\/06\/02\/immerstrand-forlorade-kvartsfinal\/#article","isPartOf":{"@id":"https:\/\/www.budokampsport.se\/2018\/06\/02\/immerstrand-forlorade-kvartsfinal\/"},"author":{"name":"Jonathan Broberg","@id":"https:\/\/www.budokampsport.se\/#\/schema\/person\/5c06d81d14850e2a8ce5493386560145"},"headline":"Immerstrand f\u00f6rlorade i kvartsfinal","datePublished":"2018-06-01T22:41:22+00:00","mainEntityOfPage":{"@id":"https:\/\/www.budokampsport.se\/2018\/06\/02\/immerstrand-forlorade-kvartsfinal\/"},"wordCount":186,"commentCount":0,"image":{"@id":"https:\/\/www.budokampsport.se\/2018\/06\/02\/immerstrand-forlorade-kvartsfinal\/#primaryimage"},"thumbnailUrl":"https:\/\/www.budokampsport.se\/wp-content\/uploads\/2018\/06\/simon_immerstrand_ett-e1624887801168.jpg","inLanguage":"sv-SE","potentialAction":[{"@type":"CommentAction","name":"Comment","target":["https:\/\/www.budokampsport.se\/2018\/06\/02\/immerstrand-forlorade-kvartsfinal\/#respond"]}]},{"@type":"WebPage","@id":"https:\/\/www.budokampsport.se\/2018\/06\/02\/immerstrand-forlorade-kvartsfinal\/","url":"https:\/\/www.budokampsport.se\/2018\/06\/02\/immerstrand-forlorade-kvartsfinal\/","name":"Immerstrand f\u00f6rlorade i kvartsfinal - Svenska Budo &amp; Kampsportsf\u00f6rbundet","isPartOf":{"@id":"https:\/\/www.budokampsport.se\/#website"},"primaryImageOfPage":{"@id":"https:\/\/www.budokampsport.se\/2018\/06\/02\/immerstrand-forlorade-kvartsfinal\/#primaryimage"},"image":{"@id":"https:\/\/www.budokampsport.se\/2018\/06\/02\/immerstrand-forlorade-kvartsfinal\/#primaryimage"},"thumbnailUrl":"https:\/\/www.budokampsport.se\/wp-content\/uploads\/2018\/06\/simon_immerstrand_ett-e1624887801168.jpg","datePublished":"2018-06-01T22:41:22+00:00","author":{"@id":"https:\/\/www.budokampsport.se\/#\/schema\/person\/5c06d81d14850e2a8ce5493386560145"},"description":"Tv\u00e5 imponerande segrar och en kvartsfinalplats hade givit f\u00f6rhoppningar om medalj f\u00f6r Simon Immerstrand i heavy-klassen f\u00f6r lilab\u00e4lten. Men ett f\u00f6rsm\u00e4dligt arml\u00e5s fr\u00e5n Christopher Passerello f\u00f6ranledde en f\u00f6rlust. - Egentligen \u00e4r det bara medalj som r\u00e4knas, s\u00e5 det var surt att \u00e5ka ur, s\u00e4ger han till budokampsport.se.","breadcrumb":{"@id":"https:\/\/www.budokampsport.se\/2018\/06\/02\/immerstrand-forlorade-kvartsfinal\/#breadcrumb"},"inLanguage":"sv-SE","potentialAction":[{"@type":"ReadAction","target":["https:\/\/www.budokampsport.se\/2018\/06\/02\/immerstrand-forlorade-kvartsfinal\/"]}]},{"@type":"ImageObject","inLanguage":"sv-SE","@id":"https:\/\/www.budokampsport.se\/2018\/06\/02\/immerstrand-forlorade-kvartsfinal\/#primaryimage","url":"https:\/\/www.budokampsport.se\/wp-content\/uploads\/2018\/06\/simon_immerstrand_ett-e1624887801168.jpg","contentUrl":"https:\/\/www.budokampsport.se\/wp-content\/uploads\/2018\/06\/simon_immerstrand_ett-e1624887801168.jpg","width":850,"height":668,"caption":"Foto: Mona Lundkvist"},{"@type":"BreadcrumbList","@id":"https:\/\/www.budokampsport.se\/2018\/06\/02\/immerstrand-forlorade-kvartsfinal\/#breadcrumb","itemListElement":[{"@type":"ListItem","position":1,"name":"Hem","item":"https:\/\/www.budokampsport.se\/"},{"@type":"ListItem","position":2,"name":"Immerstrand f\u00f6rlorade i kvartsfinal"}]},{"@type":"WebSite","@id":"https:\/\/www.budokampsport.se\/#website","url":"https:\/\/www.budokampsport.se\/","name":"Svenska Budo &amp; Kampsportsf\u00f6rbundet","description":"T\u00e4vling, Tr\u00e4ning, Tradition","potentialAction":[{"@type":"SearchAction","target":{"@type":"EntryPoint","urlTemplate":"https:\/\/www.budokampsport.se\/?s={search_term_string}"},"query-input":{"@type":"PropertyValueSpecification","valueRequired":true,"valueName":"search_term_string"}}],"inLanguage":"sv-SE"},{"@type":"Person","@id":"https:\/\/www.budokampsport.se\/#\/schema\/person\/5c06d81d14850e2a8ce5493386560145","name":"Jonathan Broberg","image":{"@type":"ImageObject","inLanguage":"sv-SE","@id":"https:\/\/www.budokampsport.se\/#\/schema\/person\/image\/","url":"https:\/\/secure.gravatar.com\/avatar\/a58041c6cea9128bd9c40ee2f26d4136?s=96&d=blank&r=g","contentUrl":"https:\/\/secure.gravatar.com\/avatar\/a58041c6cea9128bd9c40ee2f26d4136?s=96&d=blank&r=g","caption":"Jonathan Broberg"},"sameAs":["https:\/\/www.facebook.com\/jonathan.broberg.7"],"url":"https:\/\/www.budokampsport.se\/author\/jonathan\/"}]}},"_links":{"self":[{"href":"https:\/\/www.budokampsport.se\/api\/wp\/v2\/posts\/73530","targetHints":{"allow":["GET"]}}],"collection":[{"href":"https:\/\/www.budokampsport.se\/api\/wp\/v2\/posts"}],"about":[{"href":"https:\/\/www.budokampsport.se\/api\/wp\/v2\/types\/post"}],"author":[{"embeddable":true,"href":"https:\/\/www.budokampsport.se\/api\/wp\/v2\/users\/7"}],"replies":[{"embeddable":true,"href":"https:\/\/www.budokampsport.se\/api\/wp\/v2\/comments?post=73530"}],"version-history":[{"count":0,"href":"https:\/\/www.budokampsport.se\/api\/wp\/v2\/posts\/73530\/revisions"}],"wp:featuredmedia":[{"embeddable":true,"href":"https:\/\/www.budokampsport.se\/api\/wp\/v2\/media\/73531"}],"wp:attachment":[{"href":"https:\/\/www.budokampsport.se\/api\/wp\/v2\/media?parent=73530"}],"wp:term":[{"taxonomy":"category","embeddable":true,"href":"https:\/\/www.budokampsport.se\/api\/wp\/v2\/categories?post=73530"},{"taxonomy":"post_tag","embeddable":true,"href":"https:\/\/www.budokampsport.se\/api\/wp\/v2\/tags?post=73530"}],"curies":[{"name":"wp","href":"https:\/\/api.w.org\/{rel}","templated":true}]}}