{"id":74180,"date":"2018-06-19T17:10:00","date_gmt":"2018-06-19T15:10:00","guid":{"rendered":"http:\/\/www.budokampsport.se\/?p=74180"},"modified":"2018-06-19T17:10:00","modified_gmt":"2018-06-19T15:10:00","slug":"dagens-attondelsfinaler-em-mma","status":"publish","type":"post","link":"https:\/\/www.budokampsport.se\/2018\/06\/19\/dagens-attondelsfinaler-em-mma\/","title":{"rendered":"Dagens \u00e5ttondelsfinaler under EM i MMA"},"content":{"rendered":"<p>F\u00f6rst ut fr\u00e5n det svenska laget var <strong>Jimmie Nilsson<\/strong> som m\u00f6tte finska Mici Saaristo, tyv\u00e4rr blev det f\u00f6rlust f\u00f6r svensken efter TKO i f\u00f6rsta rondens tredje minut. F\u00f6r <strong>Amir Malekpour<\/strong> som t\u00e4vlar i fj\u00e4dervikt gick det lite b\u00e4ttre, han klev upp i buren mot Simone Valle fr\u00e5n Italien och vann efter enh\u00e4lligt beslut fr\u00e5n domarsidan.\u00a0<strong>Navid Badi<\/strong> klev in i turneringen som tredje svensk mot Bogdan Grad fr\u00e5n \u00d6sterrike, l\u00e4ttviktsmatchen slutade tyv\u00e4rr med f\u00f6rlust efter enh\u00e4lligt beslut.<\/p>\n<p>Ytterligare tre svenskar klev in i buren under dagen,<strong> Robin Roos<\/strong> m\u00f6tte irl\u00e4ndaren John Byrne i weltervikt i sin f\u00f6rsta match. Robin gick p\u00e5 offensiven och vann genom TKO i den tredje rondens andra minut.\u00a0<strong>Axel Karlsson<\/strong> gick \u00e4ven han i weltervikt och m\u00f6tte bulgaren Bozhidar Ivanov, efter tre ronder uts\u00e5gs bulgaren till vinnare efter ett delat domslut.<\/p>\n<p><strong>Alexander Lindgren<\/strong>\u00a0st\u00f6tte p\u00e5 Daniel Petrov fr\u00e5n Bulgarien. Det blev en fin seger p\u00e5 TKO i den andra ronden.<\/p>\n<p>Imorgon v\u00e4ntar nya utmaningar f\u00f6r det svenska landslaget d\u00e5 EM forts\u00e4tter, streama m\u00e4sterskapet live mot avgift<a href=\"https:\/\/www.immaf.tv\/\"> h\u00e4r.<\/a><\/p>\n<p>Text: Annie Bondefelt\/Jonathan Broberg<br \/>\nFoto: Christer Ringblom<\/p>\n","protected":false},"excerpt":{"rendered":"<p>EM i MMA har inletts med \u00e5ttondelsfinaler under dagen, inte mindre \u00e4n sex svenskar gick in i oktagonen och klev ut med blandade resultat.<\/p><br>","protected":false},"author":120,"featured_media":74236,"comment_status":"open","ping_status":"open","sticky":false,"template":"","format":"standard","meta":{"_acf_changed":false,"footnotes":""},"categories":[1],"tags":[],"class_list":["post-74180","post","type-post","status-publish","format-standard","has-post-thumbnail","hentry","category-okategoriserade"],"acf":[],"yoast_head":"<!-- This site is optimized with the Yoast SEO plugin v26.8 - https:\/\/yoast.com\/product\/yoast-seo-wordpress\/ -->\n<title>Dagens \u00e5ttondelsfinaler under EM i MMA - Svenska Budo &amp; Kampsportsf\u00f6rbundet<\/title>\n<meta name=\"description\" content=\"EM i MMA har inletts med \u00e5ttondelsfinaler under dagen, inte mindre \u00e4n sex svenskar gick in i oktagonen och klev ut med blandade resultat.\" \/>\n<meta name=\"robots\" content=\"index, follow, max-snippet:-1, max-image-preview:large, max-video-preview:-1\" \/>\n<link rel=\"canonical\" href=\"https:\/\/www.budokampsport.se\/2018\/06\/19\/dagens-attondelsfinaler-em-mma\/\" \/>\n<meta property=\"og:locale\" content=\"sv_SE\" \/>\n<meta property=\"og:type\" content=\"article\" \/>\n<meta property=\"og:title\" content=\"Dagens \u00e5ttondelsfinaler under EM i MMA - Svenska Budo &amp; Kampsportsf\u00f6rbundet\" \/>\n<meta property=\"og:description\" content=\"EM i MMA har inletts med \u00e5ttondelsfinaler under dagen, inte mindre \u00e4n sex svenskar gick in i oktagonen och klev ut med blandade resultat.\" \/>\n<meta property=\"og:url\" content=\"https:\/\/www.budokampsport.se\/2018\/06\/19\/dagens-attondelsfinaler-em-mma\/\" \/>\n<meta property=\"og:site_name\" content=\"Svenska Budo &amp; Kampsportsf\u00f6rbundet\" \/>\n<meta property=\"article:published_time\" content=\"2018-06-19T15:10:00+00:00\" \/>\n<meta property=\"og:image\" content=\"https:\/\/www.budokampsport.se\/wp-content\/uploads\/2018\/06\/amir.jpg\" \/>\n\t<meta property=\"og:image:width\" content=\"449\" \/>\n\t<meta property=\"og:image:height\" content=\"306\" \/>\n\t<meta property=\"og:image:type\" content=\"image\/jpeg\" \/>\n<meta name=\"author\" content=\"Annie Carriage\" \/>\n<meta name=\"twitter:card\" content=\"summary_large_image\" \/>\n<meta name=\"twitter:label1\" content=\"Skriven av\" \/>\n\t<meta name=\"twitter:data1\" content=\"Annie Carriage\" \/>\n\t<meta name=\"twitter:label2\" content=\"Ber\u00e4knad l\u00e4stid\" \/>\n\t<meta name=\"twitter:data2\" content=\"1 minut\" \/>\n<script type=\"application\/ld+json\" class=\"yoast-schema-graph\">{\"@context\":\"https:\/\/schema.org\",\"@graph\":[{\"@type\":\"Article\",\"@id\":\"https:\/\/www.budokampsport.se\/2018\/06\/19\/dagens-attondelsfinaler-em-mma\/#article\",\"isPartOf\":{\"@id\":\"https:\/\/www.budokampsport.se\/2018\/06\/19\/dagens-attondelsfinaler-em-mma\/\"},\"author\":{\"name\":\"Annie Carriage\",\"@id\":\"https:\/\/www.budokampsport.se\/#\/schema\/person\/c838cace8171f692e363fde3f38f208b\"},\"headline\":\"Dagens \u00e5ttondelsfinaler under EM i MMA\",\"datePublished\":\"2018-06-19T15:10:00+00:00\",\"mainEntityOfPage\":{\"@id\":\"https:\/\/www.budokampsport.se\/2018\/06\/19\/dagens-attondelsfinaler-em-mma\/\"},\"wordCount\":216,\"commentCount\":0,\"image\":{\"@id\":\"https:\/\/www.budokampsport.se\/2018\/06\/19\/dagens-attondelsfinaler-em-mma\/#primaryimage\"},\"thumbnailUrl\":\"https:\/\/www.budokampsport.se\/wp-content\/uploads\/2018\/06\/amir.jpg\",\"inLanguage\":\"sv-SE\",\"potentialAction\":[{\"@type\":\"CommentAction\",\"name\":\"Comment\",\"target\":[\"https:\/\/www.budokampsport.se\/2018\/06\/19\/dagens-attondelsfinaler-em-mma\/#respond\"]}]},{\"@type\":\"WebPage\",\"@id\":\"https:\/\/www.budokampsport.se\/2018\/06\/19\/dagens-attondelsfinaler-em-mma\/\",\"url\":\"https:\/\/www.budokampsport.se\/2018\/06\/19\/dagens-attondelsfinaler-em-mma\/\",\"name\":\"Dagens \u00e5ttondelsfinaler under EM i MMA - Svenska Budo &amp; Kampsportsf\u00f6rbundet\",\"isPartOf\":{\"@id\":\"https:\/\/www.budokampsport.se\/#website\"},\"primaryImageOfPage\":{\"@id\":\"https:\/\/www.budokampsport.se\/2018\/06\/19\/dagens-attondelsfinaler-em-mma\/#primaryimage\"},\"image\":{\"@id\":\"https:\/\/www.budokampsport.se\/2018\/06\/19\/dagens-attondelsfinaler-em-mma\/#primaryimage\"},\"thumbnailUrl\":\"https:\/\/www.budokampsport.se\/wp-content\/uploads\/2018\/06\/amir.jpg\",\"datePublished\":\"2018-06-19T15:10:00+00:00\",\"author\":{\"@id\":\"https:\/\/www.budokampsport.se\/#\/schema\/person\/c838cace8171f692e363fde3f38f208b\"},\"description\":\"EM i MMA har inletts med \u00e5ttondelsfinaler under dagen, inte mindre \u00e4n sex svenskar gick in i oktagonen och klev ut med blandade resultat.\",\"breadcrumb\":{\"@id\":\"https:\/\/www.budokampsport.se\/2018\/06\/19\/dagens-attondelsfinaler-em-mma\/#breadcrumb\"},\"inLanguage\":\"sv-SE\",\"potentialAction\":[{\"@type\":\"ReadAction\",\"target\":[\"https:\/\/www.budokampsport.se\/2018\/06\/19\/dagens-attondelsfinaler-em-mma\/\"]}]},{\"@type\":\"ImageObject\",\"inLanguage\":\"sv-SE\",\"@id\":\"https:\/\/www.budokampsport.se\/2018\/06\/19\/dagens-attondelsfinaler-em-mma\/#primaryimage\",\"url\":\"https:\/\/www.budokampsport.se\/wp-content\/uploads\/2018\/06\/amir.jpg\",\"contentUrl\":\"https:\/\/www.budokampsport.se\/wp-content\/uploads\/2018\/06\/amir.jpg\",\"width\":449,\"height\":306,\"caption\":\"Foto: Christer Ringblom\"},{\"@type\":\"BreadcrumbList\",\"@id\":\"https:\/\/www.budokampsport.se\/2018\/06\/19\/dagens-attondelsfinaler-em-mma\/#breadcrumb\",\"itemListElement\":[{\"@type\":\"ListItem\",\"position\":1,\"name\":\"Hem\",\"item\":\"https:\/\/www.budokampsport.se\/\"},{\"@type\":\"ListItem\",\"position\":2,\"name\":\"Dagens \u00e5ttondelsfinaler under EM i MMA\"}]},{\"@type\":\"WebSite\",\"@id\":\"https:\/\/www.budokampsport.se\/#website\",\"url\":\"https:\/\/www.budokampsport.se\/\",\"name\":\"Svenska Budo &amp; Kampsportsf\u00f6rbundet\",\"description\":\"T\u00e4vling, Tr\u00e4ning, Tradition\",\"potentialAction\":[{\"@type\":\"SearchAction\",\"target\":{\"@type\":\"EntryPoint\",\"urlTemplate\":\"https:\/\/www.budokampsport.se\/?s={search_term_string}\"},\"query-input\":{\"@type\":\"PropertyValueSpecification\",\"valueRequired\":true,\"valueName\":\"search_term_string\"}}],\"inLanguage\":\"sv-SE\"},{\"@type\":\"Person\",\"@id\":\"https:\/\/www.budokampsport.se\/#\/schema\/person\/c838cace8171f692e363fde3f38f208b\",\"name\":\"Annie Carriage\",\"image\":{\"@type\":\"ImageObject\",\"inLanguage\":\"sv-SE\",\"@id\":\"https:\/\/www.budokampsport.se\/#\/schema\/person\/image\/\",\"url\":\"https:\/\/secure.gravatar.com\/avatar\/9311295560bdfbdf78365a26f7df1876?s=96&d=blank&r=g\",\"contentUrl\":\"https:\/\/secure.gravatar.com\/avatar\/9311295560bdfbdf78365a26f7df1876?s=96&d=blank&r=g\",\"caption\":\"Annie Carriage\"},\"url\":\"https:\/\/www.budokampsport.se\/author\/annie-bondefelt\/\"}]}<\/script>\n<!-- \/ Yoast SEO plugin. -->","yoast_head_json":{"title":"Dagens \u00e5ttondelsfinaler under EM i MMA - Svenska Budo &amp; Kampsportsf\u00f6rbundet","description":"EM i MMA har inletts med \u00e5ttondelsfinaler under dagen, inte mindre \u00e4n sex svenskar gick in i oktagonen och klev ut med blandade resultat.","robots":{"index":"index","follow":"follow","max-snippet":"max-snippet:-1","max-image-preview":"max-image-preview:large","max-video-preview":"max-video-preview:-1"},"canonical":"https:\/\/www.budokampsport.se\/2018\/06\/19\/dagens-attondelsfinaler-em-mma\/","og_locale":"sv_SE","og_type":"article","og_title":"Dagens \u00e5ttondelsfinaler under EM i MMA - Svenska Budo &amp; Kampsportsf\u00f6rbundet","og_description":"EM i MMA har inletts med \u00e5ttondelsfinaler under dagen, inte mindre \u00e4n sex svenskar gick in i oktagonen och klev ut med blandade resultat.","og_url":"https:\/\/www.budokampsport.se\/2018\/06\/19\/dagens-attondelsfinaler-em-mma\/","og_site_name":"Svenska Budo &amp; Kampsportsf\u00f6rbundet","article_published_time":"2018-06-19T15:10:00+00:00","og_image":[{"width":449,"height":306,"url":"https:\/\/www.budokampsport.se\/wp-content\/uploads\/2018\/06\/amir.jpg","type":"image\/jpeg"}],"author":"Annie Carriage","twitter_card":"summary_large_image","twitter_misc":{"Skriven av":"Annie Carriage","Ber\u00e4knad l\u00e4stid":"1 minut"},"schema":{"@context":"https:\/\/schema.org","@graph":[{"@type":"Article","@id":"https:\/\/www.budokampsport.se\/2018\/06\/19\/dagens-attondelsfinaler-em-mma\/#article","isPartOf":{"@id":"https:\/\/www.budokampsport.se\/2018\/06\/19\/dagens-attondelsfinaler-em-mma\/"},"author":{"name":"Annie Carriage","@id":"https:\/\/www.budokampsport.se\/#\/schema\/person\/c838cace8171f692e363fde3f38f208b"},"headline":"Dagens \u00e5ttondelsfinaler under EM i MMA","datePublished":"2018-06-19T15:10:00+00:00","mainEntityOfPage":{"@id":"https:\/\/www.budokampsport.se\/2018\/06\/19\/dagens-attondelsfinaler-em-mma\/"},"wordCount":216,"commentCount":0,"image":{"@id":"https:\/\/www.budokampsport.se\/2018\/06\/19\/dagens-attondelsfinaler-em-mma\/#primaryimage"},"thumbnailUrl":"https:\/\/www.budokampsport.se\/wp-content\/uploads\/2018\/06\/amir.jpg","inLanguage":"sv-SE","potentialAction":[{"@type":"CommentAction","name":"Comment","target":["https:\/\/www.budokampsport.se\/2018\/06\/19\/dagens-attondelsfinaler-em-mma\/#respond"]}]},{"@type":"WebPage","@id":"https:\/\/www.budokampsport.se\/2018\/06\/19\/dagens-attondelsfinaler-em-mma\/","url":"https:\/\/www.budokampsport.se\/2018\/06\/19\/dagens-attondelsfinaler-em-mma\/","name":"Dagens \u00e5ttondelsfinaler under EM i MMA - Svenska Budo &amp; Kampsportsf\u00f6rbundet","isPartOf":{"@id":"https:\/\/www.budokampsport.se\/#website"},"primaryImageOfPage":{"@id":"https:\/\/www.budokampsport.se\/2018\/06\/19\/dagens-attondelsfinaler-em-mma\/#primaryimage"},"image":{"@id":"https:\/\/www.budokampsport.se\/2018\/06\/19\/dagens-attondelsfinaler-em-mma\/#primaryimage"},"thumbnailUrl":"https:\/\/www.budokampsport.se\/wp-content\/uploads\/2018\/06\/amir.jpg","datePublished":"2018-06-19T15:10:00+00:00","author":{"@id":"https:\/\/www.budokampsport.se\/#\/schema\/person\/c838cace8171f692e363fde3f38f208b"},"description":"EM i MMA har inletts med \u00e5ttondelsfinaler under dagen, inte mindre \u00e4n sex svenskar gick in i oktagonen och klev ut med blandade resultat.","breadcrumb":{"@id":"https:\/\/www.budokampsport.se\/2018\/06\/19\/dagens-attondelsfinaler-em-mma\/#breadcrumb"},"inLanguage":"sv-SE","potentialAction":[{"@type":"ReadAction","target":["https:\/\/www.budokampsport.se\/2018\/06\/19\/dagens-attondelsfinaler-em-mma\/"]}]},{"@type":"ImageObject","inLanguage":"sv-SE","@id":"https:\/\/www.budokampsport.se\/2018\/06\/19\/dagens-attondelsfinaler-em-mma\/#primaryimage","url":"https:\/\/www.budokampsport.se\/wp-content\/uploads\/2018\/06\/amir.jpg","contentUrl":"https:\/\/www.budokampsport.se\/wp-content\/uploads\/2018\/06\/amir.jpg","width":449,"height":306,"caption":"Foto: Christer Ringblom"},{"@type":"BreadcrumbList","@id":"https:\/\/www.budokampsport.se\/2018\/06\/19\/dagens-attondelsfinaler-em-mma\/#breadcrumb","itemListElement":[{"@type":"ListItem","position":1,"name":"Hem","item":"https:\/\/www.budokampsport.se\/"},{"@type":"ListItem","position":2,"name":"Dagens \u00e5ttondelsfinaler under EM i MMA"}]},{"@type":"WebSite","@id":"https:\/\/www.budokampsport.se\/#website","url":"https:\/\/www.budokampsport.se\/","name":"Svenska Budo &amp; Kampsportsf\u00f6rbundet","description":"T\u00e4vling, Tr\u00e4ning, Tradition","potentialAction":[{"@type":"SearchAction","target":{"@type":"EntryPoint","urlTemplate":"https:\/\/www.budokampsport.se\/?s={search_term_string}"},"query-input":{"@type":"PropertyValueSpecification","valueRequired":true,"valueName":"search_term_string"}}],"inLanguage":"sv-SE"},{"@type":"Person","@id":"https:\/\/www.budokampsport.se\/#\/schema\/person\/c838cace8171f692e363fde3f38f208b","name":"Annie Carriage","image":{"@type":"ImageObject","inLanguage":"sv-SE","@id":"https:\/\/www.budokampsport.se\/#\/schema\/person\/image\/","url":"https:\/\/secure.gravatar.com\/avatar\/9311295560bdfbdf78365a26f7df1876?s=96&d=blank&r=g","contentUrl":"https:\/\/secure.gravatar.com\/avatar\/9311295560bdfbdf78365a26f7df1876?s=96&d=blank&r=g","caption":"Annie Carriage"},"url":"https:\/\/www.budokampsport.se\/author\/annie-bondefelt\/"}]}},"_links":{"self":[{"href":"https:\/\/www.budokampsport.se\/api\/wp\/v2\/posts\/74180","targetHints":{"allow":["GET"]}}],"collection":[{"href":"https:\/\/www.budokampsport.se\/api\/wp\/v2\/posts"}],"about":[{"href":"https:\/\/www.budokampsport.se\/api\/wp\/v2\/types\/post"}],"author":[{"embeddable":true,"href":"https:\/\/www.budokampsport.se\/api\/wp\/v2\/users\/120"}],"replies":[{"embeddable":true,"href":"https:\/\/www.budokampsport.se\/api\/wp\/v2\/comments?post=74180"}],"version-history":[{"count":0,"href":"https:\/\/www.budokampsport.se\/api\/wp\/v2\/posts\/74180\/revisions"}],"wp:featuredmedia":[{"embeddable":true,"href":"https:\/\/www.budokampsport.se\/api\/wp\/v2\/media\/74236"}],"wp:attachment":[{"href":"https:\/\/www.budokampsport.se\/api\/wp\/v2\/media?parent=74180"}],"wp:term":[{"taxonomy":"category","embeddable":true,"href":"https:\/\/www.budokampsport.se\/api\/wp\/v2\/categories?post=74180"},{"taxonomy":"post_tag","embeddable":true,"href":"https:\/\/www.budokampsport.se\/api\/wp\/v2\/tags?post=74180"}],"curies":[{"name":"wp","href":"https:\/\/api.w.org\/{rel}","templated":true}]}}