{"id":74269,"date":"2018-06-20T11:46:53","date_gmt":"2018-06-20T09:46:53","guid":{"rendered":"http:\/\/www.budokampsport.se\/?p=74269"},"modified":"2018-06-20T11:51:00","modified_gmt":"2018-06-20T09:51:00","slug":"nina-back-och-frida-vastamaki-ar-semifinalklara","status":"publish","type":"post","link":"https:\/\/www.budokampsport.se\/2018\/06\/20\/nina-back-och-frida-vastamaki-ar-semifinalklara\/","title":{"rendered":"Nina Back och Frida Vastam\u00e4ki \u00e4r semifinalklara"},"content":{"rendered":"<p>I damernas strawweight st\u00e4lldes <strong>Nina Back<\/strong> mot irl\u00e4ndskan Deirdre Fitzpatrick. Back svarade f\u00f6r en fint genomf\u00f6rd match och vann p\u00e5 submission i den andra ronden. Innan dess hade hon haft greppet om matchen genom att f\u00e5tt tv\u00e5 av tre domarsympatier under den f\u00f6rsta ronden.<\/p>\n<p>Med det \u00e4r Back klar f\u00f6r EM-semifinal, d\u00e4r hon kommer att m\u00f6ta rum\u00e4nskan Raluca Dinescu.<\/p>\n<p>Ocks\u00e5 <strong>Frida Vastam\u00e4ki<\/strong> tog sig vidare till semifinal, i bantamvikten. Vastam\u00e4ki vann p\u00e5 knock mot italienska Scioli. Knocken kom i den tredje ronden, efter att det st\u00e5tt 1-1 i ronder. Vastam\u00e4ki st\u00e4lls i sin semifinal mot finskan Karolina Hulkko.<\/p>\n<p>D\u00e4remot blev det en sn\u00f6plig f\u00f6rlust f\u00f6r <strong>Elin \u00d6berg<\/strong>. Finl\u00e4ndskan Janika Antinmaa vann p\u00e5 delat domslut. Och \u00e4ven f\u00f6r <strong>Jessica Forslund Reis<\/strong> blev det respass i kvartsfinal. Jenni Kivioja fr\u00e5n Finland vann.<\/p>\n<p>Snart forts\u00e4tter EM med herrarnas kvartsfinaler.<\/p>\n<p>Text: Jonathan Broberg<br \/>\nFoto: Christer Ringblom<\/p>\n","protected":false},"excerpt":{"rendered":"<p>Under f\u00f6rmiddagen i EM i MMA i Bukarest har damernas kvartsfinaler p\u00e5g\u00e5tt. Sverige har f\u00e5tt med sig tv\u00e5 till semifinalerna, Frida Vastam\u00e4ki och Nina Back. Sedan tidigare \u00e4r \u00e4ven Anna Astvik i semifinal.<\/p><br>","protected":false},"author":7,"featured_media":74270,"comment_status":"open","ping_status":"open","sticky":false,"template":"","format":"standard","meta":{"_acf_changed":false,"footnotes":""},"categories":[1],"tags":[],"class_list":["post-74269","post","type-post","status-publish","format-standard","has-post-thumbnail","hentry","category-okategoriserade"],"acf":[],"yoast_head":"<!-- This site is optimized with the Yoast SEO plugin v26.8 - https:\/\/yoast.com\/product\/yoast-seo-wordpress\/ -->\n<title>Nina Back och Frida Vastam\u00e4ki \u00e4r semifinalklara - Svenska Budo &amp; Kampsportsf\u00f6rbundet<\/title>\n<meta name=\"description\" content=\"Under f\u00f6rmiddagen i EM i MMA i Bukarest har damernas kvartsfinaler p\u00e5g\u00e5tt. Sverige har f\u00e5tt med sig tv\u00e5 till semifinalerna, Frida Vastam\u00e4ki och Nina Back. Sedan tidigare \u00e4r \u00e4ven Anna Astvik i semifinal.\" \/>\n<meta name=\"robots\" content=\"index, follow, max-snippet:-1, max-image-preview:large, max-video-preview:-1\" \/>\n<link rel=\"canonical\" href=\"https:\/\/www.budokampsport.se\/2018\/06\/20\/nina-back-och-frida-vastamaki-ar-semifinalklara\/\" \/>\n<meta property=\"og:locale\" content=\"sv_SE\" \/>\n<meta property=\"og:type\" content=\"article\" \/>\n<meta property=\"og:title\" content=\"Nina Back och Frida Vastam\u00e4ki \u00e4r semifinalklara - Svenska Budo &amp; Kampsportsf\u00f6rbundet\" \/>\n<meta property=\"og:description\" content=\"Under f\u00f6rmiddagen i EM i MMA i Bukarest har damernas kvartsfinaler p\u00e5g\u00e5tt. Sverige har f\u00e5tt med sig tv\u00e5 till semifinalerna, Frida Vastam\u00e4ki och Nina Back. Sedan tidigare \u00e4r \u00e4ven Anna Astvik i semifinal.\" \/>\n<meta property=\"og:url\" content=\"https:\/\/www.budokampsport.se\/2018\/06\/20\/nina-back-och-frida-vastamaki-ar-semifinalklara\/\" \/>\n<meta property=\"og:site_name\" content=\"Svenska Budo &amp; Kampsportsf\u00f6rbundet\" \/>\n<meta property=\"article:author\" content=\"https:\/\/www.facebook.com\/jonathan.broberg.7\" \/>\n<meta property=\"article:published_time\" content=\"2018-06-20T09:46:53+00:00\" \/>\n<meta property=\"article:modified_time\" content=\"2018-06-20T09:51:00+00:00\" \/>\n<meta property=\"og:image\" content=\"https:\/\/www.budokampsport.se\/wp-content\/uploads\/2018\/06\/Frida-Vastamaki-e1624888069541.jpg\" \/>\n\t<meta property=\"og:image:width\" content=\"850\" \/>\n\t<meta property=\"og:image:height\" content=\"603\" \/>\n\t<meta property=\"og:image:type\" content=\"image\/jpeg\" \/>\n<meta name=\"author\" content=\"Jonathan Broberg\" \/>\n<meta name=\"twitter:card\" content=\"summary_large_image\" \/>\n<meta name=\"twitter:label1\" content=\"Skriven av\" \/>\n\t<meta name=\"twitter:data1\" content=\"Jonathan Broberg\" \/>\n\t<meta name=\"twitter:label2\" content=\"Ber\u00e4knad l\u00e4stid\" \/>\n\t<meta name=\"twitter:data2\" content=\"1 minut\" \/>\n<script type=\"application\/ld+json\" class=\"yoast-schema-graph\">{\"@context\":\"https:\/\/schema.org\",\"@graph\":[{\"@type\":\"Article\",\"@id\":\"https:\/\/www.budokampsport.se\/2018\/06\/20\/nina-back-och-frida-vastamaki-ar-semifinalklara\/#article\",\"isPartOf\":{\"@id\":\"https:\/\/www.budokampsport.se\/2018\/06\/20\/nina-back-och-frida-vastamaki-ar-semifinalklara\/\"},\"author\":{\"name\":\"Jonathan Broberg\",\"@id\":\"https:\/\/www.budokampsport.se\/#\/schema\/person\/5c06d81d14850e2a8ce5493386560145\"},\"headline\":\"Nina Back och Frida Vastam\u00e4ki \u00e4r semifinalklara\",\"datePublished\":\"2018-06-20T09:46:53+00:00\",\"dateModified\":\"2018-06-20T09:51:00+00:00\",\"mainEntityOfPage\":{\"@id\":\"https:\/\/www.budokampsport.se\/2018\/06\/20\/nina-back-och-frida-vastamaki-ar-semifinalklara\/\"},\"wordCount\":173,\"commentCount\":0,\"image\":{\"@id\":\"https:\/\/www.budokampsport.se\/2018\/06\/20\/nina-back-och-frida-vastamaki-ar-semifinalklara\/#primaryimage\"},\"thumbnailUrl\":\"https:\/\/www.budokampsport.se\/wp-content\/uploads\/2018\/06\/Frida-Vastamaki-e1624888069541.jpg\",\"inLanguage\":\"sv-SE\",\"potentialAction\":[{\"@type\":\"CommentAction\",\"name\":\"Comment\",\"target\":[\"https:\/\/www.budokampsport.se\/2018\/06\/20\/nina-back-och-frida-vastamaki-ar-semifinalklara\/#respond\"]}]},{\"@type\":\"WebPage\",\"@id\":\"https:\/\/www.budokampsport.se\/2018\/06\/20\/nina-back-och-frida-vastamaki-ar-semifinalklara\/\",\"url\":\"https:\/\/www.budokampsport.se\/2018\/06\/20\/nina-back-och-frida-vastamaki-ar-semifinalklara\/\",\"name\":\"Nina Back och Frida Vastam\u00e4ki \u00e4r semifinalklara - Svenska Budo &amp; Kampsportsf\u00f6rbundet\",\"isPartOf\":{\"@id\":\"https:\/\/www.budokampsport.se\/#website\"},\"primaryImageOfPage\":{\"@id\":\"https:\/\/www.budokampsport.se\/2018\/06\/20\/nina-back-och-frida-vastamaki-ar-semifinalklara\/#primaryimage\"},\"image\":{\"@id\":\"https:\/\/www.budokampsport.se\/2018\/06\/20\/nina-back-och-frida-vastamaki-ar-semifinalklara\/#primaryimage\"},\"thumbnailUrl\":\"https:\/\/www.budokampsport.se\/wp-content\/uploads\/2018\/06\/Frida-Vastamaki-e1624888069541.jpg\",\"datePublished\":\"2018-06-20T09:46:53+00:00\",\"dateModified\":\"2018-06-20T09:51:00+00:00\",\"author\":{\"@id\":\"https:\/\/www.budokampsport.se\/#\/schema\/person\/5c06d81d14850e2a8ce5493386560145\"},\"description\":\"Under f\u00f6rmiddagen i EM i MMA i Bukarest har damernas kvartsfinaler p\u00e5g\u00e5tt. Sverige har f\u00e5tt med sig tv\u00e5 till semifinalerna, Frida Vastam\u00e4ki och Nina Back. Sedan tidigare \u00e4r \u00e4ven Anna Astvik i semifinal.\",\"breadcrumb\":{\"@id\":\"https:\/\/www.budokampsport.se\/2018\/06\/20\/nina-back-och-frida-vastamaki-ar-semifinalklara\/#breadcrumb\"},\"inLanguage\":\"sv-SE\",\"potentialAction\":[{\"@type\":\"ReadAction\",\"target\":[\"https:\/\/www.budokampsport.se\/2018\/06\/20\/nina-back-och-frida-vastamaki-ar-semifinalklara\/\"]}]},{\"@type\":\"ImageObject\",\"inLanguage\":\"sv-SE\",\"@id\":\"https:\/\/www.budokampsport.se\/2018\/06\/20\/nina-back-och-frida-vastamaki-ar-semifinalklara\/#primaryimage\",\"url\":\"https:\/\/www.budokampsport.se\/wp-content\/uploads\/2018\/06\/Frida-Vastamaki-e1624888069541.jpg\",\"contentUrl\":\"https:\/\/www.budokampsport.se\/wp-content\/uploads\/2018\/06\/Frida-Vastamaki-e1624888069541.jpg\",\"width\":850,\"height\":603,\"caption\":\"Foto: Christer Ringblom\"},{\"@type\":\"BreadcrumbList\",\"@id\":\"https:\/\/www.budokampsport.se\/2018\/06\/20\/nina-back-och-frida-vastamaki-ar-semifinalklara\/#breadcrumb\",\"itemListElement\":[{\"@type\":\"ListItem\",\"position\":1,\"name\":\"Hem\",\"item\":\"https:\/\/www.budokampsport.se\/\"},{\"@type\":\"ListItem\",\"position\":2,\"name\":\"Nina Back och Frida Vastam\u00e4ki \u00e4r semifinalklara\"}]},{\"@type\":\"WebSite\",\"@id\":\"https:\/\/www.budokampsport.se\/#website\",\"url\":\"https:\/\/www.budokampsport.se\/\",\"name\":\"Svenska Budo &amp; Kampsportsf\u00f6rbundet\",\"description\":\"T\u00e4vling, Tr\u00e4ning, Tradition\",\"potentialAction\":[{\"@type\":\"SearchAction\",\"target\":{\"@type\":\"EntryPoint\",\"urlTemplate\":\"https:\/\/www.budokampsport.se\/?s={search_term_string}\"},\"query-input\":{\"@type\":\"PropertyValueSpecification\",\"valueRequired\":true,\"valueName\":\"search_term_string\"}}],\"inLanguage\":\"sv-SE\"},{\"@type\":\"Person\",\"@id\":\"https:\/\/www.budokampsport.se\/#\/schema\/person\/5c06d81d14850e2a8ce5493386560145\",\"name\":\"Jonathan Broberg\",\"image\":{\"@type\":\"ImageObject\",\"inLanguage\":\"sv-SE\",\"@id\":\"https:\/\/www.budokampsport.se\/#\/schema\/person\/image\/\",\"url\":\"https:\/\/secure.gravatar.com\/avatar\/a58041c6cea9128bd9c40ee2f26d4136?s=96&d=blank&r=g\",\"contentUrl\":\"https:\/\/secure.gravatar.com\/avatar\/a58041c6cea9128bd9c40ee2f26d4136?s=96&d=blank&r=g\",\"caption\":\"Jonathan Broberg\"},\"sameAs\":[\"https:\/\/www.facebook.com\/jonathan.broberg.7\"],\"url\":\"https:\/\/www.budokampsport.se\/author\/jonathan\/\"}]}<\/script>\n<!-- \/ Yoast SEO plugin. -->","yoast_head_json":{"title":"Nina Back och Frida Vastam\u00e4ki \u00e4r semifinalklara - Svenska Budo &amp; Kampsportsf\u00f6rbundet","description":"Under f\u00f6rmiddagen i EM i MMA i Bukarest har damernas kvartsfinaler p\u00e5g\u00e5tt. Sverige har f\u00e5tt med sig tv\u00e5 till semifinalerna, Frida Vastam\u00e4ki och Nina Back. Sedan tidigare \u00e4r \u00e4ven Anna Astvik i semifinal.","robots":{"index":"index","follow":"follow","max-snippet":"max-snippet:-1","max-image-preview":"max-image-preview:large","max-video-preview":"max-video-preview:-1"},"canonical":"https:\/\/www.budokampsport.se\/2018\/06\/20\/nina-back-och-frida-vastamaki-ar-semifinalklara\/","og_locale":"sv_SE","og_type":"article","og_title":"Nina Back och Frida Vastam\u00e4ki \u00e4r semifinalklara - Svenska Budo &amp; Kampsportsf\u00f6rbundet","og_description":"Under f\u00f6rmiddagen i EM i MMA i Bukarest har damernas kvartsfinaler p\u00e5g\u00e5tt. Sverige har f\u00e5tt med sig tv\u00e5 till semifinalerna, Frida Vastam\u00e4ki och Nina Back. Sedan tidigare \u00e4r \u00e4ven Anna Astvik i semifinal.","og_url":"https:\/\/www.budokampsport.se\/2018\/06\/20\/nina-back-och-frida-vastamaki-ar-semifinalklara\/","og_site_name":"Svenska Budo &amp; Kampsportsf\u00f6rbundet","article_author":"https:\/\/www.facebook.com\/jonathan.broberg.7","article_published_time":"2018-06-20T09:46:53+00:00","article_modified_time":"2018-06-20T09:51:00+00:00","og_image":[{"width":850,"height":603,"url":"https:\/\/www.budokampsport.se\/wp-content\/uploads\/2018\/06\/Frida-Vastamaki-e1624888069541.jpg","type":"image\/jpeg"}],"author":"Jonathan Broberg","twitter_card":"summary_large_image","twitter_misc":{"Skriven av":"Jonathan Broberg","Ber\u00e4knad l\u00e4stid":"1 minut"},"schema":{"@context":"https:\/\/schema.org","@graph":[{"@type":"Article","@id":"https:\/\/www.budokampsport.se\/2018\/06\/20\/nina-back-och-frida-vastamaki-ar-semifinalklara\/#article","isPartOf":{"@id":"https:\/\/www.budokampsport.se\/2018\/06\/20\/nina-back-och-frida-vastamaki-ar-semifinalklara\/"},"author":{"name":"Jonathan Broberg","@id":"https:\/\/www.budokampsport.se\/#\/schema\/person\/5c06d81d14850e2a8ce5493386560145"},"headline":"Nina Back och Frida Vastam\u00e4ki \u00e4r semifinalklara","datePublished":"2018-06-20T09:46:53+00:00","dateModified":"2018-06-20T09:51:00+00:00","mainEntityOfPage":{"@id":"https:\/\/www.budokampsport.se\/2018\/06\/20\/nina-back-och-frida-vastamaki-ar-semifinalklara\/"},"wordCount":173,"commentCount":0,"image":{"@id":"https:\/\/www.budokampsport.se\/2018\/06\/20\/nina-back-och-frida-vastamaki-ar-semifinalklara\/#primaryimage"},"thumbnailUrl":"https:\/\/www.budokampsport.se\/wp-content\/uploads\/2018\/06\/Frida-Vastamaki-e1624888069541.jpg","inLanguage":"sv-SE","potentialAction":[{"@type":"CommentAction","name":"Comment","target":["https:\/\/www.budokampsport.se\/2018\/06\/20\/nina-back-och-frida-vastamaki-ar-semifinalklara\/#respond"]}]},{"@type":"WebPage","@id":"https:\/\/www.budokampsport.se\/2018\/06\/20\/nina-back-och-frida-vastamaki-ar-semifinalklara\/","url":"https:\/\/www.budokampsport.se\/2018\/06\/20\/nina-back-och-frida-vastamaki-ar-semifinalklara\/","name":"Nina Back och Frida Vastam\u00e4ki \u00e4r semifinalklara - Svenska Budo &amp; Kampsportsf\u00f6rbundet","isPartOf":{"@id":"https:\/\/www.budokampsport.se\/#website"},"primaryImageOfPage":{"@id":"https:\/\/www.budokampsport.se\/2018\/06\/20\/nina-back-och-frida-vastamaki-ar-semifinalklara\/#primaryimage"},"image":{"@id":"https:\/\/www.budokampsport.se\/2018\/06\/20\/nina-back-och-frida-vastamaki-ar-semifinalklara\/#primaryimage"},"thumbnailUrl":"https:\/\/www.budokampsport.se\/wp-content\/uploads\/2018\/06\/Frida-Vastamaki-e1624888069541.jpg","datePublished":"2018-06-20T09:46:53+00:00","dateModified":"2018-06-20T09:51:00+00:00","author":{"@id":"https:\/\/www.budokampsport.se\/#\/schema\/person\/5c06d81d14850e2a8ce5493386560145"},"description":"Under f\u00f6rmiddagen i EM i MMA i Bukarest har damernas kvartsfinaler p\u00e5g\u00e5tt. Sverige har f\u00e5tt med sig tv\u00e5 till semifinalerna, Frida Vastam\u00e4ki och Nina Back. Sedan tidigare \u00e4r \u00e4ven Anna Astvik i semifinal.","breadcrumb":{"@id":"https:\/\/www.budokampsport.se\/2018\/06\/20\/nina-back-och-frida-vastamaki-ar-semifinalklara\/#breadcrumb"},"inLanguage":"sv-SE","potentialAction":[{"@type":"ReadAction","target":["https:\/\/www.budokampsport.se\/2018\/06\/20\/nina-back-och-frida-vastamaki-ar-semifinalklara\/"]}]},{"@type":"ImageObject","inLanguage":"sv-SE","@id":"https:\/\/www.budokampsport.se\/2018\/06\/20\/nina-back-och-frida-vastamaki-ar-semifinalklara\/#primaryimage","url":"https:\/\/www.budokampsport.se\/wp-content\/uploads\/2018\/06\/Frida-Vastamaki-e1624888069541.jpg","contentUrl":"https:\/\/www.budokampsport.se\/wp-content\/uploads\/2018\/06\/Frida-Vastamaki-e1624888069541.jpg","width":850,"height":603,"caption":"Foto: Christer Ringblom"},{"@type":"BreadcrumbList","@id":"https:\/\/www.budokampsport.se\/2018\/06\/20\/nina-back-och-frida-vastamaki-ar-semifinalklara\/#breadcrumb","itemListElement":[{"@type":"ListItem","position":1,"name":"Hem","item":"https:\/\/www.budokampsport.se\/"},{"@type":"ListItem","position":2,"name":"Nina Back och Frida Vastam\u00e4ki \u00e4r semifinalklara"}]},{"@type":"WebSite","@id":"https:\/\/www.budokampsport.se\/#website","url":"https:\/\/www.budokampsport.se\/","name":"Svenska Budo &amp; Kampsportsf\u00f6rbundet","description":"T\u00e4vling, Tr\u00e4ning, Tradition","potentialAction":[{"@type":"SearchAction","target":{"@type":"EntryPoint","urlTemplate":"https:\/\/www.budokampsport.se\/?s={search_term_string}"},"query-input":{"@type":"PropertyValueSpecification","valueRequired":true,"valueName":"search_term_string"}}],"inLanguage":"sv-SE"},{"@type":"Person","@id":"https:\/\/www.budokampsport.se\/#\/schema\/person\/5c06d81d14850e2a8ce5493386560145","name":"Jonathan Broberg","image":{"@type":"ImageObject","inLanguage":"sv-SE","@id":"https:\/\/www.budokampsport.se\/#\/schema\/person\/image\/","url":"https:\/\/secure.gravatar.com\/avatar\/a58041c6cea9128bd9c40ee2f26d4136?s=96&d=blank&r=g","contentUrl":"https:\/\/secure.gravatar.com\/avatar\/a58041c6cea9128bd9c40ee2f26d4136?s=96&d=blank&r=g","caption":"Jonathan Broberg"},"sameAs":["https:\/\/www.facebook.com\/jonathan.broberg.7"],"url":"https:\/\/www.budokampsport.se\/author\/jonathan\/"}]}},"_links":{"self":[{"href":"https:\/\/www.budokampsport.se\/api\/wp\/v2\/posts\/74269","targetHints":{"allow":["GET"]}}],"collection":[{"href":"https:\/\/www.budokampsport.se\/api\/wp\/v2\/posts"}],"about":[{"href":"https:\/\/www.budokampsport.se\/api\/wp\/v2\/types\/post"}],"author":[{"embeddable":true,"href":"https:\/\/www.budokampsport.se\/api\/wp\/v2\/users\/7"}],"replies":[{"embeddable":true,"href":"https:\/\/www.budokampsport.se\/api\/wp\/v2\/comments?post=74269"}],"version-history":[{"count":0,"href":"https:\/\/www.budokampsport.se\/api\/wp\/v2\/posts\/74269\/revisions"}],"wp:featuredmedia":[{"embeddable":true,"href":"https:\/\/www.budokampsport.se\/api\/wp\/v2\/media\/74270"}],"wp:attachment":[{"href":"https:\/\/www.budokampsport.se\/api\/wp\/v2\/media?parent=74269"}],"wp:term":[{"taxonomy":"category","embeddable":true,"href":"https:\/\/www.budokampsport.se\/api\/wp\/v2\/categories?post=74269"},{"taxonomy":"post_tag","embeddable":true,"href":"https:\/\/www.budokampsport.se\/api\/wp\/v2\/tags?post=74269"}],"curies":[{"name":"wp","href":"https:\/\/api.w.org\/{rel}","templated":true}]}}