{"id":74276,"date":"2018-06-20T14:18:38","date_gmt":"2018-06-20T12:18:38","guid":{"rendered":"http:\/\/www.budokampsport.se\/?p=74276"},"modified":"2018-06-20T14:18:38","modified_gmt":"2018-06-20T12:18:38","slug":"semifinaler-vantar-vidovic-touma-och-malekpour","status":"publish","type":"post","link":"https:\/\/www.budokampsport.se\/2018\/06\/20\/semifinaler-vantar-vidovic-touma-och-malekpour\/","title":{"rendered":"Semifinaler v\u00e4ntar f\u00f6r Vidovic, Touma och Malekpour"},"content":{"rendered":"<p><strong>Renato Vidovic<\/strong> inledde sitt EM p\u00e5 allra b\u00e4sta s\u00e4tt genom att dominera matchbilden mot nordirl\u00e4ndaren Ciaran Mulholland. Vidovic, som t\u00e4vlar i bantamvikten, vann p\u00e5 enh\u00e4lligt domslut och \u00e4r klar f\u00f6r semifinal. D\u00e4r v\u00e4ntar bulgaren Zdravko Dimitrov.<\/p>\n<p>Seger blev det ocks\u00e5 f\u00f6r <strong>Jonny Touma<\/strong>. Han vann \u00f6ver Samir Safarli, ocks\u00e5 det p\u00e5 enh\u00e4lligt domslut. Han m\u00f6ter bulgaren Denislav Hadzhiev i bantamvikten.<\/p>\n<p>I feathervikten besegrade <strong>Amir Malekpour<\/strong>\u00a0nordirl\u00e4ndaren Gerard Corr och avancerade med det \u00e4ven han till semifinal. Malekpour fortsatte att imponera och fick samtliga domares geh\u00f6r.<\/p>\n<p>Om en stund \u00e4r det dags f\u00f6r bland andra Robin Roos, men \u00e4ven ytterligare fyra bl\u00e5gula k\u00e4mpar.<\/p>\n<p>Text: Jonathan Broberg<br \/>\nFoto: Christer Ringblom<\/p>\n","protected":false},"excerpt":{"rendered":"<p>De tre f\u00f6rsta kvartsfinalerna i EM i Bukarest med svenska herrar inblandade, har slutat med stor svensk succ\u00e9 &#8211; Renato Vidovic, Jonny Touma (bilden) och Amir Malekpour har samtliga kvalificerat sig f\u00f6r semifinalpasset.<\/p><br>","protected":false},"author":7,"featured_media":74277,"comment_status":"open","ping_status":"open","sticky":false,"template":"","format":"standard","meta":{"_acf_changed":false,"footnotes":""},"categories":[1],"tags":[],"class_list":["post-74276","post","type-post","status-publish","format-standard","has-post-thumbnail","hentry","category-okategoriserade"],"acf":[],"yoast_head":"<!-- This site is optimized with the Yoast SEO plugin v26.8 - https:\/\/yoast.com\/product\/yoast-seo-wordpress\/ -->\n<title>Semifinaler v\u00e4ntar f\u00f6r Vidovic, Touma och Malekpour - Svenska Budo &amp; Kampsportsf\u00f6rbundet<\/title>\n<meta name=\"description\" content=\"De tre f\u00f6rsta kvartsfinalerna i EM i Bukarest med svenska herrar inblandade, har slutat med stor svensk succ\u00e9 - Renato Vidovic, Jonny Touma (bilden) och Amir Malekpour har samtliga kvalificerat sig f\u00f6r semifinalpasset.\" \/>\n<meta name=\"robots\" content=\"index, follow, max-snippet:-1, max-image-preview:large, max-video-preview:-1\" \/>\n<link rel=\"canonical\" href=\"https:\/\/www.budokampsport.se\/2018\/06\/20\/semifinaler-vantar-vidovic-touma-och-malekpour\/\" \/>\n<meta property=\"og:locale\" content=\"sv_SE\" \/>\n<meta property=\"og:type\" content=\"article\" \/>\n<meta property=\"og:title\" content=\"Semifinaler v\u00e4ntar f\u00f6r Vidovic, Touma och Malekpour - Svenska Budo &amp; Kampsportsf\u00f6rbundet\" \/>\n<meta property=\"og:description\" content=\"De tre f\u00f6rsta kvartsfinalerna i EM i Bukarest med svenska herrar inblandade, har slutat med stor svensk succ\u00e9 - Renato Vidovic, Jonny Touma (bilden) och Amir Malekpour har samtliga kvalificerat sig f\u00f6r semifinalpasset.\" \/>\n<meta property=\"og:url\" content=\"https:\/\/www.budokampsport.se\/2018\/06\/20\/semifinaler-vantar-vidovic-touma-och-malekpour\/\" \/>\n<meta property=\"og:site_name\" content=\"Svenska Budo &amp; Kampsportsf\u00f6rbundet\" \/>\n<meta property=\"article:author\" content=\"https:\/\/www.facebook.com\/jonathan.broberg.7\" \/>\n<meta property=\"article:published_time\" content=\"2018-06-20T12:18:38+00:00\" \/>\n<meta property=\"og:image\" content=\"https:\/\/www.budokampsport.se\/wp-content\/uploads\/2018\/06\/jonny-touma-e1624888079601.jpg\" \/>\n\t<meta property=\"og:image:width\" content=\"850\" \/>\n\t<meta property=\"og:image:height\" content=\"638\" \/>\n\t<meta property=\"og:image:type\" content=\"image\/jpeg\" \/>\n<meta name=\"author\" content=\"Jonathan Broberg\" \/>\n<meta name=\"twitter:card\" content=\"summary_large_image\" \/>\n<meta name=\"twitter:label1\" content=\"Skriven av\" \/>\n\t<meta name=\"twitter:data1\" content=\"Jonathan Broberg\" \/>\n\t<meta name=\"twitter:label2\" content=\"Ber\u00e4knad l\u00e4stid\" \/>\n\t<meta name=\"twitter:data2\" content=\"1 minut\" \/>\n<script type=\"application\/ld+json\" class=\"yoast-schema-graph\">{\"@context\":\"https:\/\/schema.org\",\"@graph\":[{\"@type\":\"Article\",\"@id\":\"https:\/\/www.budokampsport.se\/2018\/06\/20\/semifinaler-vantar-vidovic-touma-och-malekpour\/#article\",\"isPartOf\":{\"@id\":\"https:\/\/www.budokampsport.se\/2018\/06\/20\/semifinaler-vantar-vidovic-touma-och-malekpour\/\"},\"author\":{\"name\":\"Jonathan Broberg\",\"@id\":\"https:\/\/www.budokampsport.se\/#\/schema\/person\/5c06d81d14850e2a8ce5493386560145\"},\"headline\":\"Semifinaler v\u00e4ntar f\u00f6r Vidovic, Touma och Malekpour\",\"datePublished\":\"2018-06-20T12:18:38+00:00\",\"mainEntityOfPage\":{\"@id\":\"https:\/\/www.budokampsport.se\/2018\/06\/20\/semifinaler-vantar-vidovic-touma-och-malekpour\/\"},\"wordCount\":133,\"commentCount\":0,\"image\":{\"@id\":\"https:\/\/www.budokampsport.se\/2018\/06\/20\/semifinaler-vantar-vidovic-touma-och-malekpour\/#primaryimage\"},\"thumbnailUrl\":\"https:\/\/www.budokampsport.se\/wp-content\/uploads\/2018\/06\/jonny-touma-e1624888079601.jpg\",\"inLanguage\":\"sv-SE\",\"potentialAction\":[{\"@type\":\"CommentAction\",\"name\":\"Comment\",\"target\":[\"https:\/\/www.budokampsport.se\/2018\/06\/20\/semifinaler-vantar-vidovic-touma-och-malekpour\/#respond\"]}]},{\"@type\":\"WebPage\",\"@id\":\"https:\/\/www.budokampsport.se\/2018\/06\/20\/semifinaler-vantar-vidovic-touma-och-malekpour\/\",\"url\":\"https:\/\/www.budokampsport.se\/2018\/06\/20\/semifinaler-vantar-vidovic-touma-och-malekpour\/\",\"name\":\"Semifinaler v\u00e4ntar f\u00f6r Vidovic, Touma och Malekpour - Svenska Budo &amp; Kampsportsf\u00f6rbundet\",\"isPartOf\":{\"@id\":\"https:\/\/www.budokampsport.se\/#website\"},\"primaryImageOfPage\":{\"@id\":\"https:\/\/www.budokampsport.se\/2018\/06\/20\/semifinaler-vantar-vidovic-touma-och-malekpour\/#primaryimage\"},\"image\":{\"@id\":\"https:\/\/www.budokampsport.se\/2018\/06\/20\/semifinaler-vantar-vidovic-touma-och-malekpour\/#primaryimage\"},\"thumbnailUrl\":\"https:\/\/www.budokampsport.se\/wp-content\/uploads\/2018\/06\/jonny-touma-e1624888079601.jpg\",\"datePublished\":\"2018-06-20T12:18:38+00:00\",\"author\":{\"@id\":\"https:\/\/www.budokampsport.se\/#\/schema\/person\/5c06d81d14850e2a8ce5493386560145\"},\"description\":\"De tre f\u00f6rsta kvartsfinalerna i EM i Bukarest med svenska herrar inblandade, har slutat med stor svensk succ\u00e9 - Renato Vidovic, Jonny Touma (bilden) och Amir Malekpour har samtliga kvalificerat sig f\u00f6r semifinalpasset.\",\"breadcrumb\":{\"@id\":\"https:\/\/www.budokampsport.se\/2018\/06\/20\/semifinaler-vantar-vidovic-touma-och-malekpour\/#breadcrumb\"},\"inLanguage\":\"sv-SE\",\"potentialAction\":[{\"@type\":\"ReadAction\",\"target\":[\"https:\/\/www.budokampsport.se\/2018\/06\/20\/semifinaler-vantar-vidovic-touma-och-malekpour\/\"]}]},{\"@type\":\"ImageObject\",\"inLanguage\":\"sv-SE\",\"@id\":\"https:\/\/www.budokampsport.se\/2018\/06\/20\/semifinaler-vantar-vidovic-touma-och-malekpour\/#primaryimage\",\"url\":\"https:\/\/www.budokampsport.se\/wp-content\/uploads\/2018\/06\/jonny-touma-e1624888079601.jpg\",\"contentUrl\":\"https:\/\/www.budokampsport.se\/wp-content\/uploads\/2018\/06\/jonny-touma-e1624888079601.jpg\",\"width\":850,\"height\":638,\"caption\":\"Foto: Christer Ringblom\"},{\"@type\":\"BreadcrumbList\",\"@id\":\"https:\/\/www.budokampsport.se\/2018\/06\/20\/semifinaler-vantar-vidovic-touma-och-malekpour\/#breadcrumb\",\"itemListElement\":[{\"@type\":\"ListItem\",\"position\":1,\"name\":\"Hem\",\"item\":\"https:\/\/www.budokampsport.se\/\"},{\"@type\":\"ListItem\",\"position\":2,\"name\":\"Semifinaler v\u00e4ntar f\u00f6r Vidovic, Touma och Malekpour\"}]},{\"@type\":\"WebSite\",\"@id\":\"https:\/\/www.budokampsport.se\/#website\",\"url\":\"https:\/\/www.budokampsport.se\/\",\"name\":\"Svenska Budo &amp; Kampsportsf\u00f6rbundet\",\"description\":\"T\u00e4vling, Tr\u00e4ning, Tradition\",\"potentialAction\":[{\"@type\":\"SearchAction\",\"target\":{\"@type\":\"EntryPoint\",\"urlTemplate\":\"https:\/\/www.budokampsport.se\/?s={search_term_string}\"},\"query-input\":{\"@type\":\"PropertyValueSpecification\",\"valueRequired\":true,\"valueName\":\"search_term_string\"}}],\"inLanguage\":\"sv-SE\"},{\"@type\":\"Person\",\"@id\":\"https:\/\/www.budokampsport.se\/#\/schema\/person\/5c06d81d14850e2a8ce5493386560145\",\"name\":\"Jonathan Broberg\",\"image\":{\"@type\":\"ImageObject\",\"inLanguage\":\"sv-SE\",\"@id\":\"https:\/\/www.budokampsport.se\/#\/schema\/person\/image\/\",\"url\":\"https:\/\/secure.gravatar.com\/avatar\/a58041c6cea9128bd9c40ee2f26d4136?s=96&d=blank&r=g\",\"contentUrl\":\"https:\/\/secure.gravatar.com\/avatar\/a58041c6cea9128bd9c40ee2f26d4136?s=96&d=blank&r=g\",\"caption\":\"Jonathan Broberg\"},\"sameAs\":[\"https:\/\/www.facebook.com\/jonathan.broberg.7\"],\"url\":\"https:\/\/www.budokampsport.se\/author\/jonathan\/\"}]}<\/script>\n<!-- \/ Yoast SEO plugin. -->","yoast_head_json":{"title":"Semifinaler v\u00e4ntar f\u00f6r Vidovic, Touma och Malekpour - Svenska Budo &amp; Kampsportsf\u00f6rbundet","description":"De tre f\u00f6rsta kvartsfinalerna i EM i Bukarest med svenska herrar inblandade, har slutat med stor svensk succ\u00e9 - Renato Vidovic, Jonny Touma (bilden) och Amir Malekpour har samtliga kvalificerat sig f\u00f6r semifinalpasset.","robots":{"index":"index","follow":"follow","max-snippet":"max-snippet:-1","max-image-preview":"max-image-preview:large","max-video-preview":"max-video-preview:-1"},"canonical":"https:\/\/www.budokampsport.se\/2018\/06\/20\/semifinaler-vantar-vidovic-touma-och-malekpour\/","og_locale":"sv_SE","og_type":"article","og_title":"Semifinaler v\u00e4ntar f\u00f6r Vidovic, Touma och Malekpour - Svenska Budo &amp; Kampsportsf\u00f6rbundet","og_description":"De tre f\u00f6rsta kvartsfinalerna i EM i Bukarest med svenska herrar inblandade, har slutat med stor svensk succ\u00e9 - Renato Vidovic, Jonny Touma (bilden) och Amir Malekpour har samtliga kvalificerat sig f\u00f6r semifinalpasset.","og_url":"https:\/\/www.budokampsport.se\/2018\/06\/20\/semifinaler-vantar-vidovic-touma-och-malekpour\/","og_site_name":"Svenska Budo &amp; Kampsportsf\u00f6rbundet","article_author":"https:\/\/www.facebook.com\/jonathan.broberg.7","article_published_time":"2018-06-20T12:18:38+00:00","og_image":[{"width":850,"height":638,"url":"https:\/\/www.budokampsport.se\/wp-content\/uploads\/2018\/06\/jonny-touma-e1624888079601.jpg","type":"image\/jpeg"}],"author":"Jonathan Broberg","twitter_card":"summary_large_image","twitter_misc":{"Skriven av":"Jonathan Broberg","Ber\u00e4knad l\u00e4stid":"1 minut"},"schema":{"@context":"https:\/\/schema.org","@graph":[{"@type":"Article","@id":"https:\/\/www.budokampsport.se\/2018\/06\/20\/semifinaler-vantar-vidovic-touma-och-malekpour\/#article","isPartOf":{"@id":"https:\/\/www.budokampsport.se\/2018\/06\/20\/semifinaler-vantar-vidovic-touma-och-malekpour\/"},"author":{"name":"Jonathan Broberg","@id":"https:\/\/www.budokampsport.se\/#\/schema\/person\/5c06d81d14850e2a8ce5493386560145"},"headline":"Semifinaler v\u00e4ntar f\u00f6r Vidovic, Touma och Malekpour","datePublished":"2018-06-20T12:18:38+00:00","mainEntityOfPage":{"@id":"https:\/\/www.budokampsport.se\/2018\/06\/20\/semifinaler-vantar-vidovic-touma-och-malekpour\/"},"wordCount":133,"commentCount":0,"image":{"@id":"https:\/\/www.budokampsport.se\/2018\/06\/20\/semifinaler-vantar-vidovic-touma-och-malekpour\/#primaryimage"},"thumbnailUrl":"https:\/\/www.budokampsport.se\/wp-content\/uploads\/2018\/06\/jonny-touma-e1624888079601.jpg","inLanguage":"sv-SE","potentialAction":[{"@type":"CommentAction","name":"Comment","target":["https:\/\/www.budokampsport.se\/2018\/06\/20\/semifinaler-vantar-vidovic-touma-och-malekpour\/#respond"]}]},{"@type":"WebPage","@id":"https:\/\/www.budokampsport.se\/2018\/06\/20\/semifinaler-vantar-vidovic-touma-och-malekpour\/","url":"https:\/\/www.budokampsport.se\/2018\/06\/20\/semifinaler-vantar-vidovic-touma-och-malekpour\/","name":"Semifinaler v\u00e4ntar f\u00f6r Vidovic, Touma och Malekpour - Svenska Budo &amp; Kampsportsf\u00f6rbundet","isPartOf":{"@id":"https:\/\/www.budokampsport.se\/#website"},"primaryImageOfPage":{"@id":"https:\/\/www.budokampsport.se\/2018\/06\/20\/semifinaler-vantar-vidovic-touma-och-malekpour\/#primaryimage"},"image":{"@id":"https:\/\/www.budokampsport.se\/2018\/06\/20\/semifinaler-vantar-vidovic-touma-och-malekpour\/#primaryimage"},"thumbnailUrl":"https:\/\/www.budokampsport.se\/wp-content\/uploads\/2018\/06\/jonny-touma-e1624888079601.jpg","datePublished":"2018-06-20T12:18:38+00:00","author":{"@id":"https:\/\/www.budokampsport.se\/#\/schema\/person\/5c06d81d14850e2a8ce5493386560145"},"description":"De tre f\u00f6rsta kvartsfinalerna i EM i Bukarest med svenska herrar inblandade, har slutat med stor svensk succ\u00e9 - Renato Vidovic, Jonny Touma (bilden) och Amir Malekpour har samtliga kvalificerat sig f\u00f6r semifinalpasset.","breadcrumb":{"@id":"https:\/\/www.budokampsport.se\/2018\/06\/20\/semifinaler-vantar-vidovic-touma-och-malekpour\/#breadcrumb"},"inLanguage":"sv-SE","potentialAction":[{"@type":"ReadAction","target":["https:\/\/www.budokampsport.se\/2018\/06\/20\/semifinaler-vantar-vidovic-touma-och-malekpour\/"]}]},{"@type":"ImageObject","inLanguage":"sv-SE","@id":"https:\/\/www.budokampsport.se\/2018\/06\/20\/semifinaler-vantar-vidovic-touma-och-malekpour\/#primaryimage","url":"https:\/\/www.budokampsport.se\/wp-content\/uploads\/2018\/06\/jonny-touma-e1624888079601.jpg","contentUrl":"https:\/\/www.budokampsport.se\/wp-content\/uploads\/2018\/06\/jonny-touma-e1624888079601.jpg","width":850,"height":638,"caption":"Foto: Christer Ringblom"},{"@type":"BreadcrumbList","@id":"https:\/\/www.budokampsport.se\/2018\/06\/20\/semifinaler-vantar-vidovic-touma-och-malekpour\/#breadcrumb","itemListElement":[{"@type":"ListItem","position":1,"name":"Hem","item":"https:\/\/www.budokampsport.se\/"},{"@type":"ListItem","position":2,"name":"Semifinaler v\u00e4ntar f\u00f6r Vidovic, Touma och Malekpour"}]},{"@type":"WebSite","@id":"https:\/\/www.budokampsport.se\/#website","url":"https:\/\/www.budokampsport.se\/","name":"Svenska Budo &amp; Kampsportsf\u00f6rbundet","description":"T\u00e4vling, Tr\u00e4ning, Tradition","potentialAction":[{"@type":"SearchAction","target":{"@type":"EntryPoint","urlTemplate":"https:\/\/www.budokampsport.se\/?s={search_term_string}"},"query-input":{"@type":"PropertyValueSpecification","valueRequired":true,"valueName":"search_term_string"}}],"inLanguage":"sv-SE"},{"@type":"Person","@id":"https:\/\/www.budokampsport.se\/#\/schema\/person\/5c06d81d14850e2a8ce5493386560145","name":"Jonathan Broberg","image":{"@type":"ImageObject","inLanguage":"sv-SE","@id":"https:\/\/www.budokampsport.se\/#\/schema\/person\/image\/","url":"https:\/\/secure.gravatar.com\/avatar\/a58041c6cea9128bd9c40ee2f26d4136?s=96&d=blank&r=g","contentUrl":"https:\/\/secure.gravatar.com\/avatar\/a58041c6cea9128bd9c40ee2f26d4136?s=96&d=blank&r=g","caption":"Jonathan Broberg"},"sameAs":["https:\/\/www.facebook.com\/jonathan.broberg.7"],"url":"https:\/\/www.budokampsport.se\/author\/jonathan\/"}]}},"_links":{"self":[{"href":"https:\/\/www.budokampsport.se\/api\/wp\/v2\/posts\/74276","targetHints":{"allow":["GET"]}}],"collection":[{"href":"https:\/\/www.budokampsport.se\/api\/wp\/v2\/posts"}],"about":[{"href":"https:\/\/www.budokampsport.se\/api\/wp\/v2\/types\/post"}],"author":[{"embeddable":true,"href":"https:\/\/www.budokampsport.se\/api\/wp\/v2\/users\/7"}],"replies":[{"embeddable":true,"href":"https:\/\/www.budokampsport.se\/api\/wp\/v2\/comments?post=74276"}],"version-history":[{"count":0,"href":"https:\/\/www.budokampsport.se\/api\/wp\/v2\/posts\/74276\/revisions"}],"wp:featuredmedia":[{"embeddable":true,"href":"https:\/\/www.budokampsport.se\/api\/wp\/v2\/media\/74277"}],"wp:attachment":[{"href":"https:\/\/www.budokampsport.se\/api\/wp\/v2\/media?parent=74276"}],"wp:term":[{"taxonomy":"category","embeddable":true,"href":"https:\/\/www.budokampsport.se\/api\/wp\/v2\/categories?post=74276"},{"taxonomy":"post_tag","embeddable":true,"href":"https:\/\/www.budokampsport.se\/api\/wp\/v2\/tags?post=74276"}],"curies":[{"name":"wp","href":"https:\/\/api.w.org\/{rel}","templated":true}]}}