{"id":74638,"date":"2018-07-03T09:58:45","date_gmt":"2018-07-03T07:58:45","guid":{"rendered":"http:\/\/www.budokampsport.se\/?p=74638"},"modified":"2018-07-03T10:00:43","modified_gmt":"2018-07-03T08:00:43","slug":"marcus-sundin-liljedorff-klar-semifinal","status":"publish","type":"post","link":"https:\/\/www.budokampsport.se\/2018\/07\/03\/marcus-sundin-liljedorff-klar-semifinal\/","title":{"rendered":"Marcus Sundin Liljedorff klar f\u00f6r semifinal"},"content":{"rendered":"<p><span style=\"font-size: 14pt;\">EM i thaiboxning \u00e4r i full g\u00e5ng i Tjeckiens huvudstad och ytterligare en svensk \u00e4r klar f\u00f6r semifinal.<\/span><br \/>\n<span style=\"font-size: 14pt;\">&#8211;\u00a0V\u00e4ldigt sk\u00f6n vinst, s\u00e4ger Marcus Sundin Liljedorff till budokampsport.se<\/span><\/p>\n<p>Ig\u00e5r\u00a0kv\u00e4ll var det allts\u00e5 dags f\u00f6r ytterligare svenskar att kliva in i turneringen, Marcus Sundin Liljedorff och Evelina Wikner.<\/p>\n<p>Marcus gick upp i ringen mot\u00a0Maksim Profokev fr\u00e5n Ryssland, det blev en tuff match f\u00f6r svensken som gjorde en imponerande v\u00e4ndning och vann tredje ronden med 10-8 vilken betydde att po\u00e4ngst\u00e4llningen blev 28-28. Domarna besl\u00f6t d\u00e5 att tilld\u00f6ma Marcus vinsten efter att ryssen haft tv\u00e5 r\u00e4kningar under matchen.<\/p>\n<p>&#8211;\u00a0Det k\u00e4ndes \u00e4nd\u00e5 bra, jag va lite stressad i b\u00f6rjan men sen fick jag mer kontroll p\u00e5 honom allt eftersom matchen gick. I rondvilan mellan rond 2 och 3 s\u00e5 ins\u00e5g vi, mina coacher Rene Bon Costa och Johan Storm, att knock var den enda l\u00f6sningen f\u00f6r att vinna, s\u00e5 vi fick f\u00f6rs\u00f6ka lyckas med det och jag tr\u00e4ffade med v\u00e4nsterkn\u00e4t i kroppen och k\u00e4nde att det blev startskottet f\u00f6r att kunna plocka ner honom. V\u00e4ldigt sk\u00f6n vinst speciellt eftersom det var mot Ryssland och ocks\u00e5 f\u00f6r att det \u00e4r en ny viktklass f\u00f6r mig och nu f\u00e5r jag chansen att m\u00f6ta en av de b\u00e4sta i semifinal p\u00e5 onsdag. Vi har ett riktigt nice teamwork h\u00e4r och alla st\u00f6ttar och hj\u00e4lper varandra, s\u00e4ger Marcus till budokampsport.se<\/p>\n<p>Evelina Wikner m\u00f6tte fransyskan Annaelle Angerville i sin match som hon tyv\u00e4rr f\u00f6rlorade.<\/p>\n<p>Senare idag kommer Erica Bj\u00f6rnestrand m\u00f6ta Sanne De Ruijter fr\u00e5n Nederl\u00e4nderna och Sara Matsson m\u00f6ter grekiskan Elena Galanis.<\/p>\n<p>Text: Annie Bondefelt<\/p>\n<p>Foto:\u00a0Rene Bon Costa<\/p>\n","protected":false},"excerpt":{"rendered":"<p>EM i thaiboxning \u00e4r i full g\u00e5ng i Tjeckiens huvudstad [&#8230;]<\/p><br>","protected":false},"author":120,"featured_media":74640,"comment_status":"open","ping_status":"open","sticky":false,"template":"","format":"standard","meta":{"_acf_changed":false,"footnotes":""},"categories":[1],"tags":[],"class_list":["post-74638","post","type-post","status-publish","format-standard","has-post-thumbnail","hentry","category-okategoriserade"],"acf":[],"yoast_head":"<!-- This site is optimized with the Yoast SEO plugin v26.8 - https:\/\/yoast.com\/product\/yoast-seo-wordpress\/ -->\n<title>Marcus Sundin Liljedorff klar f\u00f6r semifinal - Svenska Budo &amp; Kampsportsf\u00f6rbundet<\/title>\n<meta name=\"description\" content=\"EM i thaiboxning \u00e4r i full g\u00e5ng i Tjeckiens huvudstad och ytterligare en svensk \u00e4r klar f\u00f6r semifinal. -\u00a0V\u00e4ldigt sk\u00f6n vinst, s\u00e4ger Marcus Sundin\" \/>\n<meta name=\"robots\" content=\"index, follow, max-snippet:-1, max-image-preview:large, max-video-preview:-1\" \/>\n<link rel=\"canonical\" href=\"https:\/\/www.budokampsport.se\/2018\/07\/03\/marcus-sundin-liljedorff-klar-semifinal\/\" \/>\n<meta property=\"og:locale\" content=\"sv_SE\" \/>\n<meta property=\"og:type\" content=\"article\" \/>\n<meta property=\"og:title\" content=\"Marcus Sundin Liljedorff klar f\u00f6r semifinal - Svenska Budo &amp; Kampsportsf\u00f6rbundet\" \/>\n<meta property=\"og:description\" content=\"EM i thaiboxning \u00e4r i full g\u00e5ng i Tjeckiens huvudstad och ytterligare en svensk \u00e4r klar f\u00f6r semifinal. -\u00a0V\u00e4ldigt sk\u00f6n vinst, s\u00e4ger Marcus Sundin\" \/>\n<meta property=\"og:url\" content=\"https:\/\/www.budokampsport.se\/2018\/07\/03\/marcus-sundin-liljedorff-klar-semifinal\/\" \/>\n<meta property=\"og:site_name\" content=\"Svenska Budo &amp; Kampsportsf\u00f6rbundet\" \/>\n<meta property=\"article:published_time\" content=\"2018-07-03T07:58:45+00:00\" \/>\n<meta property=\"article:modified_time\" content=\"2018-07-03T08:00:43+00:00\" \/>\n<meta property=\"og:image\" content=\"https:\/\/www.budokampsport.se\/wp-content\/uploads\/2018\/07\/mackan.jpg\" \/>\n\t<meta property=\"og:image:width\" content=\"657\" \/>\n\t<meta property=\"og:image:height\" content=\"509\" \/>\n\t<meta property=\"og:image:type\" content=\"image\/jpeg\" \/>\n<meta name=\"author\" content=\"Annie Carriage\" \/>\n<meta name=\"twitter:card\" content=\"summary_large_image\" \/>\n<meta name=\"twitter:label1\" content=\"Skriven av\" \/>\n\t<meta name=\"twitter:data1\" content=\"Annie Carriage\" \/>\n\t<meta name=\"twitter:label2\" content=\"Ber\u00e4knad l\u00e4stid\" \/>\n\t<meta name=\"twitter:data2\" content=\"2 minuter\" \/>\n<script type=\"application\/ld+json\" class=\"yoast-schema-graph\">{\"@context\":\"https:\/\/schema.org\",\"@graph\":[{\"@type\":\"Article\",\"@id\":\"https:\/\/www.budokampsport.se\/2018\/07\/03\/marcus-sundin-liljedorff-klar-semifinal\/#article\",\"isPartOf\":{\"@id\":\"https:\/\/www.budokampsport.se\/2018\/07\/03\/marcus-sundin-liljedorff-klar-semifinal\/\"},\"author\":{\"name\":\"Annie Carriage\",\"@id\":\"https:\/\/www.budokampsport.se\/#\/schema\/person\/c838cace8171f692e363fde3f38f208b\"},\"headline\":\"Marcus Sundin Liljedorff klar f\u00f6r semifinal\",\"datePublished\":\"2018-07-03T07:58:45+00:00\",\"dateModified\":\"2018-07-03T08:00:43+00:00\",\"mainEntityOfPage\":{\"@id\":\"https:\/\/www.budokampsport.se\/2018\/07\/03\/marcus-sundin-liljedorff-klar-semifinal\/\"},\"wordCount\":317,\"commentCount\":0,\"image\":{\"@id\":\"https:\/\/www.budokampsport.se\/2018\/07\/03\/marcus-sundin-liljedorff-klar-semifinal\/#primaryimage\"},\"thumbnailUrl\":\"https:\/\/www.budokampsport.se\/wp-content\/uploads\/2018\/07\/mackan.jpg\",\"inLanguage\":\"sv-SE\",\"potentialAction\":[{\"@type\":\"CommentAction\",\"name\":\"Comment\",\"target\":[\"https:\/\/www.budokampsport.se\/2018\/07\/03\/marcus-sundin-liljedorff-klar-semifinal\/#respond\"]}]},{\"@type\":\"WebPage\",\"@id\":\"https:\/\/www.budokampsport.se\/2018\/07\/03\/marcus-sundin-liljedorff-klar-semifinal\/\",\"url\":\"https:\/\/www.budokampsport.se\/2018\/07\/03\/marcus-sundin-liljedorff-klar-semifinal\/\",\"name\":\"Marcus Sundin Liljedorff klar f\u00f6r semifinal - Svenska Budo &amp; Kampsportsf\u00f6rbundet\",\"isPartOf\":{\"@id\":\"https:\/\/www.budokampsport.se\/#website\"},\"primaryImageOfPage\":{\"@id\":\"https:\/\/www.budokampsport.se\/2018\/07\/03\/marcus-sundin-liljedorff-klar-semifinal\/#primaryimage\"},\"image\":{\"@id\":\"https:\/\/www.budokampsport.se\/2018\/07\/03\/marcus-sundin-liljedorff-klar-semifinal\/#primaryimage\"},\"thumbnailUrl\":\"https:\/\/www.budokampsport.se\/wp-content\/uploads\/2018\/07\/mackan.jpg\",\"datePublished\":\"2018-07-03T07:58:45+00:00\",\"dateModified\":\"2018-07-03T08:00:43+00:00\",\"author\":{\"@id\":\"https:\/\/www.budokampsport.se\/#\/schema\/person\/c838cace8171f692e363fde3f38f208b\"},\"description\":\"EM i thaiboxning \u00e4r i full g\u00e5ng i Tjeckiens huvudstad och ytterligare en svensk \u00e4r klar f\u00f6r semifinal. -\u00a0V\u00e4ldigt sk\u00f6n vinst, s\u00e4ger Marcus Sundin\",\"breadcrumb\":{\"@id\":\"https:\/\/www.budokampsport.se\/2018\/07\/03\/marcus-sundin-liljedorff-klar-semifinal\/#breadcrumb\"},\"inLanguage\":\"sv-SE\",\"potentialAction\":[{\"@type\":\"ReadAction\",\"target\":[\"https:\/\/www.budokampsport.se\/2018\/07\/03\/marcus-sundin-liljedorff-klar-semifinal\/\"]}]},{\"@type\":\"ImageObject\",\"inLanguage\":\"sv-SE\",\"@id\":\"https:\/\/www.budokampsport.se\/2018\/07\/03\/marcus-sundin-liljedorff-klar-semifinal\/#primaryimage\",\"url\":\"https:\/\/www.budokampsport.se\/wp-content\/uploads\/2018\/07\/mackan.jpg\",\"contentUrl\":\"https:\/\/www.budokampsport.se\/wp-content\/uploads\/2018\/07\/mackan.jpg\",\"width\":657,\"height\":509,\"caption\":\"foto: Rene Bon Costa\"},{\"@type\":\"BreadcrumbList\",\"@id\":\"https:\/\/www.budokampsport.se\/2018\/07\/03\/marcus-sundin-liljedorff-klar-semifinal\/#breadcrumb\",\"itemListElement\":[{\"@type\":\"ListItem\",\"position\":1,\"name\":\"Hem\",\"item\":\"https:\/\/www.budokampsport.se\/\"},{\"@type\":\"ListItem\",\"position\":2,\"name\":\"Marcus Sundin Liljedorff klar f\u00f6r semifinal\"}]},{\"@type\":\"WebSite\",\"@id\":\"https:\/\/www.budokampsport.se\/#website\",\"url\":\"https:\/\/www.budokampsport.se\/\",\"name\":\"Svenska Budo &amp; Kampsportsf\u00f6rbundet\",\"description\":\"T\u00e4vling, Tr\u00e4ning, Tradition\",\"potentialAction\":[{\"@type\":\"SearchAction\",\"target\":{\"@type\":\"EntryPoint\",\"urlTemplate\":\"https:\/\/www.budokampsport.se\/?s={search_term_string}\"},\"query-input\":{\"@type\":\"PropertyValueSpecification\",\"valueRequired\":true,\"valueName\":\"search_term_string\"}}],\"inLanguage\":\"sv-SE\"},{\"@type\":\"Person\",\"@id\":\"https:\/\/www.budokampsport.se\/#\/schema\/person\/c838cace8171f692e363fde3f38f208b\",\"name\":\"Annie Carriage\",\"image\":{\"@type\":\"ImageObject\",\"inLanguage\":\"sv-SE\",\"@id\":\"https:\/\/www.budokampsport.se\/#\/schema\/person\/image\/\",\"url\":\"https:\/\/secure.gravatar.com\/avatar\/9311295560bdfbdf78365a26f7df1876?s=96&d=blank&r=g\",\"contentUrl\":\"https:\/\/secure.gravatar.com\/avatar\/9311295560bdfbdf78365a26f7df1876?s=96&d=blank&r=g\",\"caption\":\"Annie Carriage\"},\"url\":\"https:\/\/www.budokampsport.se\/author\/annie-bondefelt\/\"}]}<\/script>\n<!-- \/ Yoast SEO plugin. -->","yoast_head_json":{"title":"Marcus Sundin Liljedorff klar f\u00f6r semifinal - Svenska Budo &amp; Kampsportsf\u00f6rbundet","description":"EM i thaiboxning \u00e4r i full g\u00e5ng i Tjeckiens huvudstad och ytterligare en svensk \u00e4r klar f\u00f6r semifinal. -\u00a0V\u00e4ldigt sk\u00f6n vinst, s\u00e4ger Marcus Sundin","robots":{"index":"index","follow":"follow","max-snippet":"max-snippet:-1","max-image-preview":"max-image-preview:large","max-video-preview":"max-video-preview:-1"},"canonical":"https:\/\/www.budokampsport.se\/2018\/07\/03\/marcus-sundin-liljedorff-klar-semifinal\/","og_locale":"sv_SE","og_type":"article","og_title":"Marcus Sundin Liljedorff klar f\u00f6r semifinal - Svenska Budo &amp; Kampsportsf\u00f6rbundet","og_description":"EM i thaiboxning \u00e4r i full g\u00e5ng i Tjeckiens huvudstad och ytterligare en svensk \u00e4r klar f\u00f6r semifinal. -\u00a0V\u00e4ldigt sk\u00f6n vinst, s\u00e4ger Marcus Sundin","og_url":"https:\/\/www.budokampsport.se\/2018\/07\/03\/marcus-sundin-liljedorff-klar-semifinal\/","og_site_name":"Svenska Budo &amp; Kampsportsf\u00f6rbundet","article_published_time":"2018-07-03T07:58:45+00:00","article_modified_time":"2018-07-03T08:00:43+00:00","og_image":[{"width":657,"height":509,"url":"https:\/\/www.budokampsport.se\/wp-content\/uploads\/2018\/07\/mackan.jpg","type":"image\/jpeg"}],"author":"Annie Carriage","twitter_card":"summary_large_image","twitter_misc":{"Skriven av":"Annie Carriage","Ber\u00e4knad l\u00e4stid":"2 minuter"},"schema":{"@context":"https:\/\/schema.org","@graph":[{"@type":"Article","@id":"https:\/\/www.budokampsport.se\/2018\/07\/03\/marcus-sundin-liljedorff-klar-semifinal\/#article","isPartOf":{"@id":"https:\/\/www.budokampsport.se\/2018\/07\/03\/marcus-sundin-liljedorff-klar-semifinal\/"},"author":{"name":"Annie Carriage","@id":"https:\/\/www.budokampsport.se\/#\/schema\/person\/c838cace8171f692e363fde3f38f208b"},"headline":"Marcus Sundin Liljedorff klar f\u00f6r semifinal","datePublished":"2018-07-03T07:58:45+00:00","dateModified":"2018-07-03T08:00:43+00:00","mainEntityOfPage":{"@id":"https:\/\/www.budokampsport.se\/2018\/07\/03\/marcus-sundin-liljedorff-klar-semifinal\/"},"wordCount":317,"commentCount":0,"image":{"@id":"https:\/\/www.budokampsport.se\/2018\/07\/03\/marcus-sundin-liljedorff-klar-semifinal\/#primaryimage"},"thumbnailUrl":"https:\/\/www.budokampsport.se\/wp-content\/uploads\/2018\/07\/mackan.jpg","inLanguage":"sv-SE","potentialAction":[{"@type":"CommentAction","name":"Comment","target":["https:\/\/www.budokampsport.se\/2018\/07\/03\/marcus-sundin-liljedorff-klar-semifinal\/#respond"]}]},{"@type":"WebPage","@id":"https:\/\/www.budokampsport.se\/2018\/07\/03\/marcus-sundin-liljedorff-klar-semifinal\/","url":"https:\/\/www.budokampsport.se\/2018\/07\/03\/marcus-sundin-liljedorff-klar-semifinal\/","name":"Marcus Sundin Liljedorff klar f\u00f6r semifinal - Svenska Budo &amp; Kampsportsf\u00f6rbundet","isPartOf":{"@id":"https:\/\/www.budokampsport.se\/#website"},"primaryImageOfPage":{"@id":"https:\/\/www.budokampsport.se\/2018\/07\/03\/marcus-sundin-liljedorff-klar-semifinal\/#primaryimage"},"image":{"@id":"https:\/\/www.budokampsport.se\/2018\/07\/03\/marcus-sundin-liljedorff-klar-semifinal\/#primaryimage"},"thumbnailUrl":"https:\/\/www.budokampsport.se\/wp-content\/uploads\/2018\/07\/mackan.jpg","datePublished":"2018-07-03T07:58:45+00:00","dateModified":"2018-07-03T08:00:43+00:00","author":{"@id":"https:\/\/www.budokampsport.se\/#\/schema\/person\/c838cace8171f692e363fde3f38f208b"},"description":"EM i thaiboxning \u00e4r i full g\u00e5ng i Tjeckiens huvudstad och ytterligare en svensk \u00e4r klar f\u00f6r semifinal. -\u00a0V\u00e4ldigt sk\u00f6n vinst, s\u00e4ger Marcus Sundin","breadcrumb":{"@id":"https:\/\/www.budokampsport.se\/2018\/07\/03\/marcus-sundin-liljedorff-klar-semifinal\/#breadcrumb"},"inLanguage":"sv-SE","potentialAction":[{"@type":"ReadAction","target":["https:\/\/www.budokampsport.se\/2018\/07\/03\/marcus-sundin-liljedorff-klar-semifinal\/"]}]},{"@type":"ImageObject","inLanguage":"sv-SE","@id":"https:\/\/www.budokampsport.se\/2018\/07\/03\/marcus-sundin-liljedorff-klar-semifinal\/#primaryimage","url":"https:\/\/www.budokampsport.se\/wp-content\/uploads\/2018\/07\/mackan.jpg","contentUrl":"https:\/\/www.budokampsport.se\/wp-content\/uploads\/2018\/07\/mackan.jpg","width":657,"height":509,"caption":"foto: Rene Bon Costa"},{"@type":"BreadcrumbList","@id":"https:\/\/www.budokampsport.se\/2018\/07\/03\/marcus-sundin-liljedorff-klar-semifinal\/#breadcrumb","itemListElement":[{"@type":"ListItem","position":1,"name":"Hem","item":"https:\/\/www.budokampsport.se\/"},{"@type":"ListItem","position":2,"name":"Marcus Sundin Liljedorff klar f\u00f6r semifinal"}]},{"@type":"WebSite","@id":"https:\/\/www.budokampsport.se\/#website","url":"https:\/\/www.budokampsport.se\/","name":"Svenska Budo &amp; Kampsportsf\u00f6rbundet","description":"T\u00e4vling, Tr\u00e4ning, Tradition","potentialAction":[{"@type":"SearchAction","target":{"@type":"EntryPoint","urlTemplate":"https:\/\/www.budokampsport.se\/?s={search_term_string}"},"query-input":{"@type":"PropertyValueSpecification","valueRequired":true,"valueName":"search_term_string"}}],"inLanguage":"sv-SE"},{"@type":"Person","@id":"https:\/\/www.budokampsport.se\/#\/schema\/person\/c838cace8171f692e363fde3f38f208b","name":"Annie Carriage","image":{"@type":"ImageObject","inLanguage":"sv-SE","@id":"https:\/\/www.budokampsport.se\/#\/schema\/person\/image\/","url":"https:\/\/secure.gravatar.com\/avatar\/9311295560bdfbdf78365a26f7df1876?s=96&d=blank&r=g","contentUrl":"https:\/\/secure.gravatar.com\/avatar\/9311295560bdfbdf78365a26f7df1876?s=96&d=blank&r=g","caption":"Annie Carriage"},"url":"https:\/\/www.budokampsport.se\/author\/annie-bondefelt\/"}]}},"_links":{"self":[{"href":"https:\/\/www.budokampsport.se\/api\/wp\/v2\/posts\/74638","targetHints":{"allow":["GET"]}}],"collection":[{"href":"https:\/\/www.budokampsport.se\/api\/wp\/v2\/posts"}],"about":[{"href":"https:\/\/www.budokampsport.se\/api\/wp\/v2\/types\/post"}],"author":[{"embeddable":true,"href":"https:\/\/www.budokampsport.se\/api\/wp\/v2\/users\/120"}],"replies":[{"embeddable":true,"href":"https:\/\/www.budokampsport.se\/api\/wp\/v2\/comments?post=74638"}],"version-history":[{"count":0,"href":"https:\/\/www.budokampsport.se\/api\/wp\/v2\/posts\/74638\/revisions"}],"wp:featuredmedia":[{"embeddable":true,"href":"https:\/\/www.budokampsport.se\/api\/wp\/v2\/media\/74640"}],"wp:attachment":[{"href":"https:\/\/www.budokampsport.se\/api\/wp\/v2\/media?parent=74638"}],"wp:term":[{"taxonomy":"category","embeddable":true,"href":"https:\/\/www.budokampsport.se\/api\/wp\/v2\/categories?post=74638"},{"taxonomy":"post_tag","embeddable":true,"href":"https:\/\/www.budokampsport.se\/api\/wp\/v2\/tags?post=74638"}],"curies":[{"name":"wp","href":"https:\/\/api.w.org\/{rel}","templated":true}]}}