{"id":75251,"date":"2018-07-23T12:24:27","date_gmt":"2018-07-23T10:24:27","guid":{"rendered":"http:\/\/www.budokampsport.se\/?p=75251"},"modified":"2018-07-23T15:06:22","modified_gmt":"2018-07-23T13:06:22","slug":"sofia-olofsson-forlorade-jamn-kamp","status":"publish","type":"post","link":"https:\/\/www.budokampsport.se\/2018\/07\/23\/sofia-olofsson-forlorade-jamn-kamp\/","title":{"rendered":"Sofia Olofsson f\u00f6rlorade j\u00e4mn kamp"},"content":{"rendered":"<p><span style=\"font-size: 14pt;\">I fredags arrangerades Glory i Madison Square Garden, New York. F\u00f6r f\u00f6rsta g\u00e5ngen skulle Sofia Olofsson \u00e4ntra ringen i organisationens regi och fightas mot den f\u00f6redetta 29-\u00e5riga titelh\u00e5llaren Tiffany Van Soest fr\u00e5n San Diego.<\/span><\/p>\n<p>Amerikanskan hade 22 matcher i bagaget n\u00e4r hon klev in i fighten mot svenskan, en match som k\u00f6rdes i kickboxningsregler.<\/p>\n<p>Det var tv\u00e5 olika stilar som m\u00f6ttes, amerikanskan hade en hoppig stil och r\u00f6rde sig hela tiden f\u00f6r att hamna i nya vinklar och var duktig p\u00e5 att h\u00e5lla distans medan Sofia hade en mer thaiboxningsinspirerad stil med en stabil stance och tunga tekniker.<\/p>\n<p>Sofia visade prov p\u00e5 kvicka v\u00e4nstersparkar och pressade hela tiden amerikanskan fram\u00e5t med sin boxning och gjorde det sv\u00e5rt f\u00f6r amerikanskan att hitta vinklar att attackera fr\u00e5n. Amerikanskan hade bra huvudsparkar och fick in en v\u00e4nsterspark, men Sofia h\u00e4mtade sig snabbt och b\u00f6rjade s\u00e4tta \u00e4nnu mer press p\u00e5 amerikanskan genom att leverera slag p\u00e5 slag och hela tiden r\u00f6ra sig fram\u00e5t.<\/p>\n<p>Det var en mycket j\u00e4mn match mellan de tv\u00e5, n\u00e5got som ocks\u00e5 syntes n\u00e4r domarna sagt sitt, Tiffany vann efter delat domslut. Sofia gjorde en mycket imponerade insats och vinsten hade kunnat g\u00e5 \u00e4ven hennes v\u00e4g denna kv\u00e4ll.<\/p>\n<p>Text: Annie Bondefelt<\/p>\n<p>Foto: Arkivbild\/Benjamin Bayard<\/p>\n","protected":false},"excerpt":{"rendered":"<p>I fredags arrangerades Glory i Madison Square Garden, New York. [&#8230;]<\/p><br>","protected":false},"author":120,"featured_media":67224,"comment_status":"open","ping_status":"open","sticky":false,"template":"","format":"standard","meta":{"_acf_changed":false,"footnotes":""},"categories":[1],"tags":[],"class_list":["post-75251","post","type-post","status-publish","format-standard","has-post-thumbnail","hentry","category-okategoriserade"],"acf":[],"yoast_head":"<!-- This site is optimized with the Yoast SEO plugin v26.8 - https:\/\/yoast.com\/product\/yoast-seo-wordpress\/ -->\n<title>Sofia Olofsson f\u00f6rlorade j\u00e4mn kamp - Svenska Budo &amp; Kampsportsf\u00f6rbundet<\/title>\n<meta name=\"description\" content=\"I fredags arrangerades Glory i Madison Square Garden, New York. F\u00f6r f\u00f6rsta g\u00e5ngen skulle Sofia Olofsson \u00e4ntra ringen i organisationens regi och fightas\" \/>\n<meta name=\"robots\" content=\"index, follow, max-snippet:-1, max-image-preview:large, max-video-preview:-1\" \/>\n<link rel=\"canonical\" href=\"https:\/\/www.budokampsport.se\/2018\/07\/23\/sofia-olofsson-forlorade-jamn-kamp\/\" \/>\n<meta property=\"og:locale\" content=\"sv_SE\" \/>\n<meta property=\"og:type\" content=\"article\" \/>\n<meta property=\"og:title\" content=\"Sofia Olofsson f\u00f6rlorade j\u00e4mn kamp - Svenska Budo &amp; Kampsportsf\u00f6rbundet\" \/>\n<meta property=\"og:description\" content=\"I fredags arrangerades Glory i Madison Square Garden, New York. F\u00f6r f\u00f6rsta g\u00e5ngen skulle Sofia Olofsson \u00e4ntra ringen i organisationens regi och fightas\" \/>\n<meta property=\"og:url\" content=\"https:\/\/www.budokampsport.se\/2018\/07\/23\/sofia-olofsson-forlorade-jamn-kamp\/\" \/>\n<meta property=\"og:site_name\" content=\"Svenska Budo &amp; Kampsportsf\u00f6rbundet\" \/>\n<meta property=\"article:published_time\" content=\"2018-07-23T10:24:27+00:00\" \/>\n<meta property=\"article:modified_time\" content=\"2018-07-23T13:06:22+00:00\" \/>\n<meta property=\"og:image\" content=\"https:\/\/www.budokampsport.se\/wp-content\/uploads\/2018\/03\/sofia-oofsson-e1624886820926.jpg\" \/>\n\t<meta property=\"og:image:width\" content=\"850\" \/>\n\t<meta property=\"og:image:height\" content=\"566\" \/>\n\t<meta property=\"og:image:type\" content=\"image\/jpeg\" \/>\n<meta name=\"author\" content=\"Annie Carriage\" \/>\n<meta name=\"twitter:card\" content=\"summary_large_image\" \/>\n<meta name=\"twitter:label1\" content=\"Skriven av\" \/>\n\t<meta name=\"twitter:data1\" content=\"Annie Carriage\" \/>\n\t<meta name=\"twitter:label2\" content=\"Ber\u00e4knad l\u00e4stid\" \/>\n\t<meta name=\"twitter:data2\" content=\"1 minut\" \/>\n<script type=\"application\/ld+json\" class=\"yoast-schema-graph\">{\"@context\":\"https:\/\/schema.org\",\"@graph\":[{\"@type\":\"Article\",\"@id\":\"https:\/\/www.budokampsport.se\/2018\/07\/23\/sofia-olofsson-forlorade-jamn-kamp\/#article\",\"isPartOf\":{\"@id\":\"https:\/\/www.budokampsport.se\/2018\/07\/23\/sofia-olofsson-forlorade-jamn-kamp\/\"},\"author\":{\"name\":\"Annie Carriage\",\"@id\":\"https:\/\/www.budokampsport.se\/#\/schema\/person\/c838cace8171f692e363fde3f38f208b\"},\"headline\":\"Sofia Olofsson f\u00f6rlorade j\u00e4mn kamp\",\"datePublished\":\"2018-07-23T10:24:27+00:00\",\"dateModified\":\"2018-07-23T13:06:22+00:00\",\"mainEntityOfPage\":{\"@id\":\"https:\/\/www.budokampsport.se\/2018\/07\/23\/sofia-olofsson-forlorade-jamn-kamp\/\"},\"wordCount\":239,\"commentCount\":0,\"image\":{\"@id\":\"https:\/\/www.budokampsport.se\/2018\/07\/23\/sofia-olofsson-forlorade-jamn-kamp\/#primaryimage\"},\"thumbnailUrl\":\"https:\/\/www.budokampsport.se\/wp-content\/uploads\/2018\/03\/sofia-oofsson-e1624886820926.jpg\",\"inLanguage\":\"sv-SE\",\"potentialAction\":[{\"@type\":\"CommentAction\",\"name\":\"Comment\",\"target\":[\"https:\/\/www.budokampsport.se\/2018\/07\/23\/sofia-olofsson-forlorade-jamn-kamp\/#respond\"]}]},{\"@type\":\"WebPage\",\"@id\":\"https:\/\/www.budokampsport.se\/2018\/07\/23\/sofia-olofsson-forlorade-jamn-kamp\/\",\"url\":\"https:\/\/www.budokampsport.se\/2018\/07\/23\/sofia-olofsson-forlorade-jamn-kamp\/\",\"name\":\"Sofia Olofsson f\u00f6rlorade j\u00e4mn kamp - Svenska Budo &amp; Kampsportsf\u00f6rbundet\",\"isPartOf\":{\"@id\":\"https:\/\/www.budokampsport.se\/#website\"},\"primaryImageOfPage\":{\"@id\":\"https:\/\/www.budokampsport.se\/2018\/07\/23\/sofia-olofsson-forlorade-jamn-kamp\/#primaryimage\"},\"image\":{\"@id\":\"https:\/\/www.budokampsport.se\/2018\/07\/23\/sofia-olofsson-forlorade-jamn-kamp\/#primaryimage\"},\"thumbnailUrl\":\"https:\/\/www.budokampsport.se\/wp-content\/uploads\/2018\/03\/sofia-oofsson-e1624886820926.jpg\",\"datePublished\":\"2018-07-23T10:24:27+00:00\",\"dateModified\":\"2018-07-23T13:06:22+00:00\",\"author\":{\"@id\":\"https:\/\/www.budokampsport.se\/#\/schema\/person\/c838cace8171f692e363fde3f38f208b\"},\"description\":\"I fredags arrangerades Glory i Madison Square Garden, New York. F\u00f6r f\u00f6rsta g\u00e5ngen skulle Sofia Olofsson \u00e4ntra ringen i organisationens regi och fightas\",\"breadcrumb\":{\"@id\":\"https:\/\/www.budokampsport.se\/2018\/07\/23\/sofia-olofsson-forlorade-jamn-kamp\/#breadcrumb\"},\"inLanguage\":\"sv-SE\",\"potentialAction\":[{\"@type\":\"ReadAction\",\"target\":[\"https:\/\/www.budokampsport.se\/2018\/07\/23\/sofia-olofsson-forlorade-jamn-kamp\/\"]}]},{\"@type\":\"ImageObject\",\"inLanguage\":\"sv-SE\",\"@id\":\"https:\/\/www.budokampsport.se\/2018\/07\/23\/sofia-olofsson-forlorade-jamn-kamp\/#primaryimage\",\"url\":\"https:\/\/www.budokampsport.se\/wp-content\/uploads\/2018\/03\/sofia-oofsson-e1624886820926.jpg\",\"contentUrl\":\"https:\/\/www.budokampsport.se\/wp-content\/uploads\/2018\/03\/sofia-oofsson-e1624886820926.jpg\",\"width\":850,\"height\":566,\"caption\":\"Foto: Benjamin Bayard\"},{\"@type\":\"BreadcrumbList\",\"@id\":\"https:\/\/www.budokampsport.se\/2018\/07\/23\/sofia-olofsson-forlorade-jamn-kamp\/#breadcrumb\",\"itemListElement\":[{\"@type\":\"ListItem\",\"position\":1,\"name\":\"Hem\",\"item\":\"https:\/\/www.budokampsport.se\/\"},{\"@type\":\"ListItem\",\"position\":2,\"name\":\"Sofia Olofsson f\u00f6rlorade j\u00e4mn kamp\"}]},{\"@type\":\"WebSite\",\"@id\":\"https:\/\/www.budokampsport.se\/#website\",\"url\":\"https:\/\/www.budokampsport.se\/\",\"name\":\"Svenska Budo &amp; Kampsportsf\u00f6rbundet\",\"description\":\"T\u00e4vling, Tr\u00e4ning, Tradition\",\"potentialAction\":[{\"@type\":\"SearchAction\",\"target\":{\"@type\":\"EntryPoint\",\"urlTemplate\":\"https:\/\/www.budokampsport.se\/?s={search_term_string}\"},\"query-input\":{\"@type\":\"PropertyValueSpecification\",\"valueRequired\":true,\"valueName\":\"search_term_string\"}}],\"inLanguage\":\"sv-SE\"},{\"@type\":\"Person\",\"@id\":\"https:\/\/www.budokampsport.se\/#\/schema\/person\/c838cace8171f692e363fde3f38f208b\",\"name\":\"Annie Carriage\",\"image\":{\"@type\":\"ImageObject\",\"inLanguage\":\"sv-SE\",\"@id\":\"https:\/\/www.budokampsport.se\/#\/schema\/person\/image\/\",\"url\":\"https:\/\/secure.gravatar.com\/avatar\/9311295560bdfbdf78365a26f7df1876?s=96&d=blank&r=g\",\"contentUrl\":\"https:\/\/secure.gravatar.com\/avatar\/9311295560bdfbdf78365a26f7df1876?s=96&d=blank&r=g\",\"caption\":\"Annie Carriage\"},\"url\":\"https:\/\/www.budokampsport.se\/author\/annie-bondefelt\/\"}]}<\/script>\n<!-- \/ Yoast SEO plugin. -->","yoast_head_json":{"title":"Sofia Olofsson f\u00f6rlorade j\u00e4mn kamp - Svenska Budo &amp; Kampsportsf\u00f6rbundet","description":"I fredags arrangerades Glory i Madison Square Garden, New York. F\u00f6r f\u00f6rsta g\u00e5ngen skulle Sofia Olofsson \u00e4ntra ringen i organisationens regi och fightas","robots":{"index":"index","follow":"follow","max-snippet":"max-snippet:-1","max-image-preview":"max-image-preview:large","max-video-preview":"max-video-preview:-1"},"canonical":"https:\/\/www.budokampsport.se\/2018\/07\/23\/sofia-olofsson-forlorade-jamn-kamp\/","og_locale":"sv_SE","og_type":"article","og_title":"Sofia Olofsson f\u00f6rlorade j\u00e4mn kamp - Svenska Budo &amp; Kampsportsf\u00f6rbundet","og_description":"I fredags arrangerades Glory i Madison Square Garden, New York. F\u00f6r f\u00f6rsta g\u00e5ngen skulle Sofia Olofsson \u00e4ntra ringen i organisationens regi och fightas","og_url":"https:\/\/www.budokampsport.se\/2018\/07\/23\/sofia-olofsson-forlorade-jamn-kamp\/","og_site_name":"Svenska Budo &amp; Kampsportsf\u00f6rbundet","article_published_time":"2018-07-23T10:24:27+00:00","article_modified_time":"2018-07-23T13:06:22+00:00","og_image":[{"width":850,"height":566,"url":"https:\/\/www.budokampsport.se\/wp-content\/uploads\/2018\/03\/sofia-oofsson-e1624886820926.jpg","type":"image\/jpeg"}],"author":"Annie Carriage","twitter_card":"summary_large_image","twitter_misc":{"Skriven av":"Annie Carriage","Ber\u00e4knad l\u00e4stid":"1 minut"},"schema":{"@context":"https:\/\/schema.org","@graph":[{"@type":"Article","@id":"https:\/\/www.budokampsport.se\/2018\/07\/23\/sofia-olofsson-forlorade-jamn-kamp\/#article","isPartOf":{"@id":"https:\/\/www.budokampsport.se\/2018\/07\/23\/sofia-olofsson-forlorade-jamn-kamp\/"},"author":{"name":"Annie Carriage","@id":"https:\/\/www.budokampsport.se\/#\/schema\/person\/c838cace8171f692e363fde3f38f208b"},"headline":"Sofia Olofsson f\u00f6rlorade j\u00e4mn kamp","datePublished":"2018-07-23T10:24:27+00:00","dateModified":"2018-07-23T13:06:22+00:00","mainEntityOfPage":{"@id":"https:\/\/www.budokampsport.se\/2018\/07\/23\/sofia-olofsson-forlorade-jamn-kamp\/"},"wordCount":239,"commentCount":0,"image":{"@id":"https:\/\/www.budokampsport.se\/2018\/07\/23\/sofia-olofsson-forlorade-jamn-kamp\/#primaryimage"},"thumbnailUrl":"https:\/\/www.budokampsport.se\/wp-content\/uploads\/2018\/03\/sofia-oofsson-e1624886820926.jpg","inLanguage":"sv-SE","potentialAction":[{"@type":"CommentAction","name":"Comment","target":["https:\/\/www.budokampsport.se\/2018\/07\/23\/sofia-olofsson-forlorade-jamn-kamp\/#respond"]}]},{"@type":"WebPage","@id":"https:\/\/www.budokampsport.se\/2018\/07\/23\/sofia-olofsson-forlorade-jamn-kamp\/","url":"https:\/\/www.budokampsport.se\/2018\/07\/23\/sofia-olofsson-forlorade-jamn-kamp\/","name":"Sofia Olofsson f\u00f6rlorade j\u00e4mn kamp - Svenska Budo &amp; Kampsportsf\u00f6rbundet","isPartOf":{"@id":"https:\/\/www.budokampsport.se\/#website"},"primaryImageOfPage":{"@id":"https:\/\/www.budokampsport.se\/2018\/07\/23\/sofia-olofsson-forlorade-jamn-kamp\/#primaryimage"},"image":{"@id":"https:\/\/www.budokampsport.se\/2018\/07\/23\/sofia-olofsson-forlorade-jamn-kamp\/#primaryimage"},"thumbnailUrl":"https:\/\/www.budokampsport.se\/wp-content\/uploads\/2018\/03\/sofia-oofsson-e1624886820926.jpg","datePublished":"2018-07-23T10:24:27+00:00","dateModified":"2018-07-23T13:06:22+00:00","author":{"@id":"https:\/\/www.budokampsport.se\/#\/schema\/person\/c838cace8171f692e363fde3f38f208b"},"description":"I fredags arrangerades Glory i Madison Square Garden, New York. F\u00f6r f\u00f6rsta g\u00e5ngen skulle Sofia Olofsson \u00e4ntra ringen i organisationens regi och fightas","breadcrumb":{"@id":"https:\/\/www.budokampsport.se\/2018\/07\/23\/sofia-olofsson-forlorade-jamn-kamp\/#breadcrumb"},"inLanguage":"sv-SE","potentialAction":[{"@type":"ReadAction","target":["https:\/\/www.budokampsport.se\/2018\/07\/23\/sofia-olofsson-forlorade-jamn-kamp\/"]}]},{"@type":"ImageObject","inLanguage":"sv-SE","@id":"https:\/\/www.budokampsport.se\/2018\/07\/23\/sofia-olofsson-forlorade-jamn-kamp\/#primaryimage","url":"https:\/\/www.budokampsport.se\/wp-content\/uploads\/2018\/03\/sofia-oofsson-e1624886820926.jpg","contentUrl":"https:\/\/www.budokampsport.se\/wp-content\/uploads\/2018\/03\/sofia-oofsson-e1624886820926.jpg","width":850,"height":566,"caption":"Foto: Benjamin Bayard"},{"@type":"BreadcrumbList","@id":"https:\/\/www.budokampsport.se\/2018\/07\/23\/sofia-olofsson-forlorade-jamn-kamp\/#breadcrumb","itemListElement":[{"@type":"ListItem","position":1,"name":"Hem","item":"https:\/\/www.budokampsport.se\/"},{"@type":"ListItem","position":2,"name":"Sofia Olofsson f\u00f6rlorade j\u00e4mn kamp"}]},{"@type":"WebSite","@id":"https:\/\/www.budokampsport.se\/#website","url":"https:\/\/www.budokampsport.se\/","name":"Svenska Budo &amp; Kampsportsf\u00f6rbundet","description":"T\u00e4vling, Tr\u00e4ning, Tradition","potentialAction":[{"@type":"SearchAction","target":{"@type":"EntryPoint","urlTemplate":"https:\/\/www.budokampsport.se\/?s={search_term_string}"},"query-input":{"@type":"PropertyValueSpecification","valueRequired":true,"valueName":"search_term_string"}}],"inLanguage":"sv-SE"},{"@type":"Person","@id":"https:\/\/www.budokampsport.se\/#\/schema\/person\/c838cace8171f692e363fde3f38f208b","name":"Annie Carriage","image":{"@type":"ImageObject","inLanguage":"sv-SE","@id":"https:\/\/www.budokampsport.se\/#\/schema\/person\/image\/","url":"https:\/\/secure.gravatar.com\/avatar\/9311295560bdfbdf78365a26f7df1876?s=96&d=blank&r=g","contentUrl":"https:\/\/secure.gravatar.com\/avatar\/9311295560bdfbdf78365a26f7df1876?s=96&d=blank&r=g","caption":"Annie Carriage"},"url":"https:\/\/www.budokampsport.se\/author\/annie-bondefelt\/"}]}},"_links":{"self":[{"href":"https:\/\/www.budokampsport.se\/api\/wp\/v2\/posts\/75251","targetHints":{"allow":["GET"]}}],"collection":[{"href":"https:\/\/www.budokampsport.se\/api\/wp\/v2\/posts"}],"about":[{"href":"https:\/\/www.budokampsport.se\/api\/wp\/v2\/types\/post"}],"author":[{"embeddable":true,"href":"https:\/\/www.budokampsport.se\/api\/wp\/v2\/users\/120"}],"replies":[{"embeddable":true,"href":"https:\/\/www.budokampsport.se\/api\/wp\/v2\/comments?post=75251"}],"version-history":[{"count":0,"href":"https:\/\/www.budokampsport.se\/api\/wp\/v2\/posts\/75251\/revisions"}],"wp:featuredmedia":[{"embeddable":true,"href":"https:\/\/www.budokampsport.se\/api\/wp\/v2\/media\/67224"}],"wp:attachment":[{"href":"https:\/\/www.budokampsport.se\/api\/wp\/v2\/media?parent=75251"}],"wp:term":[{"taxonomy":"category","embeddable":true,"href":"https:\/\/www.budokampsport.se\/api\/wp\/v2\/categories?post=75251"},{"taxonomy":"post_tag","embeddable":true,"href":"https:\/\/www.budokampsport.se\/api\/wp\/v2\/tags?post=75251"}],"curies":[{"name":"wp","href":"https:\/\/api.w.org\/{rel}","templated":true}]}}