{"id":75817,"date":"2018-08-24T13:56:22","date_gmt":"2018-08-24T11:56:22","guid":{"rendered":"http:\/\/www.budokampsport.se\/?p=75817"},"modified":"2018-08-24T14:59:35","modified_gmt":"2018-08-24T12:59:35","slug":"ak-fighting-championship-1-arrangeras-orebro","status":"publish","type":"post","link":"https:\/\/www.budokampsport.se\/2018\/08\/24\/ak-fighting-championship-1-arrangeras-orebro\/","title":{"rendered":"AK Fighting Championship 1 arrangeras i \u00d6rebro"},"content":{"rendered":"<p><span style=\"font-size: 14pt;\">Den 29:e september arrangeras den f\u00f6rsta MMA-galan i \u00d6rebro, eventet g\u00e5r av stapeln p\u00e5 Conventum och bakom initiativet st\u00e5r AK Event &amp; PR och deras medarrang\u00f6r f\u00f6reningen Akademi Nord.<\/span><br \/>\n<span style=\"font-size: 14pt;\">&#8211; Vi vill ge n\u00e5got tillbaka till idrotten, s\u00e4ger Alexander Khalaf fr\u00e5n AK Event &amp; PR.<\/span><\/p>\n<p><strong>Beslutet att starta en egen gala i \u00d6rebro kom d\u00e5 Alexander och Christian Khalaf samt Patrik Hjulstr\u00f6m, som sj\u00e4lva varit aktiva inom MMA, ville lyfta upp A-klass MMA och tyckte v\u00e4gen fr\u00e5n amat\u00f6r till proffs ibland kan vara sn\u00e5rig. Med initiativet vill de f\u00f6renkla klivet som de vet kostar b\u00e5de tid och pengar f\u00f6r de idrottande.\u00a0<\/strong><br \/>\n\u2013 Som fajter \u00e4r det sv\u00e5rt att h\u00e5lla sig flytande och vi ville komma p\u00e5 ett koncept d\u00e4r vi genom att arrangera galor tillsammans med ideella f\u00f6reningar kan \u00e5terinvestera i den idrott vi \u00e4lskar. Vi vill helt enkelt hj\u00e4lpa till att f\u00e5 fram fler svenska MMA-ut\u00f6vare till proffsorganisationerna genom att ge dem r\u00e4tt f\u00f6ruts\u00e4ttningar p\u00e5 v\u00e4gen dit, s\u00e4ger Alexander Khalaf.<\/p>\n<p><strong>Initiativtagarna har inte bara idrottsliga erfarenheter utan har alla arbetat inom PR och event sen tidigare. Men nu riktar de fokus p\u00e5 idrottsevent och AK Fighting. Grundtanken \u00e4r att de f\u00f6reningar som \u00e4r medarrang\u00f6rer ska f\u00e5 en del av vinsten som sedan kan \u00e5terinvesteras i deras t\u00e4vlande och p\u00e5 s\u00e5 s\u00e4tt utveckla elitidrotten.<br \/>\n<\/strong>&#8211; Klubbarna drivs av eldsj\u00e4lar och vi som \u00e4lskar MMA vill verkligen ge tillbaka till idrotten och st\u00f6tta dessa genom att arrangera tillsammans med f\u00f6rening och erbjuda den en del av vinsten. Samtidigt vill vi i arbetet med galorna, som vi b\u00f6rjar f\u00f6rbereda n\u00e4stan ett halv\u00e5r innan, \u00e4ven lyfta fram idrottarna och hj\u00e4lpa till att bygga deras varum\u00e4rken. Alla idrottare beh\u00f6ver idag synas och h\u00f6ras men \u00e4ven f\u00f6reningarna f\u00e5r m\u00f6jligheten att synas mycket i det h\u00e4r konceptet vilket ocks\u00e5 kan bidra till att locka fler medlemmar till sig, s\u00e4ger Alexander.<\/p>\n<p><strong>Den f\u00f6rsta galan h\u00e5lls i \u00d6rebro och blir stadens f\u00f6rsta stora MMA-gala och kommer att arrangeras p\u00e5 arenan Conventum. Och framtidsdr\u00f6mmarna \u00e4r stora \u00e4ven om Alexander po\u00e4ngterar att de vill ta en sak i taget.<\/strong><br \/>\n&#8211; Fr\u00e5n att h\u00e5lla dessa t\u00e4vlingar i idrottshallar eller gympasalar erbjuder vi nu en gala p\u00e5 en stor arena i \u00d6rebro. Vi har lagt ribban h\u00f6gt och satsar helhj\u00e4rtat p\u00e5 alla detaljer, vi vill g\u00f6ra n\u00e5got unikt. M\u00e5nga \u00e4r involverade och hj\u00e4lper oss, kampsportare \u00e4r v\u00e4rldens \u00f6dmjukaste och alla jobbar f\u00f6r att dra sitt str\u00e5 till stacken, inte bara medarrang\u00f6rer och t\u00e4vlande. Nu \u00e4r det denna gala som g\u00e4ller och vi tar en sak i taget, vi kommer att analysera resultatet innan vi g\u00e5r vidare. Men vi har stora planer kan jag s\u00e4ga redan nu, det h\u00e4r \u00e4r v\u00e5r passion, avslutar Alexander.<\/p>\n<p><em>Matchkort kommer inom kort.<\/em><\/p>\n<p><em>Eventet kommer \u00e4ven s\u00e4ndas live PPV <strong>h\u00e4r.<\/strong><\/em><\/p>\n<p>Text: Annie Bondefelt<br \/>\nFoto: AK PR &amp; Event<\/p>\n","protected":false},"excerpt":{"rendered":"<p>Den 29:e september arrangeras den f\u00f6rsta MMA-galan i \u00d6rebro, eventet [&#8230;]<\/p><br>","protected":false},"author":120,"featured_media":76202,"comment_status":"open","ping_status":"open","sticky":false,"template":"","format":"standard","meta":{"_acf_changed":false,"footnotes":""},"categories":[1],"tags":[],"class_list":["post-75817","post","type-post","status-publish","format-standard","has-post-thumbnail","hentry","category-okategoriserade"],"acf":[],"yoast_head":"<!-- This site is optimized with the Yoast SEO plugin v26.8 - https:\/\/yoast.com\/product\/yoast-seo-wordpress\/ -->\n<title>AK Fighting Championship 1 arrangeras i \u00d6rebro - Svenska Budo &amp; Kampsportsf\u00f6rbundet<\/title>\n<meta name=\"description\" content=\"Den 29:e september arrangeras den f\u00f6rsta MMA-galan i \u00d6rebro, eventet g\u00e5r av stapeln p\u00e5 Conventum och bakom initiativet st\u00e5r AK Event &amp; PR och deras\" \/>\n<meta name=\"robots\" content=\"index, follow, max-snippet:-1, max-image-preview:large, max-video-preview:-1\" \/>\n<link rel=\"canonical\" href=\"https:\/\/www.budokampsport.se\/2018\/08\/24\/ak-fighting-championship-1-arrangeras-orebro\/\" \/>\n<meta property=\"og:locale\" content=\"sv_SE\" \/>\n<meta property=\"og:type\" content=\"article\" \/>\n<meta property=\"og:title\" content=\"AK Fighting Championship 1 arrangeras i \u00d6rebro - Svenska Budo &amp; Kampsportsf\u00f6rbundet\" \/>\n<meta property=\"og:description\" content=\"Den 29:e september arrangeras den f\u00f6rsta MMA-galan i \u00d6rebro, eventet g\u00e5r av stapeln p\u00e5 Conventum och bakom initiativet st\u00e5r AK Event &amp; PR och deras\" \/>\n<meta property=\"og:url\" content=\"https:\/\/www.budokampsport.se\/2018\/08\/24\/ak-fighting-championship-1-arrangeras-orebro\/\" \/>\n<meta property=\"og:site_name\" content=\"Svenska Budo &amp; Kampsportsf\u00f6rbundet\" \/>\n<meta property=\"article:published_time\" content=\"2018-08-24T11:56:22+00:00\" \/>\n<meta property=\"article:modified_time\" content=\"2018-08-24T12:59:35+00:00\" \/>\n<meta property=\"og:image\" content=\"https:\/\/www.budokampsport.se\/wp-content\/uploads\/2018\/08\/ak-e1624948590198.jpeg\" \/>\n\t<meta property=\"og:image:width\" content=\"850\" \/>\n\t<meta property=\"og:image:height\" content=\"324\" \/>\n\t<meta property=\"og:image:type\" content=\"image\/jpeg\" \/>\n<meta name=\"author\" content=\"Annie Carriage\" \/>\n<meta name=\"twitter:card\" content=\"summary_large_image\" \/>\n<meta name=\"twitter:label1\" content=\"Skriven av\" \/>\n\t<meta name=\"twitter:data1\" content=\"Annie Carriage\" \/>\n\t<meta name=\"twitter:label2\" content=\"Ber\u00e4knad l\u00e4stid\" \/>\n\t<meta name=\"twitter:data2\" content=\"3 minuter\" \/>\n<script type=\"application\/ld+json\" class=\"yoast-schema-graph\">{\"@context\":\"https:\/\/schema.org\",\"@graph\":[{\"@type\":\"Article\",\"@id\":\"https:\/\/www.budokampsport.se\/2018\/08\/24\/ak-fighting-championship-1-arrangeras-orebro\/#article\",\"isPartOf\":{\"@id\":\"https:\/\/www.budokampsport.se\/2018\/08\/24\/ak-fighting-championship-1-arrangeras-orebro\/\"},\"author\":{\"name\":\"Annie Carriage\",\"@id\":\"https:\/\/www.budokampsport.se\/#\/schema\/person\/c838cace8171f692e363fde3f38f208b\"},\"headline\":\"AK Fighting Championship 1 arrangeras i \u00d6rebro\",\"datePublished\":\"2018-08-24T11:56:22+00:00\",\"dateModified\":\"2018-08-24T12:59:35+00:00\",\"mainEntityOfPage\":{\"@id\":\"https:\/\/www.budokampsport.se\/2018\/08\/24\/ak-fighting-championship-1-arrangeras-orebro\/\"},\"wordCount\":538,\"commentCount\":0,\"image\":{\"@id\":\"https:\/\/www.budokampsport.se\/2018\/08\/24\/ak-fighting-championship-1-arrangeras-orebro\/#primaryimage\"},\"thumbnailUrl\":\"https:\/\/www.budokampsport.se\/wp-content\/uploads\/2018\/08\/ak-e1624948590198.jpeg\",\"inLanguage\":\"sv-SE\",\"potentialAction\":[{\"@type\":\"CommentAction\",\"name\":\"Comment\",\"target\":[\"https:\/\/www.budokampsport.se\/2018\/08\/24\/ak-fighting-championship-1-arrangeras-orebro\/#respond\"]}]},{\"@type\":\"WebPage\",\"@id\":\"https:\/\/www.budokampsport.se\/2018\/08\/24\/ak-fighting-championship-1-arrangeras-orebro\/\",\"url\":\"https:\/\/www.budokampsport.se\/2018\/08\/24\/ak-fighting-championship-1-arrangeras-orebro\/\",\"name\":\"AK Fighting Championship 1 arrangeras i \u00d6rebro - Svenska Budo &amp; Kampsportsf\u00f6rbundet\",\"isPartOf\":{\"@id\":\"https:\/\/www.budokampsport.se\/#website\"},\"primaryImageOfPage\":{\"@id\":\"https:\/\/www.budokampsport.se\/2018\/08\/24\/ak-fighting-championship-1-arrangeras-orebro\/#primaryimage\"},\"image\":{\"@id\":\"https:\/\/www.budokampsport.se\/2018\/08\/24\/ak-fighting-championship-1-arrangeras-orebro\/#primaryimage\"},\"thumbnailUrl\":\"https:\/\/www.budokampsport.se\/wp-content\/uploads\/2018\/08\/ak-e1624948590198.jpeg\",\"datePublished\":\"2018-08-24T11:56:22+00:00\",\"dateModified\":\"2018-08-24T12:59:35+00:00\",\"author\":{\"@id\":\"https:\/\/www.budokampsport.se\/#\/schema\/person\/c838cace8171f692e363fde3f38f208b\"},\"description\":\"Den 29:e september arrangeras den f\u00f6rsta MMA-galan i \u00d6rebro, eventet g\u00e5r av stapeln p\u00e5 Conventum och bakom initiativet st\u00e5r AK Event &amp; PR och deras\",\"breadcrumb\":{\"@id\":\"https:\/\/www.budokampsport.se\/2018\/08\/24\/ak-fighting-championship-1-arrangeras-orebro\/#breadcrumb\"},\"inLanguage\":\"sv-SE\",\"potentialAction\":[{\"@type\":\"ReadAction\",\"target\":[\"https:\/\/www.budokampsport.se\/2018\/08\/24\/ak-fighting-championship-1-arrangeras-orebro\/\"]}]},{\"@type\":\"ImageObject\",\"inLanguage\":\"sv-SE\",\"@id\":\"https:\/\/www.budokampsport.se\/2018\/08\/24\/ak-fighting-championship-1-arrangeras-orebro\/#primaryimage\",\"url\":\"https:\/\/www.budokampsport.se\/wp-content\/uploads\/2018\/08\/ak-e1624948590198.jpeg\",\"contentUrl\":\"https:\/\/www.budokampsport.se\/wp-content\/uploads\/2018\/08\/ak-e1624948590198.jpeg\",\"width\":850,\"height\":324},{\"@type\":\"BreadcrumbList\",\"@id\":\"https:\/\/www.budokampsport.se\/2018\/08\/24\/ak-fighting-championship-1-arrangeras-orebro\/#breadcrumb\",\"itemListElement\":[{\"@type\":\"ListItem\",\"position\":1,\"name\":\"Hem\",\"item\":\"https:\/\/www.budokampsport.se\/\"},{\"@type\":\"ListItem\",\"position\":2,\"name\":\"AK Fighting Championship 1 arrangeras i \u00d6rebro\"}]},{\"@type\":\"WebSite\",\"@id\":\"https:\/\/www.budokampsport.se\/#website\",\"url\":\"https:\/\/www.budokampsport.se\/\",\"name\":\"Svenska Budo &amp; Kampsportsf\u00f6rbundet\",\"description\":\"T\u00e4vling, Tr\u00e4ning, Tradition\",\"potentialAction\":[{\"@type\":\"SearchAction\",\"target\":{\"@type\":\"EntryPoint\",\"urlTemplate\":\"https:\/\/www.budokampsport.se\/?s={search_term_string}\"},\"query-input\":{\"@type\":\"PropertyValueSpecification\",\"valueRequired\":true,\"valueName\":\"search_term_string\"}}],\"inLanguage\":\"sv-SE\"},{\"@type\":\"Person\",\"@id\":\"https:\/\/www.budokampsport.se\/#\/schema\/person\/c838cace8171f692e363fde3f38f208b\",\"name\":\"Annie Carriage\",\"image\":{\"@type\":\"ImageObject\",\"inLanguage\":\"sv-SE\",\"@id\":\"https:\/\/www.budokampsport.se\/#\/schema\/person\/image\/\",\"url\":\"https:\/\/secure.gravatar.com\/avatar\/9311295560bdfbdf78365a26f7df1876?s=96&d=blank&r=g\",\"contentUrl\":\"https:\/\/secure.gravatar.com\/avatar\/9311295560bdfbdf78365a26f7df1876?s=96&d=blank&r=g\",\"caption\":\"Annie Carriage\"},\"url\":\"https:\/\/www.budokampsport.se\/author\/annie-bondefelt\/\"}]}<\/script>\n<!-- \/ Yoast SEO plugin. -->","yoast_head_json":{"title":"AK Fighting Championship 1 arrangeras i \u00d6rebro - Svenska Budo &amp; Kampsportsf\u00f6rbundet","description":"Den 29:e september arrangeras den f\u00f6rsta MMA-galan i \u00d6rebro, eventet g\u00e5r av stapeln p\u00e5 Conventum och bakom initiativet st\u00e5r AK Event &amp; PR och deras","robots":{"index":"index","follow":"follow","max-snippet":"max-snippet:-1","max-image-preview":"max-image-preview:large","max-video-preview":"max-video-preview:-1"},"canonical":"https:\/\/www.budokampsport.se\/2018\/08\/24\/ak-fighting-championship-1-arrangeras-orebro\/","og_locale":"sv_SE","og_type":"article","og_title":"AK Fighting Championship 1 arrangeras i \u00d6rebro - Svenska Budo &amp; Kampsportsf\u00f6rbundet","og_description":"Den 29:e september arrangeras den f\u00f6rsta MMA-galan i \u00d6rebro, eventet g\u00e5r av stapeln p\u00e5 Conventum och bakom initiativet st\u00e5r AK Event &amp; PR och deras","og_url":"https:\/\/www.budokampsport.se\/2018\/08\/24\/ak-fighting-championship-1-arrangeras-orebro\/","og_site_name":"Svenska Budo &amp; Kampsportsf\u00f6rbundet","article_published_time":"2018-08-24T11:56:22+00:00","article_modified_time":"2018-08-24T12:59:35+00:00","og_image":[{"width":850,"height":324,"url":"https:\/\/www.budokampsport.se\/wp-content\/uploads\/2018\/08\/ak-e1624948590198.jpeg","type":"image\/jpeg"}],"author":"Annie Carriage","twitter_card":"summary_large_image","twitter_misc":{"Skriven av":"Annie Carriage","Ber\u00e4knad l\u00e4stid":"3 minuter"},"schema":{"@context":"https:\/\/schema.org","@graph":[{"@type":"Article","@id":"https:\/\/www.budokampsport.se\/2018\/08\/24\/ak-fighting-championship-1-arrangeras-orebro\/#article","isPartOf":{"@id":"https:\/\/www.budokampsport.se\/2018\/08\/24\/ak-fighting-championship-1-arrangeras-orebro\/"},"author":{"name":"Annie Carriage","@id":"https:\/\/www.budokampsport.se\/#\/schema\/person\/c838cace8171f692e363fde3f38f208b"},"headline":"AK Fighting Championship 1 arrangeras i \u00d6rebro","datePublished":"2018-08-24T11:56:22+00:00","dateModified":"2018-08-24T12:59:35+00:00","mainEntityOfPage":{"@id":"https:\/\/www.budokampsport.se\/2018\/08\/24\/ak-fighting-championship-1-arrangeras-orebro\/"},"wordCount":538,"commentCount":0,"image":{"@id":"https:\/\/www.budokampsport.se\/2018\/08\/24\/ak-fighting-championship-1-arrangeras-orebro\/#primaryimage"},"thumbnailUrl":"https:\/\/www.budokampsport.se\/wp-content\/uploads\/2018\/08\/ak-e1624948590198.jpeg","inLanguage":"sv-SE","potentialAction":[{"@type":"CommentAction","name":"Comment","target":["https:\/\/www.budokampsport.se\/2018\/08\/24\/ak-fighting-championship-1-arrangeras-orebro\/#respond"]}]},{"@type":"WebPage","@id":"https:\/\/www.budokampsport.se\/2018\/08\/24\/ak-fighting-championship-1-arrangeras-orebro\/","url":"https:\/\/www.budokampsport.se\/2018\/08\/24\/ak-fighting-championship-1-arrangeras-orebro\/","name":"AK Fighting Championship 1 arrangeras i \u00d6rebro - Svenska Budo &amp; Kampsportsf\u00f6rbundet","isPartOf":{"@id":"https:\/\/www.budokampsport.se\/#website"},"primaryImageOfPage":{"@id":"https:\/\/www.budokampsport.se\/2018\/08\/24\/ak-fighting-championship-1-arrangeras-orebro\/#primaryimage"},"image":{"@id":"https:\/\/www.budokampsport.se\/2018\/08\/24\/ak-fighting-championship-1-arrangeras-orebro\/#primaryimage"},"thumbnailUrl":"https:\/\/www.budokampsport.se\/wp-content\/uploads\/2018\/08\/ak-e1624948590198.jpeg","datePublished":"2018-08-24T11:56:22+00:00","dateModified":"2018-08-24T12:59:35+00:00","author":{"@id":"https:\/\/www.budokampsport.se\/#\/schema\/person\/c838cace8171f692e363fde3f38f208b"},"description":"Den 29:e september arrangeras den f\u00f6rsta MMA-galan i \u00d6rebro, eventet g\u00e5r av stapeln p\u00e5 Conventum och bakom initiativet st\u00e5r AK Event &amp; PR och deras","breadcrumb":{"@id":"https:\/\/www.budokampsport.se\/2018\/08\/24\/ak-fighting-championship-1-arrangeras-orebro\/#breadcrumb"},"inLanguage":"sv-SE","potentialAction":[{"@type":"ReadAction","target":["https:\/\/www.budokampsport.se\/2018\/08\/24\/ak-fighting-championship-1-arrangeras-orebro\/"]}]},{"@type":"ImageObject","inLanguage":"sv-SE","@id":"https:\/\/www.budokampsport.se\/2018\/08\/24\/ak-fighting-championship-1-arrangeras-orebro\/#primaryimage","url":"https:\/\/www.budokampsport.se\/wp-content\/uploads\/2018\/08\/ak-e1624948590198.jpeg","contentUrl":"https:\/\/www.budokampsport.se\/wp-content\/uploads\/2018\/08\/ak-e1624948590198.jpeg","width":850,"height":324},{"@type":"BreadcrumbList","@id":"https:\/\/www.budokampsport.se\/2018\/08\/24\/ak-fighting-championship-1-arrangeras-orebro\/#breadcrumb","itemListElement":[{"@type":"ListItem","position":1,"name":"Hem","item":"https:\/\/www.budokampsport.se\/"},{"@type":"ListItem","position":2,"name":"AK Fighting Championship 1 arrangeras i \u00d6rebro"}]},{"@type":"WebSite","@id":"https:\/\/www.budokampsport.se\/#website","url":"https:\/\/www.budokampsport.se\/","name":"Svenska Budo &amp; Kampsportsf\u00f6rbundet","description":"T\u00e4vling, Tr\u00e4ning, Tradition","potentialAction":[{"@type":"SearchAction","target":{"@type":"EntryPoint","urlTemplate":"https:\/\/www.budokampsport.se\/?s={search_term_string}"},"query-input":{"@type":"PropertyValueSpecification","valueRequired":true,"valueName":"search_term_string"}}],"inLanguage":"sv-SE"},{"@type":"Person","@id":"https:\/\/www.budokampsport.se\/#\/schema\/person\/c838cace8171f692e363fde3f38f208b","name":"Annie Carriage","image":{"@type":"ImageObject","inLanguage":"sv-SE","@id":"https:\/\/www.budokampsport.se\/#\/schema\/person\/image\/","url":"https:\/\/secure.gravatar.com\/avatar\/9311295560bdfbdf78365a26f7df1876?s=96&d=blank&r=g","contentUrl":"https:\/\/secure.gravatar.com\/avatar\/9311295560bdfbdf78365a26f7df1876?s=96&d=blank&r=g","caption":"Annie Carriage"},"url":"https:\/\/www.budokampsport.se\/author\/annie-bondefelt\/"}]}},"_links":{"self":[{"href":"https:\/\/www.budokampsport.se\/api\/wp\/v2\/posts\/75817","targetHints":{"allow":["GET"]}}],"collection":[{"href":"https:\/\/www.budokampsport.se\/api\/wp\/v2\/posts"}],"about":[{"href":"https:\/\/www.budokampsport.se\/api\/wp\/v2\/types\/post"}],"author":[{"embeddable":true,"href":"https:\/\/www.budokampsport.se\/api\/wp\/v2\/users\/120"}],"replies":[{"embeddable":true,"href":"https:\/\/www.budokampsport.se\/api\/wp\/v2\/comments?post=75817"}],"version-history":[{"count":0,"href":"https:\/\/www.budokampsport.se\/api\/wp\/v2\/posts\/75817\/revisions"}],"wp:featuredmedia":[{"embeddable":true,"href":"https:\/\/www.budokampsport.se\/api\/wp\/v2\/media\/76202"}],"wp:attachment":[{"href":"https:\/\/www.budokampsport.se\/api\/wp\/v2\/media?parent=75817"}],"wp:term":[{"taxonomy":"category","embeddable":true,"href":"https:\/\/www.budokampsport.se\/api\/wp\/v2\/categories?post=75817"},{"taxonomy":"post_tag","embeddable":true,"href":"https:\/\/www.budokampsport.se\/api\/wp\/v2\/tags?post=75817"}],"curies":[{"name":"wp","href":"https:\/\/api.w.org\/{rel}","templated":true}]}}