{"id":77550,"date":"2018-09-17T11:26:04","date_gmt":"2018-09-17T09:26:04","guid":{"rendered":"http:\/\/www.budokampsport.se\/?p=77550"},"modified":"2024-07-03T11:53:17","modified_gmt":"2024-07-03T09:53:17","slug":"kumi-sato-fick-fighting-spirit-priset-kendo-vm","status":"publish","type":"post","link":"https:\/\/www.budokampsport.se\/2018\/09\/17\/kumi-sato-fick-fighting-spirit-priset-kendo-vm\/","title":{"rendered":"Kumi Sato fick fighting spirit-priset under kendo-VM"},"content":{"rendered":"<p>Det blev ett sp\u00e4nnande VM f\u00f6r svensk del i Sydkorea. Kendolandslaget visade t\u00e5ga och kunnande, men det r\u00e4ckte inte riktigt fram till medalj.<\/p>\n<p>Kumi Sato gjorde comeback i landslaget under VM och svarade f\u00f6r ett starkt m\u00e4sterskap. Hon vann sin pool men f\u00f6rlorade i sextondelsfinal. Kumi visade emellertid h\u00f6g klass och tilldelades fighting spirit-priset i turneringen.<\/p>\n<p>F\u00f6r en annan av de mer erfarna i kendotruppen, G\u00f6ran Guti\u00e9rrez-Aranda, blev den individuella t\u00e4vlingen inte som han hade t\u00e4nkt sig. G\u00f6ran missade avancemang med liten marginal.<\/p>\n<p>Men i lagt\u00e4vlingen f\u00f6r herrar var Guti\u00e9rrez-Aranda skarp. Sverige vann sin pool f\u00f6re Norge och Irland och vandrade vidare fram till kvartsfinal, d\u00e4r Japan stod i v\u00e4gen f\u00f6r vidare VM-\u00e4ventyr.<\/p>\n<p>F\u00f6r de svenska damerna gick lagt\u00e4vlingen lite tyngre och man fick respass redan i poolen.<\/p>\n<p>Text och foto: Jonathan Broberg<\/p>\n","protected":false},"excerpt":{"rendered":"<p>VM i kendo h\u00f6lls under helgen i Incheon i Sydkorea. Det svenska landslaget svarade f\u00f6r flera hederv\u00e4rda insatser, men det blev ingen VM-medalj den h\u00e4r g\u00e5ngen heller. D\u00e4remot mottog Kumi Sato fighting spirit-priset.<\/p><br>","protected":false},"author":7,"featured_media":40139,"comment_status":"open","ping_status":"open","sticky":false,"template":"","format":"standard","meta":{"_acf_changed":false,"footnotes":""},"categories":[534],"tags":[],"class_list":["post-77550","post","type-post","status-publish","format-standard","has-post-thumbnail","hentry","category-kendo"],"acf":[],"yoast_head":"<!-- This site is optimized with the Yoast SEO plugin v26.8 - https:\/\/yoast.com\/product\/yoast-seo-wordpress\/ -->\n<title>Kumi Sato fick fighting spirit-priset under kendo-VM - Svenska Budo &amp; Kampsportsf\u00f6rbundet<\/title>\n<meta name=\"description\" content=\"VM i kendo h\u00f6lls under helgen i Incheon i Sydkorea. Det svenska landslaget svarade f\u00f6r flera hederv\u00e4rda insatser, men det blev ingen VM-medalj den h\u00e4r g\u00e5ngen heller. D\u00e4remot mottog Kumi Sato fighting spirit-priset.\" \/>\n<meta name=\"robots\" content=\"index, follow, max-snippet:-1, max-image-preview:large, max-video-preview:-1\" \/>\n<link rel=\"canonical\" href=\"https:\/\/www.budokampsport.se\/2018\/09\/17\/kumi-sato-fick-fighting-spirit-priset-kendo-vm\/\" \/>\n<meta property=\"og:locale\" content=\"sv_SE\" \/>\n<meta property=\"og:type\" content=\"article\" \/>\n<meta property=\"og:title\" content=\"Kumi Sato fick fighting spirit-priset under kendo-VM - Svenska Budo &amp; Kampsportsf\u00f6rbundet\" \/>\n<meta property=\"og:description\" content=\"VM i kendo h\u00f6lls under helgen i Incheon i Sydkorea. Det svenska landslaget svarade f\u00f6r flera hederv\u00e4rda insatser, men det blev ingen VM-medalj den h\u00e4r g\u00e5ngen heller. D\u00e4remot mottog Kumi Sato fighting spirit-priset.\" \/>\n<meta property=\"og:url\" content=\"https:\/\/www.budokampsport.se\/2018\/09\/17\/kumi-sato-fick-fighting-spirit-priset-kendo-vm\/\" \/>\n<meta property=\"og:site_name\" content=\"Svenska Budo &amp; Kampsportsf\u00f6rbundet\" \/>\n<meta property=\"article:author\" content=\"https:\/\/www.facebook.com\/jonathan.broberg.7\" \/>\n<meta property=\"article:published_time\" content=\"2018-09-17T09:26:04+00:00\" \/>\n<meta property=\"article:modified_time\" content=\"2024-07-03T09:53:17+00:00\" \/>\n<meta property=\"og:image\" content=\"https:\/\/www.budokampsport.se\/wp-content\/uploads\/2017\/03\/kumi_sato_tva.jpg\" \/>\n\t<meta property=\"og:image:width\" content=\"850\" \/>\n\t<meta property=\"og:image:height\" content=\"567\" \/>\n\t<meta property=\"og:image:type\" content=\"image\/jpeg\" \/>\n<meta name=\"author\" content=\"Jonathan Broberg\" \/>\n<meta name=\"twitter:card\" content=\"summary_large_image\" \/>\n<meta name=\"twitter:label1\" content=\"Skriven av\" \/>\n\t<meta name=\"twitter:data1\" content=\"Jonathan Broberg\" \/>\n\t<meta name=\"twitter:label2\" content=\"Ber\u00e4knad l\u00e4stid\" \/>\n\t<meta name=\"twitter:data2\" content=\"1 minut\" \/>\n<script type=\"application\/ld+json\" class=\"yoast-schema-graph\">{\"@context\":\"https:\/\/schema.org\",\"@graph\":[{\"@type\":\"Article\",\"@id\":\"https:\/\/www.budokampsport.se\/2018\/09\/17\/kumi-sato-fick-fighting-spirit-priset-kendo-vm\/#article\",\"isPartOf\":{\"@id\":\"https:\/\/www.budokampsport.se\/2018\/09\/17\/kumi-sato-fick-fighting-spirit-priset-kendo-vm\/\"},\"author\":{\"name\":\"Jonathan Broberg\",\"@id\":\"https:\/\/www.budokampsport.se\/#\/schema\/person\/5c06d81d14850e2a8ce5493386560145\"},\"headline\":\"Kumi Sato fick fighting spirit-priset under kendo-VM\",\"datePublished\":\"2018-09-17T09:26:04+00:00\",\"dateModified\":\"2024-07-03T09:53:17+00:00\",\"mainEntityOfPage\":{\"@id\":\"https:\/\/www.budokampsport.se\/2018\/09\/17\/kumi-sato-fick-fighting-spirit-priset-kendo-vm\/\"},\"wordCount\":164,\"commentCount\":0,\"image\":{\"@id\":\"https:\/\/www.budokampsport.se\/2018\/09\/17\/kumi-sato-fick-fighting-spirit-priset-kendo-vm\/#primaryimage\"},\"thumbnailUrl\":\"https:\/\/www.budokampsport.se\/wp-content\/uploads\/2017\/03\/kumi_sato_tva.jpg\",\"articleSection\":[\"Kendo\"],\"inLanguage\":\"sv-SE\",\"potentialAction\":[{\"@type\":\"CommentAction\",\"name\":\"Comment\",\"target\":[\"https:\/\/www.budokampsport.se\/2018\/09\/17\/kumi-sato-fick-fighting-spirit-priset-kendo-vm\/#respond\"]}]},{\"@type\":\"WebPage\",\"@id\":\"https:\/\/www.budokampsport.se\/2018\/09\/17\/kumi-sato-fick-fighting-spirit-priset-kendo-vm\/\",\"url\":\"https:\/\/www.budokampsport.se\/2018\/09\/17\/kumi-sato-fick-fighting-spirit-priset-kendo-vm\/\",\"name\":\"Kumi Sato fick fighting spirit-priset under kendo-VM - Svenska Budo &amp; Kampsportsf\u00f6rbundet\",\"isPartOf\":{\"@id\":\"https:\/\/www.budokampsport.se\/#website\"},\"primaryImageOfPage\":{\"@id\":\"https:\/\/www.budokampsport.se\/2018\/09\/17\/kumi-sato-fick-fighting-spirit-priset-kendo-vm\/#primaryimage\"},\"image\":{\"@id\":\"https:\/\/www.budokampsport.se\/2018\/09\/17\/kumi-sato-fick-fighting-spirit-priset-kendo-vm\/#primaryimage\"},\"thumbnailUrl\":\"https:\/\/www.budokampsport.se\/wp-content\/uploads\/2017\/03\/kumi_sato_tva.jpg\",\"datePublished\":\"2018-09-17T09:26:04+00:00\",\"dateModified\":\"2024-07-03T09:53:17+00:00\",\"author\":{\"@id\":\"https:\/\/www.budokampsport.se\/#\/schema\/person\/5c06d81d14850e2a8ce5493386560145\"},\"description\":\"VM i kendo h\u00f6lls under helgen i Incheon i Sydkorea. Det svenska landslaget svarade f\u00f6r flera hederv\u00e4rda insatser, men det blev ingen VM-medalj den h\u00e4r g\u00e5ngen heller. D\u00e4remot mottog Kumi Sato fighting spirit-priset.\",\"breadcrumb\":{\"@id\":\"https:\/\/www.budokampsport.se\/2018\/09\/17\/kumi-sato-fick-fighting-spirit-priset-kendo-vm\/#breadcrumb\"},\"inLanguage\":\"sv-SE\",\"potentialAction\":[{\"@type\":\"ReadAction\",\"target\":[\"https:\/\/www.budokampsport.se\/2018\/09\/17\/kumi-sato-fick-fighting-spirit-priset-kendo-vm\/\"]}]},{\"@type\":\"ImageObject\",\"inLanguage\":\"sv-SE\",\"@id\":\"https:\/\/www.budokampsport.se\/2018\/09\/17\/kumi-sato-fick-fighting-spirit-priset-kendo-vm\/#primaryimage\",\"url\":\"https:\/\/www.budokampsport.se\/wp-content\/uploads\/2017\/03\/kumi_sato_tva.jpg\",\"contentUrl\":\"https:\/\/www.budokampsport.se\/wp-content\/uploads\/2017\/03\/kumi_sato_tva.jpg\",\"width\":850,\"height\":567,\"caption\":\"Foto: Jonathan Broberg\"},{\"@type\":\"BreadcrumbList\",\"@id\":\"https:\/\/www.budokampsport.se\/2018\/09\/17\/kumi-sato-fick-fighting-spirit-priset-kendo-vm\/#breadcrumb\",\"itemListElement\":[{\"@type\":\"ListItem\",\"position\":1,\"name\":\"Hem\",\"item\":\"https:\/\/www.budokampsport.se\/\"},{\"@type\":\"ListItem\",\"position\":2,\"name\":\"Kumi Sato fick fighting spirit-priset under kendo-VM\"}]},{\"@type\":\"WebSite\",\"@id\":\"https:\/\/www.budokampsport.se\/#website\",\"url\":\"https:\/\/www.budokampsport.se\/\",\"name\":\"Svenska Budo &amp; Kampsportsf\u00f6rbundet\",\"description\":\"T\u00e4vling, Tr\u00e4ning, Tradition\",\"potentialAction\":[{\"@type\":\"SearchAction\",\"target\":{\"@type\":\"EntryPoint\",\"urlTemplate\":\"https:\/\/www.budokampsport.se\/?s={search_term_string}\"},\"query-input\":{\"@type\":\"PropertyValueSpecification\",\"valueRequired\":true,\"valueName\":\"search_term_string\"}}],\"inLanguage\":\"sv-SE\"},{\"@type\":\"Person\",\"@id\":\"https:\/\/www.budokampsport.se\/#\/schema\/person\/5c06d81d14850e2a8ce5493386560145\",\"name\":\"Jonathan Broberg\",\"image\":{\"@type\":\"ImageObject\",\"inLanguage\":\"sv-SE\",\"@id\":\"https:\/\/www.budokampsport.se\/#\/schema\/person\/image\/\",\"url\":\"https:\/\/secure.gravatar.com\/avatar\/a58041c6cea9128bd9c40ee2f26d4136?s=96&d=blank&r=g\",\"contentUrl\":\"https:\/\/secure.gravatar.com\/avatar\/a58041c6cea9128bd9c40ee2f26d4136?s=96&d=blank&r=g\",\"caption\":\"Jonathan Broberg\"},\"sameAs\":[\"https:\/\/www.facebook.com\/jonathan.broberg.7\"],\"url\":\"https:\/\/www.budokampsport.se\/author\/jonathan\/\"}]}<\/script>\n<!-- \/ Yoast SEO plugin. -->","yoast_head_json":{"title":"Kumi Sato fick fighting spirit-priset under kendo-VM - Svenska Budo &amp; Kampsportsf\u00f6rbundet","description":"VM i kendo h\u00f6lls under helgen i Incheon i Sydkorea. Det svenska landslaget svarade f\u00f6r flera hederv\u00e4rda insatser, men det blev ingen VM-medalj den h\u00e4r g\u00e5ngen heller. D\u00e4remot mottog Kumi Sato fighting spirit-priset.","robots":{"index":"index","follow":"follow","max-snippet":"max-snippet:-1","max-image-preview":"max-image-preview:large","max-video-preview":"max-video-preview:-1"},"canonical":"https:\/\/www.budokampsport.se\/2018\/09\/17\/kumi-sato-fick-fighting-spirit-priset-kendo-vm\/","og_locale":"sv_SE","og_type":"article","og_title":"Kumi Sato fick fighting spirit-priset under kendo-VM - Svenska Budo &amp; Kampsportsf\u00f6rbundet","og_description":"VM i kendo h\u00f6lls under helgen i Incheon i Sydkorea. Det svenska landslaget svarade f\u00f6r flera hederv\u00e4rda insatser, men det blev ingen VM-medalj den h\u00e4r g\u00e5ngen heller. D\u00e4remot mottog Kumi Sato fighting spirit-priset.","og_url":"https:\/\/www.budokampsport.se\/2018\/09\/17\/kumi-sato-fick-fighting-spirit-priset-kendo-vm\/","og_site_name":"Svenska Budo &amp; Kampsportsf\u00f6rbundet","article_author":"https:\/\/www.facebook.com\/jonathan.broberg.7","article_published_time":"2018-09-17T09:26:04+00:00","article_modified_time":"2024-07-03T09:53:17+00:00","og_image":[{"width":850,"height":567,"url":"https:\/\/www.budokampsport.se\/wp-content\/uploads\/2017\/03\/kumi_sato_tva.jpg","type":"image\/jpeg"}],"author":"Jonathan Broberg","twitter_card":"summary_large_image","twitter_misc":{"Skriven av":"Jonathan Broberg","Ber\u00e4knad l\u00e4stid":"1 minut"},"schema":{"@context":"https:\/\/schema.org","@graph":[{"@type":"Article","@id":"https:\/\/www.budokampsport.se\/2018\/09\/17\/kumi-sato-fick-fighting-spirit-priset-kendo-vm\/#article","isPartOf":{"@id":"https:\/\/www.budokampsport.se\/2018\/09\/17\/kumi-sato-fick-fighting-spirit-priset-kendo-vm\/"},"author":{"name":"Jonathan Broberg","@id":"https:\/\/www.budokampsport.se\/#\/schema\/person\/5c06d81d14850e2a8ce5493386560145"},"headline":"Kumi Sato fick fighting spirit-priset under kendo-VM","datePublished":"2018-09-17T09:26:04+00:00","dateModified":"2024-07-03T09:53:17+00:00","mainEntityOfPage":{"@id":"https:\/\/www.budokampsport.se\/2018\/09\/17\/kumi-sato-fick-fighting-spirit-priset-kendo-vm\/"},"wordCount":164,"commentCount":0,"image":{"@id":"https:\/\/www.budokampsport.se\/2018\/09\/17\/kumi-sato-fick-fighting-spirit-priset-kendo-vm\/#primaryimage"},"thumbnailUrl":"https:\/\/www.budokampsport.se\/wp-content\/uploads\/2017\/03\/kumi_sato_tva.jpg","articleSection":["Kendo"],"inLanguage":"sv-SE","potentialAction":[{"@type":"CommentAction","name":"Comment","target":["https:\/\/www.budokampsport.se\/2018\/09\/17\/kumi-sato-fick-fighting-spirit-priset-kendo-vm\/#respond"]}]},{"@type":"WebPage","@id":"https:\/\/www.budokampsport.se\/2018\/09\/17\/kumi-sato-fick-fighting-spirit-priset-kendo-vm\/","url":"https:\/\/www.budokampsport.se\/2018\/09\/17\/kumi-sato-fick-fighting-spirit-priset-kendo-vm\/","name":"Kumi Sato fick fighting spirit-priset under kendo-VM - Svenska Budo &amp; Kampsportsf\u00f6rbundet","isPartOf":{"@id":"https:\/\/www.budokampsport.se\/#website"},"primaryImageOfPage":{"@id":"https:\/\/www.budokampsport.se\/2018\/09\/17\/kumi-sato-fick-fighting-spirit-priset-kendo-vm\/#primaryimage"},"image":{"@id":"https:\/\/www.budokampsport.se\/2018\/09\/17\/kumi-sato-fick-fighting-spirit-priset-kendo-vm\/#primaryimage"},"thumbnailUrl":"https:\/\/www.budokampsport.se\/wp-content\/uploads\/2017\/03\/kumi_sato_tva.jpg","datePublished":"2018-09-17T09:26:04+00:00","dateModified":"2024-07-03T09:53:17+00:00","author":{"@id":"https:\/\/www.budokampsport.se\/#\/schema\/person\/5c06d81d14850e2a8ce5493386560145"},"description":"VM i kendo h\u00f6lls under helgen i Incheon i Sydkorea. Det svenska landslaget svarade f\u00f6r flera hederv\u00e4rda insatser, men det blev ingen VM-medalj den h\u00e4r g\u00e5ngen heller. D\u00e4remot mottog Kumi Sato fighting spirit-priset.","breadcrumb":{"@id":"https:\/\/www.budokampsport.se\/2018\/09\/17\/kumi-sato-fick-fighting-spirit-priset-kendo-vm\/#breadcrumb"},"inLanguage":"sv-SE","potentialAction":[{"@type":"ReadAction","target":["https:\/\/www.budokampsport.se\/2018\/09\/17\/kumi-sato-fick-fighting-spirit-priset-kendo-vm\/"]}]},{"@type":"ImageObject","inLanguage":"sv-SE","@id":"https:\/\/www.budokampsport.se\/2018\/09\/17\/kumi-sato-fick-fighting-spirit-priset-kendo-vm\/#primaryimage","url":"https:\/\/www.budokampsport.se\/wp-content\/uploads\/2017\/03\/kumi_sato_tva.jpg","contentUrl":"https:\/\/www.budokampsport.se\/wp-content\/uploads\/2017\/03\/kumi_sato_tva.jpg","width":850,"height":567,"caption":"Foto: Jonathan Broberg"},{"@type":"BreadcrumbList","@id":"https:\/\/www.budokampsport.se\/2018\/09\/17\/kumi-sato-fick-fighting-spirit-priset-kendo-vm\/#breadcrumb","itemListElement":[{"@type":"ListItem","position":1,"name":"Hem","item":"https:\/\/www.budokampsport.se\/"},{"@type":"ListItem","position":2,"name":"Kumi Sato fick fighting spirit-priset under kendo-VM"}]},{"@type":"WebSite","@id":"https:\/\/www.budokampsport.se\/#website","url":"https:\/\/www.budokampsport.se\/","name":"Svenska Budo &amp; Kampsportsf\u00f6rbundet","description":"T\u00e4vling, Tr\u00e4ning, Tradition","potentialAction":[{"@type":"SearchAction","target":{"@type":"EntryPoint","urlTemplate":"https:\/\/www.budokampsport.se\/?s={search_term_string}"},"query-input":{"@type":"PropertyValueSpecification","valueRequired":true,"valueName":"search_term_string"}}],"inLanguage":"sv-SE"},{"@type":"Person","@id":"https:\/\/www.budokampsport.se\/#\/schema\/person\/5c06d81d14850e2a8ce5493386560145","name":"Jonathan Broberg","image":{"@type":"ImageObject","inLanguage":"sv-SE","@id":"https:\/\/www.budokampsport.se\/#\/schema\/person\/image\/","url":"https:\/\/secure.gravatar.com\/avatar\/a58041c6cea9128bd9c40ee2f26d4136?s=96&d=blank&r=g","contentUrl":"https:\/\/secure.gravatar.com\/avatar\/a58041c6cea9128bd9c40ee2f26d4136?s=96&d=blank&r=g","caption":"Jonathan Broberg"},"sameAs":["https:\/\/www.facebook.com\/jonathan.broberg.7"],"url":"https:\/\/www.budokampsport.se\/author\/jonathan\/"}]}},"_links":{"self":[{"href":"https:\/\/www.budokampsport.se\/api\/wp\/v2\/posts\/77550","targetHints":{"allow":["GET"]}}],"collection":[{"href":"https:\/\/www.budokampsport.se\/api\/wp\/v2\/posts"}],"about":[{"href":"https:\/\/www.budokampsport.se\/api\/wp\/v2\/types\/post"}],"author":[{"embeddable":true,"href":"https:\/\/www.budokampsport.se\/api\/wp\/v2\/users\/7"}],"replies":[{"embeddable":true,"href":"https:\/\/www.budokampsport.se\/api\/wp\/v2\/comments?post=77550"}],"version-history":[{"count":0,"href":"https:\/\/www.budokampsport.se\/api\/wp\/v2\/posts\/77550\/revisions"}],"wp:featuredmedia":[{"embeddable":true,"href":"https:\/\/www.budokampsport.se\/api\/wp\/v2\/media\/40139"}],"wp:attachment":[{"href":"https:\/\/www.budokampsport.se\/api\/wp\/v2\/media?parent=77550"}],"wp:term":[{"taxonomy":"category","embeddable":true,"href":"https:\/\/www.budokampsport.se\/api\/wp\/v2\/categories?post=77550"},{"taxonomy":"post_tag","embeddable":true,"href":"https:\/\/www.budokampsport.se\/api\/wp\/v2\/tags?post=77550"}],"curies":[{"name":"wp","href":"https:\/\/api.w.org\/{rel}","templated":true}]}}