{"id":79616,"date":"2018-10-16T15:21:30","date_gmt":"2018-10-16T13:21:30","guid":{"rendered":"http:\/\/www.budokampsport.se\/?p=79616"},"modified":"2018-10-16T15:29:11","modified_gmt":"2018-10-16T13:29:11","slug":"paul-linden-forlorade-mot-ali-deveci-efter-stenhard-match","status":"publish","type":"post","link":"https:\/\/www.budokampsport.se\/2018\/10\/16\/paul-linden-forlorade-mot-ali-deveci-efter-stenhard-match\/","title":{"rendered":"Paul Lind\u00e9n f\u00f6rlorade mot Ali Deveci efter stenh\u00e5rd match"},"content":{"rendered":"<p>Paul Lind\u00e9n klev in i ringen i\u00a0-63,5kg mot Ali Deveci fr\u00e5n favoritnationen Turkiet.\u00a0Paul \u00e4r k\u00e4nd f\u00f6r sin avslappnade stil, b\u00e5de tekniskt men ocks\u00e5 mentalt. Tempot i den f\u00f6rsta ronden d\u00e4remot var h\u00f6gt, snabba utv\u00e4xlingar av slagserier och lowkicks gjordes men Paul s\u00e5g stabil ut. Turken r\u00f6rde sig effektivt och levererade h\u00e5rda slag och ju l\u00e4ngre ronden gick b\u00f6rjade han \u00e4ven hitta utrymme f\u00f6r efterf\u00f6rjande kn\u00e4n. I andra ronden utvecklande han sin strategi och \u00f6verraskade med hoppkn\u00e4n, Paul r\u00f6rde sig bra men turken hade initiativet och svensken fick jaga trots sin klockrena boxning. Tyv\u00e4rr denna g\u00e5ng r\u00e4ckte det inte hela v\u00e4gen f\u00f6r Paul och turken var den som fick lyfta n\u00e4ven mot skyn.<\/p>\n<p>Text: Annie Bondefelt<\/p>\n<p>Foto: Arkivbild\/Alex Bring Palm<\/p>\n","protected":false},"excerpt":{"rendered":"<p>Paul Lind\u00e9n klev in i ringen i\u00a0-63,5kg mot Ali Deveci [&#8230;]<\/p><br>","protected":false},"author":120,"featured_media":79101,"comment_status":"open","ping_status":"open","sticky":false,"template":"","format":"standard","meta":{"_acf_changed":false,"footnotes":""},"categories":[1],"tags":[],"class_list":["post-79616","post","type-post","status-publish","format-standard","has-post-thumbnail","hentry","category-okategoriserade"],"acf":[],"yoast_head":"<!-- This site is optimized with the Yoast SEO plugin v26.8 - https:\/\/yoast.com\/product\/yoast-seo-wordpress\/ -->\n<title>Paul Lind\u00e9n f\u00f6rlorade mot Ali Deveci efter stenh\u00e5rd match - Svenska Budo &amp; Kampsportsf\u00f6rbundet<\/title>\n<meta name=\"description\" content=\"Paul Lind\u00e9n klev in i ringen i\u00a0-63,5kg mot Ali Deveci fr\u00e5n favoritnationen Turkiet.\u00a0Paul \u00e4r k\u00e4nd f\u00f6r sin avslappnade stil, b\u00e5de tekniskt men ocks\u00e5\" \/>\n<meta name=\"robots\" content=\"index, follow, max-snippet:-1, max-image-preview:large, max-video-preview:-1\" \/>\n<link rel=\"canonical\" href=\"https:\/\/www.budokampsport.se\/2018\/10\/16\/paul-linden-forlorade-mot-ali-deveci-efter-stenhard-match\/\" \/>\n<meta property=\"og:locale\" content=\"sv_SE\" \/>\n<meta property=\"og:type\" content=\"article\" \/>\n<meta property=\"og:title\" content=\"Paul Lind\u00e9n f\u00f6rlorade mot Ali Deveci efter stenh\u00e5rd match - Svenska Budo &amp; Kampsportsf\u00f6rbundet\" \/>\n<meta property=\"og:description\" content=\"Paul Lind\u00e9n klev in i ringen i\u00a0-63,5kg mot Ali Deveci fr\u00e5n favoritnationen Turkiet.\u00a0Paul \u00e4r k\u00e4nd f\u00f6r sin avslappnade stil, b\u00e5de tekniskt men ocks\u00e5\" \/>\n<meta property=\"og:url\" content=\"https:\/\/www.budokampsport.se\/2018\/10\/16\/paul-linden-forlorade-mot-ali-deveci-efter-stenhard-match\/\" \/>\n<meta property=\"og:site_name\" content=\"Svenska Budo &amp; Kampsportsf\u00f6rbundet\" \/>\n<meta property=\"article:published_time\" content=\"2018-10-16T13:21:30+00:00\" \/>\n<meta property=\"article:modified_time\" content=\"2018-10-16T13:29:11+00:00\" \/>\n<meta property=\"og:image\" content=\"https:\/\/www.budokampsport.se\/wp-content\/uploads\/2018\/10\/3.jpg\" \/>\n\t<meta property=\"og:image:width\" content=\"224\" \/>\n\t<meta property=\"og:image:height\" content=\"168\" \/>\n\t<meta property=\"og:image:type\" content=\"image\/jpeg\" \/>\n<meta name=\"author\" content=\"Annie Carriage\" \/>\n<meta name=\"twitter:card\" content=\"summary_large_image\" \/>\n<meta name=\"twitter:label1\" content=\"Skriven av\" \/>\n\t<meta name=\"twitter:data1\" content=\"Annie Carriage\" \/>\n\t<meta name=\"twitter:label2\" content=\"Ber\u00e4knad l\u00e4stid\" \/>\n\t<meta name=\"twitter:data2\" content=\"1 minut\" \/>\n<script type=\"application\/ld+json\" class=\"yoast-schema-graph\">{\"@context\":\"https:\/\/schema.org\",\"@graph\":[{\"@type\":\"Article\",\"@id\":\"https:\/\/www.budokampsport.se\/2018\/10\/16\/paul-linden-forlorade-mot-ali-deveci-efter-stenhard-match\/#article\",\"isPartOf\":{\"@id\":\"https:\/\/www.budokampsport.se\/2018\/10\/16\/paul-linden-forlorade-mot-ali-deveci-efter-stenhard-match\/\"},\"author\":{\"name\":\"Annie Carriage\",\"@id\":\"https:\/\/www.budokampsport.se\/#\/schema\/person\/c838cace8171f692e363fde3f38f208b\"},\"headline\":\"Paul Lind\u00e9n f\u00f6rlorade mot Ali Deveci efter stenh\u00e5rd match\",\"datePublished\":\"2018-10-16T13:21:30+00:00\",\"dateModified\":\"2018-10-16T13:29:11+00:00\",\"mainEntityOfPage\":{\"@id\":\"https:\/\/www.budokampsport.se\/2018\/10\/16\/paul-linden-forlorade-mot-ali-deveci-efter-stenhard-match\/\"},\"wordCount\":160,\"commentCount\":0,\"image\":{\"@id\":\"https:\/\/www.budokampsport.se\/2018\/10\/16\/paul-linden-forlorade-mot-ali-deveci-efter-stenhard-match\/#primaryimage\"},\"thumbnailUrl\":\"https:\/\/www.budokampsport.se\/wp-content\/uploads\/2018\/10\/3.jpg\",\"inLanguage\":\"sv-SE\",\"potentialAction\":[{\"@type\":\"CommentAction\",\"name\":\"Comment\",\"target\":[\"https:\/\/www.budokampsport.se\/2018\/10\/16\/paul-linden-forlorade-mot-ali-deveci-efter-stenhard-match\/#respond\"]}]},{\"@type\":\"WebPage\",\"@id\":\"https:\/\/www.budokampsport.se\/2018\/10\/16\/paul-linden-forlorade-mot-ali-deveci-efter-stenhard-match\/\",\"url\":\"https:\/\/www.budokampsport.se\/2018\/10\/16\/paul-linden-forlorade-mot-ali-deveci-efter-stenhard-match\/\",\"name\":\"Paul Lind\u00e9n f\u00f6rlorade mot Ali Deveci efter stenh\u00e5rd match - Svenska Budo &amp; Kampsportsf\u00f6rbundet\",\"isPartOf\":{\"@id\":\"https:\/\/www.budokampsport.se\/#website\"},\"primaryImageOfPage\":{\"@id\":\"https:\/\/www.budokampsport.se\/2018\/10\/16\/paul-linden-forlorade-mot-ali-deveci-efter-stenhard-match\/#primaryimage\"},\"image\":{\"@id\":\"https:\/\/www.budokampsport.se\/2018\/10\/16\/paul-linden-forlorade-mot-ali-deveci-efter-stenhard-match\/#primaryimage\"},\"thumbnailUrl\":\"https:\/\/www.budokampsport.se\/wp-content\/uploads\/2018\/10\/3.jpg\",\"datePublished\":\"2018-10-16T13:21:30+00:00\",\"dateModified\":\"2018-10-16T13:29:11+00:00\",\"author\":{\"@id\":\"https:\/\/www.budokampsport.se\/#\/schema\/person\/c838cace8171f692e363fde3f38f208b\"},\"description\":\"Paul Lind\u00e9n klev in i ringen i\u00a0-63,5kg mot Ali Deveci fr\u00e5n favoritnationen Turkiet.\u00a0Paul \u00e4r k\u00e4nd f\u00f6r sin avslappnade stil, b\u00e5de tekniskt men ocks\u00e5\",\"breadcrumb\":{\"@id\":\"https:\/\/www.budokampsport.se\/2018\/10\/16\/paul-linden-forlorade-mot-ali-deveci-efter-stenhard-match\/#breadcrumb\"},\"inLanguage\":\"sv-SE\",\"potentialAction\":[{\"@type\":\"ReadAction\",\"target\":[\"https:\/\/www.budokampsport.se\/2018\/10\/16\/paul-linden-forlorade-mot-ali-deveci-efter-stenhard-match\/\"]}]},{\"@type\":\"ImageObject\",\"inLanguage\":\"sv-SE\",\"@id\":\"https:\/\/www.budokampsport.se\/2018\/10\/16\/paul-linden-forlorade-mot-ali-deveci-efter-stenhard-match\/#primaryimage\",\"url\":\"https:\/\/www.budokampsport.se\/wp-content\/uploads\/2018\/10\/3.jpg\",\"contentUrl\":\"https:\/\/www.budokampsport.se\/wp-content\/uploads\/2018\/10\/3.jpg\",\"width\":224,\"height\":168},{\"@type\":\"BreadcrumbList\",\"@id\":\"https:\/\/www.budokampsport.se\/2018\/10\/16\/paul-linden-forlorade-mot-ali-deveci-efter-stenhard-match\/#breadcrumb\",\"itemListElement\":[{\"@type\":\"ListItem\",\"position\":1,\"name\":\"Hem\",\"item\":\"https:\/\/www.budokampsport.se\/\"},{\"@type\":\"ListItem\",\"position\":2,\"name\":\"Paul Lind\u00e9n f\u00f6rlorade mot Ali Deveci efter stenh\u00e5rd match\"}]},{\"@type\":\"WebSite\",\"@id\":\"https:\/\/www.budokampsport.se\/#website\",\"url\":\"https:\/\/www.budokampsport.se\/\",\"name\":\"Svenska Budo &amp; Kampsportsf\u00f6rbundet\",\"description\":\"T\u00e4vling, Tr\u00e4ning, Tradition\",\"potentialAction\":[{\"@type\":\"SearchAction\",\"target\":{\"@type\":\"EntryPoint\",\"urlTemplate\":\"https:\/\/www.budokampsport.se\/?s={search_term_string}\"},\"query-input\":{\"@type\":\"PropertyValueSpecification\",\"valueRequired\":true,\"valueName\":\"search_term_string\"}}],\"inLanguage\":\"sv-SE\"},{\"@type\":\"Person\",\"@id\":\"https:\/\/www.budokampsport.se\/#\/schema\/person\/c838cace8171f692e363fde3f38f208b\",\"name\":\"Annie Carriage\",\"image\":{\"@type\":\"ImageObject\",\"inLanguage\":\"sv-SE\",\"@id\":\"https:\/\/www.budokampsport.se\/#\/schema\/person\/image\/\",\"url\":\"https:\/\/secure.gravatar.com\/avatar\/9311295560bdfbdf78365a26f7df1876?s=96&d=blank&r=g\",\"contentUrl\":\"https:\/\/secure.gravatar.com\/avatar\/9311295560bdfbdf78365a26f7df1876?s=96&d=blank&r=g\",\"caption\":\"Annie Carriage\"},\"url\":\"https:\/\/www.budokampsport.se\/author\/annie-bondefelt\/\"}]}<\/script>\n<!-- \/ Yoast SEO plugin. -->","yoast_head_json":{"title":"Paul Lind\u00e9n f\u00f6rlorade mot Ali Deveci efter stenh\u00e5rd match - Svenska Budo &amp; Kampsportsf\u00f6rbundet","description":"Paul Lind\u00e9n klev in i ringen i\u00a0-63,5kg mot Ali Deveci fr\u00e5n favoritnationen Turkiet.\u00a0Paul \u00e4r k\u00e4nd f\u00f6r sin avslappnade stil, b\u00e5de tekniskt men ocks\u00e5","robots":{"index":"index","follow":"follow","max-snippet":"max-snippet:-1","max-image-preview":"max-image-preview:large","max-video-preview":"max-video-preview:-1"},"canonical":"https:\/\/www.budokampsport.se\/2018\/10\/16\/paul-linden-forlorade-mot-ali-deveci-efter-stenhard-match\/","og_locale":"sv_SE","og_type":"article","og_title":"Paul Lind\u00e9n f\u00f6rlorade mot Ali Deveci efter stenh\u00e5rd match - Svenska Budo &amp; Kampsportsf\u00f6rbundet","og_description":"Paul Lind\u00e9n klev in i ringen i\u00a0-63,5kg mot Ali Deveci fr\u00e5n favoritnationen Turkiet.\u00a0Paul \u00e4r k\u00e4nd f\u00f6r sin avslappnade stil, b\u00e5de tekniskt men ocks\u00e5","og_url":"https:\/\/www.budokampsport.se\/2018\/10\/16\/paul-linden-forlorade-mot-ali-deveci-efter-stenhard-match\/","og_site_name":"Svenska Budo &amp; Kampsportsf\u00f6rbundet","article_published_time":"2018-10-16T13:21:30+00:00","article_modified_time":"2018-10-16T13:29:11+00:00","og_image":[{"width":224,"height":168,"url":"https:\/\/www.budokampsport.se\/wp-content\/uploads\/2018\/10\/3.jpg","type":"image\/jpeg"}],"author":"Annie Carriage","twitter_card":"summary_large_image","twitter_misc":{"Skriven av":"Annie Carriage","Ber\u00e4knad l\u00e4stid":"1 minut"},"schema":{"@context":"https:\/\/schema.org","@graph":[{"@type":"Article","@id":"https:\/\/www.budokampsport.se\/2018\/10\/16\/paul-linden-forlorade-mot-ali-deveci-efter-stenhard-match\/#article","isPartOf":{"@id":"https:\/\/www.budokampsport.se\/2018\/10\/16\/paul-linden-forlorade-mot-ali-deveci-efter-stenhard-match\/"},"author":{"name":"Annie Carriage","@id":"https:\/\/www.budokampsport.se\/#\/schema\/person\/c838cace8171f692e363fde3f38f208b"},"headline":"Paul Lind\u00e9n f\u00f6rlorade mot Ali Deveci efter stenh\u00e5rd match","datePublished":"2018-10-16T13:21:30+00:00","dateModified":"2018-10-16T13:29:11+00:00","mainEntityOfPage":{"@id":"https:\/\/www.budokampsport.se\/2018\/10\/16\/paul-linden-forlorade-mot-ali-deveci-efter-stenhard-match\/"},"wordCount":160,"commentCount":0,"image":{"@id":"https:\/\/www.budokampsport.se\/2018\/10\/16\/paul-linden-forlorade-mot-ali-deveci-efter-stenhard-match\/#primaryimage"},"thumbnailUrl":"https:\/\/www.budokampsport.se\/wp-content\/uploads\/2018\/10\/3.jpg","inLanguage":"sv-SE","potentialAction":[{"@type":"CommentAction","name":"Comment","target":["https:\/\/www.budokampsport.se\/2018\/10\/16\/paul-linden-forlorade-mot-ali-deveci-efter-stenhard-match\/#respond"]}]},{"@type":"WebPage","@id":"https:\/\/www.budokampsport.se\/2018\/10\/16\/paul-linden-forlorade-mot-ali-deveci-efter-stenhard-match\/","url":"https:\/\/www.budokampsport.se\/2018\/10\/16\/paul-linden-forlorade-mot-ali-deveci-efter-stenhard-match\/","name":"Paul Lind\u00e9n f\u00f6rlorade mot Ali Deveci efter stenh\u00e5rd match - Svenska Budo &amp; Kampsportsf\u00f6rbundet","isPartOf":{"@id":"https:\/\/www.budokampsport.se\/#website"},"primaryImageOfPage":{"@id":"https:\/\/www.budokampsport.se\/2018\/10\/16\/paul-linden-forlorade-mot-ali-deveci-efter-stenhard-match\/#primaryimage"},"image":{"@id":"https:\/\/www.budokampsport.se\/2018\/10\/16\/paul-linden-forlorade-mot-ali-deveci-efter-stenhard-match\/#primaryimage"},"thumbnailUrl":"https:\/\/www.budokampsport.se\/wp-content\/uploads\/2018\/10\/3.jpg","datePublished":"2018-10-16T13:21:30+00:00","dateModified":"2018-10-16T13:29:11+00:00","author":{"@id":"https:\/\/www.budokampsport.se\/#\/schema\/person\/c838cace8171f692e363fde3f38f208b"},"description":"Paul Lind\u00e9n klev in i ringen i\u00a0-63,5kg mot Ali Deveci fr\u00e5n favoritnationen Turkiet.\u00a0Paul \u00e4r k\u00e4nd f\u00f6r sin avslappnade stil, b\u00e5de tekniskt men ocks\u00e5","breadcrumb":{"@id":"https:\/\/www.budokampsport.se\/2018\/10\/16\/paul-linden-forlorade-mot-ali-deveci-efter-stenhard-match\/#breadcrumb"},"inLanguage":"sv-SE","potentialAction":[{"@type":"ReadAction","target":["https:\/\/www.budokampsport.se\/2018\/10\/16\/paul-linden-forlorade-mot-ali-deveci-efter-stenhard-match\/"]}]},{"@type":"ImageObject","inLanguage":"sv-SE","@id":"https:\/\/www.budokampsport.se\/2018\/10\/16\/paul-linden-forlorade-mot-ali-deveci-efter-stenhard-match\/#primaryimage","url":"https:\/\/www.budokampsport.se\/wp-content\/uploads\/2018\/10\/3.jpg","contentUrl":"https:\/\/www.budokampsport.se\/wp-content\/uploads\/2018\/10\/3.jpg","width":224,"height":168},{"@type":"BreadcrumbList","@id":"https:\/\/www.budokampsport.se\/2018\/10\/16\/paul-linden-forlorade-mot-ali-deveci-efter-stenhard-match\/#breadcrumb","itemListElement":[{"@type":"ListItem","position":1,"name":"Hem","item":"https:\/\/www.budokampsport.se\/"},{"@type":"ListItem","position":2,"name":"Paul Lind\u00e9n f\u00f6rlorade mot Ali Deveci efter stenh\u00e5rd match"}]},{"@type":"WebSite","@id":"https:\/\/www.budokampsport.se\/#website","url":"https:\/\/www.budokampsport.se\/","name":"Svenska Budo &amp; Kampsportsf\u00f6rbundet","description":"T\u00e4vling, Tr\u00e4ning, Tradition","potentialAction":[{"@type":"SearchAction","target":{"@type":"EntryPoint","urlTemplate":"https:\/\/www.budokampsport.se\/?s={search_term_string}"},"query-input":{"@type":"PropertyValueSpecification","valueRequired":true,"valueName":"search_term_string"}}],"inLanguage":"sv-SE"},{"@type":"Person","@id":"https:\/\/www.budokampsport.se\/#\/schema\/person\/c838cace8171f692e363fde3f38f208b","name":"Annie Carriage","image":{"@type":"ImageObject","inLanguage":"sv-SE","@id":"https:\/\/www.budokampsport.se\/#\/schema\/person\/image\/","url":"https:\/\/secure.gravatar.com\/avatar\/9311295560bdfbdf78365a26f7df1876?s=96&d=blank&r=g","contentUrl":"https:\/\/secure.gravatar.com\/avatar\/9311295560bdfbdf78365a26f7df1876?s=96&d=blank&r=g","caption":"Annie Carriage"},"url":"https:\/\/www.budokampsport.se\/author\/annie-bondefelt\/"}]}},"_links":{"self":[{"href":"https:\/\/www.budokampsport.se\/api\/wp\/v2\/posts\/79616","targetHints":{"allow":["GET"]}}],"collection":[{"href":"https:\/\/www.budokampsport.se\/api\/wp\/v2\/posts"}],"about":[{"href":"https:\/\/www.budokampsport.se\/api\/wp\/v2\/types\/post"}],"author":[{"embeddable":true,"href":"https:\/\/www.budokampsport.se\/api\/wp\/v2\/users\/120"}],"replies":[{"embeddable":true,"href":"https:\/\/www.budokampsport.se\/api\/wp\/v2\/comments?post=79616"}],"version-history":[{"count":0,"href":"https:\/\/www.budokampsport.se\/api\/wp\/v2\/posts\/79616\/revisions"}],"wp:featuredmedia":[{"embeddable":true,"href":"https:\/\/www.budokampsport.se\/api\/wp\/v2\/media\/79101"}],"wp:attachment":[{"href":"https:\/\/www.budokampsport.se\/api\/wp\/v2\/media?parent=79616"}],"wp:term":[{"taxonomy":"category","embeddable":true,"href":"https:\/\/www.budokampsport.se\/api\/wp\/v2\/categories?post=79616"},{"taxonomy":"post_tag","embeddable":true,"href":"https:\/\/www.budokampsport.se\/api\/wp\/v2\/tags?post=79616"}],"curies":[{"name":"wp","href":"https:\/\/api.w.org\/{rel}","templated":true}]}}